{"id":33627,"date":"2022-04-27T17:56:55","date_gmt":"2022-04-27T21:56:55","guid":{"rendered":"http:\/\/blogdalucianaoliveira.com.br\/blog\/?p=33627"},"modified":"2022-04-27T17:56:58","modified_gmt":"2022-04-27T21:56:58","slug":"midia-corporativa-esconde-vitoria-historica-de-lula-na-onu","status":"publish","type":"post","link":"http:\/\/blogdalucianaoliveira.com.br\/blog\/2022\/04\/27\/midia-corporativa-esconde-vitoria-historica-de-lula-na-onu\/","title":{"rendered":"M\u00eddia corporativa esconde vit\u00f3ria hist\u00f3rica de Lula na ONU"},"content":{"rendered":"\n<figure class=\"wp-block-image\"><img data-recalc-dims=\"1\" decoding=\"async\" src=\"https:\/\/i0.wp.com\/publisher-publish.s3.eu-central-1.amazonaws.com\/pb-brasil247\/swp\/jtjeq9\/media\/20220427150416_9f4196ca997b5a6eda3da518b240d24448478928266fd1de54ec37efa2bb15d7.jpg?w=600&#038;ssl=1\" alt=\"www.brasil247.com - \"\/><\/figure>\n\n\n\n<p>At\u00e9 in\u00edcio da tarde, Folha, Estado, Globo e G1 n\u00e3o deram nenhuma mat\u00e9ria sobre a decis\u00e3o do Comit\u00ea de Direitos Humanos das Na\u00e7\u00f5es Unidas que confirmou a parcialidade de S\u00e9rgio Moro.<\/p>\n\n\n\n<!--more-->\n\n\n\n<p><strong>247 &#8211;<\/strong>\u00a0A\u00a0<a rel=\"noreferrer noopener\" target=\"_blank\" href=\"https:\/\/www.brasil247.com\/poder\/comite-de-direitos-humanos-da-onu-conclui-que-lula-foi-vitima-da-parcialidade-de-moro\">decis\u00e3o do Comit\u00ea de Direitos Humanos da Organiza\u00e7\u00e3o das Na\u00e7\u00f5es Unidas (ONU) que concluiu que o ex-presidente Lula (PT) foi v\u00edtima do ex-juiz parcial Sergio Moro<\/a>\u00a0e do Estado brasileiro durante a Lava Jato est\u00e1 sendo escondida pelos principais ve\u00edculos da m\u00eddia corporativa brasileira.\u00a0<br><\/p>\n\n\n\n<p>Por volta das 15h desta quarta-feira (27), jornais como Folha de S. Paulo, O Estado de S. Paulo, O Globo e o portal G1, que fizeram cobertura editorial favor\u00e1vel \u00e0 Lava Jato, n\u00e3o traziam nenhuma informa\u00e7\u00e3o sobre a decis\u00e3o do comit\u00ea das Na\u00e7\u00f5es Unidas que confirmou a ilegalidade da persegui\u00e7\u00e3o judicial contra o ex-presidente Lula.&nbsp;<\/p>\n\n\n\n<p>O \u00fanico ve\u00edculo que publicou not\u00edcia sobre o assunto com destaque foi o portal&nbsp;<a target=\"_blank\" rel=\"noreferrer noopener\" href=\"https:\/\/noticias.uol.com.br\/colunas\/jamil-chade\/2022\/04\/27\/comite-da-onu-conclui-que-moro-foi-parcial-e-da-vitoria-para-lula.htm\">UOL<\/a>, com reportagem do colunista Jamil Chade, que trouxe a informa\u00e7\u00e3o em primeira m\u00e3o.&nbsp;<br><\/p>\n\n\n\n<p>O Comit\u00ea respons\u00e1vel pela an\u00e1lise do caso, que durou seis anos, \u00e9 encarregado de supervisionar o cumprimento do Pacto Internacional de Direitos Civis e Pol\u00edticos, assinado e ratificado pelo Brasil. Por isso, o Estado tem a obriga\u00e7\u00e3o de seguir a recomenda\u00e7\u00e3o do \u00f3rg\u00e3o. Por outro lado, o Comit\u00ea n\u00e3o tem uma forma espec\u00edfica de obrigar os pa\u00edses a adotarem as penas contra seus governos. Assim, suas decis\u00f5es podem ser ignoradas.<br><br><\/p>\n","protected":false},"excerpt":{"rendered":"<p>At\u00e9 in\u00edcio da tarde, Folha, Estado, Globo e G1 n\u00e3o deram nenhuma mat\u00e9ria sobre a decis\u00e3o do Comit\u00ea de Direitos Humanos das Na\u00e7\u00f5es Unidas que confirmou a parcialidade de S\u00e9rgio Moro.<\/p>\n","protected":false},"author":1,"featured_media":0,"comment_status":"closed","ping_status":"open","sticky":false,"template":"","format":"standard","meta":{"_exactmetrics_skip_tracking":false,"_exactmetrics_sitenote_active":false,"_exactmetrics_sitenote_note":"","_exactmetrics_sitenote_category":0,"jetpack_post_was_ever_published":false,"_jetpack_newsletter_access":"","_jetpack_dont_email_post_to_subs":false,"_jetpack_newsletter_tier_id":0,"_jetpack_memberships_contains_paywalled_content":false,"_jetpack_memberships_contains_paid_content":false,"footnotes":"","jetpack_publicize_message":"","jetpack_publicize_feature_enabled":true,"jetpack_social_post_already_shared":true,"jetpack_social_options":{"image_generator_settings":{"template":"highway","enabled":false},"version":2}},"categories":[1],"tags":[],"class_list":["post-33627","post","type-post","status-publish","format-standard","hentry","category-notas"],"jetpack_publicize_connections":[],"jetpack_sharing_enabled":true,"jetpack_featured_media_url":"","jetpack_shortlink":"https:\/\/wp.me\/p7wKYW-8Kn","jetpack-related-posts":[],"_links":{"self":[{"href":"http:\/\/blogdalucianaoliveira.com.br\/blog\/wp-json\/wp\/v2\/posts\/33627","targetHints":{"allow":["GET"]}}],"collection":[{"href":"http:\/\/blogdalucianaoliveira.com.br\/blog\/wp-json\/wp\/v2\/posts"}],"about":[{"href":"http:\/\/blogdalucianaoliveira.com.br\/blog\/wp-json\/wp\/v2\/types\/post"}],"author":[{"embeddable":true,"href":"http:\/\/blogdalucianaoliveira.com.br\/blog\/wp-json\/wp\/v2\/users\/1"}],"replies":[{"embeddable":true,"href":"http:\/\/blogdalucianaoliveira.com.br\/blog\/wp-json\/wp\/v2\/comments?post=33627"}],"version-history":[{"count":1,"href":"http:\/\/blogdalucianaoliveira.com.br\/blog\/wp-json\/wp\/v2\/posts\/33627\/revisions"}],"predecessor-version":[{"id":33628,"href":"http:\/\/blogdalucianaoliveira.com.br\/blog\/wp-json\/wp\/v2\/posts\/33627\/revisions\/33628"}],"wp:attachment":[{"href":"http:\/\/blogdalucianaoliveira.com.br\/blog\/wp-json\/wp\/v2\/media?parent=33627"}],"wp:term":[{"taxonomy":"category","embeddable":true,"href":"http:\/\/blogdalucianaoliveira.com.br\/blog\/wp-json\/wp\/v2\/categories?post=33627"},{"taxonomy":"post_tag","embeddable":true,"href":"http:\/\/blogdalucianaoliveira.com.br\/blog\/wp-json\/wp\/v2\/tags?post=33627"}],"curies":[{"name":"wp","href":"https:\/\/api.w.org\/{rel}","templated":true}]}}