{"id":33638,"date":"2022-04-29T08:10:15","date_gmt":"2022-04-29T12:10:15","guid":{"rendered":"http:\/\/blogdalucianaoliveira.com.br\/blog\/?p=33638"},"modified":"2022-04-29T08:10:20","modified_gmt":"2022-04-29T12:10:20","slug":"povo-karipuna-volta-a-denunciar-invasao-de-seu-territorio-em-rondonia","status":"publish","type":"post","link":"http:\/\/blogdalucianaoliveira.com.br\/blog\/2022\/04\/29\/povo-karipuna-volta-a-denunciar-invasao-de-seu-territorio-em-rondonia\/","title":{"rendered":"Povo Karipuna volta a denunciar invas\u00e3o de seu territ\u00f3rio em Rond\u00f4nia"},"content":{"rendered":"\n<figure class=\"wp-block-image\"><img data-recalc-dims=\"1\" decoding=\"async\" src=\"https:\/\/i0.wp.com\/deolhonosruralistas.com.br\/wp-content\/uploads\/2022\/04\/karipuna-Christian-Braga-Greenpeace.jpg?w=600&#038;ssl=1\" alt=\"\"\/><\/figure>\n\n\n\n<p><em><strong>Fotos tiradas pelos ind\u00edgenas mostram pontos onde \u00e1rvores foram derrubadas e motocicletas usadas por madeireiros; territ\u00f3rio ficou mais vulner\u00e1vel ap\u00f3s redu\u00e7\u00e3o de unidades de conserva\u00e7\u00e3o pelo governador Marcos Rocha<br><\/strong><\/em><\/p>\n\n\n\n<!--more-->\n\n\n\n<p>Por&nbsp;<strong>Leonardo Fuhrmann<\/strong><\/p>\n\n\n\n<figure class=\"wp-block-image\"><a href=\"https:\/\/deolhonosruralistas.com.br\/de-olho-nos-mil-parceiros\/\"><img decoding=\"async\" src=\"https:\/\/i0.wp.com\/deolhonosruralistas.com.br\/wp-content\/uploads\/2017\/03\/DEOLHO2017-chamada-meio-texto.png?resize=635%2C40\" alt=\"\" class=\"wp-image-3364\"\/><\/a><\/figure>\n\n\n\n<p>Um ano ap\u00f3s terem denunciado a invas\u00e3o de seu territ\u00f3rio \u00e0 Pol\u00edcia Federal (PF) e ao Minist\u00e9rio P\u00fablico Federal (MPF), os ind\u00edgenas do povo Karipuna vivem um novo ciclo de ataques.<\/p>\n\n\n\n<p>Vivendo em uma \u00e1rea de 152 mil hectares, situada a 100 quil\u00f4metros da capital Porto Velho (RO), na divisa com o munic\u00edpio de Nova Mamor\u00e9, os Karipuna registraram, com fotos e v\u00eddeos, pontos em que \u00e1rvores foram retiradas ilegalmente. Al\u00e9m do desmatamento, os materiais compartilhados com a reportagem mostram motocicletas deixadas no local pelos madeireiros.<\/p>\n\n\n\n<p>Em abril do ano passado, a PF, a For\u00e7a Nacional, o Instituto Brasileiro do Meio Ambiente e dos Recursos Naturais (Ibama) e a Funda\u00e7\u00e3o Nacional do \u00cdndio (Funai) haviam feito uma&nbsp;<a href=\"https:\/\/rondonoticias.com.br\/noticia\/institucionais\/57211\/policia-federal-deflagra-operacao-contra-invasao-em-terra-indigena\">opera\u00e7\u00e3o conjunta<\/a>&nbsp;na Terra Ind\u00edgena Karipuna. Em outubro do mesmo ano, l\u00edderes da comunidade voltaram a denunciar invas\u00f5es em outra \u00e1rea. Um levantamento do Instituto do Homem e Meio Ambiente da Amaz\u00f4nia (Imazon) aponta que a TI foi a&nbsp;<a href=\"https:\/\/revistacenarium.com.br\/terras-indigenas-mais-ameacadas-pelo-desmatamento-na-amazonia-estao-no-para-e-em-rondonia-revela-imazon\/\">oitava<\/a>&nbsp;mais invadida em 2021.<\/p>\n\n\n\n<p>O relat\u00f3rio \u201cConflitos no Campo 2021\u201d, da Comiss\u00e3o Pastoral da Terra (<a href=\"https:\/\/deolhonosruralistas.com.br\/2022\/04\/19\/grileiros-foram-responsaveis-por-13-dos-conflitos-por-terra-em-2021-diz-relatorio\/\">CPT<\/a>), mostra duas ocorr\u00eancias de conflitos por terras na regi\u00e3o, em julho e agosto do ano passado.<\/p>\n\n\n\n<figure class=\"wp-block-image\"><img decoding=\"async\" src=\"https:\/\/i0.wp.com\/deolhonosruralistas.com.br\/wp-content\/uploads\/2022\/04\/Invasao-tikuna-1.jpg?resize=1010%2C363&amp;ssl=1\" alt=\"\" class=\"wp-image-24982\"\/><figcaption>Com fotos e v\u00eddeos, os Karipuna registram mais invas\u00f5es de madeireiros e sua destrui\u00e7\u00e3o. (Foto: Povo Karipuna)<\/figcaption><\/figure>\n\n\n\n<h3 class=\"wp-block-heading\">POSTO DA FUNAI FOI ABANDONADO<\/h3>\n\n\n\n<p>Por temer a viol\u00eancia dos criminosos, os Karipuna evitam fiscalizar as invas\u00f5es por conta pr\u00f3pria. Por isso, eles t\u00eam cobrado das autoridades a\u00e7\u00f5es mais en\u00e9rgicas contra a devasta\u00e7\u00e3o ilegal em suas terras.<\/p>\n\n\n\n<figure class=\"wp-block-image\"><img decoding=\"async\" src=\"https:\/\/i0.wp.com\/deolhonosruralistas.com.br\/wp-content\/uploads\/2022\/04\/Sede-da-Funai-abandonada-Cimi.jpg?resize=300%2C171&amp;ssl=1\" alt=\"\"\/><\/figure>\n\n\n\n<p>O territ\u00f3rio foi homologado em 1997, depois de quase vinte anos em processo de demarca\u00e7\u00e3o. O problema das invas\u00f5es nos anos 1980 j\u00e1 tinha sido usado como pelo governo estadual para justificar a redu\u00e7\u00e3o da \u00e1rea original da TI, inicialmente delimitada nos estudos antropol\u00f3gicos com mais de 190 mil hectares. A cess\u00e3o de parte das terras, no entanto, n\u00e3o garantiu a seguran\u00e7a dos ind\u00edgenas.<\/p>\n\n\n\n<p>A situa\u00e7\u00e3o foi agravada pela constru\u00e7\u00e3o da Usina Hidroel\u00e9trica de Santo Ant\u00f4nio, no Rio Madeira, no in\u00edcio da d\u00e9cada passada. Com o apoio do MPF, foram garantidas contrapartidas para compensar os impactos ambientais da obra, mas a grande circula\u00e7\u00e3o de pessoas gerada pelo empreendimento tornou o territ\u00f3rio mais vulner\u00e1vel aos ataques.<\/p>\n\n\n\n<p>Entre as contrapartidas apresentadas \u00e0 \u00e9poca, uma base da Funai foi inaugurada em 2016. Nos primeiros meses, o local chegou a ser utilizado pela autarquia, mas foi abandonado durante o governo de Michel Temer. Ap\u00f3s a posse de Jair Bolsonaro, o pr\u00e9dio foi alvo de saques e acabou destru\u00eddo.<\/p>\n\n\n\n<h3 class=\"wp-block-heading\">GOVERNADOR DEIXOU IND\u00cdGENAS MAIS VULNER\u00c1VEIS<\/h3>\n\n\n\n<figure class=\"wp-block-image\"><img decoding=\"async\" data-attachment-id=\"23582\" data-permalink=\"http:\/\/blogdalucianaoliveira.com.br\/blog\/2019\/08\/23\/guardian-diz-na-primeira-pagina-que-o-mundo-deve-salvar-o-brasil-do-suicidio-bolsonarista\/35713bab-a826-4bec-b8ff-6aa80dbd77f3\/\" data-orig-file=\"https:\/\/i0.wp.com\/blogdalucianaoliveira.com.br\/blog\/wp-content\/uploads\/2019\/08\/35713BAB-A826-4BEC-B8FF-6AA80DBD77F3.jpeg?fit=500%2C240\" data-orig-size=\"500,240\" data-comments-opened=\"0\" data-image-meta=\"{&quot;aperture&quot;:&quot;0&quot;,&quot;credit&quot;:&quot;&quot;,&quot;camera&quot;:&quot;&quot;,&quot;caption&quot;:&quot;&quot;,&quot;created_timestamp&quot;:&quot;0&quot;,&quot;copyright&quot;:&quot;&quot;,&quot;focal_length&quot;:&quot;0&quot;,&quot;iso&quot;:&quot;0&quot;,&quot;shutter_speed&quot;:&quot;0&quot;,&quot;title&quot;:&quot;&quot;,&quot;orientation&quot;:&quot;0&quot;}\" data-image-title=\"35713BAB-A826-4BEC-B8FF-6AA80DBD77F3\" data-image-description=\"\" data-image-caption=\"\" data-medium-file=\"https:\/\/i0.wp.com\/blogdalucianaoliveira.com.br\/blog\/wp-content\/uploads\/2019\/08\/35713BAB-A826-4BEC-B8FF-6AA80DBD77F3.jpeg?fit=300%2C144\" data-large-file=\"https:\/\/i0.wp.com\/blogdalucianaoliveira.com.br\/blog\/wp-content\/uploads\/2019\/08\/35713BAB-A826-4BEC-B8FF-6AA80DBD77F3.jpeg?fit=500%2C240\" src=\"https:\/\/i0.wp.com\/deolhonosruralistas.com.br\/wp-content\/uploads\/2021\/11\/coronel-marcos-rocha-jair-bolson.jpeg?resize=300%2C200&amp;ssl=1\" alt=\"\" class=\"wp-image-23582\"\/><figcaption>O governador de Rond\u00f4nia, Marcos Rocha, \u00e9 grande aliado de Bolsonaro. (Foto: Facebook)<\/figcaption><\/figure>\n\n\n\n<p>Em 2020, a situa\u00e7\u00e3o, que j\u00e1 era cr\u00edtica para os Karipuna, se tornou ainda mais grave quando o governador de Rond\u00f4nia, o coronel da Pol\u00edcia Militar&nbsp;<a href=\"https:\/\/deolhonosruralistas.com.br\/2020\/05\/14\/aliado-de-bolsonaro-governador-anuncia-projeto-para-reducao-de-area-de-reserva-em-rondonia\/\">Marcos Rocha<\/a>&nbsp;(Uni\u00e3o), anunciou a redu\u00e7\u00e3o de 153 mil hectares da Reserva Extrativista (Resex) Jaci-Paran\u00e1. A proposta tamb\u00e9m limitou para 55 mil hectares a \u00e1rea do Parque Estadual Guajar\u00e1-Mirim. As duas unidades de conserva\u00e7\u00e3o s\u00e3o vizinhas \u00e0 TI.<\/p>\n\n\n\n<p>Quando apresentaram a proposta, Rocha e seu secret\u00e1rio de Desenvolvimento Ambiental, o policial Elias Rezende de Oliveira, afirmaram que centenas de pessoas moram dentro da reserva e criam mais de 120 mil cabe\u00e7as de gado no local, sem qualquer expectativa de regulariza\u00e7\u00e3o fundi\u00e1ria. O governador anunciou que a medida era a primeira de uma s\u00e9rie de decretos para reduzir outras reservas onde h\u00e1 \u201cconflitos sociais e ambientais\u201d.<\/p>\n\n\n\n<p>Rocha \u00e9 um dos governadores mais fi\u00e9is a Bolsonaro. Juntos, eles comandam uma pol\u00edtica de desmonte ambiental, desrespeito a direitos ind\u00edgenas e conflitos contra os movimentos sociais do campo, como mostrou este observat\u00f3rio: \u201c<a href=\"https:\/\/deolhonosruralistas.com.br\/2021\/12\/27\/rondonia-e-laboratorio-das-politicas-de-exterminio-de-bolsonaro\/\">Rond\u00f4nia \u00e9 laborat\u00f3rio das pol\u00edticas de exterm\u00ednio de Bolsonaro<\/a>\u201c.<\/p>\n\n\n\n<p>A redu\u00e7\u00e3o das \u00e1reas de prote\u00e7\u00e3o ambiental pr\u00f3ximas \u00e0 terra ind\u00edgena tirou barreiras naturais que dificultavam o acesso ao territ\u00f3rio. Tamb\u00e9m aumentou a expectativa de grileiros de conseguir a regulariza\u00e7\u00e3o de propriedades roubadas dos Karipuna.<\/p>\n\n\n\n<p>|&nbsp;<a href=\"https:\/\/twitter.com\/lfuhrmann\">Leonardo Fuhrman<\/a>&nbsp;\u00e9 rep\u00f3rter do De Olho nos Ruralistas. |<\/p>\n\n\n\n<p><em>Imagem principal (Christian Braga\/Greenpeace): Invas\u00e3o e destrui\u00e7\u00e3o da Terra Ind\u00edgena Karipuna em 2021, ap\u00f3s a diminui\u00e7\u00e3o de reservas vizinhas \u00e0 TI<br><\/em><br><\/p>\n\n\n\n<p><br><\/p>\n","protected":false},"excerpt":{"rendered":"<p>Fotos tiradas pelos ind\u00edgenas mostram pontos onde \u00e1rvores foram derrubadas e motocicletas usadas por madeireiros; territ\u00f3rio ficou mais vulner\u00e1vel ap\u00f3s redu\u00e7\u00e3o de unidades de conserva\u00e7\u00e3o pelo governador Marcos Rocha<\/p>\n","protected":false},"author":1,"featured_media":0,"comment_status":"closed","ping_status":"open","sticky":false,"template":"","format":"standard","meta":{"_exactmetrics_skip_tracking":false,"_exactmetrics_sitenote_active":false,"_exactmetrics_sitenote_note":"","_exactmetrics_sitenote_category":0,"jetpack_post_was_ever_published":false,"_jetpack_newsletter_access":"","_jetpack_dont_email_post_to_subs":false,"_jetpack_newsletter_tier_id":0,"_jetpack_memberships_contains_paywalled_content":false,"_jetpack_memberships_contains_paid_content":false,"footnotes":"","jetpack_publicize_message":"","jetpack_publicize_feature_enabled":true,"jetpack_social_post_already_shared":true,"jetpack_social_options":{"image_generator_settings":{"template":"highway","enabled":false},"version":2}},"categories":[1],"tags":[306,710,583,7],"class_list":["post-33638","post","type-post","status-publish","format-standard","hentry","category-notas","tag-indigenas","tag-invasao","tag-karipuna","tag-rondonia"],"jetpack_publicize_connections":[],"jetpack_sharing_enabled":true,"jetpack_featured_media_url":"","jetpack_shortlink":"https:\/\/wp.me\/p7wKYW-8Ky","jetpack-related-posts":[],"_links":{"self":[{"href":"http:\/\/blogdalucianaoliveira.com.br\/blog\/wp-json\/wp\/v2\/posts\/33638","targetHints":{"allow":["GET"]}}],"collection":[{"href":"http:\/\/blogdalucianaoliveira.com.br\/blog\/wp-json\/wp\/v2\/posts"}],"about":[{"href":"http:\/\/blogdalucianaoliveira.com.br\/blog\/wp-json\/wp\/v2\/types\/post"}],"author":[{"embeddable":true,"href":"http:\/\/blogdalucianaoliveira.com.br\/blog\/wp-json\/wp\/v2\/users\/1"}],"replies":[{"embeddable":true,"href":"http:\/\/blogdalucianaoliveira.com.br\/blog\/wp-json\/wp\/v2\/comments?post=33638"}],"version-history":[{"count":1,"href":"http:\/\/blogdalucianaoliveira.com.br\/blog\/wp-json\/wp\/v2\/posts\/33638\/revisions"}],"predecessor-version":[{"id":33639,"href":"http:\/\/blogdalucianaoliveira.com.br\/blog\/wp-json\/wp\/v2\/posts\/33638\/revisions\/33639"}],"wp:attachment":[{"href":"http:\/\/blogdalucianaoliveira.com.br\/blog\/wp-json\/wp\/v2\/media?parent=33638"}],"wp:term":[{"taxonomy":"category","embeddable":true,"href":"http:\/\/blogdalucianaoliveira.com.br\/blog\/wp-json\/wp\/v2\/categories?post=33638"},{"taxonomy":"post_tag","embeddable":true,"href":"http:\/\/blogdalucianaoliveira.com.br\/blog\/wp-json\/wp\/v2\/tags?post=33638"}],"curies":[{"name":"wp","href":"https:\/\/api.w.org\/{rel}","templated":true}]}}