{"id":33640,"date":"2022-05-02T21:01:31","date_gmt":"2022-05-03T01:01:31","guid":{"rendered":"http:\/\/blogdalucianaoliveira.com.br\/blog\/?p=33640"},"modified":"2022-05-02T21:01:36","modified_gmt":"2022-05-03T01:01:36","slug":"comitiva-do-senado-averiguara-crimes-contra-yanomamis-em-roraima","status":"publish","type":"post","link":"http:\/\/blogdalucianaoliveira.com.br\/blog\/2022\/05\/02\/comitiva-do-senado-averiguara-crimes-contra-yanomamis-em-roraima\/","title":{"rendered":"Comitiva do Senado averiguar\u00e1 crimes contra Yanomamis em Roraima"},"content":{"rendered":"\n<figure class=\"wp-block-image size-large\"><img loading=\"lazy\" decoding=\"async\" width=\"1536\" height=\"864\" data-attachment-id=\"33641\" data-permalink=\"http:\/\/blogdalucianaoliveira.com.br\/blog\/2022\/05\/02\/comitiva-do-senado-averiguara-crimes-contra-yanomamis-em-roraima\/518caa5d-c5c5-4bda-8c7f-ede7682e5847\/\" data-orig-file=\"https:\/\/i0.wp.com\/blogdalucianaoliveira.com.br\/blog\/wp-content\/uploads\/2022\/05\/518CAA5D-C5C5-4BDA-8C7F-EDE7682E5847.jpeg?fit=1536%2C864\" data-orig-size=\"1536,864\" data-comments-opened=\"0\" data-image-meta=\"{&quot;aperture&quot;:&quot;0&quot;,&quot;credit&quot;:&quot;&quot;,&quot;camera&quot;:&quot;&quot;,&quot;caption&quot;:&quot;&quot;,&quot;created_timestamp&quot;:&quot;0&quot;,&quot;copyright&quot;:&quot;&quot;,&quot;focal_length&quot;:&quot;0&quot;,&quot;iso&quot;:&quot;0&quot;,&quot;shutter_speed&quot;:&quot;0&quot;,&quot;title&quot;:&quot;&quot;,&quot;orientation&quot;:&quot;0&quot;}\" data-image-title=\"518CAA5D-C5C5-4BDA-8C7F-EDE7682E5847\" data-image-description=\"\" data-image-caption=\"\" data-medium-file=\"https:\/\/i0.wp.com\/blogdalucianaoliveira.com.br\/blog\/wp-content\/uploads\/2022\/05\/518CAA5D-C5C5-4BDA-8C7F-EDE7682E5847.jpeg?fit=300%2C169\" data-large-file=\"https:\/\/i0.wp.com\/blogdalucianaoliveira.com.br\/blog\/wp-content\/uploads\/2022\/05\/518CAA5D-C5C5-4BDA-8C7F-EDE7682E5847.jpeg?fit=600%2C338\" src=\"https:\/\/i0.wp.com\/blogdalucianaoliveira.com.br\/blog\/wp-content\/uploads\/2022\/05\/518CAA5D-C5C5-4BDA-8C7F-EDE7682E5847.jpeg?fit=600%2C338\" alt=\"\" class=\"wp-image-33641\" srcset=\"https:\/\/i0.wp.com\/blogdalucianaoliveira.com.br\/blog\/wp-content\/uploads\/2022\/05\/518CAA5D-C5C5-4BDA-8C7F-EDE7682E5847.jpeg?w=1536 1536w, https:\/\/i0.wp.com\/blogdalucianaoliveira.com.br\/blog\/wp-content\/uploads\/2022\/05\/518CAA5D-C5C5-4BDA-8C7F-EDE7682E5847.jpeg?resize=300%2C169 300w, https:\/\/i0.wp.com\/blogdalucianaoliveira.com.br\/blog\/wp-content\/uploads\/2022\/05\/518CAA5D-C5C5-4BDA-8C7F-EDE7682E5847.jpeg?resize=1024%2C576 1024w, https:\/\/i0.wp.com\/blogdalucianaoliveira.com.br\/blog\/wp-content\/uploads\/2022\/05\/518CAA5D-C5C5-4BDA-8C7F-EDE7682E5847.jpeg?resize=768%2C432 768w, https:\/\/i0.wp.com\/blogdalucianaoliveira.com.br\/blog\/wp-content\/uploads\/2022\/05\/518CAA5D-C5C5-4BDA-8C7F-EDE7682E5847.jpeg?resize=533%2C300 533w, https:\/\/i0.wp.com\/blogdalucianaoliveira.com.br\/blog\/wp-content\/uploads\/2022\/05\/518CAA5D-C5C5-4BDA-8C7F-EDE7682E5847.jpeg?w=1200 1200w\" sizes=\"auto, (max-width: 600px) 100vw, 600px\" \/><\/figure>\n\n\n\n<p>Segundo l\u00edder Yanomami, 20 mil garimpeiros ocuparam terras ind\u00edgenas e al\u00e9m de violentar mulheres e meninas, mant\u00eam aldeias sob amea\u00e7a.<\/p>\n\n\n\n<!--more-->\n\n\n\n<p>Cristina \u00c1vila, no Extra Classe <\/p>\n\n\n\n<p>A Comiss\u00e3o de Direitos Humanos do Senado aprovou no in\u00edcio da tarde desta segunda-feira, 2 de maio, uma dilig\u00eancia a Boa Vista, capital de Roraima, para tratar sobre os assassinatos e outras viol\u00eancias que v\u00eam ocorrendo na Terra Ind\u00edgena Yanomami. Dever\u00e1 ser constitu\u00edda uma comitiva com a C\u00e2mara Federal e a viagem est\u00e1 marcada para 12 de maio.<\/p>\n\n\n\n<p>O requerimento foi feito pelo senador Humberto Costa (PT\/PE), a partir de pedido de J\u00fanior Hekurari Yanomami, presidente do Conselho Distrital de Sa\u00fade Yanomami e Yek\u2019wana (Condisi-YY), em audi\u00eancia p\u00fablica requerida pelo senador Paulo Paim (PT\/RS), realizada na segunda-feira passada, 25 de abril.<\/p>\n\n\n\n<p>\u201cOs garimpeiros tomaram conta da nossa terra. Eles t\u00eam 3.500 pontos de log\u00edstica em nosso territ\u00f3rio tradicional, 800 currutelas (vilas de lonas improvisadas nas matas) cada uma com 15 a 20 prostitutas brancas, em festas com forr\u00f3, em bares. Violentam mulheres e meninas Yanomami. E as autoridades querem um corpo, querem provas, pra tomarem provid\u00eancias\u201d, exclamou J\u00fanior Yanomami ao Extra Classe.<\/p>\n\n\n\n<p>\u201cMeu povo est\u00e1 ref\u00e9m de mais de 20 mil garimpeiros, sob a mira de armas. Destru\u00edram florestas e est\u00e3o nos matando \u2013 que provas mais est\u00e3o esperando?\u201d, questionou ao telefone.<\/p>\n\n\n\n<h2 class=\"wp-block-heading\">Ind\u00edgenas aterrorizados e v\u00eddeo de intimida\u00e7\u00e3o<\/h2>\n\n\n\n<p>J\u00fanior Yanomami disse que os Yanomami est\u00e3o aterrorizados e mostrou um v\u00eddeo gravado por ele pr\u00f3prio em que um garimpeiro insiste com um parente para que desminta a den\u00fancia de&nbsp;<a href=\"https:\/\/www.extraclasse.org.br\/geral\/2022\/04\/menina-indigena-yanomami-e-estuprada-e-morta-por-garimpeiros\/\" target=\"_blank\" rel=\"noreferrer noopener\">estupro e morte da menina de 12 anos<\/a>&nbsp;que ocorreu na segunda-feira, 25 de abril, que ele soube poucas horas depois de fazer outras den\u00fancias no Senado.<\/p>\n\n\n\n<p>Ele ainda comentou que na quarta-feira, 27 de abril, esteve no local em que ocorreu os crimes, na aldeia Araka\u00e7a, com uma comitiva do Minist\u00e9rio P\u00fablico Federal, Funda\u00e7\u00e3o Nacional do \u00cdndio (Funai), Pol\u00edcia Federal e Secretaria Especial de Sa\u00fade Ind\u00edgena (Sesai).<\/p>\n\n\n\n<p>O corpo n\u00e3o foi encontrado, pois os parentes o cremaram. \u201cAs autoridades precisam entender que a crema\u00e7\u00e3o \u00e9 uma quest\u00e3o cultural\u201d, exclamou. A aldeia foi encontrada incendiada. Cerca de 25 ind\u00edgenas que viviam no local sumiram na mata.<\/p>\n\n\n\n<p>J\u00fanior Hekurari queixa-se da morosidade das provid\u00eancias de autoridades. Segundo ele, um censo realizado por equipes de sa\u00fade e mission\u00e1rios na aldeia entre 2017 e 2018 constatou 45 moradores, e que a popula\u00e7\u00e3o se reduziu a 25 pessoas no ano passado.<\/p>\n\n\n\n<p>\u201cPara onde foram? N\u00e3o se sabe. O que sabemos toda hora s\u00e3o not\u00edcias de mortes\u201d. Ele considera que possam ter ocorrido outros assassinatos no local, n\u00e3o necessariamente nesses dias. \u201cOs assassinatos s\u00e3o tantos que j\u00e1 fugiram do controle\u201d. Segundo ele, as fam\u00edlias Yanomami vivem sob amea\u00e7a para n\u00e3o denunciarem as atrocidades.<\/p>\n\n\n\n<p>O l\u00edder Yanomami conta que durante a visita a Pol\u00edcia Federal incendiou um supermercado e um posto de gasolina clandestinos, perto do rio Uraricoera, ao lado da aldeia Araka\u00e7a. \u201cO posto de gasolina tinha cerca de 20 mil litros de gasolina em carotes (gal\u00f5es)\u201d. Ele disse que s\u00e3o feitos entre 80 e 100 voos de helic\u00f3pteros todos os dias no territ\u00f3rio ind\u00edgena, que \u00e9 demarcado e homologado.<\/p>\n\n\n\n<figure class=\"wp-block-image\"><img data-recalc-dims=\"1\" height=\"338\" width=\"600\" decoding=\"async\" src=\"https:\/\/i0.wp.com\/www.extraclasse.org.br\/wp-content\/uploads\/2022\/05\/279156420_367886915287983_7821484765460532598_n-1024x576.jpg?resize=600%2C338&#038;ssl=1\" alt=\"Pol\u00edcia incendiou instala\u00e7\u00f5es ilegais de garimpeiros\" class=\"wp-image-76898\"\/><\/figure>\n\n\n\n<p>Pol\u00edcia incendiou instala\u00e7\u00f5es ilegais de garimpeirosFoto: Reprodu\u00e7\u00e3o de v\u00eddeo<\/p>\n\n\n\n<h2 class=\"wp-block-heading\">Deputados tamb\u00e9m far\u00e3o parte da dilig\u00eancia<\/h2>\n\n\n\n<p>A assessoria do senador Humberto Costa est\u00e1 preparando o roteiro da dilig\u00eancia e convidando deputados federais \u201ccomprometidos com a causa ind\u00edgena\u201d, como disse Paulo Paim na audi\u00eancia que presidiu na segunda-feira. A ideia \u00e9 ir ao Minist\u00e9rio P\u00fablico Federal, Pol\u00edcia Federal, Defensoria P\u00fablica da Uni\u00e3o e ao Executivo.<\/p>\n\n\n\n<p>\u201cTamb\u00e9m ser\u00e1 encaminhado um dossi\u00ea aos presidenci\u00e1veis (candidatos \u00e0 Presid\u00eancia da Rep\u00fablica), contendo todas as viola\u00e7\u00f5es dos direitos humanos sofridas pelos povos ind\u00edgenas. Esse documento est\u00e1 sendo elaborado pelos participantes da audi\u00eancia p\u00fablica realizada no dia 25 de abril. \u00c9 inaceit\u00e1vel tanta crueldade com essas comunidades tradicionais. Ind\u00edgenas s\u00e3o assassinados e torturados. Meninas e mulheres estupradas. O cen\u00e1rio \u00e9 de horror. A morte da menina yanomami de 12 anos foi um crime b\u00e1rbaro, mais um, e que n\u00e3o pode ficar impune como tem acontecido com tantos outros. Os culpados precisam ser identificados e julgados no rigor da lei por essas selvagerias\u201d, disse ao Extra Classe o senador Paulo Paim.<\/p>\n\n\n\n<h2 class=\"wp-block-heading\">Crimes arquivados<\/h2>\n\n\n\n<p>J\u00fanior Hekurari queixa-se das autoridades federais. Ele diz que outros crimes \u201cforam arquivados\u201d. E cita a morte de um jovem de 25 anos atropelado por uma aeronave dos garimpeiros, em julho do ano passado, que ficou impune. \u201cOs parentes est\u00e3o abandonados. E com muito medo. Muito medo mesmo!\u201d, acentua.<\/p>\n\n\n\n<p>A Assessoria de Comunica\u00e7\u00e3o do Minist\u00e9rio P\u00fablico Federal em Roraima afirma que especificamente no caso do estupro e morte da menina o MPF n\u00e3o pode realmente responder at\u00e9 que seja conclu\u00edda a investiga\u00e7\u00e3o e&nbsp; que a institui\u00e7\u00e3o tem tomado constantes iniciativas, e que oito entre dez publica\u00e7\u00f5es feitas pela assessoria de comunica\u00e7\u00e3o se referem a a\u00e7\u00f5es para conter a viol\u00eancia n\u00e3o apenas na Terra Ind\u00edgena Yanomami, mas contra outros povos ind\u00edgenas em Roraima, inclusive a\u00e7\u00f5es em que s\u00e3o solicitadas provid\u00eancias a \u00f3rg\u00e3os do governo federal encarregados da prote\u00e7\u00e3o dos territ\u00f3rios e dos povos origin\u00e1rios.<\/p>\n","protected":false},"excerpt":{"rendered":"<p>Segundo l\u00edder Yanomami, 20 mil garimpeiros ocuparam terras ind\u00edgenas e al\u00e9m de violentar mulheres e meninas, mant\u00eam aldeias sob amea\u00e7a.<\/p>\n","protected":false},"author":1,"featured_media":0,"comment_status":"closed","ping_status":"open","sticky":false,"template":"","format":"standard","meta":{"_exactmetrics_skip_tracking":false,"_exactmetrics_sitenote_active":false,"_exactmetrics_sitenote_note":"","_exactmetrics_sitenote_category":0,"jetpack_post_was_ever_published":false,"_jetpack_newsletter_access":"","_jetpack_dont_email_post_to_subs":false,"_jetpack_newsletter_tier_id":0,"_jetpack_memberships_contains_paywalled_content":false,"_jetpack_memberships_contains_paid_content":false,"footnotes":"","jetpack_publicize_message":"","jetpack_publicize_feature_enabled":true,"jetpack_social_post_already_shared":true,"jetpack_social_options":{"image_generator_settings":{"template":"highway","enabled":false},"version":2}},"categories":[1],"tags":[],"class_list":["post-33640","post","type-post","status-publish","format-standard","hentry","category-notas"],"jetpack_publicize_connections":[],"jetpack_sharing_enabled":true,"jetpack_featured_media_url":"","jetpack_shortlink":"https:\/\/wp.me\/p7wKYW-8KA","jetpack-related-posts":[],"_links":{"self":[{"href":"http:\/\/blogdalucianaoliveira.com.br\/blog\/wp-json\/wp\/v2\/posts\/33640","targetHints":{"allow":["GET"]}}],"collection":[{"href":"http:\/\/blogdalucianaoliveira.com.br\/blog\/wp-json\/wp\/v2\/posts"}],"about":[{"href":"http:\/\/blogdalucianaoliveira.com.br\/blog\/wp-json\/wp\/v2\/types\/post"}],"author":[{"embeddable":true,"href":"http:\/\/blogdalucianaoliveira.com.br\/blog\/wp-json\/wp\/v2\/users\/1"}],"replies":[{"embeddable":true,"href":"http:\/\/blogdalucianaoliveira.com.br\/blog\/wp-json\/wp\/v2\/comments?post=33640"}],"version-history":[{"count":1,"href":"http:\/\/blogdalucianaoliveira.com.br\/blog\/wp-json\/wp\/v2\/posts\/33640\/revisions"}],"predecessor-version":[{"id":33642,"href":"http:\/\/blogdalucianaoliveira.com.br\/blog\/wp-json\/wp\/v2\/posts\/33640\/revisions\/33642"}],"wp:attachment":[{"href":"http:\/\/blogdalucianaoliveira.com.br\/blog\/wp-json\/wp\/v2\/media?parent=33640"}],"wp:term":[{"taxonomy":"category","embeddable":true,"href":"http:\/\/blogdalucianaoliveira.com.br\/blog\/wp-json\/wp\/v2\/categories?post=33640"},{"taxonomy":"post_tag","embeddable":true,"href":"http:\/\/blogdalucianaoliveira.com.br\/blog\/wp-json\/wp\/v2\/tags?post=33640"}],"curies":[{"name":"wp","href":"https:\/\/api.w.org\/{rel}","templated":true}]}}