{"id":33643,"date":"2022-05-04T08:00:53","date_gmt":"2022-05-04T12:00:53","guid":{"rendered":"http:\/\/blogdalucianaoliveira.com.br\/blog\/?p=33643"},"modified":"2022-05-04T08:04:02","modified_gmt":"2022-05-04T12:04:02","slug":"titulo-de-eleitor-on-line-saiba-como-pedir-documento-sem-sair-de-casa-prazo-termina-nesta-quarta","status":"publish","type":"post","link":"http:\/\/blogdalucianaoliveira.com.br\/blog\/2022\/05\/04\/titulo-de-eleitor-on-line-saiba-como-pedir-documento-sem-sair-de-casa-prazo-termina-nesta-quarta\/","title":{"rendered":"T\u00edtulo de eleitor on-line: saiba como pedir documento sem sair de casa; prazo termina nesta quarta"},"content":{"rendered":"\n<figure class=\"wp-block-image size-large\"><img loading=\"lazy\" decoding=\"async\" width=\"982\" height=\"1065\" data-attachment-id=\"33644\" data-permalink=\"http:\/\/blogdalucianaoliveira.com.br\/blog\/2022\/05\/04\/titulo-de-eleitor-on-line-saiba-como-pedir-documento-sem-sair-de-casa-prazo-termina-nesta-quarta\/44a015c5-8f21-4ac0-891a-fcddc8e26134\/\" data-orig-file=\"https:\/\/i0.wp.com\/blogdalucianaoliveira.com.br\/blog\/wp-content\/uploads\/2022\/05\/44A015C5-8F21-4AC0-891A-FCDDC8E26134.jpeg?fit=982%2C1065\" data-orig-size=\"982,1065\" data-comments-opened=\"0\" data-image-meta=\"{&quot;aperture&quot;:&quot;0&quot;,&quot;credit&quot;:&quot;&quot;,&quot;camera&quot;:&quot;&quot;,&quot;caption&quot;:&quot;&quot;,&quot;created_timestamp&quot;:&quot;0&quot;,&quot;copyright&quot;:&quot;&quot;,&quot;focal_length&quot;:&quot;0&quot;,&quot;iso&quot;:&quot;0&quot;,&quot;shutter_speed&quot;:&quot;0&quot;,&quot;title&quot;:&quot;&quot;,&quot;orientation&quot;:&quot;0&quot;}\" data-image-title=\"44A015C5-8F21-4AC0-891A-FCDDC8E26134\" data-image-description=\"\" data-image-caption=\"\" data-medium-file=\"https:\/\/i0.wp.com\/blogdalucianaoliveira.com.br\/blog\/wp-content\/uploads\/2022\/05\/44A015C5-8F21-4AC0-891A-FCDDC8E26134.jpeg?fit=277%2C300\" data-large-file=\"https:\/\/i0.wp.com\/blogdalucianaoliveira.com.br\/blog\/wp-content\/uploads\/2022\/05\/44A015C5-8F21-4AC0-891A-FCDDC8E26134.jpeg?fit=600%2C651\" src=\"https:\/\/i1.wp.com\/blogdalucianaoliveira.com.br\/blog\/wp-content\/uploads\/2022\/05\/44A015C5-8F21-4AC0-891A-FCDDC8E26134.jpeg?fit=600%2C651\" alt=\"\" class=\"wp-image-33644\" srcset=\"https:\/\/i0.wp.com\/blogdalucianaoliveira.com.br\/blog\/wp-content\/uploads\/2022\/05\/44A015C5-8F21-4AC0-891A-FCDDC8E26134.jpeg?w=982 982w, https:\/\/i0.wp.com\/blogdalucianaoliveira.com.br\/blog\/wp-content\/uploads\/2022\/05\/44A015C5-8F21-4AC0-891A-FCDDC8E26134.jpeg?resize=277%2C300 277w, https:\/\/i0.wp.com\/blogdalucianaoliveira.com.br\/blog\/wp-content\/uploads\/2022\/05\/44A015C5-8F21-4AC0-891A-FCDDC8E26134.jpeg?resize=944%2C1024 944w, https:\/\/i0.wp.com\/blogdalucianaoliveira.com.br\/blog\/wp-content\/uploads\/2022\/05\/44A015C5-8F21-4AC0-891A-FCDDC8E26134.jpeg?resize=768%2C833 768w\" sizes=\"auto, (max-width: 600px) 100vw, 600px\" \/><\/figure>\n\n\n\n<h4 class=\"wp-block-heading\">Brasileiros t\u00eam at\u00e9 hoje para pedir primeira via ou regularizar t\u00edtulo de eleitor; procedimento pode ser feito no site do Tribunal Superior Eleitoral.&nbsp;<\/h4>\n\n\n\n<!--more-->\n\n\n\n<p>Por g1&nbsp;<\/p>\n\n\n\n<p>Termina nesta quarta (4) o prazo para brasileiros a partir de 16 anos pe\u00e7am a primeira via do t\u00edtulo de eleitor ou o regularizem a tempo de votar nas elei\u00e7\u00f5es de 2022. O procedimento pode ser&nbsp;<strong>feito pela internet<\/strong>, por meio do&nbsp;<a href=\"https:\/\/www.tse.jus.br\/eleitor\/titulo-de-eleitor\/pre-atendimento-eleitoral-titulo-net\" target=\"_blank\" rel=\"noreferrer noopener\">T\u00edtulo Net<\/a>.&nbsp;<strong><em>Veja o v\u00eddeo acima.<\/em><\/strong><\/p>\n\n\n\n<p>O primeiro turno da vota\u00e7\u00e3o est\u00e1 marcado para&nbsp;<strong>2 de outubro.&nbsp;<\/strong>J\u00e1 o segundo turno, nos estados e nacionalmente, caso preciso, ocorrer\u00e3o em&nbsp;<strong>30 de outubro,&nbsp;<\/strong>\u00faltimo domingo do m\u00eas<strong>.<\/strong><\/p>\n\n\n\n<p>A Lei das Elei\u00e7\u00f5es (<a href=\"http:\/\/www.planalto.gov.br\/ccivil_03\/leis\/l9504.htm\" target=\"_blank\" rel=\"noreferrer noopener\">Lei n\u00ba 9.504\/97<\/a>&nbsp;\u2013 artigo 91) determina o fechamento do Cadastro Eleitoral&nbsp;<strong>150 dias antes de cada pleito<\/strong>. Neste per\u00edodo, as pessoas podem resolver pend\u00eancias como transfer\u00eancia de domic\u00edlio eleitoral ou outras decorrentes de aus\u00eancia ou justificativa nas tr\u00eas \u00faltimas elei\u00e7\u00f5es.&nbsp;<\/p>\n\n\n\n<blockquote class=\"wp-block-quote is-layout-flow wp-block-quote-is-layout-flow\"><p>&#8220;Para evitar contratempos, \u00e9 importante solicitar a primeira via ou regularizar o t\u00edtulo o quanto antes, pois nos \u00faltimos dias do prazo a procura pelo servi\u00e7o \u00e9 alta&#8221;, diz o TSE.<\/p><\/blockquote>\n\n\n\n<h2 class=\"wp-block-heading\"><strong>Como fazer?<\/strong><\/h2>\n\n\n\n<p>Para regularizar a situa\u00e7\u00e3o do t\u00edtulo de eleitor ou a retirada da primeira via do documento devem ser solicitadas pelo sistema<a rel=\"noreferrer noopener\" href=\"https:\/\/www.tse.jus.br\/eleitor\/titulo-de-eleitor\/pre-atendimento-eleitoral-titulo-net\" target=\"_blank\">&nbsp;T\u00edtulo Net<\/a>, no&nbsp;<a rel=\"noreferrer noopener\" href=\"https:\/\/www.tse.jus.br\/eleitor\/titulo-de-eleitor\" target=\"_blank\">Portal do Tribunal Superior Eleitoral(TSE)<\/a>. Ser\u00e1 preciso anexar documento oficial com foto, comprovante de resid\u00eancia, comprovante de pagamento de d\u00e9bito com a Justi\u00e7a Eleitoral e comprovante de quita\u00e7\u00e3o do servi\u00e7o militar.<\/p>\n\n\n\n<h1 class=\"wp-block-heading\">T\u00edtulo de eleitor on-line: saiba como pedir documento sem sair de casa; prazo termina nesta quarta&nbsp;<\/h1>\n\n\n\n<h4 class=\"wp-block-heading\">Brasileiros t\u00eam at\u00e9 hoje para pedir primeira via ou regularizar t\u00edtulo de eleitor; procedimento pode ser feito no site do Tribunal Superior Eleitoral.&nbsp;<\/h4>\n\n\n\n<p>Por g1&nbsp;<\/p>\n\n\n\n<hr class=\"wp-block-separator\"\/>\n\n\n\n<figure class=\"wp-block-image\"><img data-recalc-dims=\"1\" decoding=\"async\" src=\"https:\/\/i0.wp.com\/s01.video.glbimg.com\/x720\/10420812.jpg?w=600&#038;ssl=1\" alt=\"Veja o passo a passo para tirar o 1\u00ba t\u00edtulo eleitoral\"\/><\/figure>\n\n\n\n<p>Termina nesta quarta (4) o prazo para brasileiros a partir de 16 anos pe\u00e7am a primeira via do t\u00edtulo de eleitor ou o regularizem a tempo de votar nas elei\u00e7\u00f5es de 2022. O procedimento pode ser&nbsp;<strong>feito pela internet<\/strong>, por meio do&nbsp;<a href=\"https:\/\/www.tse.jus.br\/eleitor\/titulo-de-eleitor\/pre-atendimento-eleitoral-titulo-net\" target=\"_blank\" rel=\"noreferrer noopener\">T\u00edtulo Net<\/a>.&nbsp;<strong><em>Veja o v\u00eddeo acima.<\/em><\/strong><\/p>\n\n\n\n<p>O primeiro turno da vota\u00e7\u00e3o est\u00e1 marcado para&nbsp;<strong>2 de outubro.&nbsp;<\/strong>J\u00e1 o segundo turno, nos estados e nacionalmente, caso preciso, ocorrer\u00e3o em&nbsp;<strong>30 de outubro,&nbsp;<\/strong>\u00faltimo domingo do m\u00eas<strong>.<\/strong><\/p>\n\n\n\n<h2 class=\"wp-block-heading\">Leia Mais:&nbsp;<\/h2>\n\n\n\n<ul class=\"wp-block-list\"><li><a href=\"https:\/\/g1.globo.com\/politica\/eleicoes\/2022\/noticia\/2022\/05\/02\/titulo-de-eleitor-online-ou-e-titulo-como-ter-acesso.ghtml\">T\u00edtulo de eleitor on-line ou e-T\u00edtulo: como ter acesso<\/a><\/li><li><strong>Anitta, Juliette e Bruna Marquezine<\/strong>&nbsp;<a href=\"https:\/\/g1.globo.com\/pop-arte\/noticia\/2022\/03\/24\/anitta-juliette-e-bruna-marquezine-alertam-jovens-sobre-prazo-para-tirar-o-titulo-de-eleitor.ghtml\">alertam sobre prazo para tirar o t\u00edtulo de eleitor<\/a><\/li><li><strong>Elei\u00e7\u00f5es 2022:<\/strong>&nbsp;<a href=\"https:\/\/g1.globo.com\/politica\/noticia\/2021\/11\/29\/eleicoes-2022-veja-quem-sao-os-pre-candidatos-a-presidente-ate-o-momento.ghtml\">os pr\u00e9-candidatos a presidente da Rep\u00fablica<\/a><\/li><\/ul>\n\n\n\n<figure class=\"wp-block-image\"><img data-recalc-dims=\"1\" decoding=\"async\" src=\"https:\/\/i0.wp.com\/s2.glbimg.com\/Ro1Dj2NRftbwnDR-oMPJrTTb5f4%3D\/0x0%3A487x263\/984x0\/smart\/filters%3Astrip_icc%28%29\/i.s3.glbimg.com\/v1\/AUTH_59edd422c0c84a879bd37670ae4f538a\/internal_photos\/bs\/2020\/9\/p\/q3MhAYToy30opiyV5zTA\/67d0b9d4-c397-4265-8cef-676f9dd14554.jpeg?w=600&#038;ssl=1\" alt=\"Servi\u00e7os relacionados ao t\u00edtulo de eleitor podem ser feitos pela internet \u2014 Foto: TRE\/Divulga\u00e7\u00e3o\"\/><\/figure>\n\n\n\n<p>Servi\u00e7os relacionados ao t\u00edtulo de eleitor podem ser feitos pela internet \u2014 Foto: TRE\/Divulga\u00e7\u00e3o&nbsp;<\/p>\n\n\n\n<p>A Lei das Elei\u00e7\u00f5es (<a href=\"http:\/\/www.planalto.gov.br\/ccivil_03\/leis\/l9504.htm\" target=\"_blank\" rel=\"noreferrer noopener\">Lei n\u00ba 9.504\/97<\/a>&nbsp;\u2013 artigo 91) determina o fechamento do Cadastro Eleitoral&nbsp;<strong>150 dias antes de cada pleito<\/strong>. Neste per\u00edodo, as pessoas podem resolver pend\u00eancias como transfer\u00eancia de domic\u00edlio eleitoral ou outras decorrentes de aus\u00eancia ou justificativa nas tr\u00eas \u00faltimas elei\u00e7\u00f5es.&nbsp;<\/p>\n\n\n\n<blockquote class=\"wp-block-quote is-layout-flow wp-block-quote-is-layout-flow\"><p>&#8220;Para evitar contratempos, \u00e9 importante solicitar a primeira via ou regularizar o t\u00edtulo o quanto antes, pois nos \u00faltimos dias do prazo a procura pelo servi\u00e7o \u00e9 alta&#8221;, diz o TSE.<\/p><\/blockquote>\n\n\n\n<figure class=\"wp-block-image\"><img data-recalc-dims=\"1\" decoding=\"async\" src=\"https:\/\/i0.wp.com\/s02.video.glbimg.com\/x240\/10452953.jpg?w=600&#038;ssl=1\" alt=\"Brasileiros t\u00eam at\u00e9 4 de maio para tirar o t\u00edtulo ou modificar informa\u00e7\u00f5es se quiserem votar nas pr\u00f3ximas elei\u00e7\u00f5es\"\/><\/figure>\n\n\n\n<p>Ativar som<\/p>\n\n\n\n<p>Brasileiros t\u00eam at\u00e9 4 de maio para tirar o t\u00edtulo ou modificar informa\u00e7\u00f5es se quiserem votar nas pr\u00f3ximas elei\u00e7\u00f5es&nbsp;<\/p>\n\n\n\n<h2 class=\"wp-block-heading\"><strong>Como fazer?<\/strong><\/h2>\n\n\n\n<p>Para regularizar a situa\u00e7\u00e3o do t\u00edtulo de eleitor ou a retirada da primeira via do documento devem ser solicitadas pelo sistema<a href=\"https:\/\/www.tse.jus.br\/eleitor\/titulo-de-eleitor\/pre-atendimento-eleitoral-titulo-net\" target=\"_blank\" rel=\"noreferrer noopener\">&nbsp;T\u00edtulo Net<\/a>, no&nbsp;<a href=\"https:\/\/www.tse.jus.br\/eleitor\/titulo-de-eleitor\" target=\"_blank\" rel=\"noreferrer noopener\">Portal do Tribunal Superior Eleitoral(TSE)<\/a>. Ser\u00e1 preciso anexar documento oficial com foto, comprovante de resid\u00eancia, comprovante de pagamento de d\u00e9bito com a Justi\u00e7a Eleitoral e comprovante de quita\u00e7\u00e3o do servi\u00e7o militar.&nbsp;<\/p>\n\n\n\n<p><strong>Veja v\u00eddeo com passo a passo abaixo:<\/strong><\/p>\n\n\n\n<figure><iframe loading=\"lazy\" src=\"https:\/\/www.youtube.com\/embed\/W8GCjqYuMnU?origin=http:\/\/g1.globo.com\" width=\"640px\" height=\"360px\" allowfullscreen=\"\"><\/iframe><\/figure>\n\n\n\n<ul class=\"wp-block-list\"><li><strong>Entenda:<\/strong><a href=\"https:\/\/g1.globo.com\/politica\/eleicoes\/2022\/ao-vivo\/eleicoes-2022-o-troca-troca-partidario.ghtml\"><strong>&nbsp;A reta final do troca-troca partid\u00e1rio<\/strong><\/a><\/li><\/ul>\n\n\n\n<p>Para tirar o documento pela primeira vez, \u00e9 necess\u00e1rio que o futuro eleitor informe, na&nbsp;<a href=\"https:\/\/cad-app-titulonet.tse.jus.br\/titulonet\/novoRequerimento\" target=\"_blank\" rel=\"noreferrer noopener\">p\u00e1gina de requerimento do sistema T\u00edtulo-Net<\/a>, a unidade da federa\u00e7\u00e3o em que reside. Ap\u00f3s esse procedimento, aparecem na tela informa\u00e7\u00f5es sobre a digitaliza\u00e7\u00e3o dos documentos necess\u00e1rios para a solicita\u00e7\u00e3o:&nbsp;<\/p>\n\n\n\n<ul class=\"wp-block-list\"><li>uma foto tipo selfie segurando um documento de identifica\u00e7\u00e3o;&nbsp;<\/li><li>comprovante de resid\u00eancia atualizado;&nbsp;<\/li><li>certificado de quita\u00e7\u00e3o de servi\u00e7o militar, para homens de 18 a 45 anos.&nbsp;<\/li><\/ul>\n\n\n\n<p>Na p\u00e1gina seguinte, em&nbsp;<strong>&#8220;T\u00edtulo de Eleitor&#8221;<\/strong>, ao solicitar a primeira via, a pessoa precisa marcar a op\u00e7\u00e3o&nbsp;<strong>&#8220;n\u00e3o tenho&#8221;<\/strong>&nbsp;para prosseguir com o atendimento. Depois do envio dos dados, os documentos ser\u00e3o analisados pela Justi\u00e7a Eleitoral. O acompanhamento da solicita\u00e7\u00e3o pode ser feito tamb\u00e9m pelo&nbsp;<a rel=\"noreferrer noopener\" href=\"https:\/\/cad-app-titulonet.tse.jus.br\/titulonet\/acompanharRequerimento\" target=\"_blank\">site<\/a>.<\/p>\n\n\n\n<p>Outra maneira de consultar eventuais pend\u00eancias junto \u00e0 Justi\u00e7a Eleitoral \u00e9 por meio do&nbsp;<strong>aplicativo e-T\u00edtulo<\/strong>. A ferramenta tamb\u00e9m pode ser utilizada como t\u00edtulo eleitoral digital, substituindo o documento em papel no dia das elei\u00e7\u00f5es.&nbsp;<\/p>\n\n\n\n<p>Para utilizar, \u00e9 necess\u00e1rio fazer o download gratuito em telefones celulares ou tablets de qualquer plataforma&nbsp;<a href=\"https:\/\/play.google.com\/store\/apps\/details?id=br.jus.tse.eleitoral.etitulo\" target=\"_blank\" rel=\"noreferrer noopener\">Android<\/a>&nbsp;ou&nbsp;<a href=\"https:\/\/apps.apple.com\/br\/app\/e-t%C3%ADtulo\/id1320338088\" target=\"_blank\" rel=\"noreferrer noopener\">iOS<\/a>.<\/p>\n","protected":false},"excerpt":{"rendered":"<p>Brasileiros t\u00eam at\u00e9 hoje para pedir primeira via ou regularizar t\u00edtulo de eleitor; procedimento pode ser feito no site do Tribunal Superior Eleitoral.&nbsp;<\/p>\n","protected":false},"author":1,"featured_media":0,"comment_status":"closed","ping_status":"open","sticky":false,"template":"","format":"standard","meta":{"_exactmetrics_skip_tracking":false,"_exactmetrics_sitenote_active":false,"_exactmetrics_sitenote_note":"","_exactmetrics_sitenote_category":0,"jetpack_post_was_ever_published":false,"_jetpack_newsletter_access":"","_jetpack_dont_email_post_to_subs":false,"_jetpack_newsletter_tier_id":0,"_jetpack_memberships_contains_paywalled_content":false,"_jetpack_memberships_contains_paid_content":false,"footnotes":"","jetpack_publicize_message":"","jetpack_publicize_feature_enabled":true,"jetpack_social_post_already_shared":true,"jetpack_social_options":{"image_generator_settings":{"template":"highway","enabled":false},"version":2}},"categories":[1],"tags":[],"class_list":["post-33643","post","type-post","status-publish","format-standard","hentry","category-notas"],"jetpack_publicize_connections":[],"jetpack_sharing_enabled":true,"jetpack_featured_media_url":"","jetpack_shortlink":"https:\/\/wp.me\/p7wKYW-8KD","jetpack-related-posts":[],"_links":{"self":[{"href":"http:\/\/blogdalucianaoliveira.com.br\/blog\/wp-json\/wp\/v2\/posts\/33643","targetHints":{"allow":["GET"]}}],"collection":[{"href":"http:\/\/blogdalucianaoliveira.com.br\/blog\/wp-json\/wp\/v2\/posts"}],"about":[{"href":"http:\/\/blogdalucianaoliveira.com.br\/blog\/wp-json\/wp\/v2\/types\/post"}],"author":[{"embeddable":true,"href":"http:\/\/blogdalucianaoliveira.com.br\/blog\/wp-json\/wp\/v2\/users\/1"}],"replies":[{"embeddable":true,"href":"http:\/\/blogdalucianaoliveira.com.br\/blog\/wp-json\/wp\/v2\/comments?post=33643"}],"version-history":[{"count":4,"href":"http:\/\/blogdalucianaoliveira.com.br\/blog\/wp-json\/wp\/v2\/posts\/33643\/revisions"}],"predecessor-version":[{"id":33648,"href":"http:\/\/blogdalucianaoliveira.com.br\/blog\/wp-json\/wp\/v2\/posts\/33643\/revisions\/33648"}],"wp:attachment":[{"href":"http:\/\/blogdalucianaoliveira.com.br\/blog\/wp-json\/wp\/v2\/media?parent=33643"}],"wp:term":[{"taxonomy":"category","embeddable":true,"href":"http:\/\/blogdalucianaoliveira.com.br\/blog\/wp-json\/wp\/v2\/categories?post=33643"},{"taxonomy":"post_tag","embeddable":true,"href":"http:\/\/blogdalucianaoliveira.com.br\/blog\/wp-json\/wp\/v2\/tags?post=33643"}],"curies":[{"name":"wp","href":"https:\/\/api.w.org\/{rel}","templated":true}]}}