{"id":33651,"date":"2022-05-06T13:35:17","date_gmt":"2022-05-06T17:35:17","guid":{"rendered":"http:\/\/blogdalucianaoliveira.com.br\/blog\/?p=33651"},"modified":"2022-05-06T13:35:23","modified_gmt":"2022-05-06T17:35:23","slug":"protesto-contra-caos-no-transporte-e-convocado-pelo-dce-unir","status":"publish","type":"post","link":"http:\/\/blogdalucianaoliveira.com.br\/blog\/2022\/05\/06\/protesto-contra-caos-no-transporte-e-convocado-pelo-dce-unir\/","title":{"rendered":"PROTESTO CONTRA CAOS NO TRANSPORTE \u00c9 CONVOCADO PELO DCE\/UNIR"},"content":{"rendered":"\n<figure class=\"wp-block-image size-large\"><img loading=\"lazy\" decoding=\"async\" width=\"1600\" height=\"900\" data-attachment-id=\"33653\" data-permalink=\"http:\/\/blogdalucianaoliveira.com.br\/blog\/2022\/05\/06\/protesto-contra-caos-no-transporte-e-convocado-pelo-dce-unir\/82171238-1d0a-4b6f-b8ea-51ea19fbee21\/\" data-orig-file=\"https:\/\/i0.wp.com\/blogdalucianaoliveira.com.br\/blog\/wp-content\/uploads\/2022\/05\/82171238-1D0A-4B6F-B8EA-51EA19FBEE21.jpeg?fit=1600%2C900\" data-orig-size=\"1600,900\" data-comments-opened=\"0\" data-image-meta=\"{&quot;aperture&quot;:&quot;0&quot;,&quot;credit&quot;:&quot;&quot;,&quot;camera&quot;:&quot;&quot;,&quot;caption&quot;:&quot;&quot;,&quot;created_timestamp&quot;:&quot;0&quot;,&quot;copyright&quot;:&quot;&quot;,&quot;focal_length&quot;:&quot;0&quot;,&quot;iso&quot;:&quot;0&quot;,&quot;shutter_speed&quot;:&quot;0&quot;,&quot;title&quot;:&quot;&quot;,&quot;orientation&quot;:&quot;0&quot;}\" data-image-title=\"82171238-1D0A-4B6F-B8EA-51EA19FBEE21\" data-image-description=\"\" data-image-caption=\"\" data-medium-file=\"https:\/\/i0.wp.com\/blogdalucianaoliveira.com.br\/blog\/wp-content\/uploads\/2022\/05\/82171238-1D0A-4B6F-B8EA-51EA19FBEE21.jpeg?fit=300%2C169\" data-large-file=\"https:\/\/i0.wp.com\/blogdalucianaoliveira.com.br\/blog\/wp-content\/uploads\/2022\/05\/82171238-1D0A-4B6F-B8EA-51EA19FBEE21.jpeg?fit=600%2C338\" src=\"https:\/\/i0.wp.com\/blogdalucianaoliveira.com.br\/blog\/wp-content\/uploads\/2022\/05\/82171238-1D0A-4B6F-B8EA-51EA19FBEE21.jpeg?fit=600%2C338\" alt=\"\" class=\"wp-image-33653\" srcset=\"https:\/\/i0.wp.com\/blogdalucianaoliveira.com.br\/blog\/wp-content\/uploads\/2022\/05\/82171238-1D0A-4B6F-B8EA-51EA19FBEE21.jpeg?w=1600 1600w, https:\/\/i0.wp.com\/blogdalucianaoliveira.com.br\/blog\/wp-content\/uploads\/2022\/05\/82171238-1D0A-4B6F-B8EA-51EA19FBEE21.jpeg?resize=300%2C169 300w, https:\/\/i0.wp.com\/blogdalucianaoliveira.com.br\/blog\/wp-content\/uploads\/2022\/05\/82171238-1D0A-4B6F-B8EA-51EA19FBEE21.jpeg?resize=1024%2C576 1024w, https:\/\/i0.wp.com\/blogdalucianaoliveira.com.br\/blog\/wp-content\/uploads\/2022\/05\/82171238-1D0A-4B6F-B8EA-51EA19FBEE21.jpeg?resize=768%2C432 768w, https:\/\/i0.wp.com\/blogdalucianaoliveira.com.br\/blog\/wp-content\/uploads\/2022\/05\/82171238-1D0A-4B6F-B8EA-51EA19FBEE21.jpeg?resize=1536%2C864 1536w, https:\/\/i0.wp.com\/blogdalucianaoliveira.com.br\/blog\/wp-content\/uploads\/2022\/05\/82171238-1D0A-4B6F-B8EA-51EA19FBEE21.jpeg?resize=533%2C300 533w, https:\/\/i0.wp.com\/blogdalucianaoliveira.com.br\/blog\/wp-content\/uploads\/2022\/05\/82171238-1D0A-4B6F-B8EA-51EA19FBEE21.jpeg?w=1200 1200w\" sizes=\"auto, (max-width: 600px) 100vw, 600px\" \/><\/figure>\n\n\n\n<p><strong>Al\u00e9m de exigir transporte de qualidade, estudantes reivindicam ensino presencial imediato, fim do ensino h\u00edbrido e Restaurante Universit\u00e1rio funcionando a pre\u00e7o popular.<\/strong><\/p>\n\n\n\n<!--more-->\n\n\n\n<p>O Diret\u00f3rio Central dos Estudantes (DCE) da Universidade Federal de Rond\u00f4nia (UNIR) convocou para esta sexta-feira, 06 de maio, \u00e0s 16:30 na pra\u00e7a das Caixas D\u2019\u00e1gua um protesto contra a prefeitura de Porto Velho e contra reitoria da UNIR.<\/p>\n\n\n\n<p>Para Alexandre Victor, Coordenador do DCE\/UNIR, a manifesta\u00e7\u00e3o busca exigir uma solu\u00e7\u00e3o para o problema do transporte coletivo urbano de Porto Velho que n\u00e3o atende a demanda dos estudantes da UNIR e da popula\u00e7\u00e3o em geral.&nbsp;<em>\u201cO povo passa horas esperando \u00f4nibus nos bairros at\u00e9 o centro, e no caso dos estudantes da UNIR essa situa\u00e7\u00e3o ca\u00f3tica se estende quando temos que se deslocar at\u00e9 a BR. O povo de Porto Velho paga um valor absurdo por um transporte de p\u00e9ssima qualidade<\/em>\u201d.<\/p>\n\n\n\n<p>Segundo relatam os estudantes, esse problema \u00e9 constante, pois os \u00f4nibus al\u00e9m de demorarem, s\u00e3o em frota reduzida e isso prejudica os estudantes da UNIR com atrasos nas aulas e \u00e0 noite, os estudantes t\u00eam que abandonar as aulas pela metade, pois podem ficar sem transporte ao retornar para casa. \u201c<em>Na propaganda tudo \u00e9 bonito! Mas a realidade \u00e9 outra! Andamos em micro\u00f4nibus lotados como latas de sardinha!<\/em>\u201d, desabafa uma estudante de Psicologia.&nbsp;<\/p>\n\n\n\n<p>Os protestos tamb\u00e9m s\u00e3o direcionados \u00e0 Reitoria da UNIR exigindo imediato retorno presencial das aulas e funcionamento da Universidade.&nbsp;<em>\u201cA UNIR aprovou em Conselho Superior o retorno presencial, mas uma manobra da reitoria por meio de uma portaria quer manter o ensino h\u00edbrido&nbsp;<\/em>[aulas remotas]<em>, prejudicando ainda mais os estudantes que j\u00e1 comprovaram na pr\u00e1tica que esse tipo de aula reduz a qualidade do ensino\u201d<\/em>, denuncia uma estudante de Letras. &nbsp;\u201c<em>Reitoria e prefeitura est\u00e3o em conluio para manter o ensino h\u00edbrido e enriquecer do monop\u00f3lio do transporte coletivo<\/em>\u201d, aponta um estudante de Direito.<\/p>\n\n\n\n<p>Outra reivindica\u00e7\u00e3o refere-se ao funcionamento do Restaurante Universit\u00e1rio (RU) por meio de bandej\u00e3o com baixo custo, como \u00e9 em outras universidades p\u00fablicas do pa\u00eds, onde a maioria das refei\u00e7\u00f5es variam entre R$1,00 e R$3,00 e&nbsp;<em>\u201caqui na UNIR a reitora da UNIR, Marcele Pereira est\u00e1 querendo implantar a R$7,50 por refei\u00e7\u00e3o, o que seria o bandej\u00e3o mais caro do pa\u00eds\u201d<\/em>, apontam os coordenadores do DCE\/UNIR. Segundo informou a Pr\u00f3-Reitora de Assuntos Estudantis da UNIR, Neiva Cristina de Ara\u00fajo, n\u00e3o h\u00e1 previs\u00e3o para a abertura do restaurante que demorou mais de 10 anos para ser constru\u00eddo.<\/p>\n\n\n\n<p>Confira a Nota na \u00edntegra<\/p>\n\n\n\n<p><strong><em>REITORIA E PREFEITURA JOGAM CONTRA OS ESTUDANTES!<\/em><\/strong><\/p>\n\n\n\n<p><em>Durante esses dois longos anos de pandemia, a maior parte de n\u00f3s, estudantes, estivemos trancados em casa, aguardando as condi\u00e7\u00f5es de retornar \u00e0 universidade. N\u00f3s nos vacinamos; utilizamos m\u00e1scaras; e seguimos todas recomenda\u00e7\u00f5es cient\u00edficas para termos nossas aulas presenciais.<\/em><\/p>\n\n\n\n<p><strong><em>Mas e a reitoria e prefeitura de Porto Velho, fizeram sua parte?<\/em><\/strong><\/p>\n\n\n\n<p><em>A promessa de aumentar a frota de \u00f4nibus foi completamente ignorada! Nos tornamos sardinhas em micro-\u00f4nibus enquanto ainda h\u00e1 perigo de contamina\u00e7\u00e3o pela Covid. Al\u00e9m disso, a falta de seguran\u00e7a no transporte torna-se escancarada visto o assalto\/sequestro sofrido pelo \u00f4nibus da UNIR na noite do dia 4 de maio. A reitoria e a prefeitura sequer deram um pio sobre o assunto.<\/em><\/p>\n\n\n\n<p><em>A empresa de \u00f4nibus COM atua em conluio com a prefeitura e a reitoria e permanecem jogando a responsabilidade um sobre o outro. Enquanto isso, permanecemos espremidos em poucos hor\u00e1rios e passagens caras. Trata-se de um ataque \u00e0 nossa dignidade, principalmente dos estudantes pobres que dependem do transporte p\u00fablico.&nbsp;<\/em><\/p>\n\n\n\n<p><em>Na universidade, as aulas h\u00edbridas ainda t\u00eam persistido, prejudicando o ensino dos estudantes, que acabam dependendo apenas dos seus materiais pessoais para acessarem o conte\u00fado das aulas.&nbsp;<\/em><\/p>\n\n\n\n<p><em>Al\u00e9m disso, o restaurante universit\u00e1rio \u2013 fruto da vitoriosa greve de 2011 \u2013 fechado e sem licenciamento \u2013 completa mais de uma d\u00e9cada de enrola\u00e7\u00e3o, sem perspectiva de ser aberto sequer este ano, apesar do pr\u00e9dio j\u00e1 estar pronto.&nbsp;<\/em><\/p>\n\n\n\n<p><em>Basta irresponsabilidade com o povo! Basta de ensino h\u00edbrido! A universidade existe para ser frequentada e n\u00e3o abandonada \u00e0s moscas! A universidade \u00e9 p\u00fablica para servir ao povo e n\u00e3o aos pol\u00edticos e burocratas!<\/em><\/p>\n\n\n\n<p><em>Queremos mais bus\u00e3o, sen\u00e3o&#8230; vai ter rebeli\u00e3o!<\/em><\/p>\n\n\n\n<p><em>\u00c9 R.U. toda hora e todo dia, se n\u00e3o tiver a gente ocupa a reitoria!<\/em><\/p>\n\n\n\n<p><strong><em>Diret\u00f3rio Central dos Estudantes da UNIR.<\/em><\/strong><\/p>\n\n\n\n<figure class=\"wp-block-image size-large\"><img loading=\"lazy\" decoding=\"async\" width=\"1080\" height=\"1080\" data-attachment-id=\"33652\" data-permalink=\"http:\/\/blogdalucianaoliveira.com.br\/blog\/2022\/05\/06\/protesto-contra-caos-no-transporte-e-convocado-pelo-dce-unir\/be7da89b-c390-42dd-bdc9-7012c2224d68\/\" data-orig-file=\"https:\/\/i0.wp.com\/blogdalucianaoliveira.com.br\/blog\/wp-content\/uploads\/2022\/05\/BE7DA89B-C390-42DD-BDC9-7012C2224D68.jpeg?fit=1080%2C1080\" data-orig-size=\"1080,1080\" data-comments-opened=\"0\" data-image-meta=\"{&quot;aperture&quot;:&quot;0&quot;,&quot;credit&quot;:&quot;&quot;,&quot;camera&quot;:&quot;&quot;,&quot;caption&quot;:&quot;&quot;,&quot;created_timestamp&quot;:&quot;0&quot;,&quot;copyright&quot;:&quot;&quot;,&quot;focal_length&quot;:&quot;0&quot;,&quot;iso&quot;:&quot;0&quot;,&quot;shutter_speed&quot;:&quot;0&quot;,&quot;title&quot;:&quot;&quot;,&quot;orientation&quot;:&quot;0&quot;}\" data-image-title=\"BE7DA89B-C390-42DD-BDC9-7012C2224D68\" data-image-description=\"\" data-image-caption=\"\" data-medium-file=\"https:\/\/i0.wp.com\/blogdalucianaoliveira.com.br\/blog\/wp-content\/uploads\/2022\/05\/BE7DA89B-C390-42DD-BDC9-7012C2224D68.jpeg?fit=300%2C300\" data-large-file=\"https:\/\/i0.wp.com\/blogdalucianaoliveira.com.br\/blog\/wp-content\/uploads\/2022\/05\/BE7DA89B-C390-42DD-BDC9-7012C2224D68.jpeg?fit=600%2C600\" src=\"https:\/\/i2.wp.com\/blogdalucianaoliveira.com.br\/blog\/wp-content\/uploads\/2022\/05\/BE7DA89B-C390-42DD-BDC9-7012C2224D68.jpeg?fit=600%2C600\" alt=\"\" class=\"wp-image-33652\" srcset=\"https:\/\/i0.wp.com\/blogdalucianaoliveira.com.br\/blog\/wp-content\/uploads\/2022\/05\/BE7DA89B-C390-42DD-BDC9-7012C2224D68.jpeg?w=1080 1080w, https:\/\/i0.wp.com\/blogdalucianaoliveira.com.br\/blog\/wp-content\/uploads\/2022\/05\/BE7DA89B-C390-42DD-BDC9-7012C2224D68.jpeg?resize=300%2C300 300w, https:\/\/i0.wp.com\/blogdalucianaoliveira.com.br\/blog\/wp-content\/uploads\/2022\/05\/BE7DA89B-C390-42DD-BDC9-7012C2224D68.jpeg?resize=1024%2C1024 1024w, https:\/\/i0.wp.com\/blogdalucianaoliveira.com.br\/blog\/wp-content\/uploads\/2022\/05\/BE7DA89B-C390-42DD-BDC9-7012C2224D68.jpeg?resize=150%2C150 150w, https:\/\/i0.wp.com\/blogdalucianaoliveira.com.br\/blog\/wp-content\/uploads\/2022\/05\/BE7DA89B-C390-42DD-BDC9-7012C2224D68.jpeg?resize=768%2C768 768w\" sizes=\"auto, (max-width: 600px) 100vw, 600px\" \/><\/figure>\n","protected":false},"excerpt":{"rendered":"<p>Al\u00e9m de exigir transporte de qualidade, estudantes reivindicam ensino presencial imediato, fim do ensino h\u00edbrido e Restaurante Universit\u00e1rio funcionando a pre\u00e7o popular.<\/p>\n","protected":false},"author":1,"featured_media":0,"comment_status":"closed","ping_status":"open","sticky":false,"template":"","format":"standard","meta":{"_exactmetrics_skip_tracking":false,"_exactmetrics_sitenote_active":false,"_exactmetrics_sitenote_note":"","_exactmetrics_sitenote_category":0,"jetpack_post_was_ever_published":false,"_jetpack_newsletter_access":"","_jetpack_dont_email_post_to_subs":false,"_jetpack_newsletter_tier_id":0,"_jetpack_memberships_contains_paywalled_content":false,"_jetpack_memberships_contains_paid_content":false,"footnotes":"","jetpack_publicize_message":"","jetpack_publicize_feature_enabled":true,"jetpack_social_post_already_shared":true,"jetpack_social_options":{"image_generator_settings":{"template":"highway","enabled":false},"version":2}},"categories":[1],"tags":[244],"class_list":["post-33651","post","type-post","status-publish","format-standard","hentry","category-notas","tag-unir"],"jetpack_publicize_connections":[],"jetpack_sharing_enabled":true,"jetpack_featured_media_url":"","jetpack_shortlink":"https:\/\/wp.me\/p7wKYW-8KL","jetpack-related-posts":[],"_links":{"self":[{"href":"http:\/\/blogdalucianaoliveira.com.br\/blog\/wp-json\/wp\/v2\/posts\/33651","targetHints":{"allow":["GET"]}}],"collection":[{"href":"http:\/\/blogdalucianaoliveira.com.br\/blog\/wp-json\/wp\/v2\/posts"}],"about":[{"href":"http:\/\/blogdalucianaoliveira.com.br\/blog\/wp-json\/wp\/v2\/types\/post"}],"author":[{"embeddable":true,"href":"http:\/\/blogdalucianaoliveira.com.br\/blog\/wp-json\/wp\/v2\/users\/1"}],"replies":[{"embeddable":true,"href":"http:\/\/blogdalucianaoliveira.com.br\/blog\/wp-json\/wp\/v2\/comments?post=33651"}],"version-history":[{"count":1,"href":"http:\/\/blogdalucianaoliveira.com.br\/blog\/wp-json\/wp\/v2\/posts\/33651\/revisions"}],"predecessor-version":[{"id":33654,"href":"http:\/\/blogdalucianaoliveira.com.br\/blog\/wp-json\/wp\/v2\/posts\/33651\/revisions\/33654"}],"wp:attachment":[{"href":"http:\/\/blogdalucianaoliveira.com.br\/blog\/wp-json\/wp\/v2\/media?parent=33651"}],"wp:term":[{"taxonomy":"category","embeddable":true,"href":"http:\/\/blogdalucianaoliveira.com.br\/blog\/wp-json\/wp\/v2\/categories?post=33651"},{"taxonomy":"post_tag","embeddable":true,"href":"http:\/\/blogdalucianaoliveira.com.br\/blog\/wp-json\/wp\/v2\/tags?post=33651"}],"curies":[{"name":"wp","href":"https:\/\/api.w.org\/{rel}","templated":true}]}}