{"id":33655,"date":"2022-05-06T13:42:42","date_gmt":"2022-05-06T17:42:42","guid":{"rendered":"http:\/\/blogdalucianaoliveira.com.br\/blog\/?p=33655"},"modified":"2022-05-06T13:42:44","modified_gmt":"2022-05-06T17:42:44","slug":"alertas-de-desmatamento-na-amazonia-passam-de-1-mil-km%c2%b2-em-abril-e-batem-recorde-para-o-periodo","status":"publish","type":"post","link":"http:\/\/blogdalucianaoliveira.com.br\/blog\/2022\/05\/06\/alertas-de-desmatamento-na-amazonia-passam-de-1-mil-km%c2%b2-em-abril-e-batem-recorde-para-o-periodo\/","title":{"rendered":"Alertas de desmatamento na Amaz\u00f4nia passam de 1 mil km\u00b2 em abril e batem recorde para o per\u00edodo"},"content":{"rendered":"\n<figure class=\"wp-block-image size-large\"><img data-recalc-dims=\"1\" loading=\"lazy\" decoding=\"async\" width=\"600\" height=\"360\" data-attachment-id=\"33656\" data-permalink=\"http:\/\/blogdalucianaoliveira.com.br\/blog\/2022\/05\/06\/alertas-de-desmatamento-na-amazonia-passam-de-1-mil-km%c2%b2-em-abril-e-batem-recorde-para-o-periodo\/085e8c30-0211-4417-9059-3a342a2fd1e0\/\" data-orig-file=\"https:\/\/i0.wp.com\/blogdalucianaoliveira.com.br\/blog\/wp-content\/uploads\/2022\/05\/085E8C30-0211-4417-9059-3A342A2FD1E0.jpeg?fit=715%2C429\" data-orig-size=\"715,429\" data-comments-opened=\"0\" data-image-meta=\"{&quot;aperture&quot;:&quot;0&quot;,&quot;credit&quot;:&quot;&quot;,&quot;camera&quot;:&quot;&quot;,&quot;caption&quot;:&quot;&quot;,&quot;created_timestamp&quot;:&quot;0&quot;,&quot;copyright&quot;:&quot;&quot;,&quot;focal_length&quot;:&quot;0&quot;,&quot;iso&quot;:&quot;0&quot;,&quot;shutter_speed&quot;:&quot;0&quot;,&quot;title&quot;:&quot;&quot;,&quot;orientation&quot;:&quot;0&quot;}\" data-image-title=\"085E8C30-0211-4417-9059-3A342A2FD1E0\" data-image-description=\"\" data-image-caption=\"\" data-medium-file=\"https:\/\/i0.wp.com\/blogdalucianaoliveira.com.br\/blog\/wp-content\/uploads\/2022\/05\/085E8C30-0211-4417-9059-3A342A2FD1E0.jpeg?fit=300%2C180\" data-large-file=\"https:\/\/i0.wp.com\/blogdalucianaoliveira.com.br\/blog\/wp-content\/uploads\/2022\/05\/085E8C30-0211-4417-9059-3A342A2FD1E0.jpeg?fit=600%2C360\" src=\"https:\/\/i0.wp.com\/blogdalucianaoliveira.com.br\/blog\/wp-content\/uploads\/2022\/05\/085E8C30-0211-4417-9059-3A342A2FD1E0.jpeg?resize=600%2C360\" alt=\"\" class=\"wp-image-33656\" srcset=\"https:\/\/i0.wp.com\/blogdalucianaoliveira.com.br\/blog\/wp-content\/uploads\/2022\/05\/085E8C30-0211-4417-9059-3A342A2FD1E0.jpeg?w=715 715w, https:\/\/i0.wp.com\/blogdalucianaoliveira.com.br\/blog\/wp-content\/uploads\/2022\/05\/085E8C30-0211-4417-9059-3A342A2FD1E0.jpeg?resize=300%2C180 300w, https:\/\/i0.wp.com\/blogdalucianaoliveira.com.br\/blog\/wp-content\/uploads\/2022\/05\/085E8C30-0211-4417-9059-3A342A2FD1E0.jpeg?resize=500%2C300 500w\" sizes=\"auto, (max-width: 600px) 100vw, 600px\" \/><\/figure>\n\n\n\n<h4 class=\"wp-block-heading\">Ambientalistas explicam que esta \u00e9 a 1\u00aa vez nas medi\u00e7\u00f5es oficiais em que os alertas passam de 1 mil km\u00b2 em abril, \u00faltimo m\u00eas do \u201cinverno\u201d amaz\u00f4nico, quando ritmo das motosserras \u00e9 historicamente inferior.<\/h4>\n\n\n\n<!--more-->\n\n\n\n<p>Por Ardilhes Moreira, g1<\/p>\n\n\n\n<p>Os alertas de desmatamento na&nbsp;<a href=\"https:\/\/g1.globo.com\/meio-ambiente\/amazonia\/\">Amaz\u00f4nia<\/a>&nbsp;passaram de 1 mil km\u00b2 em abril e bateram recorde para o per\u00edodo, de acordo com os dados do sistema de alertas do&nbsp;<a href=\"https:\/\/g1.globo.com\/tudo-sobre\/inpe\/\">Instituto Nacional de Pesquisas Espaciais (Inpe)<\/a>, o Deter, divulgados nesta sexta-feira (6).&nbsp;<\/p>\n\n\n\n<ul class=\"wp-block-list\"><li><a href=\"https:\/\/g1.globo.com\/meio-ambiente\/noticia\/2022\/05\/03\/97percent-dos-alertas-de-desmatamento-no-brasil-emitidos-desde-2019-nao-foram-fiscalizados-aponta-levantamento.ghtml\">97% dos alertas de desmatamento no Brasil emitidos desde 2019 n\u00e3o foram fiscalizados, aponta levantamento<\/a><\/li><li><a href=\"https:\/\/g1.globo.com\/meio-ambiente\/noticia\/2021\/11\/19\/maior-taxa-de-desmatamento-na-amazonia-em-15-anos-coincide-com-menor-numero-de-autuacoes-do-ibama-entenda.ghtml\">Maior taxa de desmatamento na Amaz\u00f4nia em 15 anos coincide com menor n\u00famero de autua\u00e7\u00f5es do Ibama<\/a><\/li><\/ul>\n\n\n\n<p><strong>Alertas de desmatamento em abril, s\u00e9rie hist\u00f3rica:<\/strong><\/p>\n\n\n\n<ul class=\"wp-block-list\"><li>2016: 440 km\u00b2<\/li><li>2017: 127 km\u00b2<\/li><li>2018: 490 km\u00b2<\/li><li>2019: 247 km\u00b2<\/li><li>2020: 407 km\u00b2<\/li><li>2021: 580 km\u00b2<\/li><li>2022: 1.012 km\u00b2<\/li><\/ul>\n\n\n\n<p>&#8220;Esta \u00e9 a primeira vez na hist\u00f3ria do sistema Deter-B, do Inpe, que os alertas mensais de desmatamento ultrapassam 1 mil km\u00b2 no m\u00eas de abril&#8221;, alerta o Observat\u00f3rio do Clima, rede de organiza\u00e7\u00f5es e entidades especializada no monitoramento de temas do meio ambiente no Brasil.&nbsp;<\/p>\n\n\n\n<figure><iframe src=\"https:\/\/datawrapper.dwcdn.net\/yM2ac\/1\/\"><\/iframe><\/figure>\n\n\n\n<p>Segundo o Observat\u00f3rio, o cen\u00e1rio \u00e9 grave porque abril ainda \u00e9 um m\u00eas de chuvas na Amaz\u00f4nia \u2014 o \u00faltimo do chamado &#8220;inverno&#8221; amaz\u00f4nico, quando o ritmo das motosserras naturalmente arrefece.&nbsp;<\/p>\n\n\n\n<p>&#8220;Antes do governo Bolsonaro, era raro um dado mensal de alertas ultrapassar 1.000 km\u00b2 at\u00e9 mesmo na esta\u00e7\u00e3o seca&#8221;, complementa o Observat\u00f3rio do Clima.&nbsp;<\/p>\n\n\n\n<p>Em mar\u00e7o, o<a href=\"https:\/\/g1.globo.com\/meio-ambiente\/amazonia\/noticia\/2022\/03\/19\/brasil-tem-recordes-de-desmatamento-em-janeiro-e-fevereiro-entenda-tendencia-2022.ghtml\">&nbsp;g1 j\u00e1 havia apontado que a alta dos alertas no per\u00edodo do chuva \u00e9 preocupante&nbsp;<\/a>e, segundo especialistas, sinaliza que s\u00e3o grandes as chances de o acumulado no per\u00edodo 2021\/2022 levar a Amaz\u00f4nia a superar os&nbsp;<a href=\"https:\/\/g1.globo.com\/meio-ambiente\/amazonia\/noticia\/2022\/02\/17\/amazonia-pode-ter-15-mil-km-de-area-desmatada-ate-julho-aponta-plataforma.ghtml\">15 mil km\u00b2 de destrui\u00e7\u00e3o at\u00e9 julho<\/a>.&nbsp;<\/p>\n\n\n\n<blockquote class=\"wp-block-quote is-layout-flow wp-block-quote-is-layout-flow\"><p>O atual cen\u00e1rio de devasta\u00e7\u00e3o vai na contram\u00e3o das metas e compromissos assumidos pelo Brasil durante a Confer\u00eancia das Na\u00e7\u00f5es Unidas sobre as Mudan\u00e7as Clim\u00e1ticas (COP26), entre eles,&nbsp;<a href=\"https:\/\/g1.globo.com\/natureza\/cop-26\/2021\/noticia\/2021\/11\/01\/cop26-brasil-ignora-recordes-de-devastacao-e-promete-acabar-com-desmatamento-ilegal-em-2028.ghtml\">acabar com o desmatamento ilegal antes de 2030<\/a>.<\/p><\/blockquote>\n\n\n\n<ul class=\"wp-block-list\"><li><a href=\"https:\/\/g1.globo.com\/meio-ambiente\/noticia\/2022\/04\/07\/brasil-atualiza-metas-de-reducao-de-emissoes-na-onu-mas-especialistas-apontam-retrocesso-e-falta-de-metas-ja-anunciadas.ghtml\">Brasil atualiza metas de redu\u00e7\u00e3o de emiss\u00f5es na ONU, mas especialistas apontam retrocesso e falta de metas j\u00e1 anunciadas<\/a><\/li><\/ul>\n\n\n\n<h2 class=\"wp-block-heading\">Localidades sob maior impacto em abril<\/h2>\n\n\n\n<p>Os cinco estados com maior \u00e1rea sob alertas de desmatamento em abril foram:&nbsp;<\/p>\n\n\n\n<ul class=\"wp-block-list\"><li><strong>Amazonas<\/strong>&nbsp;&#8211; 346.89 km\u00b2<\/li><li><strong>Par\u00e1&nbsp;<\/strong>&#8211; 241.92 km\u00b2<\/li><li><strong>Mato Grosso<\/strong>&nbsp;&#8211; 286.68 km\u00b2<\/li><li><strong>Rond\u00f4nia<\/strong>&nbsp;&#8211; 107.86 km\u00b2<\/li><\/ul>\n\n\n\n<p>Os munic\u00edpios com maior \u00e1rea sob alerta de desmatamento foram:<\/p>\n\n\n\n<ol class=\"wp-block-list\"><li><strong>L\u00e1brea\/AM<\/strong>: 107.05 km\u00b2<\/li><li><strong>Altamira\/PA<\/strong>: 94.02 km\u00b2<\/li><li><strong>Apu\u00ed\/AM<\/strong>: 86.62 km\u00b2<\/li><li><strong>Colniza\/MT<\/strong>: 74.58 km\u00b2<\/li><li><strong>Novo Progresso\/PA<\/strong>: 67.07 km\u00b2<\/li><li><strong>Itaituba\/PA<\/strong>: 42.02 km\u00b2<\/li><li><strong>Porto Velho\/RO<\/strong>: 41.55 km\u00b2<\/li><li><strong>Manicore\/AM<\/strong>: 39.47 km\u00b2<\/li><li><strong>Humait\u00e1\/AM<\/strong>: 32.53 km\u00b2<\/li><li><strong>S\u00e3o Felix do Xingu\/PA<\/strong>: 30.71 km\u00b2<\/li><\/ol>\n\n\n\n<h2 class=\"wp-block-heading\"><strong>Temporada de desmatamento mais intensa<\/strong><\/h2>\n\n\n\n<p>O Observat\u00f3rio do Clima analisa os dados do Deter\/Inpe e aponta que, no acumulado do ano\/per\u00edodo, os alertas j\u00e1 chegam a 5.070 km\u00b2, 5% a mais do que na temporada passada e segundo maior n\u00famero da s\u00e9rie hist\u00f3rica \u2014 perdendo apenas para o recorde de 5.680 km2 batido pelo pr\u00f3prio governo Bolsonaro em 2020.&nbsp;<\/p>\n\n\n\n<blockquote class=\"wp-block-quote is-layout-flow wp-block-quote-is-layout-flow\"><p>Desde agosto passado, os alertas v\u00eam batendo recordes: em outubro, janeiro, fevereiro e agora em abril, aponta o Observat\u00f3rio do Clima.<\/p><\/blockquote>\n\n\n\n<p>\u201cAs causas desse recorde t\u00eam nome e sobrenome: Jair Messias Bolsonaro. O ecocida-em-chefe do Brasil triunfou em transformar a Amaz\u00f4nia num territ\u00f3rio sem lei, e o desmatamento ser\u00e1 o que os grileiros quiserem que seja. O pr\u00f3ximo presidente ter\u00e1 uma dificuldade extrema de reverter esse quadro, porque o crime nunca esteve t\u00e3o \u00e0 vontade na regi\u00e3o como agora\u201d, disse Marcio Astrini, secret\u00e1rio-executivo do Observat\u00f3rio do Clima.<\/p>\n","protected":false},"excerpt":{"rendered":"<p>Ambientalistas explicam que esta \u00e9 a 1\u00aa vez nas medi\u00e7\u00f5es oficiais em que os alertas passam de 1 mil km\u00b2 em abril, \u00faltimo m\u00eas do \u201cinverno\u201d amaz\u00f4nico, quando ritmo das motosserras \u00e9 historicamente inferior.<\/p>\n","protected":false},"author":1,"featured_media":0,"comment_status":"closed","ping_status":"open","sticky":false,"template":"","format":"standard","meta":{"_exactmetrics_skip_tracking":false,"_exactmetrics_sitenote_active":false,"_exactmetrics_sitenote_note":"","_exactmetrics_sitenote_category":0,"jetpack_post_was_ever_published":false,"_jetpack_newsletter_access":"","_jetpack_dont_email_post_to_subs":false,"_jetpack_newsletter_tier_id":0,"_jetpack_memberships_contains_paywalled_content":false,"_jetpack_memberships_contains_paid_content":false,"footnotes":"","jetpack_publicize_message":"","jetpack_publicize_feature_enabled":true,"jetpack_social_post_already_shared":true,"jetpack_social_options":{"image_generator_settings":{"template":"highway","enabled":false},"version":2}},"categories":[1],"tags":[],"class_list":["post-33655","post","type-post","status-publish","format-standard","hentry","category-notas"],"jetpack_publicize_connections":[],"jetpack_sharing_enabled":true,"jetpack_featured_media_url":"","jetpack_shortlink":"https:\/\/wp.me\/p7wKYW-8KP","jetpack-related-posts":[],"_links":{"self":[{"href":"http:\/\/blogdalucianaoliveira.com.br\/blog\/wp-json\/wp\/v2\/posts\/33655","targetHints":{"allow":["GET"]}}],"collection":[{"href":"http:\/\/blogdalucianaoliveira.com.br\/blog\/wp-json\/wp\/v2\/posts"}],"about":[{"href":"http:\/\/blogdalucianaoliveira.com.br\/blog\/wp-json\/wp\/v2\/types\/post"}],"author":[{"embeddable":true,"href":"http:\/\/blogdalucianaoliveira.com.br\/blog\/wp-json\/wp\/v2\/users\/1"}],"replies":[{"embeddable":true,"href":"http:\/\/blogdalucianaoliveira.com.br\/blog\/wp-json\/wp\/v2\/comments?post=33655"}],"version-history":[{"count":1,"href":"http:\/\/blogdalucianaoliveira.com.br\/blog\/wp-json\/wp\/v2\/posts\/33655\/revisions"}],"predecessor-version":[{"id":33657,"href":"http:\/\/blogdalucianaoliveira.com.br\/blog\/wp-json\/wp\/v2\/posts\/33655\/revisions\/33657"}],"wp:attachment":[{"href":"http:\/\/blogdalucianaoliveira.com.br\/blog\/wp-json\/wp\/v2\/media?parent=33655"}],"wp:term":[{"taxonomy":"category","embeddable":true,"href":"http:\/\/blogdalucianaoliveira.com.br\/blog\/wp-json\/wp\/v2\/categories?post=33655"},{"taxonomy":"post_tag","embeddable":true,"href":"http:\/\/blogdalucianaoliveira.com.br\/blog\/wp-json\/wp\/v2\/tags?post=33655"}],"curies":[{"name":"wp","href":"https:\/\/api.w.org\/{rel}","templated":true}]}}