{"id":3366,"date":"2016-08-23T11:04:35","date_gmt":"2016-08-23T15:04:35","guid":{"rendered":"http:\/\/blogdalucianaoliveira.com.br\/blog\/?p=3366"},"modified":"2016-08-23T11:04:35","modified_gmt":"2016-08-23T15:04:35","slug":"serra-serra-serrador-serra-o-aumento-do-servidor","status":"publish","type":"post","link":"http:\/\/blogdalucianaoliveira.com.br\/blog\/2016\/08\/23\/serra-serra-serrador-serra-o-aumento-do-servidor\/","title":{"rendered":"Serra, Serra, serrador&#8230; Serra o aumento do servidor"},"content":{"rendered":"<p><img data-recalc-dims=\"1\" loading=\"lazy\" decoding=\"async\" data-attachment-id=\"3367\" data-permalink=\"http:\/\/blogdalucianaoliveira.com.br\/blog\/2016\/08\/23\/serra-serra-serrador-serra-o-aumento-do-servidor\/itamaraty19\/\" data-orig-file=\"https:\/\/i0.wp.com\/blogdalucianaoliveira.com.br\/blog\/wp-content\/uploads\/2016\/08\/itamaraty19.jpg?fit=700%2C467\" data-orig-size=\"700,467\" data-comments-opened=\"0\" data-image-meta=\"{&quot;aperture&quot;:&quot;0&quot;,&quot;credit&quot;:&quot;&quot;,&quot;camera&quot;:&quot;&quot;,&quot;caption&quot;:&quot;&quot;,&quot;created_timestamp&quot;:&quot;0&quot;,&quot;copyright&quot;:&quot;&quot;,&quot;focal_length&quot;:&quot;0&quot;,&quot;iso&quot;:&quot;0&quot;,&quot;shutter_speed&quot;:&quot;0&quot;,&quot;title&quot;:&quot;&quot;,&quot;orientation&quot;:&quot;0&quot;}\" data-image-title=\"itamaraty19\" data-image-description=\"\" data-image-caption=\"\" data-medium-file=\"https:\/\/i0.wp.com\/blogdalucianaoliveira.com.br\/blog\/wp-content\/uploads\/2016\/08\/itamaraty19.jpg?fit=300%2C200\" data-large-file=\"https:\/\/i0.wp.com\/blogdalucianaoliveira.com.br\/blog\/wp-content\/uploads\/2016\/08\/itamaraty19.jpg?fit=600%2C400\" src=\"https:\/\/i0.wp.com\/blogdalucianaoliveira.com.br\/blog\/wp-content\/uploads\/2016\/08\/itamaraty19.jpg?resize=600%2C400\" alt=\"itamaraty19\" width=\"600\" height=\"400\" class=\"alignnone size-full wp-image-3367\" srcset=\"https:\/\/i0.wp.com\/blogdalucianaoliveira.com.br\/blog\/wp-content\/uploads\/2016\/08\/itamaraty19.jpg?w=700 700w, https:\/\/i0.wp.com\/blogdalucianaoliveira.com.br\/blog\/wp-content\/uploads\/2016\/08\/itamaraty19.jpg?resize=300%2C200 300w, https:\/\/i0.wp.com\/blogdalucianaoliveira.com.br\/blog\/wp-content\/uploads\/2016\/08\/itamaraty19.jpg?resize=450%2C300 450w\" sizes=\"auto, (max-width: 600px) 100vw, 600px\" \/><\/p>\n<p>Pela primeira vez na hist\u00f3ria servidores do Itamaraty entram em greve<\/p>\n<p>Com ades\u00e3o de trabalhadores no Brasil e no exterior, servidores do Itamaraty entram em greve<!--more--><\/p>\n<p>no Opera Mundi<\/p>\n<p>Servidores do Minist\u00e9rio das Rela\u00e7\u00f5es Exteriores entraram em greve por tempo indeterminado ao meio-dia desta segunda-feira (22\/08) reivindicando equipara\u00e7\u00e3o salarial dos integrantes do SEB (Servi\u00e7o Exterior Brasileiro) \u00e0s demais carreiras t\u00edpicas de Estado do Poder Executivo.<\/p>\n<p>A categoria quer receber o mesmo valor designado a profissionais de \u00e1reas como Receita Federal, Abin (Ag\u00eancia Brasileira de Intelig\u00eancia) e Planejamento. At\u00e9 o momento, por\u00e9m, o governo ofereceu apenas reajustes salariais que s\u00e3o rejeitados pelos servidores.<\/p>\n<p>As negocia\u00e7\u00f5es para a recomposi\u00e7\u00e3o salarial com o Minist\u00e9rio do Planejamento se iniciaram em mar\u00e7o de 2015. A pasta ofereceu, em diversas ocasi\u00f5es, a proposta de reajuste de 27,9%, que seria dividida em tr\u00eas anos e passaria valer a partir de janeiro de 2017. Todas as vezes, por\u00e9m, o sindicato recha\u00e7ou a proposta, sob alega\u00e7\u00e3o de que o percentual n\u00e3o cobre a defasagem acumulada desde 2008.<\/p>\n<p>&#8220;A gente recebe os menores subs\u00eddios, os menores sal\u00e1rios, s\u00f3 o reajuste n\u00e3o iria resolver\u201d, disse a presidente do Sinditamaraty (Sindicato Nacional dos Servidores do Minist\u00e9rio das Rela\u00e7\u00f5es Exteriores), Suellen Paz, a Opera Mundi.<\/p>\n<p>Um estudo do sindicato sobre a remunera\u00e7\u00e3o recebida pelos integrantes do Servi\u00e7o Exterior Brasileiro e pelos servidores de outras carreiras t\u00edpicas indicou uma defasagem m\u00e9dia de 28,48% para o cargo de assistente de chancelaria; 31,88%, para o posto de oficial de chancelaria e 7,11% para diplomatas.<\/p>\n<p>O Sinditamaraty reivindica subs\u00eddio inicial de R$ 7.284,89 e final de R$ 12.517,16 para assistentes de chancelaria; subs\u00eddio inicial de R$ 21.644,81 e final de R$ 28.890,13 para diplomatas; e subs\u00eddio inicial de R$ 14.380,72 e final de R$ 20.713,63 para oficiais de chancelaria.<\/p>\n<p>O movimento tem ades\u00e3o de trabalhadores no pa\u00eds e em postos do exterior. At\u00e9 o momento n\u00e3o h\u00e1 informa\u00e7\u00f5es sobre o n\u00famero de representa\u00e7\u00f5es diplom\u00e1ticas que aderiram \u00e0 greve.<\/p>\n<p>Segundo o sindicato, 30% dos servidores continuar\u00e3o em atividade, como determina a legisla\u00e7\u00e3o brasileira.<\/p>\n<p>Al\u00e9m dos servi\u00e7os administrativos, ser\u00e3o afetadas atividades de legaliza\u00e7\u00e3o de documentos, assist\u00eancia consular, emiss\u00e3o de passaportes, vistos, atos notariais e registro civil nos postos no exterior.<\/p>\n<p>Falta de di\u00e1logo<\/p>\n<p>Paz reclama de falta de di\u00e1logo por parte da c\u00fapula do Itamaraty. Ela diz que a categoria tenta uma reuni\u00e3o com o novo chanceler, Jos\u00e9 Serra, desde sua posse em maio \u2013 quando foi nomeado pelo vice-presidente em exerc\u00edcio da Presid\u00eancia, Michel Temer \u2013  mas n\u00e3o houve retorno por parte do novo ministro.<\/p>\n<p>A gest\u00e3o anterior de Mauro Vieira, no governo da presidente afastada Dilma Rousseff, chegou a designar uma comiss\u00e3o para tratar das reivindica\u00e7\u00f5es com a categoria, mas, segundo a presidente do Sinditamaraty, &#8220;tamb\u00e9m faltou muito empenho pol\u00edtico\u201d.<\/p>\n<p>A comiss\u00e3o segue ativa na gest\u00e3o de Jos\u00e9 Serra \u00e0 frente do Itamaraty, mas, segundo Paz, o grupo \u201ctem um alcance bem restrito porque n\u00e3o tem poder de decis\u00e3o nenhum\u201d. &#8220;Na pr\u00e1tica, n\u00e3o tivemos retorno sobre o que pedimos at\u00e9 hoje\u201d, afirma.<\/p>\n<p>Em 23 de junho, os servidores realizaram um dia de paralisa\u00e7\u00e3o para pressionar o Itamaraty sobre a pauta de reivindica\u00e7\u00f5es da categoria, que tamb\u00e9m n\u00e3o resultou em abertura de di\u00e1logo.<\/p>\n<p>Opera Mundi procurou a assessoria do imprensa do Itamaraty e aguarda retorno.<\/p>\n","protected":false},"excerpt":{"rendered":"<p>Pela primeira vez na hist\u00f3ria servidores do Itamaraty entram em greve Com ades\u00e3o de trabalhadores no Brasil e no exterior, servidores do Itamaraty entram em greve<\/p>\n","protected":false},"author":1,"featured_media":0,"comment_status":"closed","ping_status":"open","sticky":false,"template":"","format":"standard","meta":{"_exactmetrics_skip_tracking":false,"_exactmetrics_sitenote_active":false,"_exactmetrics_sitenote_note":"","_exactmetrics_sitenote_category":0,"jetpack_post_was_ever_published":false,"_jetpack_newsletter_access":"","_jetpack_dont_email_post_to_subs":false,"_jetpack_newsletter_tier_id":0,"_jetpack_memberships_contains_paywalled_content":false,"_jetpack_memberships_contains_paid_content":false,"footnotes":"","jetpack_publicize_message":"","jetpack_publicize_feature_enabled":true,"jetpack_social_post_already_shared":true,"jetpack_social_options":{"image_generator_settings":{"template":"highway","enabled":false},"version":2}},"categories":[1],"tags":[],"class_list":["post-3366","post","type-post","status-publish","format-standard","hentry","category-notas"],"jetpack_publicize_connections":[],"jetpack_sharing_enabled":true,"jetpack_featured_media_url":"","jetpack_shortlink":"https:\/\/wp.me\/p7wKYW-Si","jetpack-related-posts":[],"_links":{"self":[{"href":"http:\/\/blogdalucianaoliveira.com.br\/blog\/wp-json\/wp\/v2\/posts\/3366","targetHints":{"allow":["GET"]}}],"collection":[{"href":"http:\/\/blogdalucianaoliveira.com.br\/blog\/wp-json\/wp\/v2\/posts"}],"about":[{"href":"http:\/\/blogdalucianaoliveira.com.br\/blog\/wp-json\/wp\/v2\/types\/post"}],"author":[{"embeddable":true,"href":"http:\/\/blogdalucianaoliveira.com.br\/blog\/wp-json\/wp\/v2\/users\/1"}],"replies":[{"embeddable":true,"href":"http:\/\/blogdalucianaoliveira.com.br\/blog\/wp-json\/wp\/v2\/comments?post=3366"}],"version-history":[{"count":1,"href":"http:\/\/blogdalucianaoliveira.com.br\/blog\/wp-json\/wp\/v2\/posts\/3366\/revisions"}],"predecessor-version":[{"id":3368,"href":"http:\/\/blogdalucianaoliveira.com.br\/blog\/wp-json\/wp\/v2\/posts\/3366\/revisions\/3368"}],"wp:attachment":[{"href":"http:\/\/blogdalucianaoliveira.com.br\/blog\/wp-json\/wp\/v2\/media?parent=3366"}],"wp:term":[{"taxonomy":"category","embeddable":true,"href":"http:\/\/blogdalucianaoliveira.com.br\/blog\/wp-json\/wp\/v2\/categories?post=3366"},{"taxonomy":"post_tag","embeddable":true,"href":"http:\/\/blogdalucianaoliveira.com.br\/blog\/wp-json\/wp\/v2\/tags?post=3366"}],"curies":[{"name":"wp","href":"https:\/\/api.w.org\/{rel}","templated":true}]}}