{"id":33673,"date":"2022-05-11T10:50:26","date_gmt":"2022-05-11T14:50:26","guid":{"rendered":"http:\/\/blogdalucianaoliveira.com.br\/blog\/?p=33673"},"modified":"2022-05-11T10:54:19","modified_gmt":"2022-05-11T14:54:19","slug":"anvisa-suspende-testes-de-agrotoxicos-nos-alimentos-ha-mais-de-dois-anos","status":"publish","type":"post","link":"http:\/\/blogdalucianaoliveira.com.br\/blog\/2022\/05\/11\/anvisa-suspende-testes-de-agrotoxicos-nos-alimentos-ha-mais-de-dois-anos\/","title":{"rendered":"Anvisa suspende testes de agrot\u00f3xicos nos alimentos h\u00e1 mais de dois anos"},"content":{"rendered":"\n<figure class=\"wp-block-image\"><img data-recalc-dims=\"1\" decoding=\"async\" src=\"https:\/\/i0.wp.com\/apublica.org\/wp-content\/uploads\/2022\/05\/foto2-anvisa-suspende-testes-de-agrotoxicos-nos-alimentos-ha-mais-de-dois-anos.jpg?w=600&#038;ssl=1\" alt=\"Vendedores na Feira da Ceil\u00e2ndia manuseiam tomates\"\/><\/figure>\n\n\n\n<p><strong>A P\u00fablica <\/strong>&#8211; Desde o in\u00edcio do governo de Jair Bolsonaro, s\u00f3 houve divulga\u00e7\u00e3o de alimentos coletados at\u00e9 2018; programa monitora pesticidas em produtos vendidos em supermercados e feiras.<\/p>\n\n\n\n<!--more-->\n\n\n\n<p>Desde 2020, os brasileiros n\u00e3o sabem quanto de res\u00edduos de agrot\u00f3xicos h\u00e1 em ma\u00e7\u00e3s, laranjas, tomates, piment\u00f5es e outros alimentos que s\u00e3o vendidos em feiras e supermercados pelo pa\u00eds. Isso porque o principal programa de monitoramento do Governo Federal n\u00e3o divulgou o resultado de coletas feitas desde o in\u00edcio do governo de Jair Bolsonaro (PL). A \u00faltima publica\u00e7\u00e3o foi justamente em 2019, a partir de amostras coletadas em 2017 e 2018.<\/p>\n\n\n\n<p>Criado em 2001, o Programa de An\u00e1lise de Res\u00edduos de Agrot\u00f3xicos em Alimentos (PARA) teve sete relat\u00f3rios publicados. \u201cNa medida em que o pr\u00f3prio governo avalia e autoriza agrot\u00f3xicos, que s\u00e3o subst\u00e2ncias que comportam perigo \u00e0 sa\u00fade humana, o monitoramento se torna obrigat\u00f3rio. [O programa] \u00e9 o que permite saber o que est\u00e1 acontecendo depois que libera determinado agrot\u00f3xico, o que est\u00e1 sendo contaminado e em qual propor\u00e7\u00e3o\u201d, afirma Luiz Cl\u00e1udio Meirelles, pesquisador da Escola Nacional de Sa\u00fade P\u00fablica da Fiocruz que tamb\u00e9m foi um dos fundadores do PARA quando era gerente de toxicologia na Anvisa.&nbsp;&nbsp;<\/p>\n\n\n\n<p>Em agosto de 2020, a Anvisa informou que as coletas seriam suspensas temporariamente devido \u00e0 pandemia de Covid-19. N\u00e3o foram divulgados os resultados das coletas feitas no ciclo do segundo semestre de 2018 e 2019, e desde 2020 n\u00e3o houve novas coletas para avaliar as frutas e verduras consumidas pela popula\u00e7\u00e3o. Por meio da assessoria de imprensa, o \u00f3rg\u00e3o respondeu que o relat\u00f3rio com os dados de 2018 e 2019 est\u00e1 previsto para ser divulgado no segundo semestre deste ano. Em rela\u00e7\u00e3o \u00e0s novas coletas, a assessoria respondeu que \u201cest\u00e3o dando andamento \u00e0s atividades preparat\u00f3rias para execu\u00e7\u00e3o das coletas e an\u00e1lises de amostras a partir do segundo semestre de 2022\u201d.<\/p>\n\n\n\n<p>O resultado da \u00faltima edi\u00e7\u00e3o foi avaliado pela Ag\u00eancia P\u00fablica e Rep\u00f3rter Brasil e constatou que laranja, piment\u00e3o e goiaba foram os principais alimentos com agrot\u00f3xicos acima do limite. A cada dez piment\u00f5es, oito tinham agrot\u00f3xicos proibidos ou acima do permitido, j\u00e1 42% das amostras de goiabas, 39% das cenouras e 35% dos tomates testados estavam em desconformidade. Foram 14 frutas e legumes analisados na \u00faltima edi\u00e7\u00e3o do Programa e as amostras foram recolhidas entre agosto de 2017 e junho de 2018 \u2013 ou seja, antes do in\u00edcio do governo de Jair Bolsonaro, que lidera o recorde hist\u00f3rico de libera\u00e7\u00e3o de agrot\u00f3xicos.<\/p>\n\n\n\n<figure class=\"wp-block-image\"><img data-recalc-dims=\"1\" height=\"627\" width=\"600\" decoding=\"async\" src=\"https:\/\/i0.wp.com\/apublica.org\/wp-content\/uploads\/2022\/05\/1-infografico-anvisa-suspende-testes-de-agrotoxicos-nos-alimentos-ha-mais-de-dois-anos-1149x1200.png?resize=600%2C627&#038;ssl=1\" alt=\"\"\/><\/figure>\n\n\n\n<figure class=\"wp-block-image\"><img data-recalc-dims=\"1\" height=\"764\" width=\"600\" decoding=\"async\" src=\"https:\/\/i0.wp.com\/apublica.org\/wp-content\/uploads\/2022\/05\/2-infografico-anvisa-suspende-testes-de-agrotoxicos-nos-alimentos-ha-mais-de-dois-anos-942x1200.png?resize=600%2C764&#038;ssl=1\" alt=\"\"\/><\/figure>\n\n\n\n<p>Alimentos com agrot\u00f3xicos proibidos ou acima do limite no relat\u00f3rio divulgado em 2019<\/p>\n\n\n\n<p><br>Nos \u00faltimos anos, o Brasil teve uma m\u00e9dia anual de aprova\u00e7\u00e3o de 500 novos produtos, como mostra relat\u00f3rio da organiza\u00e7\u00e3o Amigos da Terra, de autoria das pesquisadoras Larissa Mies Bombardi e\u00a0Audrey Changoe. \u201cAo mesmo tempo em que o governo pede que a Anvisa acelere o registro de novos agrot\u00f3xicos, n\u00e3o mant\u00e9m programas como o PARA\u201d, avalia Fran Paula, integrante da Articula\u00e7\u00e3o Nacional de Agroecologia (ANA) e engenheira agr\u00f4noma. Segundo ela, a fun\u00e7\u00e3o da Ag\u00eancia de garantir a sa\u00fade da popula\u00e7\u00e3o brasileira estaria sendo deturpada para atuar a servi\u00e7o de ind\u00fastrias qu\u00edmicas. \u201cO Programa \u00e9 um exemplo desse ataque e tentativa de mudar o foco de atua\u00e7\u00e3o da pr\u00f3pria Ag\u00eancia\u201d, afirma.<\/p>\n\n\n\n<figure class=\"wp-block-image\"><img data-recalc-dims=\"1\" decoding=\"async\" src=\"https:\/\/i0.wp.com\/apublica.org\/wp-content\/uploads\/2020\/10\/laranja-pimentao-e-goiaba-alimentos-campeoes-de-agrotoxicos-acima-do-limite-atualizado-info1.png?w=600&#038;ssl=1\" alt=\"\"\/><\/figure>\n\n\n\n<p>Bruno Fonseca\/Ag\u00eancia P\u00fablica<br><\/p>\n\n\n\n<p> A atua\u00e7\u00e3o da Anvisa em rela\u00e7\u00e3o aos agrot\u00f3xicos est\u00e1 na mira do PL 6.299, apelidado \u201cPacote do Veneno\u201d. O projeto que tramita no Senado prev\u00ea concentrar no Minist\u00e9rio da Agricultura e Pecu\u00e1ria (Mapa) a responsabilidade pela aprova\u00e7\u00e3o de novos produtos, retirando o poder da Anvisa e do Ibama. Atualmente, para que um novo agrot\u00f3xico possa ser registrado no pa\u00eds, precisa ser aprovado pelos tr\u00eas \u00f3rg\u00e3os. Luiz Cl\u00e1udio Meirelles analisa que a aprova\u00e7\u00e3o do PL 6.299 significaria o fim do Programa de An\u00e1lise de Res\u00edduos de Agrot\u00f3xicos em Alimentos\u00a0da Anvisa. \u201cSe tirar a compet\u00eancia da Sa\u00fade [para registro de agrot\u00f3xicos], dificilmente a Ag\u00eancia vai ficar priorizando o Programa\u201d, diz. Meirelles avalia que houve piora na \u00e1rea que trata de quest\u00f5es vinculadas aos agrot\u00f3xicos.\u00a0<\/p>\n\n\n\n<p>Pixabay<br>\nAus\u00eancia de monitoramento impede brasileiros de saberem quanto de res\u00edduos de agrot\u00f3xicos h\u00e1 em alimentos<br>\nBrasil n\u00e3o tem outros programas regulares de impactos de agrot\u00f3xicos, critica pesquisador<br>\nO primeiro relat\u00f3rio do PARA divulgado pela Anvisa continha informa\u00e7\u00f5es sobre a quantidade de agrot\u00f3xico em alimentos entre 2001 e 2007, e informava que o programa seria implementado gradualmente, por raz\u00f5es de infraestrutura (como escassez de laborat\u00f3rios p\u00fablicos que fazem as an\u00e1lises) e articula\u00e7\u00e3o com as vigil\u00e2ncias p\u00fablicas estaduais. Os tr\u00eas relat\u00f3rios seguintes foram anuais (2008, 2009 e 2010). Depois, passou a condensar anos de forma irregular, com relat\u00f3rios monitorando amostras de 2011 e 2012, e na sequ\u00eancia de 2013 a 2015.&nbsp;<\/p>\n\n\n\n<p>Para a integrante da ANA, Fran Paula, a oscila\u00e7\u00e3o dos per\u00edodos divulgados j\u00e1 demonstrava uma desestrutura\u00e7\u00e3o do programa. \u201cTransmitia a sensa\u00e7\u00e3o que est\u00e1 tudo bem, que n\u00e3o precisa mais monitorar os alimentos\u201d, avalia.<\/p>\n","protected":false},"excerpt":{"rendered":"<p>A P\u00fablica &#8211; Desde o in\u00edcio do governo de Jair Bolsonaro, s\u00f3 houve divulga\u00e7\u00e3o de alimentos coletados at\u00e9 2018; programa monitora pesticidas em produtos vendidos em supermercados e feiras.<\/p>\n","protected":false},"author":1,"featured_media":0,"comment_status":"closed","ping_status":"open","sticky":false,"template":"","format":"standard","meta":{"_exactmetrics_skip_tracking":false,"_exactmetrics_sitenote_active":false,"_exactmetrics_sitenote_note":"","_exactmetrics_sitenote_category":0,"jetpack_post_was_ever_published":false,"_jetpack_newsletter_access":"","_jetpack_dont_email_post_to_subs":false,"_jetpack_newsletter_tier_id":0,"_jetpack_memberships_contains_paywalled_content":false,"_jetpack_memberships_contains_paid_content":false,"footnotes":"","jetpack_publicize_message":"","jetpack_publicize_feature_enabled":true,"jetpack_social_post_already_shared":true,"jetpack_social_options":{"image_generator_settings":{"template":"highway","enabled":false},"version":2}},"categories":[1],"tags":[],"class_list":["post-33673","post","type-post","status-publish","format-standard","hentry","category-notas"],"jetpack_publicize_connections":[],"jetpack_sharing_enabled":true,"jetpack_featured_media_url":"","jetpack_shortlink":"https:\/\/wp.me\/p7wKYW-8L7","jetpack-related-posts":[],"_links":{"self":[{"href":"http:\/\/blogdalucianaoliveira.com.br\/blog\/wp-json\/wp\/v2\/posts\/33673","targetHints":{"allow":["GET"]}}],"collection":[{"href":"http:\/\/blogdalucianaoliveira.com.br\/blog\/wp-json\/wp\/v2\/posts"}],"about":[{"href":"http:\/\/blogdalucianaoliveira.com.br\/blog\/wp-json\/wp\/v2\/types\/post"}],"author":[{"embeddable":true,"href":"http:\/\/blogdalucianaoliveira.com.br\/blog\/wp-json\/wp\/v2\/users\/1"}],"replies":[{"embeddable":true,"href":"http:\/\/blogdalucianaoliveira.com.br\/blog\/wp-json\/wp\/v2\/comments?post=33673"}],"version-history":[{"count":2,"href":"http:\/\/blogdalucianaoliveira.com.br\/blog\/wp-json\/wp\/v2\/posts\/33673\/revisions"}],"predecessor-version":[{"id":33676,"href":"http:\/\/blogdalucianaoliveira.com.br\/blog\/wp-json\/wp\/v2\/posts\/33673\/revisions\/33676"}],"wp:attachment":[{"href":"http:\/\/blogdalucianaoliveira.com.br\/blog\/wp-json\/wp\/v2\/media?parent=33673"}],"wp:term":[{"taxonomy":"category","embeddable":true,"href":"http:\/\/blogdalucianaoliveira.com.br\/blog\/wp-json\/wp\/v2\/categories?post=33673"},{"taxonomy":"post_tag","embeddable":true,"href":"http:\/\/blogdalucianaoliveira.com.br\/blog\/wp-json\/wp\/v2\/tags?post=33673"}],"curies":[{"name":"wp","href":"https:\/\/api.w.org\/{rel}","templated":true}]}}