{"id":33677,"date":"2022-05-12T10:05:59","date_gmt":"2022-05-12T14:05:59","guid":{"rendered":"http:\/\/blogdalucianaoliveira.com.br\/blog\/?p=33677"},"modified":"2022-05-12T10:06:04","modified_gmt":"2022-05-12T14:06:04","slug":"ha-6-anos-afastamento-de-dilma-foi-pontape-para-medidas-que-pioraram-crise-economica-relembre","status":"publish","type":"post","link":"http:\/\/blogdalucianaoliveira.com.br\/blog\/2022\/05\/12\/ha-6-anos-afastamento-de-dilma-foi-pontape-para-medidas-que-pioraram-crise-economica-relembre\/","title":{"rendered":"H\u00e1 6 anos, afastamento de Dilma foi pontap\u00e9 para medidas que pioraram crise econ\u00f4mica; relembre"},"content":{"rendered":"\n<figure class=\"wp-block-image\"><img data-recalc-dims=\"1\" decoding=\"async\" src=\"https:\/\/i0.wp.com\/images01.brasildefato.com.br\/581aaa18fe1ff75023e1fe563eb05a7d.jpeg?w=600&#038;ssl=1\" alt=\"\"\/><\/figure>\n\n\n\n<h4 class=\"wp-block-heading\">Agravado por Bolsonaro, cen\u00e1rio que empurra brasileiros para a pobreza come\u00e7ou a ser constru\u00eddo no governo Temer<\/h4>\n\n\n\n<!--more-->\n\n\n\n<p>Brasil de Fato | S\u00e3o Paulo (SP) <\/p>\n\n\n\n<p>H\u00e1 exatos seis anos, em 12 de maio de 2016, o Senado aprovou a abertura do processo de&nbsp;<em>impeachment&nbsp;<\/em>de Dilma Rouseff (PT). A sess\u00e3o, que come\u00e7ou no dia anterior, durou mais de 20 horas. No in\u00edcio da manh\u00e3 do dia 12 o golpe recebeu o aval dos senadores&nbsp;e a ent\u00e3o presidenta&nbsp;foi afastada do cargo \u2013 naquele momento, de maneira provis\u00f3ria.&nbsp;&nbsp;<\/p>\n\n\n\n<p>Com a promessa de destravar a economia e gerar empregos, Michel Temer (PMDB) assumiu a presid\u00eancia da Rep\u00fablica. Inaugurou-se ent\u00e3o uma\u00a0<a rel=\"noreferrer noopener\" href=\"https:\/\/www.brasildefato.com.br\/2022\/05\/09\/analise-brasil-verde-e-amarelo-sem-direitos-sem-trabalho-e-sem-renda-por-monica-francisco\" target=\"_blank\">era de destrui\u00e7\u00e3o de direitos trabalhistas<\/a>, que deixou a popula\u00e7\u00e3o pobre ainda mais vulner\u00e1vel \u00e0 crise que estava por vir.\u00a0<br><\/p>\n\n\n\n<p>Durante a vota\u00e7\u00e3o no Senado, em maio de 2016, parlamentares favor\u00e1veis ao&nbsp;<em>impeachment&nbsp;<\/em>demonstravam entusiasmo. \u201cHoje cumprimos nosso papel de pensar um pa\u00eds melhor\u201d, anunciava Zez\u00e9 Perrella (PMDB). Magno Malta (PL) foi mais longe: \u201cEstamos diante de um corpo febril que vai ter restitu\u00edda sua sa\u00fade\u201d.<\/p>\n\n\n\n<p>Mas houve quem avisasse. Entre senadores contr\u00e1rios, Randolfe Rodrigues (Rede) disse que as \u201cmedidas que est\u00e3o sendo anunciadas para o futuro\u201d eram na verdade \u201cum salto para o passado\u201d. Ouvidas ou lidas hoje, as palavras do senador Telm\u00e1rio Mota (PROS) parecem at\u00e9 prof\u00e9ticas: \u201cO preju\u00edzo maior ser\u00e1 da popula\u00e7\u00e3o\u201d.<\/p>\n\n\n\n<p>Em 2022, a&nbsp;<a href=\"https:\/\/www.brasildefato.com.br\/2022\/04\/08\/alta-da-inflacao-seguira-nos-proximos-meses-e-vai-afetar-os-mais-pobres-dizem-economistas\" target=\"_blank\" rel=\"noreferrer noopener\">infla\u00e7\u00e3o<\/a>, a queda na renda do trabalho e o desemprego fazem com que o Brasil seja um pa\u00eds habit\u00e1vel apenas para os ricos. Esse cen\u00e1rio \u00e9 poss\u00edvel gra\u00e7as a muitas medidas que s\u00f3 puderam ser tomadas sem Dilma na presid\u00eancia.<\/p>\n\n\n\n<p>A origem dos aumentos sequenciais nos combust\u00edveis&nbsp;<\/p>\n\n\n\n<p>O&nbsp;<em>impeachment&nbsp;<\/em>de 2016 foi resultado de insatisfa\u00e7\u00f5es de parte da elite pol\u00edtica \u2013 descontente com o di\u00e1logo de Dilma com o Congresso \u2013 e econ\u00f4mica, que exigia cortes mais dr\u00e1sticos nos gastos p\u00fablicos e redu\u00e7\u00e3o nos custos com m\u00e3o de obra. A avalia\u00e7\u00e3o \u00e9 de&nbsp;<a href=\"https:\/\/www.brasildefato.com.br\/2021\/04\/15\/cinco-anos-apos-impeachment-direitos-trabalhistas-ruiram-e-o-emprego-nao-veio\" target=\"_blank\" rel=\"noreferrer noopener\">especialistas<\/a>&nbsp;ouvidos pelo&nbsp;<strong>Brasil de Fato<\/strong>.&nbsp;<\/p>\n\n\n\n<p>O documento \u201cPonte para o Futuro\u201d, do PMDB (hoje MDB), materializava, j\u00e1 em outubro de 2015, o pacto de Temer com esses interesses. A primeira medida, em dezembro de 2016, foi a aprova\u00e7\u00e3o da&nbsp;<a href=\"https:\/\/www.brasildefato.com.br\/2018\/10\/03\/emenda-95-o-enfraquecimento-do-pacto-social\" target=\"_blank\" rel=\"noreferrer noopener\">Emenda Constitucional (EC) 95<\/a>, que congelou os investimentos em \u00e1reas como sa\u00fade e educa\u00e7\u00e3o por 20 anos.<\/p>\n\n\n\n<p>Sob Temer, em outubro de 2016, a Petrobras passou a calcular o pre\u00e7o dos combust\u00edveis com base no mercado internacional e a repassar aumentos com maior frequ\u00eancia aos consumidores. Era a implementa\u00e7\u00e3o do chamado\u00a0<a rel=\"noreferrer noopener\" href=\"https:\/\/www.brasildefato.com.br\/2022\/03\/12\/petrobras-deveria-assumir-papel-de-estabilizar-precos-no-brasil-diz-economista\" target=\"_blank\">Pre\u00e7o de Paridade de Importa\u00e7\u00e3o<\/a>\u00a0(PPI).<br><\/p>\n\n\n\n<p>O PPI \u00e9 um dos grandes respons\u00e1veis pelo descontrole no pre\u00e7o dos itens b\u00e1sicos que corr\u00f3i o sal\u00e1rio dos trabalhadores, como o g\u00e1s de cozinha e os alimentos. Segundo especialistas, o combust\u00edvel caro tem influ\u00eancia direta nas altas de pre\u00e7os de outros segmentos da economia e produz uma alta generalizada.&nbsp;<\/p>\n\n\n\n<p>O resultado est\u00e1 nos dados mais recentes divulgados pelo Instituto Brasileiro de Geografia e Estat\u00edstica (IBGE). A infla\u00e7\u00e3o acumulada nos \u00faltimos 12 meses \u00e9 de 11,3%. \u00c9 o maior \u00edndice dos \u00faltimos 27 anos e uma das maiores altas desde a cria\u00e7\u00e3o do Plano Real.<\/p>\n\n\n\n<p>Trabalhadores sem trabalho e sem direitos<\/p>\n\n\n\n<p>Em mar\u00e7o de 2017&nbsp;o Congresso aprovou a \u201cterceiriza\u00e7\u00e3o irrestrita\u201d, mesmo quando se trata da atividade-fim das empresas em quest\u00e3o. Era o pren\u00fancio da reforma trabalhista, que tramitou no Congresso em tempo recorde e foi aprovada em julho do mesmo ano.<\/p>\n\n\n\n<p>Mais de 200 modifica\u00e7\u00f5es na legisla\u00e7\u00e3o foram introduzidas, segundo o F\u00f3rum Permanente em Defesa dos Direitos dos Trabalhadores Amea\u00e7ados pela Terceiriza\u00e7\u00e3o. S\u00f3 na Consolida\u00e7\u00e3o das Leis Trabalhistas (CLT), foram 130 altera\u00e7\u00f5es. Nenhuma delas ampliou direitos dos empregados&nbsp;frente aos empregadores.<\/p>\n\n\n\n<p>Com menos direitos, os&nbsp;<a href=\"https:\/\/www.brasildefato.com.br\/2022\/05\/01\/em-ato-do-1-de-maio-trabalhadores-denunciam-inflacao-e-emprego-precario-administrando-caos\" target=\"_blank\" rel=\"noreferrer noopener\">trabalhadores<\/a>&nbsp;sem carteira assinada e \u201cpor conta pr\u00f3pria\u201d, que se tornaram maioria em 2017, foram os mais atingidos, e hoje dependem de um aux\u00edlio emergencial que n\u00e3o banca nem metade da cesta b\u00e1sica.&nbsp;<\/p>\n\n\n\n<p>O chamado \u201ctrabalho intermitente\u201d, previsto na reforma, radicalizou essa situa\u00e7\u00e3o. Nessa modalidade, o trabalhador fica \u00e0 disposi\u00e7\u00e3o da empresa para trabalhar quando ela precisar.<br><\/p>\n\n\n\n<p>Os contratos intermitentes, que estavam entre as principais apostas da equipe econ\u00f4mica de Temer para gera\u00e7\u00e3o de empregos, representaram 19% das novas contrata\u00e7\u00f5es com carteira assinada no Brasil em 2019, segundo dados do Cadastro Geral de Empregados e Desempregados (Caged).&nbsp;<\/p>\n\n\n\n<p>Em 2019, 25% dos contratos intermitentes n\u00e3o tiveram uma hora de trabalho, nem rendimento.&nbsp;<\/p>\n\n\n\n<p>O fim do Minist\u00e9rio do Trabalho, o desinvestimento nos \u00f3rg\u00e3os de fiscaliza\u00e7\u00e3o&nbsp;e a extin\u00e7\u00e3o da contribui\u00e7\u00e3o sindical obrigat\u00f3ria&nbsp;desestruturaram a organiza\u00e7\u00e3o dos trabalhadores, dificultando uma rea\u00e7\u00e3o organizada contra as medidas.<\/p>\n\n\n\n<p>O \u201cnegociado sobre o legislado\u201d tamb\u00e9m passou a vigorar, como queria parte do setor empresarial desde os anos 1990. Ou seja, o resultado da negocia\u00e7\u00e3o entre patr\u00e3o e empregado, em condi\u00e7\u00f5es evidentemente desiguais, pode se sobrepor ao texto da lei.<\/p>\n\n\n\n<p>A cereja desse bolo, com gosto amargo para os trabalhadores, era a reforma da Previd\u00eancia. Em 2018, ano eleitoral, Temer n\u00e3o conseguiu aprov\u00e1-la. A tarefa coube ao atual presidente, Jair Bolsonaro (PL), que sancionou em 2019 a lei aprovada pelo Congresso \u2013 com regras mais favor\u00e1veis para militares, que formam sua base de apoio.<\/p>\n\n\n\n<p>Consequ\u00eancias&nbsp;<\/p>\n\n\n\n<p>Entre fevereiro de 2019 e fevereiro deste ano, a cesta b\u00e1sica aumentou 48,3%. O pre\u00e7o passou, em m\u00e9dia, de R$ 482,40, para R$ 715,65 no per\u00edodo. A alta \u00e9 o dobro da infla\u00e7\u00e3o acumulada, de 21,5%, aferida pelo \u00cdndice Nacional de Pre\u00e7os ao Consumidor Amplo (IPCA), medido pelo IBGE.<\/p>\n\n\n\n<p>Transporte e alimenta\u00e7\u00e3o contribu\u00edram com cerca de 72% do IPCA de mar\u00e7o, confirmando que a infla\u00e7\u00e3o \u00e9 muito mais alta para os pobres, que usam transporte p\u00fablico e gastam praticamente todo o sal\u00e1rio com alimenta\u00e7\u00e3o. Com pre\u00e7os nas alturas, o g\u00e1s de cozinha teve alta de 6,6% s\u00f3 no m\u00eas de mar\u00e7o.<br><\/p>\n\n\n\n<p>Mais da metade da popula\u00e7\u00e3o brasileira vive com algum grau de&nbsp;<a href=\"https:\/\/www.brasildefato.com.br\/2021\/08\/11\/brasil-com-fome-pandemia-e-desmonte-do-estado-agravam-drama-dos-trabalhadores\" target=\"_blank\" rel=\"noreferrer noopener\">inseguran\u00e7a alimentar<\/a>&nbsp;\u2014 116 milh\u00f5es de pessoas no total. Ao menos 19 milh\u00f5es est\u00e3o passando fome, situa\u00e7\u00e3o agravada pela pandemia e pela crise econ\u00f4mica do pa\u00eds.<\/p>\n\n\n\n<p>Os dados s\u00e3o do final de 2021, de acordo com um levantamento da Rede Brasileira de Pesquisa em Soberania e Seguran\u00e7a Alimentar e Nutricional (Rede Penssan).<\/p>\n\n\n\n<p>Edi\u00e7\u00e3o: Felipe Mendes<br><\/p>\n\n\n\n<p><\/p>\n","protected":false},"excerpt":{"rendered":"<p>Agravado por Bolsonaro, cen\u00e1rio que empurra brasileiros para a pobreza come\u00e7ou a ser constru\u00eddo no governo Temer<\/p>\n","protected":false},"author":1,"featured_media":0,"comment_status":"closed","ping_status":"open","sticky":false,"template":"","format":"standard","meta":{"_exactmetrics_skip_tracking":false,"_exactmetrics_sitenote_active":false,"_exactmetrics_sitenote_note":"","_exactmetrics_sitenote_category":0,"jetpack_post_was_ever_published":false,"_jetpack_newsletter_access":"","_jetpack_dont_email_post_to_subs":false,"_jetpack_newsletter_tier_id":0,"_jetpack_memberships_contains_paywalled_content":false,"_jetpack_memberships_contains_paid_content":false,"footnotes":"","jetpack_publicize_message":"","jetpack_publicize_feature_enabled":true,"jetpack_social_post_already_shared":true,"jetpack_social_options":{"image_generator_settings":{"template":"highway","enabled":false},"version":2}},"categories":[1],"tags":[249,61,39,715],"class_list":["post-33677","post","type-post","status-publish","format-standard","hentry","category-notas","tag-desemprego","tag-dilma","tag-golpe","tag-inflacao"],"jetpack_publicize_connections":[],"jetpack_sharing_enabled":true,"jetpack_featured_media_url":"","jetpack_shortlink":"https:\/\/wp.me\/p7wKYW-8Lb","jetpack-related-posts":[],"_links":{"self":[{"href":"http:\/\/blogdalucianaoliveira.com.br\/blog\/wp-json\/wp\/v2\/posts\/33677","targetHints":{"allow":["GET"]}}],"collection":[{"href":"http:\/\/blogdalucianaoliveira.com.br\/blog\/wp-json\/wp\/v2\/posts"}],"about":[{"href":"http:\/\/blogdalucianaoliveira.com.br\/blog\/wp-json\/wp\/v2\/types\/post"}],"author":[{"embeddable":true,"href":"http:\/\/blogdalucianaoliveira.com.br\/blog\/wp-json\/wp\/v2\/users\/1"}],"replies":[{"embeddable":true,"href":"http:\/\/blogdalucianaoliveira.com.br\/blog\/wp-json\/wp\/v2\/comments?post=33677"}],"version-history":[{"count":1,"href":"http:\/\/blogdalucianaoliveira.com.br\/blog\/wp-json\/wp\/v2\/posts\/33677\/revisions"}],"predecessor-version":[{"id":33678,"href":"http:\/\/blogdalucianaoliveira.com.br\/blog\/wp-json\/wp\/v2\/posts\/33677\/revisions\/33678"}],"wp:attachment":[{"href":"http:\/\/blogdalucianaoliveira.com.br\/blog\/wp-json\/wp\/v2\/media?parent=33677"}],"wp:term":[{"taxonomy":"category","embeddable":true,"href":"http:\/\/blogdalucianaoliveira.com.br\/blog\/wp-json\/wp\/v2\/categories?post=33677"},{"taxonomy":"post_tag","embeddable":true,"href":"http:\/\/blogdalucianaoliveira.com.br\/blog\/wp-json\/wp\/v2\/tags?post=33677"}],"curies":[{"name":"wp","href":"https:\/\/api.w.org\/{rel}","templated":true}]}}