{"id":33679,"date":"2022-05-12T10:19:10","date_gmt":"2022-05-12T14:19:10","guid":{"rendered":"http:\/\/blogdalucianaoliveira.com.br\/blog\/?p=33679"},"modified":"2022-05-12T10:19:31","modified_gmt":"2022-05-12T14:19:31","slug":"a-ordem-mundial-atual-e-a-maior-desordem-mundial-e-preciso-desarmar-a-razao-armada","status":"publish","type":"post","link":"http:\/\/blogdalucianaoliveira.com.br\/blog\/2022\/05\/12\/a-ordem-mundial-atual-e-a-maior-desordem-mundial-e-preciso-desarmar-a-razao-armada\/","title":{"rendered":"\u201cA Ordem Mundial atual \u00e9 a maior desordem mundial\u201d. \u00c9 preciso desarmar a raz\u00e3o armada."},"content":{"rendered":"\n<figure class=\"wp-block-image size-large\"><img loading=\"lazy\" decoding=\"async\" width=\"1200\" height=\"892\" data-attachment-id=\"33680\" data-permalink=\"http:\/\/blogdalucianaoliveira.com.br\/blog\/2022\/05\/12\/a-ordem-mundial-atual-e-a-maior-desordem-mundial-e-preciso-desarmar-a-razao-armada\/adolfo-perez-esquivel-wsf-2003\/\" data-orig-file=\"https:\/\/i0.wp.com\/blogdalucianaoliveira.com.br\/blog\/wp-content\/uploads\/2022\/05\/Adolfo-P%C3%A9rez-Esquivel-wsf-2003.jpg?fit=1200%2C892\" data-orig-size=\"1200,892\" data-comments-opened=\"0\" data-image-meta=\"{&quot;aperture&quot;:&quot;0&quot;,&quot;credit&quot;:&quot;&quot;,&quot;camera&quot;:&quot;&quot;,&quot;caption&quot;:&quot;&quot;,&quot;created_timestamp&quot;:&quot;0&quot;,&quot;copyright&quot;:&quot;&quot;,&quot;focal_length&quot;:&quot;0&quot;,&quot;iso&quot;:&quot;0&quot;,&quot;shutter_speed&quot;:&quot;0&quot;,&quot;title&quot;:&quot;&quot;,&quot;orientation&quot;:&quot;0&quot;}\" data-image-title=\"Adolfo-P\u00e9rez-Esquivel-wsf-2003\" data-image-description=\"\" data-image-caption=\"\" data-medium-file=\"https:\/\/i0.wp.com\/blogdalucianaoliveira.com.br\/blog\/wp-content\/uploads\/2022\/05\/Adolfo-P%C3%A9rez-Esquivel-wsf-2003.jpg?fit=300%2C223\" data-large-file=\"https:\/\/i0.wp.com\/blogdalucianaoliveira.com.br\/blog\/wp-content\/uploads\/2022\/05\/Adolfo-P%C3%A9rez-Esquivel-wsf-2003.jpg?fit=600%2C446\" src=\"https:\/\/i1.wp.com\/blogdalucianaoliveira.com.br\/blog\/wp-content\/uploads\/2022\/05\/Adolfo-P\u00e9rez-Esquivel-wsf-2003.jpg?fit=600%2C446\" alt=\"\" class=\"wp-image-33680\" srcset=\"https:\/\/i0.wp.com\/blogdalucianaoliveira.com.br\/blog\/wp-content\/uploads\/2022\/05\/Adolfo-P%C3%A9rez-Esquivel-wsf-2003.jpg?w=1200 1200w, https:\/\/i0.wp.com\/blogdalucianaoliveira.com.br\/blog\/wp-content\/uploads\/2022\/05\/Adolfo-P%C3%A9rez-Esquivel-wsf-2003.jpg?resize=300%2C223 300w, https:\/\/i0.wp.com\/blogdalucianaoliveira.com.br\/blog\/wp-content\/uploads\/2022\/05\/Adolfo-P%C3%A9rez-Esquivel-wsf-2003.jpg?resize=1024%2C761 1024w, https:\/\/i0.wp.com\/blogdalucianaoliveira.com.br\/blog\/wp-content\/uploads\/2022\/05\/Adolfo-P%C3%A9rez-Esquivel-wsf-2003.jpg?resize=768%2C571 768w, https:\/\/i0.wp.com\/blogdalucianaoliveira.com.br\/blog\/wp-content\/uploads\/2022\/05\/Adolfo-P%C3%A9rez-Esquivel-wsf-2003.jpg?resize=404%2C300 404w\" sizes=\"auto, (max-width: 600px) 100vw, 600px\" \/><\/figure>\n\n\n\n<p><strong>Humanitas Unisinos <\/strong>&#8211; A\u00a0<a href=\"https:\/\/www.ihu.unisinos.br\/617474-paz-e-pacifismo-segundo-a-justica\">paz<\/a>\u00a0n\u00e3o se d\u00e1, se constr\u00f3i, \u00e9 preciso muita coragem e sabedoria para alcan\u00e7\u00e1-la. \u00c9 urgente \u201cdesarmar a raz\u00e3o armada\u201d, tornar poss\u00edvel o imposs\u00edvel, \u201ctransformar as armas em arados\u201d (<strong>Isa\u00edas<\/strong>).<\/p>\n\n\n\n<p>A opini\u00e3o \u00e9 de\u00a0<a href=\"https:\/\/www.ihu.unisinos.br\/617566\"><strong>Adolfo P\u00e9rez Esquivel<\/strong><\/a>, ativista argentino e ganhador do\u00a0<strong>Pr\u00eamio Nobel da Paz<\/strong>, em artigo publicado por\u00a0<strong>Chiesa di tutti, Chiesa dei Poveri<\/strong>. A tradu\u00e7\u00e3o \u00e9 de\u00a0<strong>Mois\u00e9s Sbardelotto<\/strong>.<\/p>\n\n\n\n<!--more-->\n\n\n\n<p>Segundo ele, &#8220;\u00e9 um erro encurralar a&nbsp;<strong>R\u00fassia<\/strong>&nbsp;com&nbsp;<a href=\"https:\/\/www.ihu.unisinos.br\/616509-conflito-russia-ucrania-bombardeio-russo-alarme-global-e-mais-retaliacoes-do-ocidente\">san\u00e7\u00f5es comerciais<\/a>, censurar sua cultura e seus esportistas, e suspender a R\u00fassia da&nbsp;<strong>Comiss\u00e3o de Direitos Humanos<\/strong>&nbsp;da&nbsp;<strong>ONU<\/strong>, e guardar sil\u00eancio sobre as atrocidades e viola\u00e7\u00f5es dos&nbsp;<a href=\"https:\/\/www.ihu.unisinos.br\/615432-direitos-humanos-pede-defesa-radical\">direitos humanos<\/a>&nbsp;dos povos cometidas por aqueles que votaram a favor das san\u00e7\u00f5es contra a R\u00fassia. O Evangelho diz: &#8216;Aquele que n\u00e3o tiver culpa que atire a primeira pedra&#8217;\u201d.<\/p>\n\n\n\n<p>&#8220;\u00c9 preciso que os governos tenham valores \u00e9ticos e coragem para n\u00e3o se degradar e cair na hipocrisia &#8211; afirma o&nbsp;<strong>Pr\u00eamio Nobel<\/strong>. Os povos n\u00e3o podem ficar indiferentes e como espectadores da trag\u00e9dia que a humanidade vive. \u00c9 necess\u00e1ria a rebeldia para evitar que sejamos arrastados para outro&nbsp;<a href=\"https:\/\/www.ihu.unisinos.br\/616162-os-nossos-holocaustos\">holocausto<\/a>. Como diz o antigo prov\u00e9rbio, &#8216;a noite mais escura \u00e9 quando come\u00e7a o amanhecer&#8217;\u201d.<\/p>\n\n\n\n<h3 class=\"wp-block-heading\">Eis o artigo.<\/h3>\n\n\n\n<p>A humanidade vive tempos de incerteza. Os&nbsp;<a href=\"https:\/\/www.ihu.unisinos.br\/ihu.unisinos.br\/529534-avanco-tecnologico-desafia-capitalismo\">avan\u00e7os tecnol\u00f3gicos<\/a>&nbsp;e cient\u00edficos aceleraram o tempo que muda a realidade, onde o presente condiciona o futuro, e \u00e9 preciso ter a consci\u00eancia de que colhemos o que semeamos. A&nbsp;<a href=\"https:\/\/www.ihu.unisinos.br\/617263-francisco-e-a-corrida-armamentista\">corrida armamentista<\/a>&nbsp;infelizmente \u00e9 uma realidade. Buscam seguran\u00e7a, cada dia mais insegura.<\/p>\n\n\n\n<p>A trag\u00e9dia de&nbsp;<a href=\"https:\/\/www.ihu.unisinos.br\/617814-ucrania-a-cruz-de-abel-e-a-cruz-de-caim-sao-cruzes-diferentes\"><strong>Caim<\/strong>&nbsp;e&nbsp;<strong>Abel<\/strong><\/a>&nbsp;volta a se desencadear atrav\u00e9s do tempo sem tempo. As sagradas escrituras nos mostram o caminho que Deus deu ao ser humano, a \u201cliberdade\u201d, e \u00e9 este quem decide o caminho a seguir, entre luzes e sombras. A humanidade sofre&nbsp;<strong>25 guerras<\/strong>&nbsp;em diversas partes do mundo, como a da&nbsp;<strong>Ucr\u00e2nia<\/strong>&nbsp;e da&nbsp;<strong>R\u00fassia<\/strong>, em uma escalada cada vez mais perigosa e sangrenta, com o perigo de que se desate uma&nbsp;<a href=\"https:\/\/www.ihu.unisinos.br\/617701-da-ucrania-para-a-china-porque-hoje-existe-o-risco-de-uma-guerra-nuclear\">guerra nuclear<\/a>.<\/p>\n\n\n\n<p>A&nbsp;<strong>Segunda Guerra Mundial<\/strong>&nbsp;marcou para sempre a vida planet\u00e1ria. As bombas at\u00f4micas lan\u00e7adas sobre&nbsp;<a href=\"https:\/\/www.ihu.unisinos.br\/580671-papa-nao-podemos-deixar-se-repetir-no-oriente-medio-as-mesmas-consequencias-sombrias-de-hiroshima-e-nagasaki\"><strong>Hiroshima<\/strong>&nbsp;e&nbsp;<strong>Nagasaki<\/strong><\/a>&nbsp;foram determinantes para o mundo, que deixou de ser o que era. E, ainda com as feridas sangrando, outras guerras e conflitos se somaram, com total desprezo \u00e0 vida humana.<\/p>\n\n\n\n<p>Esqueceram o que foi vivido e sofrido? \u00c9 como um espelho quebrado em mil peda\u00e7os. Esqueceram o&nbsp;<strong>Holocausto<\/strong>, os&nbsp;<a href=\"https:\/\/www.ihu.unisinos.br\/529668-a-humanidade-e-responsavel-pelos-campos-de-concentracao\">campos de concentra\u00e7\u00e3o<\/a>, os milh\u00f5es de mortos? Esqueceram a&nbsp;<strong>Guerra do Vietn\u00e3<\/strong>, a guerra entre&nbsp;<strong>Israel<\/strong>&nbsp;e&nbsp;<strong>Palestina<\/strong>, como outras mais que se somaram \u00e0 trag\u00e9dia da humanidade? \u00c9 urgente ouvir o clamor dos povos e chamar as novas gera\u00e7\u00f5es a fazerem mem\u00f3ria.<\/p>\n\n\n\n<p>\u00c9 preciso optar entre a \u201cbomba ou a Vida\u201d. Para optar pela Vida, os povos devem se rebelar e n\u00e3o permitir que os submetam e dominem, devem se assumir como protagonistas de suas pr\u00f3prias vidas e construtores de sua hist\u00f3ria.<\/p>\n\n\n\n<p>Apagou-se o&nbsp;<strong>farol da miseric\u00f3rdia<\/strong>&nbsp;e da dignidade, mergulharam a humanidade no obscurantismo, na incerteza e na dor, violando os direitos da pessoa e dos povos.<\/p>\n\n\n\n<p>Os irrespons\u00e1veis t\u00eam rostos e levam em suas testas e almas o selo da besta 666, v\u00e3o destro\u00e7ando vidas, povos, negam-se a ver os rostos de homens, mulheres, crian\u00e7as que questionam e interpelam e reivindicam um lugar digno para viver em paz. Est\u00e3o cegos pela soberba do poder e do \u00f3dio, e buscam justificar o injustific\u00e1vel.<\/p>\n\n\n\n<p>Quem s\u00e3o os respons\u00e1veis pela guerra entre&nbsp;<strong>Ucr\u00e2nia<\/strong>&nbsp;e&nbsp;<strong>R\u00fassia<\/strong>?&nbsp;<a href=\"https:\/\/www.ihu.unisinos.br\/618247-putin-e-o-unico-culpado-fatos-para-pensar\"><strong>Putin<\/strong><\/a>,&nbsp;<strong>Zelinsky<\/strong>? \u00c9 preciso ver mais a fundo e expor o manejo sinistro do poder de domina\u00e7\u00e3o mundial dos&nbsp;<strong>Estados Unidos<\/strong>, da&nbsp;<strong>Uni\u00e3o Europeia<\/strong>&nbsp;e da&nbsp;<a href=\"https:\/\/www.ihu.unisinos.br\/617908-nao-a-guerra-entre-ucrania-otan-e-russia\"><strong>Otan<\/strong><\/a>&nbsp;que, de forma direta e indireta, j\u00e1 est\u00e3o envolvidos na guerra.<\/p>\n\n\n\n<p>Os povos da&nbsp;<strong>Europa<\/strong>&nbsp;devem acordar e n\u00e3o ser um sat\u00e9lite dos&nbsp;<strong>Estados Unidos<\/strong>&nbsp;e da&nbsp;<strong>Otan<\/strong>&nbsp;que os arrastam para o desastre.<\/p>\n\n\n\n<p>A&nbsp;<strong>R\u00fassia<\/strong>&nbsp;deve parar a guerra, estabelecer uma&nbsp;<a href=\"https:\/\/www.ihu.unisinos.br\/617732-uma-tregua-artigo-de-tonio-dell-olio\">tr\u00e9gua<\/a>&nbsp;conjuntamente com a&nbsp;<strong>ONU<\/strong>, nomear uma comiss\u00e3o de media\u00e7\u00e3o internacional para alcan\u00e7ar fronteiras seguras e n\u00e3o ser devorada. Essa decis\u00e3o n\u00e3o pode ser unilateral, deve ser compartilhada pelas pot\u00eancias envolvidas na guerra e gerar espa\u00e7os de di\u00e1logo e solu\u00e7\u00f5es justas para as partes.<\/p>\n\n\n\n<p>A&nbsp;<strong>Ordem Mundial<\/strong>&nbsp;atual \u00e9 a maior desordem mundial.<\/p>\n\n\n\n<p>A&nbsp;<strong>Ucr\u00e2nia<\/strong>&nbsp;\u00e9 o pe\u00e3o no tabuleiro do poder das grandes pot\u00eancias, seu povo \u00e9 v\u00edtima da guerra. N\u00e3o lhes interessam os mortos, os&nbsp;<a href=\"https:\/\/www.ihu.unisinos.br\/617668-existe-uma-diferenca-insuportavel-de-tratamento-entre-refugiados-da-ucrania-e-de-outros-lugares\">refugiados<\/a>, a destrui\u00e7\u00e3o das cidades. \u00c9 preciso alimentar a guerra com mais armas e dinheiro. A Besta n\u00e3o se sacia com o sangue derramado, exige cada vez mais.<\/p>\n\n\n\n<p>Os&nbsp;<strong>Estados Unidos<\/strong>&nbsp;e a&nbsp;<strong>Otan<\/strong>&nbsp;em sua voracidade de dominar o mundo buscam impor a sua pol\u00edtica, econ\u00f4mica e militar, e destruir seus oponentes. A realidade ensina que as grandes pot\u00eancias n\u00e3o t\u00eam amigos nem aliados, t\u00eam interesses, basta ver o seu modo de agir no mundo.<\/p>\n\n\n\n<p>A&nbsp;<strong>Europa<\/strong>&nbsp;perdeu identidade e valores, e depositou o seu destino na&nbsp;<strong>Otan<\/strong>. Os povos devem saber que nenhum ex\u00e9rcito \u00e9 garantia da paz.<\/p>\n\n\n\n<p>Nesse confronto, as amea\u00e7as e perigos crescentes de uma&nbsp;<strong>guerra nuclear<\/strong>&nbsp;afetam todos os pa\u00edses, grandes e pequenos, ricos e pobres. As dist\u00e2ncias n\u00e3o importam e colocam o mundo no limite da exist\u00eancia planet\u00e1ria. Todas as pot\u00eancias envolvidas possuem&nbsp;<a href=\"https:\/\/www.ihu.unisinos.br\/616531-a-ameaca-de-armas-nucleares-autonomas\">armas nucleares<\/a>&nbsp;e est\u00e3o dispostas a utiliz\u00e1-las sem medir as consequ\u00eancias.<\/p>\n\n\n\n<p>\u00c9 um grave erro considerar a&nbsp;<strong>R\u00fassia<\/strong>&nbsp;como \u201cum urso com rugido de rato\u201d e a&nbsp;<strong>China<\/strong>&nbsp;como um \u201ctigre de papel\u201d.<\/p>\n\n\n\n<p>O farol da&nbsp;<strong>ONU<\/strong>&nbsp;permanece apagado, \u00e9 preciso ajud\u00e1-lo a despertar e voltar a acend\u00ea-lo para que ilumine a humanidade antes que seja tarde demais. Em outras notas, eu assinalei que \u201ctodos sabem como as guerras come\u00e7am, ningu\u00e9m sabe como terminam\u201d. N\u00e3o \u00e9 poss\u00edvel que&nbsp;<a href=\"https:\/\/www.ihu.unisinos.br\/618437-enquanto-o-planeta-queima-o-gasto-em-armas-bate-recordes-artigo-de-vijay-prashad\" target=\"_blank\" rel=\"noreferrer noopener\">os governos gastem recursos para enviar armas para a&nbsp;<strong>Ucr\u00e2nia<\/strong>&nbsp;<\/a>para aumentar o conflito e n\u00e3o tenham coragem de apresentar alternativas para p\u00f4r fim \u00e0 guerra, e que tudo dependa das decis\u00f5es dos&nbsp;<strong>Estados Unidos<\/strong>.<\/p>\n\n\n\n<p>A paz n\u00e3o se d\u00e1, se constr\u00f3i, \u00e9 preciso muita coragem e sabedoria para alcan\u00e7\u00e1-la. \u00c9 urgente \u201cdesarmar a raz\u00e3o armada\u201d, tornar poss\u00edvel o imposs\u00edvel, \u201ctransformar as armas em arados\u201d (<strong>Isa\u00edas<\/strong>).<\/p>\n\n\n\n<p>Muitas vozes no mundo exigem o fim das guerras que afetam a humanidade e a urg\u00eancia de somar esfor\u00e7os e recursos para&nbsp;<a href=\"https:\/\/www.ihu.unisinos.br\/618472-fome-cresce-no-mundo-e-pode-se-agravar-com-a-guerra-na-ucrania\">combater a fome<\/a>, a pobreza e a&nbsp;<a href=\"https:\/\/www.ihu.unisinos.br\/608364-a-desigualdade-social-desafios-ambientais-os-jovens-e-os-desafios-que-a-pandemia-trouxe\">desigualdade social<\/a>. Vozes que n\u00e3o s\u00e3o ouvidas por governos irrespons\u00e1veis e pelos meios hegem\u00f4nicos de comunica\u00e7\u00e3o.<\/p>\n\n\n\n<p>A solu\u00e7\u00e3o \u00e9 pol\u00edtica. Os povos sofrem a viol\u00eancia dos governos que os arrastam para a guerra. \u00c9 urgente a unidade na diversidade e ser protagonistas, levantar e assumir a proclama\u00e7\u00e3o da&nbsp;<strong>ONU<\/strong>&nbsp;em 1945: \u201cN\u00f3s, os povos das na\u00e7\u00f5es unidas resolvidos a preservar as gera\u00e7\u00f5es vindouras do flagelo da guerra que por duas vezes, no espa\u00e7o da nossa vida, trouxe sofrimentos indiz\u00edveis \u00e0 humanidade\u201d&#8230;<\/p>\n\n\n\n<p>\u00c9 um erro encurralar a&nbsp;<strong>R\u00fassia<\/strong>&nbsp;com san\u00e7\u00f5es comerciais, censurar sua cultura e seus esportistas, e suspender a R\u00fassia da&nbsp;<strong>Comiss\u00e3o de Direitos Humanos<\/strong>&nbsp;da&nbsp;<strong>ONU<\/strong>, e guardar sil\u00eancio sobre as atrocidades e viola\u00e7\u00f5es dos direitos humanos dos povos cometidas por aqueles que votaram a favor das san\u00e7\u00f5es contra a R\u00fassia. O Evangelho diz: \u201cAquele que n\u00e3o tiver culpa que atire a primeira pedra\u201d.<\/p>\n\n\n\n<p>\u00c9 preciso que os governos tenham valores \u00e9ticos e coragem para n\u00e3o se degradar e cair na hipocrisia.<\/p>\n\n\n\n<p>Os povos n\u00e3o podem ficar indiferentes e como espectadores da trag\u00e9dia que a humanidade vive. \u00c9 necess\u00e1ria a rebeldia para evitar que sejamos arrastados para outro holocausto.<\/p>\n\n\n\n<p>Como diz o antigo prov\u00e9rbio, \u201ca noite mais escura \u00e9 quando come\u00e7a o amanhecer\u201d.<br><\/p>\n","protected":false},"excerpt":{"rendered":"<p>Humanitas Unisinos &#8211; A\u00a0paz\u00a0n\u00e3o se d\u00e1, se constr\u00f3i, \u00e9 preciso muita coragem e sabedoria para alcan\u00e7\u00e1-la. \u00c9 urgente \u201cdesarmar a raz\u00e3o armada\u201d, tornar poss\u00edvel o imposs\u00edvel, \u201ctransformar as armas em arados\u201d (Isa\u00edas). A opini\u00e3o \u00e9 de\u00a0Adolfo P\u00e9rez Esquivel, ativista argentino e ganhador do\u00a0Pr\u00eamio Nobel da Paz, em artigo publicado por\u00a0Chiesa di tutti, Chiesa dei Poveri&#8230;.<a class=\"more-link\" href=\"http:\/\/blogdalucianaoliveira.com.br\/blog\/2022\/05\/12\/a-ordem-mundial-atual-e-a-maior-desordem-mundial-e-preciso-desarmar-a-razao-armada\/\">Continue a leitura <span class=\"meta-nav\">&raquo;<\/span><\/a><\/p>\n","protected":false},"author":1,"featured_media":0,"comment_status":"closed","ping_status":"open","sticky":false,"template":"","format":"standard","meta":{"_exactmetrics_skip_tracking":false,"_exactmetrics_sitenote_active":false,"_exactmetrics_sitenote_note":"","_exactmetrics_sitenote_category":0,"jetpack_post_was_ever_published":false,"_jetpack_newsletter_access":"","_jetpack_dont_email_post_to_subs":false,"_jetpack_newsletter_tier_id":0,"_jetpack_memberships_contains_paywalled_content":false,"_jetpack_memberships_contains_paid_content":false,"footnotes":"","jetpack_publicize_message":"","jetpack_publicize_feature_enabled":true,"jetpack_social_post_already_shared":true,"jetpack_social_options":{"image_generator_settings":{"template":"highway","enabled":false},"version":2}},"categories":[1],"tags":[],"class_list":["post-33679","post","type-post","status-publish","format-standard","hentry","category-notas"],"jetpack_publicize_connections":[],"jetpack_sharing_enabled":true,"jetpack_featured_media_url":"","jetpack_shortlink":"https:\/\/wp.me\/p7wKYW-8Ld","jetpack-related-posts":[],"_links":{"self":[{"href":"http:\/\/blogdalucianaoliveira.com.br\/blog\/wp-json\/wp\/v2\/posts\/33679","targetHints":{"allow":["GET"]}}],"collection":[{"href":"http:\/\/blogdalucianaoliveira.com.br\/blog\/wp-json\/wp\/v2\/posts"}],"about":[{"href":"http:\/\/blogdalucianaoliveira.com.br\/blog\/wp-json\/wp\/v2\/types\/post"}],"author":[{"embeddable":true,"href":"http:\/\/blogdalucianaoliveira.com.br\/blog\/wp-json\/wp\/v2\/users\/1"}],"replies":[{"embeddable":true,"href":"http:\/\/blogdalucianaoliveira.com.br\/blog\/wp-json\/wp\/v2\/comments?post=33679"}],"version-history":[{"count":2,"href":"http:\/\/blogdalucianaoliveira.com.br\/blog\/wp-json\/wp\/v2\/posts\/33679\/revisions"}],"predecessor-version":[{"id":33682,"href":"http:\/\/blogdalucianaoliveira.com.br\/blog\/wp-json\/wp\/v2\/posts\/33679\/revisions\/33682"}],"wp:attachment":[{"href":"http:\/\/blogdalucianaoliveira.com.br\/blog\/wp-json\/wp\/v2\/media?parent=33679"}],"wp:term":[{"taxonomy":"category","embeddable":true,"href":"http:\/\/blogdalucianaoliveira.com.br\/blog\/wp-json\/wp\/v2\/categories?post=33679"},{"taxonomy":"post_tag","embeddable":true,"href":"http:\/\/blogdalucianaoliveira.com.br\/blog\/wp-json\/wp\/v2\/tags?post=33679"}],"curies":[{"name":"wp","href":"https:\/\/api.w.org\/{rel}","templated":true}]}}