{"id":33687,"date":"2022-05-14T19:01:46","date_gmt":"2022-05-14T23:01:46","guid":{"rendered":"http:\/\/blogdalucianaoliveira.com.br\/blog\/?p=33687"},"modified":"2022-05-14T19:01:50","modified_gmt":"2022-05-14T23:01:50","slug":"uma-usina-que-promete-gerar-pouca-energia-e-muito-desmatamento","status":"publish","type":"post","link":"http:\/\/blogdalucianaoliveira.com.br\/blog\/2022\/05\/14\/uma-usina-que-promete-gerar-pouca-energia-e-muito-desmatamento\/","title":{"rendered":"Uma usina que promete gerar pouca energia e muito desmatamento"},"content":{"rendered":"\n<figure class=\"wp-block-image size-large\"><img data-recalc-dims=\"1\" loading=\"lazy\" decoding=\"async\" width=\"600\" height=\"316\" data-attachment-id=\"33688\" data-permalink=\"http:\/\/blogdalucianaoliveira.com.br\/blog\/2022\/05\/14\/uma-usina-que-promete-gerar-pouca-energia-e-muito-desmatamento\/52be57df-e9a0-4794-91fa-ba0610a707ab\/\" data-orig-file=\"https:\/\/i0.wp.com\/blogdalucianaoliveira.com.br\/blog\/wp-content\/uploads\/2022\/05\/52BE57DF-E9A0-4794-91FA-BA0610A707AB.jpeg?fit=731%2C385\" data-orig-size=\"731,385\" data-comments-opened=\"0\" data-image-meta=\"{&quot;aperture&quot;:&quot;0&quot;,&quot;credit&quot;:&quot;&quot;,&quot;camera&quot;:&quot;&quot;,&quot;caption&quot;:&quot;&quot;,&quot;created_timestamp&quot;:&quot;0&quot;,&quot;copyright&quot;:&quot;&quot;,&quot;focal_length&quot;:&quot;0&quot;,&quot;iso&quot;:&quot;0&quot;,&quot;shutter_speed&quot;:&quot;0&quot;,&quot;title&quot;:&quot;&quot;,&quot;orientation&quot;:&quot;0&quot;}\" data-image-title=\"52BE57DF-E9A0-4794-91FA-BA0610A707AB\" data-image-description=\"\" data-image-caption=\"\" data-medium-file=\"https:\/\/i0.wp.com\/blogdalucianaoliveira.com.br\/blog\/wp-content\/uploads\/2022\/05\/52BE57DF-E9A0-4794-91FA-BA0610A707AB.jpeg?fit=300%2C158\" data-large-file=\"https:\/\/i0.wp.com\/blogdalucianaoliveira.com.br\/blog\/wp-content\/uploads\/2022\/05\/52BE57DF-E9A0-4794-91FA-BA0610A707AB.jpeg?fit=600%2C316\" src=\"https:\/\/i0.wp.com\/blogdalucianaoliveira.com.br\/blog\/wp-content\/uploads\/2022\/05\/52BE57DF-E9A0-4794-91FA-BA0610A707AB.jpeg?resize=600%2C316\" alt=\"\" class=\"wp-image-33688\" srcset=\"https:\/\/i0.wp.com\/blogdalucianaoliveira.com.br\/blog\/wp-content\/uploads\/2022\/05\/52BE57DF-E9A0-4794-91FA-BA0610A707AB.jpeg?w=731 731w, https:\/\/i0.wp.com\/blogdalucianaoliveira.com.br\/blog\/wp-content\/uploads\/2022\/05\/52BE57DF-E9A0-4794-91FA-BA0610A707AB.jpeg?resize=300%2C158 300w, https:\/\/i0.wp.com\/blogdalucianaoliveira.com.br\/blog\/wp-content\/uploads\/2022\/05\/52BE57DF-E9A0-4794-91FA-BA0610A707AB.jpeg?resize=570%2C300 570w\" sizes=\"auto, (max-width: 600px) 100vw, 600px\" \/><\/figure>\n\n\n\n<p>Txai Suru\u00ed, na Folha de S\u00e3o Paulo &#8211; Para agravar ainda mais o caos instalado na Amaz\u00f4nia, tenta-se empurrar goela abaixo o projeto da hidrel\u00e9trica de Tabajara, que faz parte do PPI do Governo Federal.<\/p>\n\n\n\n<!--more-->\n\n\n\n<p>Mesmo prometendo apenas 235 MW de energia firme, a Diretoria de Licenciamento do Ibama buscou uma brecha para realizar audi\u00eancias p\u00fablicas antes da conclus\u00e3o do Estudo de Impacto Ambiental, contrariando os pareceres t\u00e9cnicos dos pr\u00f3prios analistas do Ibama.<\/p>\n\n\n\n<p>A primeira tentativa ocorreu em 2020, j\u00e1 durante a pandemia; o \u00f3rg\u00e3o tentou realizar um evento virtual para atender ao requisito da consulta p\u00fablica do processo de licenciamento. A tentativa foi impedida pela Justi\u00e7a Federal em favor de uma a\u00e7\u00e3o civil p\u00fablica do Minist\u00e9rio P\u00fablico Federal.<\/p>\n\n\n\n<p>A hidrel\u00e9trica foi projetada para barrar o rio Machado, em Machadinho d&#8217;Oeste, Rond\u00f4nia, pr\u00f3ximo \u00e0 divisa com o sul do Amazonas. O local \u00e9 cercado de territ\u00f3rios tradicionais ind\u00edgenas, ribeirinhos e extrativistas.<\/p>\n\n\n\n<p>No entorno est\u00e3o \u00e1reas protegidas como o Parque Nacional dos Campos Amaz\u00f4nicos, a Floresta Estadual de Rendimento Sustentado do Rio Machado, a\u00a0<a href=\"https:\/\/terrasindigenas.org.br\/pt-br\/terras-indigenas\/3869\">Terra Ind\u00edgena Tenharim Marmelos<\/a>\u00a0e a Reserva Extrativista Rio Preto Jacund\u00e1. Al\u00e9m disso, diversos povos ind\u00edgenas, reservas extrativistas e comunidades ribeirinhas foram exclu\u00eddos dos estudos.<\/p>\n\n\n\n<p>Embora o MPF, a Funai, a Secretaria Estadual de Meio Ambiente e o Movimento dos Atingidos por Barragens tenham denunciado essa invisibiliza\u00e7\u00e3o, a Diretoria de Licenciamento do Ibama se mostra determinada a atropelar esses povos.<\/p>\n\n\n\n<p>O Ibama recorreu, e o TRF-1 autorizou liminarmente realizar audi\u00eancias \u2014em desconformidade com a legisla\u00e7\u00e3o, que determina que somente podem ser realizadas ap\u00f3s os devidos estudos de impactos socioambientais\u2014, invertendo injustificavelmente as etapas do devido processo legal do licenciamento ambiental. As audi\u00eancias ocorreram em abril, e as contrarraz\u00f5es do MPF apresentadas em janeiro ainda n\u00e3o foram apreciadas.<\/p>\n\n\n\n<p>\u00c9 a regi\u00e3o com maior quantidade de reservas extrativistas do estado: 16 unidades. Por outro lado, \u00e9 um dos munic\u00edpios com a maior taxa de desmatamento da Amaz\u00f4nia, o que o torna tamb\u00e9m muito perigoso aos povos da floresta.<\/p>\n\n\n\n<p>Em 2016, uma miss\u00e3o do Conselho Nacional dos Direitos Humanos sobre a viol\u00eancia contra defensores de direitos humanos em Rond\u00f4nia apontou que pelo menos 16 defensores haviam sido assassinados na regi\u00e3o de Machadinho nos \u00faltimos dez anos.<\/p>\n\n\n\n<p>Considerando a conjuntura pol\u00edtica e econ\u00f4mica, este cen\u00e1rio de viol\u00eancia e destrui\u00e7\u00e3o da floresta certamente se agravaria com a migra\u00e7\u00e3o que seria atra\u00edda para a regi\u00e3o com a aprova\u00e7\u00e3o de Tabajara.<\/p>\n\n\n\n<p><a href=\"https:\/\/www1.folha.uol.com.br\/colunas\/txai-surui\/\">Txai Suru\u00ed<\/a> &#8211; Coordenadora da Associa\u00e7\u00e3o de Defesa Etnoambiental &#8211; Kanind\u00e9 e do Movimento da Juventude Ind\u00edgena de Rond\u00f4nia<\/p>\n","protected":false},"excerpt":{"rendered":"<p>Txai Suru\u00ed, na Folha de S\u00e3o Paulo &#8211; Para agravar ainda mais o caos instalado na Amaz\u00f4nia, tenta-se empurrar goela abaixo o projeto da hidrel\u00e9trica de Tabajara, que faz parte do PPI do Governo Federal.<\/p>\n","protected":false},"author":1,"featured_media":0,"comment_status":"closed","ping_status":"open","sticky":false,"template":"","format":"standard","meta":{"_exactmetrics_skip_tracking":false,"_exactmetrics_sitenote_active":false,"_exactmetrics_sitenote_note":"","_exactmetrics_sitenote_category":0,"jetpack_post_was_ever_published":false,"_jetpack_newsletter_access":"","_jetpack_dont_email_post_to_subs":false,"_jetpack_newsletter_tier_id":0,"_jetpack_memberships_contains_paywalled_content":false,"_jetpack_memberships_contains_paid_content":false,"footnotes":"","jetpack_publicize_message":"","jetpack_publicize_feature_enabled":true,"jetpack_social_post_already_shared":true,"jetpack_social_options":{"image_generator_settings":{"template":"highway","enabled":false},"version":2}},"categories":[1],"tags":[],"class_list":["post-33687","post","type-post","status-publish","format-standard","hentry","category-notas"],"jetpack_publicize_connections":[],"jetpack_sharing_enabled":true,"jetpack_featured_media_url":"","jetpack_shortlink":"https:\/\/wp.me\/p7wKYW-8Ll","jetpack-related-posts":[],"_links":{"self":[{"href":"http:\/\/blogdalucianaoliveira.com.br\/blog\/wp-json\/wp\/v2\/posts\/33687","targetHints":{"allow":["GET"]}}],"collection":[{"href":"http:\/\/blogdalucianaoliveira.com.br\/blog\/wp-json\/wp\/v2\/posts"}],"about":[{"href":"http:\/\/blogdalucianaoliveira.com.br\/blog\/wp-json\/wp\/v2\/types\/post"}],"author":[{"embeddable":true,"href":"http:\/\/blogdalucianaoliveira.com.br\/blog\/wp-json\/wp\/v2\/users\/1"}],"replies":[{"embeddable":true,"href":"http:\/\/blogdalucianaoliveira.com.br\/blog\/wp-json\/wp\/v2\/comments?post=33687"}],"version-history":[{"count":1,"href":"http:\/\/blogdalucianaoliveira.com.br\/blog\/wp-json\/wp\/v2\/posts\/33687\/revisions"}],"predecessor-version":[{"id":33689,"href":"http:\/\/blogdalucianaoliveira.com.br\/blog\/wp-json\/wp\/v2\/posts\/33687\/revisions\/33689"}],"wp:attachment":[{"href":"http:\/\/blogdalucianaoliveira.com.br\/blog\/wp-json\/wp\/v2\/media?parent=33687"}],"wp:term":[{"taxonomy":"category","embeddable":true,"href":"http:\/\/blogdalucianaoliveira.com.br\/blog\/wp-json\/wp\/v2\/categories?post=33687"},{"taxonomy":"post_tag","embeddable":true,"href":"http:\/\/blogdalucianaoliveira.com.br\/blog\/wp-json\/wp\/v2\/tags?post=33687"}],"curies":[{"name":"wp","href":"https:\/\/api.w.org\/{rel}","templated":true}]}}