{"id":33690,"date":"2022-05-16T09:54:13","date_gmt":"2022-05-16T13:54:13","guid":{"rendered":"http:\/\/blogdalucianaoliveira.com.br\/blog\/?p=33690"},"modified":"2022-05-16T09:54:16","modified_gmt":"2022-05-16T13:54:16","slug":"video-lula-lanca-campanha-lembrando-os-desmandos-do-governo-bolsonaro","status":"publish","type":"post","link":"http:\/\/blogdalucianaoliveira.com.br\/blog\/2022\/05\/16\/video-lula-lanca-campanha-lembrando-os-desmandos-do-governo-bolsonaro\/","title":{"rendered":"V\u00cdDEO: Lula lan\u00e7a campanha lembrando os desmandos do governo Bolsonaro"},"content":{"rendered":"\n<figure class=\"wp-block-image\"><img data-recalc-dims=\"1\" height=\"333\" width=\"600\" decoding=\"async\" src=\"https:\/\/i0.wp.com\/www.diariodocentrodomundo.com.br\/wp-content\/uploads\/2022\/05\/whatsapp-image-2022-05-15-at-23-14-30-600x333.jpeg?resize=600%2C333&#038;ssl=1\" alt=\"V\u00eddeo campanha Lula 2022\"\/><\/figure>\n\n\n\n<p><strong>DCM &#8211; <\/strong>Dizem que o brasileiro tem mem\u00f3ria curta, mas ser\u00e1 que tem mesmo? Em suas redes sociais, o ex-presidente e agora pr\u00e9-candidato \u00e0 Presidente da Rep\u00fablica, Luiz In\u00e1cio Lula da Silva (PT), lan\u00e7a campanha com v\u00eddeo lembrando os desmandos do governo atual.\u00a0<\/p>\n\n\n\n<!--more-->\n\n\n\n<p> Dizem que o brasileiro tem mem\u00f3ria curta, mas ser\u00e1 que tem mesmo? Segundo o filme de Diego Lisboa, n\u00e3o. Em suas redes sociais, o ex-presidente e agora pr\u00e9-candidato \u00e0 Presidente da Rep\u00fablica, Luiz In\u00e1cio Lula da Silva (PT), lan\u00e7ou, neste domingo (15), campanha com v\u00eddeo lembrando os desmandos do governo atual.<br> <br><\/p>\n\n\n\n<p>No trecho do filme publicado no Twitter do pr\u00e9-candidato, \u00e9 poss\u00edvel relembrar a \u00e9poca quando a economia brasileira cresceu cerca de 7,5% em 2010, a maior expans\u00e3o desde 1986, na \u00e9poca do governo Lula e a sensa\u00e7\u00e3o da popula\u00e7\u00e3o brasileiro. Representando o povo, C\u00e9lio Oliveira fala sobre como \u00e9 poss\u00edvel lembrar quando tudo mudou, para pior.<\/p>\n\n\n\n<p>Enchendo grande parte da popula\u00e7\u00e3o de esperan\u00e7a, dia 07 de maio foi o lan\u00e7amento da pr\u00e9-candidatura de Lula.<br><\/p>\n\n\n\n<p>\u201dMem\u00f3ria curta?&nbsp;<a href=\"https:\/\/twitter.com\/hashtag\/S%C3%B3QueN%C3%A3o?src=hashtag_click\">#S\u00f3QueN\u00e3o<\/a>. O povo sabe e lembra do que passamos. N\u00e3o esquecemos o golpe nem tudo que perdemos com o atual governo. O dia 7 de maio foi um marco na luta pela democracia e pela justi\u00e7a. A esperan\u00e7a voltou.&nbsp;<a href=\"https:\/\/twitter.com\/hashtag\/VamosJuntosPeloBrasil?src=hashtag_click\">#VamosJuntosPeloBrasil<\/a>&nbsp;<a href=\"https:\/\/twitter.com\/hashtag\/EquipeLula?src=hashtag_click\">#EquipeLula<\/a>\u201d \u2013 afirma o ex-presidente em suas redes sociais.&nbsp;<\/p>\n\n\n\n<p>Confira abaixo o post citado e o v\u00eddeo \u201dMem\u00f3ria Curta\u201d:<\/p>\n\n\n\n<figure><iframe allowfullscreen=\"true\" class=\"\" src=\"https:\/\/platform.twitter.com\/embed\/Tweet.html?dnt=true&amp;embedId=twitter-widget-0&amp;features=eyJ0ZndfZXhwZXJpbWVudHNfY29va2llX2V4cGlyYXRpb24iOnsiYnVja2V0IjoxMjA5NjAwLCJ2ZXJzaW9uIjpudWxsfSwidGZ3X3NlbnNpdGl2ZV9tZWRpYV9pbnRlcnN0aXRpYWxfMTM5NjMiOnsiYnVja2V0IjoiaW50ZXJzdGl0aWFsIiwidmVyc2lvbiI6bnVsbH0sInRmd190d2VldF9yZXN1bHRfbWlncmF0aW9uXzEzOTc5Ijp7ImJ1Y2tldCI6InR3ZWV0X3Jlc3VsdCIsInZlcnNpb24iOm51bGx9fQ%3D%3D&amp;frame=false&amp;hideCard=false&amp;hideThread=false&amp;id=1526008735868588038&amp;lang=pt&amp;origin=https%3A%2F%2Fwww.diariodocentrodomundo.com.br%2Fvideo-lula-lanca-campanha-lembrando-os-desmandos-do-governo-bolsonaro%2F&amp;sessionId=eed25dc21257984744789deca758e88f087ab344&amp;theme=light&amp;widgetsVersion=c8fe9736dd6fb%3A1649830956492&amp;width=550px\"><\/iframe><\/figure>\n","protected":false},"excerpt":{"rendered":"<p>DCM &#8211; Dizem que o brasileiro tem mem\u00f3ria curta, mas ser\u00e1 que tem mesmo? Em suas redes sociais, o ex-presidente e agora pr\u00e9-candidato \u00e0 Presidente da Rep\u00fablica, Luiz In\u00e1cio Lula da Silva (PT), lan\u00e7a campanha com v\u00eddeo lembrando os desmandos do governo atual.\u00a0<\/p>\n","protected":false},"author":1,"featured_media":0,"comment_status":"closed","ping_status":"open","sticky":false,"template":"","format":"standard","meta":{"_exactmetrics_skip_tracking":false,"_exactmetrics_sitenote_active":false,"_exactmetrics_sitenote_note":"","_exactmetrics_sitenote_category":0,"jetpack_post_was_ever_published":false,"_jetpack_newsletter_access":"","_jetpack_dont_email_post_to_subs":false,"_jetpack_newsletter_tier_id":0,"_jetpack_memberships_contains_paywalled_content":false,"_jetpack_memberships_contains_paid_content":false,"footnotes":"","jetpack_publicize_message":"","jetpack_publicize_feature_enabled":true,"jetpack_social_post_already_shared":true,"jetpack_social_options":{"image_generator_settings":{"template":"highway","enabled":false},"version":2}},"categories":[1],"tags":[249,715,78,717,718],"class_list":["post-33690","post","type-post","status-publish","format-standard","hentry","category-notas","tag-desemprego","tag-inflacao","tag-lula","tag-lula-presidente","tag-memoria-curta"],"jetpack_publicize_connections":[],"jetpack_sharing_enabled":true,"jetpack_featured_media_url":"","jetpack_shortlink":"https:\/\/wp.me\/p7wKYW-8Lo","jetpack-related-posts":[],"_links":{"self":[{"href":"http:\/\/blogdalucianaoliveira.com.br\/blog\/wp-json\/wp\/v2\/posts\/33690","targetHints":{"allow":["GET"]}}],"collection":[{"href":"http:\/\/blogdalucianaoliveira.com.br\/blog\/wp-json\/wp\/v2\/posts"}],"about":[{"href":"http:\/\/blogdalucianaoliveira.com.br\/blog\/wp-json\/wp\/v2\/types\/post"}],"author":[{"embeddable":true,"href":"http:\/\/blogdalucianaoliveira.com.br\/blog\/wp-json\/wp\/v2\/users\/1"}],"replies":[{"embeddable":true,"href":"http:\/\/blogdalucianaoliveira.com.br\/blog\/wp-json\/wp\/v2\/comments?post=33690"}],"version-history":[{"count":2,"href":"http:\/\/blogdalucianaoliveira.com.br\/blog\/wp-json\/wp\/v2\/posts\/33690\/revisions"}],"predecessor-version":[{"id":33692,"href":"http:\/\/blogdalucianaoliveira.com.br\/blog\/wp-json\/wp\/v2\/posts\/33690\/revisions\/33692"}],"wp:attachment":[{"href":"http:\/\/blogdalucianaoliveira.com.br\/blog\/wp-json\/wp\/v2\/media?parent=33690"}],"wp:term":[{"taxonomy":"category","embeddable":true,"href":"http:\/\/blogdalucianaoliveira.com.br\/blog\/wp-json\/wp\/v2\/categories?post=33690"},{"taxonomy":"post_tag","embeddable":true,"href":"http:\/\/blogdalucianaoliveira.com.br\/blog\/wp-json\/wp\/v2\/tags?post=33690"}],"curies":[{"name":"wp","href":"https:\/\/api.w.org\/{rel}","templated":true}]}}