{"id":33696,"date":"2022-05-16T10:32:30","date_gmt":"2022-05-16T14:32:30","guid":{"rendered":"http:\/\/blogdalucianaoliveira.com.br\/blog\/?p=33696"},"modified":"2022-05-16T10:32:35","modified_gmt":"2022-05-16T14:32:35","slug":"defensoria-vai-ao-stf-por-gratuidade-na-retificacao-do-registro-civil-de-trans","status":"publish","type":"post","link":"http:\/\/blogdalucianaoliveira.com.br\/blog\/2022\/05\/16\/defensoria-vai-ao-stf-por-gratuidade-na-retificacao-do-registro-civil-de-trans\/","title":{"rendered":"Defensoria vai ao STF por gratuidade na retifica\u00e7\u00e3o do registro civil de trans"},"content":{"rendered":"\n<figure class=\"wp-block-image\"><img data-recalc-dims=\"1\" decoding=\"async\" src=\"https:\/\/i0.wp.com\/p2.trrsf.com\/image\/fget\/cf\/648\/0\/images.terra.com\/2022\/05\/16\/certidao-vb6aum94uzp2.jpg?w=600&#038;ssl=1\" alt=\"Segundo a Defensoria, tal entendimento tem gerado preju\u00edzo as pessoas pobres, principalmente as assistidas pela Defensoria P\u00fablica,\"\/><\/figure>\n\n\n\n<p>\u00d3rg\u00e3o considera que a cobran\u00e7a de taxas para a realiza\u00e7\u00e3o da mudan\u00e7a implica em \u2018descumprimento\u2019 da decis\u00e3o da Corte m\u00e1xima.<\/p>\n\n\n\n<p><strong>Portal Terra &#8211; <\/strong>A Defensoria P\u00fablica de S\u00e3o Paulo acionou o Supremo Tribunal Federal para garantir a gratuidade da retifica\u00e7\u00e3o do nome e g\u00eanero de pessoas\u00a0trans. O \u00f3rg\u00e3o considera que a cobran\u00e7a de taxas para a realiza\u00e7\u00e3o da mudan\u00e7a implica em &#8220;descumprimento&#8221; da decis\u00e3o da Corte m\u00e1xima que garantiu \u00e0 popula\u00e7\u00e3o\u00a0trans\u00a0o direito de alterar o registro civil diretamente em cart\u00f3rios.<br><br>Em reclama\u00e7\u00e3o endere\u00e7ada ao ministro Lu\u00eds Roberto Barroso, relator da a\u00e7\u00e3o que garantiu a pessoas\u00a0trans\u00a0o direito \u00e0 retifica\u00e7\u00e3o civil, a Defensoria questiona ato da Corregedoria Geral do Tribunal de Justi\u00e7a de S\u00e3o Paulo. Os defensores narram que o \u00f3rg\u00e3o negou a &#8220;possibilidade de concess\u00e3o da gratuidade para a requalifica\u00e7\u00e3o civil de pessoas\u00a0transg\u00eaneros vulner\u00e1veis no Estado de S\u00e3o Paulo&#8221; sob a alega\u00e7\u00e3o de &#8220;inexist\u00eancia de norma legal&#8221;.<br><br>Segundo a reclama\u00e7\u00e3o, tal entendimento tem gerado preju\u00edzo \u00e0s pessoas pobres, principalmente as assistidas pela Defensoria P\u00fablica, uma vez que, para que os pedidos sejam gratuitos, ou seja, sem pagamento de custas, eles precisam ser judicializados.<br><br>\u201cFatores provocados pela desigualdade de g\u00eanero e pela LGBTfobia demonstram que, em regra, as pessoas\u00a0transg\u00eaneros estar\u00e3o, fatalmente, entre as mais vulner\u00e1veis economicamente, de modo que o pagamento de emolumentos e outros atos para registro e averba\u00e7\u00e3o da requalifica\u00e7\u00e3o civil comprometer\u00e1 sua subsist\u00eancia\u201d registra a\u00e7\u00e3o assinada pelos defensores Vinicius Concei\u00e7\u00e3o Silva e Yasmin Oliveira Mercadante Pestana, coordenadores do N\u00facleo Especializado de Defesa da Diversidade e da Igualdade Racial da Defensoria.<br><br>O \u00f3rg\u00e3o ressalta que os custos para a requalifica\u00e7\u00e3o civil de pessoas\u00a0trans\u00a0em S\u00e3o Paulo s\u00e3o estimados em R$ 500,00. A Defensoria contrap\u00f5e tal informa\u00e7\u00e3o com o contexto das pessoas\u00a0trans, lembrando que estat\u00edsticas demonstram a situa\u00e7\u00e3o de &#8220;hipossufici\u00eancia extrema vulnerabilidade que atinge a esmagadora maioria&#8221; de tal popula\u00e7\u00e3o no Pa\u00eds.<br><br>Outro argumento apresentado pela Defensoria na reclama\u00e7\u00e3o ao STF \u00e9 o de que o procedimento de requalifica\u00e7\u00e3o civil das pessoas\u00a0trans\u00a0equipara-se ao primeiro registro, que \u00e9 gratuito.<br><br>\u201cTem-se, portanto, que a desburocratiza\u00e7\u00e3o da retifica\u00e7\u00e3o de prenome e g\u00eanero para as pessoas\u00a0transg\u00eaneros, tal como decidida na ADI n. 4275, n\u00e3o estar\u00e1 plenamente assegurada enquanto n\u00e3o for poss\u00edvel aos hipossuficientes realizar o procedimento independentemente do pagamento de custas e emolumentos\u201d, ressalta a Defensoria na a\u00e7\u00e3o.<br><br>Segundo a Defensoria, o pedido visa garantir e proteger direitos como dignidade da pessoa humana; igualdade e veda\u00e7\u00e3o \u00e0 discrimina\u00e7\u00e3o da popula\u00e7\u00e3o\u00a0transg\u00eanero empobrecida; e direitos da personalidade, notadamente a garantia de um procedimento de requalifica\u00e7\u00e3o civil n\u00e3o burocr\u00e1tico, r\u00e1pido, eficaz e sem constrangimentos para quem n\u00e3o pode pagar as custas e emolumentos.<br><\/p>\n","protected":false},"excerpt":{"rendered":"<p>\u00d3rg\u00e3o considera que a cobran\u00e7a de taxas para a realiza\u00e7\u00e3o da mudan\u00e7a implica em \u2018descumprimento\u2019 da decis\u00e3o da Corte m\u00e1xima. Portal Terra &#8211; A Defensoria P\u00fablica de S\u00e3o Paulo acionou o Supremo Tribunal Federal para garantir a gratuidade da retifica\u00e7\u00e3o do nome e g\u00eanero de pessoas\u00a0trans. O \u00f3rg\u00e3o considera que a cobran\u00e7a de taxas para&#8230;<a class=\"more-link\" href=\"http:\/\/blogdalucianaoliveira.com.br\/blog\/2022\/05\/16\/defensoria-vai-ao-stf-por-gratuidade-na-retificacao-do-registro-civil-de-trans\/\">Continue a leitura <span class=\"meta-nav\">&raquo;<\/span><\/a><\/p>\n","protected":false},"author":1,"featured_media":0,"comment_status":"closed","ping_status":"open","sticky":false,"template":"","format":"standard","meta":{"_exactmetrics_skip_tracking":false,"_exactmetrics_sitenote_active":false,"_exactmetrics_sitenote_note":"","_exactmetrics_sitenote_category":0,"jetpack_post_was_ever_published":false,"_jetpack_newsletter_access":"","_jetpack_dont_email_post_to_subs":false,"_jetpack_newsletter_tier_id":0,"_jetpack_memberships_contains_paywalled_content":false,"_jetpack_memberships_contains_paid_content":false,"footnotes":"","jetpack_publicize_message":"","jetpack_publicize_feature_enabled":true,"jetpack_social_post_already_shared":true,"jetpack_social_options":{"image_generator_settings":{"template":"highway","enabled":false},"version":2}},"categories":[1],"tags":[722,30,721],"class_list":["post-33696","post","type-post","status-publish","format-standard","hentry","category-notas","tag-registro","tag-stf","tag-trans"],"jetpack_publicize_connections":[],"jetpack_sharing_enabled":true,"jetpack_featured_media_url":"","jetpack_shortlink":"https:\/\/wp.me\/p7wKYW-8Lu","jetpack-related-posts":[],"_links":{"self":[{"href":"http:\/\/blogdalucianaoliveira.com.br\/blog\/wp-json\/wp\/v2\/posts\/33696","targetHints":{"allow":["GET"]}}],"collection":[{"href":"http:\/\/blogdalucianaoliveira.com.br\/blog\/wp-json\/wp\/v2\/posts"}],"about":[{"href":"http:\/\/blogdalucianaoliveira.com.br\/blog\/wp-json\/wp\/v2\/types\/post"}],"author":[{"embeddable":true,"href":"http:\/\/blogdalucianaoliveira.com.br\/blog\/wp-json\/wp\/v2\/users\/1"}],"replies":[{"embeddable":true,"href":"http:\/\/blogdalucianaoliveira.com.br\/blog\/wp-json\/wp\/v2\/comments?post=33696"}],"version-history":[{"count":1,"href":"http:\/\/blogdalucianaoliveira.com.br\/blog\/wp-json\/wp\/v2\/posts\/33696\/revisions"}],"predecessor-version":[{"id":33697,"href":"http:\/\/blogdalucianaoliveira.com.br\/blog\/wp-json\/wp\/v2\/posts\/33696\/revisions\/33697"}],"wp:attachment":[{"href":"http:\/\/blogdalucianaoliveira.com.br\/blog\/wp-json\/wp\/v2\/media?parent=33696"}],"wp:term":[{"taxonomy":"category","embeddable":true,"href":"http:\/\/blogdalucianaoliveira.com.br\/blog\/wp-json\/wp\/v2\/categories?post=33696"},{"taxonomy":"post_tag","embeddable":true,"href":"http:\/\/blogdalucianaoliveira.com.br\/blog\/wp-json\/wp\/v2\/tags?post=33696"}],"curies":[{"name":"wp","href":"https:\/\/api.w.org\/{rel}","templated":true}]}}