{"id":33698,"date":"2022-05-17T10:08:09","date_gmt":"2022-05-17T14:08:09","guid":{"rendered":"http:\/\/blogdalucianaoliveira.com.br\/blog\/?p=33698"},"modified":"2022-05-17T10:08:13","modified_gmt":"2022-05-17T14:08:13","slug":"cinco-pessoas-lgbtqia-sao-mortas-por-semana-no-brasil-veja-os-dados","status":"publish","type":"post","link":"http:\/\/blogdalucianaoliveira.com.br\/blog\/2022\/05\/17\/cinco-pessoas-lgbtqia-sao-mortas-por-semana-no-brasil-veja-os-dados\/","title":{"rendered":"Cinco pessoas LGBTQIA+ s\u00e3o mortas por semana no Brasil; veja os dados"},"content":{"rendered":"\n<figure class=\"wp-block-image size-large\"><img loading=\"lazy\" decoding=\"async\" width=\"1169\" height=\"800\" data-attachment-id=\"33699\" data-permalink=\"http:\/\/blogdalucianaoliveira.com.br\/blog\/2022\/05\/17\/cinco-pessoas-lgbtqia-sao-mortas-por-semana-no-brasil-veja-os-dados\/046c074f-d951-4f59-bf4d-06d6c70b7ff9\/\" data-orig-file=\"https:\/\/i0.wp.com\/blogdalucianaoliveira.com.br\/blog\/wp-content\/uploads\/2022\/05\/046C074F-D951-4F59-BF4D-06D6C70B7FF9.jpeg?fit=1169%2C800\" data-orig-size=\"1169,800\" data-comments-opened=\"0\" data-image-meta=\"{&quot;aperture&quot;:&quot;0&quot;,&quot;credit&quot;:&quot;&quot;,&quot;camera&quot;:&quot;&quot;,&quot;caption&quot;:&quot;&quot;,&quot;created_timestamp&quot;:&quot;0&quot;,&quot;copyright&quot;:&quot;&quot;,&quot;focal_length&quot;:&quot;0&quot;,&quot;iso&quot;:&quot;0&quot;,&quot;shutter_speed&quot;:&quot;0&quot;,&quot;title&quot;:&quot;&quot;,&quot;orientation&quot;:&quot;0&quot;}\" data-image-title=\"046C074F-D951-4F59-BF4D-06D6C70B7FF9\" data-image-description=\"\" data-image-caption=\"\" data-medium-file=\"https:\/\/i0.wp.com\/blogdalucianaoliveira.com.br\/blog\/wp-content\/uploads\/2022\/05\/046C074F-D951-4F59-BF4D-06D6C70B7FF9.jpeg?fit=300%2C205\" data-large-file=\"https:\/\/i0.wp.com\/blogdalucianaoliveira.com.br\/blog\/wp-content\/uploads\/2022\/05\/046C074F-D951-4F59-BF4D-06D6C70B7FF9.jpeg?fit=600%2C411\" src=\"https:\/\/i0.wp.com\/blogdalucianaoliveira.com.br\/blog\/wp-content\/uploads\/2022\/05\/046C074F-D951-4F59-BF4D-06D6C70B7FF9.jpeg?fit=600%2C411\" alt=\"\" class=\"wp-image-33699\" srcset=\"https:\/\/i0.wp.com\/blogdalucianaoliveira.com.br\/blog\/wp-content\/uploads\/2022\/05\/046C074F-D951-4F59-BF4D-06D6C70B7FF9.jpeg?w=1169 1169w, https:\/\/i0.wp.com\/blogdalucianaoliveira.com.br\/blog\/wp-content\/uploads\/2022\/05\/046C074F-D951-4F59-BF4D-06D6C70B7FF9.jpeg?resize=300%2C205 300w, https:\/\/i0.wp.com\/blogdalucianaoliveira.com.br\/blog\/wp-content\/uploads\/2022\/05\/046C074F-D951-4F59-BF4D-06D6C70B7FF9.jpeg?resize=1024%2C701 1024w, https:\/\/i0.wp.com\/blogdalucianaoliveira.com.br\/blog\/wp-content\/uploads\/2022\/05\/046C074F-D951-4F59-BF4D-06D6C70B7FF9.jpeg?resize=768%2C526 768w, https:\/\/i0.wp.com\/blogdalucianaoliveira.com.br\/blog\/wp-content\/uploads\/2022\/05\/046C074F-D951-4F59-BF4D-06D6C70B7FF9.jpeg?resize=438%2C300 438w\" sizes=\"auto, (max-width: 600px) 100vw, 600px\" \/><\/figure>\n\n\n\n<h4 class=\"wp-block-heading\">O 17 de maio marca a data em que a OMS retirou a homossexualidade da lista de doen\u00e7as, em 1990; por\u00e9m, apesar de avan\u00e7os, viol\u00eancia contra LGBTQIA+ em todo o pa\u00eds ainda persiste, com mais de 5 assassinatos por semana&nbsp;<\/h4>\n\n\n\n<!--more-->\n\n\n\n<p><a href=\"https:\/\/news.google.com\/publications\/CAAqBwgKMN7PiQswsrebAw?oc=3&amp;ceid=BR:pt-419\" target=\"_blank\" rel=\"noreferrer noopener\"><\/a><\/p>\n\n\n\n<p>O Tempo, por Juliana Siqueira &#8211; Um dia n\u00e3o para comemorar, mas para reverenciar as lutas de uma comunidade que ainda sofre com a discrimina\u00e7\u00e3o e com a viol\u00eancia. Para Azilton Viana, vice-presidente do Centro de Luta pela Livre Orienta\u00e7\u00e3o Sexual de Minas Gerais, esse \u00e9 o significado desse 17 de maio.<br><br>A data marca o Dia Internacional Contra a Homofobia, Transfobia e Bifobia e mostra que ainda h\u00e1 muito a ser feito: s\u00f3 no ano passado em todo o pa\u00eds, foram registrados pelo menos cinco assassinatos por semana de pessoas LGBTQIA+. Os dados divulgados pelo Observat\u00f3rio de Mortes e Viol\u00eancias contra LGBTI+ ainda revelam que o n\u00famero aumentou 21,9% em compara\u00e7\u00e3o a 2020, saltando de 215 para 262.<\/p>\n\n\n\n<p>\u201cO dia 17 de maio representa uma luta. Essas datas n\u00e3o s\u00e3o \u2018de comemorar\u2019.&nbsp; Como vamos comemorar em meio a tanta viol\u00eancia e mortes? N\u00f3s n\u00e3o somos doentes e fazemos parte da sociedade, que deve ser plural, diversa\u201d, diz Viana.<\/p>\n\n\n\n<p>A luta para provar que pessoas LGBTQIA+ n\u00e3o s\u00e3o doentes, ali\u00e1s, n\u00e3o \u00e9 de hoje, conforme Viana. Foi em 17 de maio de 1990 que a Organiza\u00e7\u00e3o Mundial da Sa\u00fade (OMS) retirou a homossexualidade da Classifica\u00e7\u00e3o\u2002Estat\u00edstica\u2002Internacional\u2002de\u2002Doen\u00e7as\u2002e\u2002Problemas\u2002Relacionados\u2002\u00e0 Sa\u00fade (CID). Por\u00e9m, na pr\u00e1tica, falta muitas vezes o reconhecimento social, segundo Viana. \u201cAinda h\u00e1 muitos que defendem a \u2018cura gay\u2019. Isso n\u00e3o existe\u201d, diz ele.<\/p>\n\n\n\n<p>Embora membros da comunidade LGBTQIA+ consigam falar por horas sobre a viol\u00eancia e o preconceito com que se deparam todos os dias, faltam dados que traduzam esse cen\u00e1rio. Em Minas Gerais, por exemplo, n\u00e3o h\u00e1 n\u00fameros computados. A Secretaria de Estado de Justi\u00e7a e Seguran\u00e7a P\u00fablica (Sejusp) destaca que h\u00e1 o Registro de Eventos de Defesa Social (Reds) que, em seus campos, traz a \u201ccausa presumida\u201d para os crimes, com op\u00e7\u00f5es de marca\u00e7\u00e3o que incluem homofobia, lesbofobia, bifobia e transfobia. No entanto, os dados n\u00e3o foram consolidados.<\/p>\n\n\n\n<p>Por indisponibilidade sist\u00eamica tais dados ainda n\u00e3o foram inclu\u00eddos no armaz\u00e9m de dados, ferramenta utilizada para a consolida\u00e7\u00e3o e a capta\u00e7\u00e3o de todos os registros\u201d, diz a Sejusp. \u201cAs manuten\u00e7\u00f5es para a inclus\u00e3o das vari\u00e1veis est\u00e3o em an\u00e1lise e t\u00e3o logo elas estejam ativas poder\u00e3o ser disponibilizadas\u201d, justifica a pasta.&nbsp;<\/p>\n\n\n\n<p>\u201cApesar de n\u00e3o existir a divulga\u00e7\u00e3o dos n\u00fameros exatos no Estado, o arte-educador Danilo Filho, de 38 anos, ressalta que os traumas em meio \u00e0 comunidade LGBTQIA+ s\u00e3o reais e marcam a vida das pessoas, muitas vezes, desde os seus primeiros anos. \u201cUm dos nossos principais desafios \u00e9 lidar com os traumas, desde que nos entendemos como seres diversos do que a sociedade acredita que devemos ser. Esses traumas ficam grudados na nossa exist\u00eancia\u201d, diz ele.<\/p>\n\n\n\n<h2 class=\"wp-block-heading\">\u201cN\u00e3o \u00e9 sobre enfrentamento\u201d<\/h2>\n\n\n\n<p>Outro desafio da comunidade LGBTQIA+, para Danilo Filho, \u00e9 o de lidar com os olhares repressivos da sociedade, \u201csendo que n\u00e3o h\u00e1 raz\u00e3o de repreens\u00e3o\u201d, afirma ele. O arte-educador defende que eles s\u00f3 querem amar, sem sofrer retalia\u00e7\u00f5es, sem precisar se esconder. Isso, diz, n\u00e3o tem nada a ver com a ideia de \u201cenfrentamento\u201d, mas com a pura e simples exist\u00eancia.<\/p>\n\n\n\n<p>\u201cAs pessoas s\u00e3o ouvidas e nessa escuta h\u00e1 a compreens\u00e3o da especificidade de cada caso. Al\u00e9m de tratarmos as demandas, n\u00f3s as articulamos e encaminhamos para a nossa rede, que envolve agentes da seguran\u00e7a, sa\u00fade, educa\u00e7\u00e3o\u201d, diz ele.<\/p>\n\n\n\n<p>Os atendimentos no espa\u00e7o s\u00f3 aumentam &#8211; saltaram de 165 em 2017 para 1.561 em 2019. Entre as principais demandas levadas pelas pessoas est\u00e3o a dificuldade de se inserir no mercado de trabalho, segundo Dias. \u201cExiste o preconceito aliado \u00e0 quest\u00e3o da pr\u00f3pria economia do pa\u00eds, o que gera, para eles, um contexto de maior dificuldade de acesso e perman\u00eancia nos espa\u00e7os de trabalho\u201d, afirma.<\/p>\n\n\n\n<p>Al\u00e9m disso, acrescenta Dias, 25% da popula\u00e7\u00e3o atendida no local mora nas ruas de Belo Horizonte. Muitas vezes, afirma ele, s\u00e3o pessoas desabrigadas justamente por conta de todo o ciclo de viol\u00eancia que envolve a vida da comunidade LGBTQIA+ at\u00e9 que deixem suas pr\u00f3prias casas. \u201cH\u00e1 um p\u00fablico grande v\u00edtima de viol\u00eancia e de viola\u00e7\u00e3o de direitos\u201d, destaca ele.<\/p>\n","protected":false},"excerpt":{"rendered":"<p>O 17 de maio marca a data em que a OMS retirou a homossexualidade da lista de doen\u00e7as, em 1990; por\u00e9m, apesar de avan\u00e7os, viol\u00eancia contra LGBTQIA+ em todo o pa\u00eds ainda persiste, com mais de 5 assassinatos por semana&nbsp;<\/p>\n","protected":false},"author":1,"featured_media":0,"comment_status":"closed","ping_status":"open","sticky":false,"template":"","format":"standard","meta":{"_exactmetrics_skip_tracking":false,"_exactmetrics_sitenote_active":false,"_exactmetrics_sitenote_note":"","_exactmetrics_sitenote_category":0,"jetpack_post_was_ever_published":false,"_jetpack_newsletter_access":"","_jetpack_dont_email_post_to_subs":false,"_jetpack_newsletter_tier_id":0,"_jetpack_memberships_contains_paywalled_content":false,"_jetpack_memberships_contains_paid_content":false,"footnotes":"","jetpack_publicize_message":"","jetpack_publicize_feature_enabled":true,"jetpack_social_post_already_shared":true,"jetpack_social_options":{"image_generator_settings":{"template":"highway","enabled":false},"version":2}},"categories":[1],"tags":[658],"class_list":["post-33698","post","type-post","status-publish","format-standard","hentry","category-notas","tag-lgbtqia"],"jetpack_publicize_connections":[],"jetpack_sharing_enabled":true,"jetpack_featured_media_url":"","jetpack_shortlink":"https:\/\/wp.me\/p7wKYW-8Lw","jetpack-related-posts":[],"_links":{"self":[{"href":"http:\/\/blogdalucianaoliveira.com.br\/blog\/wp-json\/wp\/v2\/posts\/33698","targetHints":{"allow":["GET"]}}],"collection":[{"href":"http:\/\/blogdalucianaoliveira.com.br\/blog\/wp-json\/wp\/v2\/posts"}],"about":[{"href":"http:\/\/blogdalucianaoliveira.com.br\/blog\/wp-json\/wp\/v2\/types\/post"}],"author":[{"embeddable":true,"href":"http:\/\/blogdalucianaoliveira.com.br\/blog\/wp-json\/wp\/v2\/users\/1"}],"replies":[{"embeddable":true,"href":"http:\/\/blogdalucianaoliveira.com.br\/blog\/wp-json\/wp\/v2\/comments?post=33698"}],"version-history":[{"count":1,"href":"http:\/\/blogdalucianaoliveira.com.br\/blog\/wp-json\/wp\/v2\/posts\/33698\/revisions"}],"predecessor-version":[{"id":33700,"href":"http:\/\/blogdalucianaoliveira.com.br\/blog\/wp-json\/wp\/v2\/posts\/33698\/revisions\/33700"}],"wp:attachment":[{"href":"http:\/\/blogdalucianaoliveira.com.br\/blog\/wp-json\/wp\/v2\/media?parent=33698"}],"wp:term":[{"taxonomy":"category","embeddable":true,"href":"http:\/\/blogdalucianaoliveira.com.br\/blog\/wp-json\/wp\/v2\/categories?post=33698"},{"taxonomy":"post_tag","embeddable":true,"href":"http:\/\/blogdalucianaoliveira.com.br\/blog\/wp-json\/wp\/v2\/tags?post=33698"}],"curies":[{"name":"wp","href":"https:\/\/api.w.org\/{rel}","templated":true}]}}