{"id":33701,"date":"2022-05-17T10:15:00","date_gmt":"2022-05-17T14:15:00","guid":{"rendered":"http:\/\/blogdalucianaoliveira.com.br\/blog\/?p=33701"},"modified":"2022-05-17T10:16:26","modified_gmt":"2022-05-17T14:16:26","slug":"dia-mundial-de-combate-a-lgbtfobia-7-fatos-mostram-que-ha-pouco-ou-quase-nada-para-se-celebrar","status":"publish","type":"post","link":"http:\/\/blogdalucianaoliveira.com.br\/blog\/2022\/05\/17\/dia-mundial-de-combate-a-lgbtfobia-7-fatos-mostram-que-ha-pouco-ou-quase-nada-para-se-celebrar\/","title":{"rendered":"Dia Mundial de Combate \u00e0 LGBTfobia: 7 fatos mostram que h\u00e1 pouco ou quase nada para se celebrar"},"content":{"rendered":"\n<figure class=\"wp-block-image size-large\"><img data-recalc-dims=\"1\" loading=\"lazy\" decoding=\"async\" width=\"600\" height=\"338\" data-attachment-id=\"33702\" data-permalink=\"http:\/\/blogdalucianaoliveira.com.br\/blog\/2022\/05\/17\/dia-mundial-de-combate-a-lgbtfobia-7-fatos-mostram-que-ha-pouco-ou-quase-nada-para-se-celebrar\/fec5206f-0634-4681-9cf9-84351bfbc7ff\/\" data-orig-file=\"https:\/\/i0.wp.com\/blogdalucianaoliveira.com.br\/blog\/wp-content\/uploads\/2022\/05\/FEC5206F-0634-4681-9CF9-84351BFBC7FF.png?fit=608%2C342\" data-orig-size=\"608,342\" data-comments-opened=\"0\" data-image-meta=\"{&quot;aperture&quot;:&quot;0&quot;,&quot;credit&quot;:&quot;&quot;,&quot;camera&quot;:&quot;&quot;,&quot;caption&quot;:&quot;&quot;,&quot;created_timestamp&quot;:&quot;0&quot;,&quot;copyright&quot;:&quot;&quot;,&quot;focal_length&quot;:&quot;0&quot;,&quot;iso&quot;:&quot;0&quot;,&quot;shutter_speed&quot;:&quot;0&quot;,&quot;title&quot;:&quot;&quot;,&quot;orientation&quot;:&quot;0&quot;}\" data-image-title=\"FEC5206F-0634-4681-9CF9-84351BFBC7FF\" data-image-description=\"\" data-image-caption=\"\" data-medium-file=\"https:\/\/i0.wp.com\/blogdalucianaoliveira.com.br\/blog\/wp-content\/uploads\/2022\/05\/FEC5206F-0634-4681-9CF9-84351BFBC7FF.png?fit=300%2C169\" data-large-file=\"https:\/\/i0.wp.com\/blogdalucianaoliveira.com.br\/blog\/wp-content\/uploads\/2022\/05\/FEC5206F-0634-4681-9CF9-84351BFBC7FF.png?fit=600%2C338\" src=\"https:\/\/i0.wp.com\/blogdalucianaoliveira.com.br\/blog\/wp-content\/uploads\/2022\/05\/FEC5206F-0634-4681-9CF9-84351BFBC7FF.png?resize=600%2C338\" alt=\"\" class=\"wp-image-33702\" srcset=\"https:\/\/i0.wp.com\/blogdalucianaoliveira.com.br\/blog\/wp-content\/uploads\/2022\/05\/FEC5206F-0634-4681-9CF9-84351BFBC7FF.png?w=608 608w, https:\/\/i0.wp.com\/blogdalucianaoliveira.com.br\/blog\/wp-content\/uploads\/2022\/05\/FEC5206F-0634-4681-9CF9-84351BFBC7FF.png?resize=300%2C169 300w, https:\/\/i0.wp.com\/blogdalucianaoliveira.com.br\/blog\/wp-content\/uploads\/2022\/05\/FEC5206F-0634-4681-9CF9-84351BFBC7FF.png?resize=533%2C300 533w\" sizes=\"auto, (max-width: 600px) 100vw, 600px\" \/><\/figure>\n\n\n\n<p>No Ocidente governos, partidos pol\u00edticos e grupos organizados da sociedade civil promovem persegui\u00e7\u00e3o e viol\u00eancias contra as pessoas LGBTQIA+.<\/p>\n\n\n\n<!--more-->\n\n\n\n<p>Na F\u00f3rum &#8211; Nesta ter\u00e7a-feira (17) celebra-se o&nbsp;Dia Mundial de Combate \u00e0 LGBTfobia, pois, foi neste dia que, no ano de 1990, a Organiza\u00e7\u00e3o Mundial de Sa\u00fade (OMS) retirou a homossexualidade da lista de doen\u00e7as (CID). No entanto, h\u00e1 pouco para celebrar.&nbsp;<\/p>\n\n\n\n<p>Em v\u00e1rias partes do mundo, apesar da garantia dos direitos civis como casamento civil e direito ao nome social, a vida das LGBTQIA+ tem sido marcada por persegui\u00e7\u00e3o por parte de governos e partidos pol\u00edticos e aumento da viol\u00eancia.\u00a0<br><\/p>\n\n\n\n<p>No s\u00e9culo XXI, tanto\u00a0no Brasil como em outros pa\u00edses, as LGBTQIA+ vivem um momento profundamente paradoxal, de um lado a elei\u00e7\u00e3o de parlamentares bem como pessoas LGBTs al\u00e7adas a cargos de alto escal\u00e3o de alguns governos e a elei\u00e7\u00e3o de parlamentares e governantes calcados no discurso de \u00f3dio.<\/p>\n\n\n\n<p>Diante de tal cen\u00e1rio, elencamos abaixo 7&nbsp;retrocessos que a comunidade LGBTQIA+ somou nos \u00faltimos anos.&nbsp;<br><\/p>\n\n\n\n<p><strong>1 &#8211; Bolsonaro<\/strong>. A elei\u00e7\u00e3o do atual mandat\u00e1rio do Pal\u00e1cio do Planalto por si s\u00f3 j\u00e1 foi uma grande derrota para a comunidade. N\u00e3o obstante, ao tomar posse descontinuou todas as pol\u00edticas LGBTQIA+ que eram executadas pelos governos Lula (2022-10) e Dilma Rousseff (2010-16).&nbsp;<br><\/p>\n\n\n\n<p><strong>2 &#8211; Viktor Orb\u00e1n&nbsp;<\/strong>vence elei\u00e7\u00e3o na Hungria.&nbsp;<a href=\"https:\/\/revistaforum.com.br\/global\/2022\/4\/3\/orban-vence-eleio-na-hungria-conquista-quinto-mandato-112468.html\" target=\"_blank\" rel=\"noreferrer noopener\">O atual primeiro-ministro da Hungria venceu o \u00faltimo pleito com uma campanha calcada no discurso de \u00f3dio contra as LGBTQIA+.<\/a>&nbsp;Por mais de uma vez declarou que a &#8220;ideologia LGBT \u00e9 mais nefasta que o comunismo&#8221; e, portanto, deve ser combatida.&nbsp;&nbsp;<\/p>\n\n\n\n<p><strong>3 &#8211; Zonas livres da ideologia LGBTQIA+&nbsp;<\/strong>continuam a figurar na Pol\u00f4nia. O governo do pa\u00eds, comandado por Andrzej Duda, pol\u00edtico da extrema direita, &#8220;presenteia&#8221; com incentivos fiscais os munic\u00edpios que aderirem \u00e0 pol\u00edtica das &#8220;zonas livres da ideologia LGBT&#8221;.&nbsp;&nbsp;<\/p>\n\n\n\n<p><strong>4 &#8211; Extrema direita dos EUA promove persegui\u00e7\u00e3o contra as LGBTQIA+.&nbsp;<\/strong>Apesar de ter retirado da presid\u00eancia o republicano Donald Trump,&nbsp;<a href=\"https:\/\/revistaforum.com.br\/blogs\/socialista-morena\/2022\/4\/13\/eua-12-estados-querem-aprovar-lei-dont-say-gay-contra-ideologia-de-gnero-nas-escolas-112985.html\" target=\"_blank\" rel=\"noreferrer noopener\">os extremistas estadunidenses seguem articulado no entorno do Partido Republicano e neste momento promovem uma persegui\u00e7\u00e3o \u00e0 comunidade LGBT.<\/a>&nbsp;Recentemente foram aprovadas legisla\u00e7\u00f5es locais que pro\u00edbem a men\u00e7\u00e3o de quest\u00f5es relacionadas \u00e0 sexualidade e g\u00eanero, e livro que abordem a tem\u00e1tica LGBT.&nbsp;&nbsp;<\/p>\n\n\n\n<p><strong>5 &#8211; A viol\u00eancia contra as LGBTQIA+ no Brasil aumentou<\/strong>, \u00e9 o que mostram os levantamentos mais recentes feito pelo Grupo Gay da Bahia (GGB) e Transgender Europe.\u00a0<a rel=\"noreferrer noopener\" href=\"https:\/\/revistaforum.com.br\/lgbt\/2022\/3\/2\/mortes-violentas-de-lgbt-no-brasil-aumentaram-8-em-2021-diz-pesquisa-110861.html\" target=\"_blank\">Segundo levantamento do GGB, uma pessoa LGBT \u00e9 morta a cada 29 horas no Brasil.<\/a><\/p>\n\n\n\n<p><strong>6 &#8211; O sil\u00eancio da ONU<\/strong>&nbsp;diante de tal cen\u00e1rio de extrema viol\u00eancia e persegui\u00e7\u00e3o pol\u00edtica contra as LGBTQIA+. As Na\u00e7\u00f5es Unidas e suas cong\u00eaneres s\u00e3o r\u00e1pidas para manifestar censuras sobre variados temas, mas, ainda segue vacilante, n\u00e3o quando em total sil\u00eancio, no que diz respeito \u00e0s viola\u00e7\u00f5es estatais contra a comunidade LGBTQIA+.&nbsp;&nbsp;<\/p>\n\n\n\n<p><strong>7 &#8211; Apesar de todo esse cen\u00e1rio de retrocesso<\/strong>, a elei\u00e7\u00e3o de governos progressistas em v\u00e1rias partes mundo e prov\u00e1vel vit\u00f3ria de Lula na disputa eleitoral deste ano no Brasil sinalizam que o momento mais sombrio para as LGBT pode estar perto do fim. &nbsp;<\/p>\n","protected":false},"excerpt":{"rendered":"<p>No Ocidente governos, partidos pol\u00edticos e grupos organizados da sociedade civil promovem persegui\u00e7\u00e3o e viol\u00eancias contra as pessoas LGBTQIA+.<\/p>\n","protected":false},"author":1,"featured_media":0,"comment_status":"closed","ping_status":"open","sticky":false,"template":"","format":"standard","meta":{"_exactmetrics_skip_tracking":false,"_exactmetrics_sitenote_active":false,"_exactmetrics_sitenote_note":"","_exactmetrics_sitenote_category":0,"jetpack_post_was_ever_published":false,"_jetpack_newsletter_access":"","_jetpack_dont_email_post_to_subs":false,"_jetpack_newsletter_tier_id":0,"_jetpack_memberships_contains_paywalled_content":false,"_jetpack_memberships_contains_paid_content":false,"footnotes":"","jetpack_publicize_message":"","jetpack_publicize_feature_enabled":true,"jetpack_social_post_already_shared":true,"jetpack_social_options":{"image_generator_settings":{"template":"highway","enabled":false},"version":2}},"categories":[1],"tags":[658],"class_list":["post-33701","post","type-post","status-publish","format-standard","hentry","category-notas","tag-lgbtqia"],"jetpack_publicize_connections":[],"jetpack_sharing_enabled":true,"jetpack_featured_media_url":"","jetpack_shortlink":"https:\/\/wp.me\/p7wKYW-8Lz","jetpack-related-posts":[],"_links":{"self":[{"href":"http:\/\/blogdalucianaoliveira.com.br\/blog\/wp-json\/wp\/v2\/posts\/33701","targetHints":{"allow":["GET"]}}],"collection":[{"href":"http:\/\/blogdalucianaoliveira.com.br\/blog\/wp-json\/wp\/v2\/posts"}],"about":[{"href":"http:\/\/blogdalucianaoliveira.com.br\/blog\/wp-json\/wp\/v2\/types\/post"}],"author":[{"embeddable":true,"href":"http:\/\/blogdalucianaoliveira.com.br\/blog\/wp-json\/wp\/v2\/users\/1"}],"replies":[{"embeddable":true,"href":"http:\/\/blogdalucianaoliveira.com.br\/blog\/wp-json\/wp\/v2\/comments?post=33701"}],"version-history":[{"count":2,"href":"http:\/\/blogdalucianaoliveira.com.br\/blog\/wp-json\/wp\/v2\/posts\/33701\/revisions"}],"predecessor-version":[{"id":33704,"href":"http:\/\/blogdalucianaoliveira.com.br\/blog\/wp-json\/wp\/v2\/posts\/33701\/revisions\/33704"}],"wp:attachment":[{"href":"http:\/\/blogdalucianaoliveira.com.br\/blog\/wp-json\/wp\/v2\/media?parent=33701"}],"wp:term":[{"taxonomy":"category","embeddable":true,"href":"http:\/\/blogdalucianaoliveira.com.br\/blog\/wp-json\/wp\/v2\/categories?post=33701"},{"taxonomy":"post_tag","embeddable":true,"href":"http:\/\/blogdalucianaoliveira.com.br\/blog\/wp-json\/wp\/v2\/tags?post=33701"}],"curies":[{"name":"wp","href":"https:\/\/api.w.org\/{rel}","templated":true}]}}