{"id":33705,"date":"2022-05-19T10:03:11","date_gmt":"2022-05-19T14:03:11","guid":{"rendered":"http:\/\/blogdalucianaoliveira.com.br\/blog\/?p=33705"},"modified":"2022-05-19T10:03:15","modified_gmt":"2022-05-19T14:03:15","slug":"telegram-fraude-nas-eleicoes-e-extrema-direita-sao-a-formula-da-desinformacao-em-2022","status":"publish","type":"post","link":"http:\/\/blogdalucianaoliveira.com.br\/blog\/2022\/05\/19\/telegram-fraude-nas-eleicoes-e-extrema-direita-sao-a-formula-da-desinformacao-em-2022\/","title":{"rendered":"Telegram, fraude nas elei\u00e7\u00f5es e extrema-direita s\u00e3o a f\u00f3rmula da desinforma\u00e7\u00e3o em 2022"},"content":{"rendered":"\n<figure class=\"wp-block-image size-large\"><img data-recalc-dims=\"1\" loading=\"lazy\" decoding=\"async\" width=\"600\" height=\"400\" data-attachment-id=\"33706\" data-permalink=\"http:\/\/blogdalucianaoliveira.com.br\/blog\/2022\/05\/19\/telegram-fraude-nas-eleicoes-e-extrema-direita-sao-a-formula-da-desinformacao-em-2022\/0bbca71f-e382-4ed0-9e1b-6e6277959c10\/\" data-orig-file=\"https:\/\/i0.wp.com\/blogdalucianaoliveira.com.br\/blog\/wp-content\/uploads\/2022\/05\/0BBCA71F-E382-4ED0-9E1B-6E6277959C10.jpeg?fit=800%2C533\" data-orig-size=\"800,533\" data-comments-opened=\"0\" data-image-meta=\"{&quot;aperture&quot;:&quot;0&quot;,&quot;credit&quot;:&quot;Alan Santos\\\/PR&quot;,&quot;camera&quot;:&quot;&quot;,&quot;caption&quot;:&quot;&quot;,&quot;created_timestamp&quot;:&quot;0&quot;,&quot;copyright&quot;:&quot;Creative Commons Attribution&quot;,&quot;focal_length&quot;:&quot;0&quot;,&quot;iso&quot;:&quot;0&quot;,&quot;shutter_speed&quot;:&quot;0&quot;,&quot;title&quot;:&quot;&quot;,&quot;orientation&quot;:&quot;0&quot;}\" data-image-title=\"0BBCA71F-E382-4ED0-9E1B-6E6277959C10\" data-image-description=\"\" data-image-caption=\"\" data-medium-file=\"https:\/\/i0.wp.com\/blogdalucianaoliveira.com.br\/blog\/wp-content\/uploads\/2022\/05\/0BBCA71F-E382-4ED0-9E1B-6E6277959C10.jpeg?fit=300%2C200\" data-large-file=\"https:\/\/i0.wp.com\/blogdalucianaoliveira.com.br\/blog\/wp-content\/uploads\/2022\/05\/0BBCA71F-E382-4ED0-9E1B-6E6277959C10.jpeg?fit=600%2C400\" src=\"https:\/\/i0.wp.com\/blogdalucianaoliveira.com.br\/blog\/wp-content\/uploads\/2022\/05\/0BBCA71F-E382-4ED0-9E1B-6E6277959C10.jpeg?resize=600%2C400\" alt=\"\" class=\"wp-image-33706\" srcset=\"https:\/\/i0.wp.com\/blogdalucianaoliveira.com.br\/blog\/wp-content\/uploads\/2022\/05\/0BBCA71F-E382-4ED0-9E1B-6E6277959C10.jpeg?w=800 800w, https:\/\/i0.wp.com\/blogdalucianaoliveira.com.br\/blog\/wp-content\/uploads\/2022\/05\/0BBCA71F-E382-4ED0-9E1B-6E6277959C10.jpeg?resize=300%2C200 300w, https:\/\/i0.wp.com\/blogdalucianaoliveira.com.br\/blog\/wp-content\/uploads\/2022\/05\/0BBCA71F-E382-4ED0-9E1B-6E6277959C10.jpeg?resize=768%2C512 768w, https:\/\/i0.wp.com\/blogdalucianaoliveira.com.br\/blog\/wp-content\/uploads\/2022\/05\/0BBCA71F-E382-4ED0-9E1B-6E6277959C10.jpeg?resize=450%2C300 450w\" sizes=\"auto, (max-width: 600px) 100vw, 600px\" \/><\/figure>\n\n\n\n<h4 class=\"wp-block-heading\">Em ano eleitoral, os grupos da extrema-direita s\u00e3o dominantes na plataforma, onde disseminam dados falsos sobre fraude&nbsp;<\/h4>\n\n\n\n<!--more-->\n\n\n\n<p>Caroline Oliveira &#8211; Brasil de Fato | Bras\u00edlia (DF)<\/p>\n\n\n\n<p>Se no ano eleitoral de 2018, as mensagens falsas que mais circulavam nas redes sociais estavam de alguma forma relacionadas aos pr\u00f3prios candidatos, agora o padr\u00e3o s\u00e3o desinforma\u00e7\u00f5es que visam lan\u00e7ar d\u00favidas sobre o processo eleitoral em si, segundo especialistas ouvidas pelo&nbsp;<strong>Brasil de Fato<\/strong>. As recentes e constantes bravatas do presidente Jair Bolsonaro (PL) e de seus aliados sobre a suposta fragilidade das urnas eletr\u00f4nicas s\u00e3o exemplos&nbsp;dessa mudan\u00e7a.&nbsp;<\/p>\n\n\n\n<p>N\u00e3o \u00e0 toa, a pauta tamb\u00e9m \u00e9 \u201cdominante\u201d nos grupos de extrema-direita nas profudezas\u00a0do Telegram. \u201cNessas plataformas mais subterr\u00e2neas, como o Telegram, \u00e9 domin\u00e2ncia total da extrema-direita. E os [assuntos] mais compartilhados, as pautas e as narrativas que se sobressaem no conjunto dos grupos e canais que a gente analisa, tem a ver n\u00e3o necessariamente com alega\u00e7\u00e3o direta de fraude nas urnas, mas com a deslegitima\u00e7\u00e3o da institucionalidade que garante o resultado da elei\u00e7\u00e3o\u201d, diz Let\u00edcia Cesarino, professora no Departamento de Antropologia e no Programa de P\u00f3s-Gradua\u00e7\u00e3o em Antropologia Social (PPGAS) da Universidade Federal de Santa Catarina (UFSC).\u00a0<br><\/p>\n\n\n\n<ol class=\"wp-block-list\"><li><a href=\"https:\/\/www.brasildefato.com.br\/\"><br>IN\u00cdCIO<\/a><\/li><li><a href=\"https:\/\/www.brasildefato.com.br\/politica\">POL\u00cdTICA<\/a><\/li><\/ol>\n\n\n\n<p><strong>DESAFIO<\/strong><\/p>\n\n\n\n<h1 class=\"wp-block-heading\">Telegram, fraude nas elei\u00e7\u00f5es e extrema-direita s\u00e3o a f\u00f3rmula da desinforma\u00e7\u00e3o em 2022&nbsp;<\/h1>\n\n\n\n<h2 class=\"wp-block-heading\">Em ano eleitoral, os grupos da extrema-direita s\u00e3o dominantes na plataforma, onde disseminam dados falsos sobre fraude&nbsp;<\/h2>\n\n\n\n<p>Caroline OliveiraBrasil de Fato | Bras\u00edlia (DF) |&nbsp;19 de Maio de 2022 \u00e0s 07:50<\/p>\n\n\n\n<p>Ou\u00e7a o \u00e1udio:Play00:0003:15<a href=\"https:\/\/www.brasildefato.com.br\/audio\/27f88b5e-74fe-43af-86a0-446f3599e9a4\/baixar\" target=\"_blank\" rel=\"noreferrer noopener\">Download<\/a><\/p>\n\n\n\n<figure class=\"wp-block-image\"><img data-recalc-dims=\"1\" decoding=\"async\" src=\"https:\/\/i0.wp.com\/images03.brasildefato.com.br\/c7f34775a8d2a65e066fe66deaba1411.jpeg?w=600&#038;ssl=1\" alt=\"\"\/><figcaption>As recentes e constantes bravatas do presidente e de seus aliados sobre a suposta fragilidade das urnas eletr\u00f4nicas s\u00e3o uma representa\u00e7\u00e3o disso &#8211; Alan Santos\/PR<\/figcaption><\/figure>\n\n\n\n<p>Se no ano eleitoral de 2018, as mensagens falsas que mais circulavam nas redes sociais estavam de alguma forma relacionadas aos pr\u00f3prios candidatos, agora o padr\u00e3o s\u00e3o desinforma\u00e7\u00f5es que visam lan\u00e7ar d\u00favidas sobre o processo eleitoral em si, segundo especialistas ouvidas pelo&nbsp;<strong>Brasil de Fato<\/strong>. As recentes e constantes bravatas do presidente Jair Bolsonaro (PL) e de seus aliados sobre a suposta fragilidade das urnas eletr\u00f4nicas s\u00e3o exemplos&nbsp;dessa mudan\u00e7a.&nbsp;<\/p>\n\n\n\n<p>N\u00e3o \u00e0 toa, a pauta tamb\u00e9m \u00e9 \u201cdominante\u201d nos grupos de extrema-direita nas profudezas&nbsp;do Telegram. \u201cNessas plataformas mais subterr\u00e2neas, como o Telegram, \u00e9 domin\u00e2ncia total da extrema-direita. E os [assuntos] mais compartilhados, as pautas e as narrativas que se sobressaem no conjunto dos grupos e canais que a gente analisa, tem a ver n\u00e3o necessariamente com alega\u00e7\u00e3o direta de fraude nas urnas, mas com a deslegitima\u00e7\u00e3o da institucionalidade que garante o resultado da elei\u00e7\u00e3o\u201d, diz Let\u00edcia Cesarino, professora no Departamento de Antropologia e no Programa de P\u00f3s-Gradua\u00e7\u00e3o em Antropologia Social (PPGAS) da Universidade Federal de Santa Catarina (UFSC).&nbsp;<\/p>\n\n\n\n<p><strong>Leia tamb\u00e9m:&nbsp;<a href=\"https:\/\/www.brasildefato.com.br\/2022\/02\/17\/telegram-sera-ferramenta-eleitoral-do-bolsonarismo-para-articular-fake-news-aponta-pesquisador\" target=\"_blank\" rel=\"noreferrer noopener\">Telegram ser\u00e1 ferramenta eleitoral do bolsonarismo para articular fake news, aponta pesquisador<\/a><\/strong><\/p>\n\n\n\n<p>No mais recente ato, o capit\u00e3o reformado afirmou que o Partido Liberal, do qual faz parte, ir\u00e1 contratar uma empresa privada para fazer auditoria nas elei\u00e7\u00f5es. &#8220;A empresa vai pedir ao TSE algumas informa\u00e7\u00f5es. O que pode acontecer? Essa empresa que faz auditoria no mundo todo, empresa de ponta, pode chegar \u00e0 conclus\u00e3o que, dada a documenta\u00e7\u00e3o que se tem na m\u00e3o, ela pode falar que n\u00e3o foi audit\u00e1vel. Olha a que ponto vamos chegar\u201d, afirmou Bolsonaro.&nbsp;<\/p>\n\n\n\n<figure class=\"wp-block-image\"><img data-recalc-dims=\"1\" decoding=\"async\" src=\"https:\/\/i0.wp.com\/images01.brasildefato.com.br\/b7456c0234d06d0b7fad2c4cad19d996.jpeg?w=600&#038;ssl=1\" alt=\"\"\/><\/figure>\n\n\n\n<p><br>Apoiadores de Bolsonaro em ato antidemocr\u00e1tico realizado em 7 de setembro de 2021 \/ Miguel Schincariol \/ AFP<\/p>\n\n\n\n<p>\u201cIsso sempre esteve colocado, mas nesse ano a pauta ganhou corpo\u201d, afirma Let\u00edcia Cesarino.&nbsp;\u201cNo 7 de setembro, por exemplo, uma pauta que ganhou proemin\u00eancia foi o passaporte sanit\u00e1rio, mas numa esp\u00e9cie de crossover com a pauta de fraude nas urnas. Eram boatos de que pessoas n\u00e3o vacinadas seriam impedidas de votar. Ent\u00e3o mesmo que n\u00e3o seja a pauta [naquele momento], o tema est\u00e1 circulando pelo menos desde setembro.\u201d&nbsp;<\/p>\n\n\n\n<p>O movimento \u00e9 parecido com o do ex-presidente dos Estados Unidos Donald Trump. Antes mesmo de perder as elei\u00e7\u00f5es do ano passado para Joe Biden, o empres\u00e1rio apontou para uma suposta fraude eleitoral no pleito. \u201cEm todo caso, nada importa porque as elei\u00e7\u00f5es na Calif\u00f3rnia est\u00e3o totalmente manipuladas\u201d, afirmou Trump, na \u00e9poca. Mesmo depois de derrotado, ele n\u00e3o reconheceu os resultados das urnas, estimulando sua base eleitoral a se rebelar, levando-os a invadir o Capit\u00f3lio.&nbsp;<\/p>\n\n\n\n<p>Revelando verdades&nbsp;<\/p>\n\n\n\n<p>Segundo Cesarino, uma das caracter\u00edsticas desses grupos da extrema-direita que habitam os subterr\u00e2neos das redes sociais \u00e9 a pretens\u00e3o de revelar verdades que a imprensa e os opositores querem esconder. \u201cO modo como eles se vendem, como produtores de conte\u00fado tem a ver com estar revelando verdades que a m\u00eddia esconde. E \u00e9 assim que eles ganham fidelidade desses seguidores\u201d, afirma a pesquisadora.&nbsp;<\/p>\n\n\n\n<p><strong><a href=\"https:\/\/www.brasildefato.com.br\/2021\/08\/06\/qual-e-o-capitolio-de-jair\" target=\"_blank\" rel=\"noreferrer noopener\">Coluna |&nbsp;Qual \u00e9 o Capit\u00f3lio de Jair?<\/a><\/strong><\/p>\n\n\n\n<p>Revelar a verdade tamb\u00e9m \u00e9 o que o presidente Jair Bolsonaro diz fazer. Em julho do ano passado, por exemplo, ele prometeu apresentar provas de que teria ocorrido uma fraude no sistema eleitoral durante o pleito de 2018. Na \u00e9poca,&nbsp;disse que havia ganhado o pleito j\u00e1 no primeiro turno, contra o candidato do PT, Fernando Haddad. Logo depois, no entanto, a verdade revelada n\u00e3o passou de alega\u00e7\u00f5es antigas e falsas de que as urnas eletr\u00f4nicas completaram o voto no n\u00famero do PT \u00e0 revelia da escolha dos eleitores. &nbsp;<\/p>\n\n\n\n<figure class=\"wp-block-image\"><img data-recalc-dims=\"1\" decoding=\"async\" src=\"https:\/\/i0.wp.com\/images03.brasildefato.com.br\/ab8e85ecf76b2a384c503cee98cd5e03.jpeg?w=600&#038;ssl=1\" alt=\"\"\/><\/figure>\n\n\n\n<p><br>Fake news e desinforma\u00e7\u00e3o marcam a condu\u00e7\u00e3o da pandemia pelo governo Bolsonaro \/ Reprodu\u00e7\u00e3o Arte IQC<\/p>\n\n\n\n<p>A pretens\u00e3o de revelar verdades \u00e9 comum a esses grupos,&nbsp;nesses espa\u00e7os, explica a pesquisadora.&nbsp;<\/p>\n\n\n\n<p>\u201cO modo como eles se vendem, como pseudojornalistas, tem a ver com estar revelando verdades que a m\u00eddia esconde. Esse \u00e9 o&nbsp;<em>branding<\/em>&nbsp;deles. N\u00e3o faz sentido eles sa\u00edrem disso, porque \u00e9 assim que atraem os consumidores e ganham fidelidade, com essa alega\u00e7\u00e3o de que \u2018depois da internet a m\u00eddia nunca mais vai conseguir esconder nada\u2019\u201d, afirma Cesarino. Por isso, \u201c\u00e9 um nicho da direita, e vai continuar sendo, porque \u00e9 ali que eles operam\u201d.&nbsp;<\/p>\n\n\n\n<p>A esquerda, por outro lado, \u201ctem uma interface com a grande m\u00eddia, que essa direita, principalmente dos deputados para baixo, n\u00e3o t\u00eam. Eles n\u00e3o t\u00eam onde ter visibilidade que n\u00e3o na internet. Ent\u00e3o por mais que a esquerda cres\u00e7a, esse continua sendo um nicho deles\u201d.&nbsp;<\/p>\n\n\n\n<p>Movimento org\u00e2nico e artificial&nbsp;<\/p>\n\n\n\n<p>Al\u00e9m do car\u00e1ter revelat\u00f3rio, os grupos da extrema-direita tamb\u00e9m trabalham com a inseguran\u00e7a das pessoas, o que as fazem se sentir amea\u00e7adas. \u201cA quest\u00e3o da amea\u00e7a \u00e9 bem importante, porque isso mant\u00e9m as pessoas ligadas, al\u00e9m da quest\u00e3o da revela\u00e7\u00e3o. A direita conseguiu a rede org\u00e2nica atrav\u00e9s desse apelo normal\u201d, afirma Cesarino.&nbsp;<\/p>\n\n\n\n<p><strong><a href=\"https:\/\/www.brasildefato.com.br\/2022\/05\/11\/brasil-nao-avancou-no-entendimento-de-quem-financia-fake-news-diz-pesquisadora\" target=\"_blank\" rel=\"noreferrer noopener\">::Brasil n\u00e3o avan\u00e7ou no entendimento de quem financia fake news, diz pesquisadora::<\/a><\/strong><\/p>\n\n\n\n<p>Fl\u00e1via Lef\u00e8vre, advogada, integrante do Intervozes e da Coaliz\u00e3o Direitos na Rede, concorda: \u201ca primeira coisa que se faz \u00e9 a identifica\u00e7\u00e3o dos medos e inseguran\u00e7as\u201d, como o receio de perder o emprego, da viol\u00eancia e da supress\u00e3o das liberdades. &nbsp;<\/p>\n\n\n\n<p>\u201cEmpresas de marketing pol\u00edtico utilizam dados de usu\u00e1rios das redes sociais para identificar e formar perfis de eleitores, fazendo a perfiliza\u00e7\u00e3o das pessoas. E a\u00ed definem mensagens e not\u00edcias falsas para difundir para esses perfis, de acordo com as quest\u00f5es de medo e inseguran\u00e7a identificadas\u201d, explica Lef\u00e8vre.&nbsp;<\/p>\n\n\n\n<figure class=\"wp-block-image\"><img data-recalc-dims=\"1\" decoding=\"async\" src=\"https:\/\/i0.wp.com\/cdn.brasildefato.com.br\/media\/4e6a6abbba9a454ac0a24dcbc85f8bbf.jpg?w=600&#038;ssl=1\" alt=\"\"\/><\/figure>\n\n\n\n<p><br>Steve Bannon come\u00e7ou a testar algumas ideias mediante Cambridge Analytics, consultora que sugou dados de 50 milh\u00f5es de usu\u00e1rios do Facebook \/ Wikicommons<\/p>\n\n\n\n<p>Um bom exemplo foram as not\u00edcias falsas destinadas aos habitantes do Reino Unido, numa campanha a favor do Brexit, isto \u00e9, da sa\u00edda da Gr\u00e3-Bretanha da Uni\u00e3o Europeia ao longo de 2020. Uma das mentiras mais divulgadas na \u00e9poca era de que imigrantes roubariam os empregos dos ingleses. Outro exemplo: \u201cna \u00e9poca da elei\u00e7\u00e3o de 2018, esses produtores e divulgadores de not\u00edcias falsas come\u00e7aram a difundir a not\u00edcia de que se o [Fernando] Haddad ganhasse, ele ia soltar os presos. A\u00ed as pessoas ficaram morrendo de medo\u201d, lembrou Lef\u00e8vre.&nbsp;<\/p>\n\n\n\n<p>Com a&nbsp;manipula\u00e7\u00e3o artificial desses sentimentos, os grupos conseguem atrair e manter as pessoas fi\u00e9is aos conte\u00fados publicados, gerando um movimento org\u00e2nico de divulga\u00e7\u00e3o da desinforma\u00e7\u00e3o. &nbsp;<\/p>\n\n\n\n<p>Telegram e&nbsp;Youtube&nbsp;<\/p>\n\n\n\n<p>Let\u00edcia Cesarino explica que a produ\u00e7\u00e3o e difus\u00e3o de conte\u00fado da extrema-direita est\u00e3o diretamente conectadas \u00e0 rela\u00e7\u00e3o estrutural entre o Telegram e o Youtube. Se at\u00e9 2018, o WhatsApp era o principal reposit\u00f3rio dos conte\u00fados da extrema-direita que eram produzidos no Youtube, com o Telegram, a circula\u00e7\u00e3o desses materiais atingiu quantidades recordes. Isso porque o Telegram permite, por exemplo, grupos de at\u00e9 200 mil pessoas. No WhatsApp, o m\u00e1ximo s\u00e3o 256 pessoas. O encaminhamento de mensagens tamb\u00e9m \u00e9 restrito na plataforma do Grupo Meta, o que n\u00e3o existem no aplicativo russo.&nbsp;<\/p>\n\n\n\n<p><strong><a href=\"https:\/\/www.brasildefato.com.br\/2022\/05\/09\/resposta-das-instituicoes-brasileiras-a-fake-news-e-insuficiente-para-eleicoes-diz-pesquisador\" target=\"_blank\" rel=\"noreferrer noopener\">::Resposta das institui\u00e7\u00f5es brasileiras a fake news \u00e9 insuficiente para elei\u00e7\u00f5es, diz pesquisador::<\/a><\/strong><\/p>\n\n\n\n<p>Com isso, a rela\u00e7\u00e3o entre o Youtube o Telegram se tornou estrutural na difus\u00e3o da desinforma\u00e7\u00e3o por parte da extrema-direita. \u201cCircula muito link de canal de v\u00eddeo do YouTube no Telegram. O YouTube presume que tem um controle sobre a plataforma que n\u00e3o tem, porque est\u00e1 conectado com todas as outras. O bolsonarismo se aproveita disso\u201d, afirma Let\u00edcia Cesarino.&nbsp;<\/p>\n\n\n\n<figure class=\"wp-block-image\"><img data-recalc-dims=\"1\" decoding=\"async\" src=\"https:\/\/i0.wp.com\/images02.brasildefato.com.br\/ab2aefc0ac1801b0a4be9caa225a32f2.jpeg?w=600&#038;ssl=1\" alt=\"\"\/><\/figure>\n\n\n\n<p><br>Arte de divulga\u00e7\u00e3o sobre a conta de Jair Bolsonaro no Telegram; imagem foi postada nesta quarta (16) no perfil oficial no presidente no Twitter \/ Reprodu\u00e7\u00e3o\/Twitter<\/p>\n\n\n\n<p>\u201cA gente v\u00ea uma incid\u00eancia do Youtube dentro do Telegram de cinco a seis vezes maior do que a segunda plataforma, que \u00e9 o pr\u00f3prio Telegram\u201d, afirma Cesarino. Em outras palavras, os conte\u00fados que mais circulam dentro do Telegram s\u00e3o links do Youtube. Em segundo lugar, est\u00e3o os links criados no pr\u00f3prio Telegram, que permite, por exemplo, transmiss\u00f5es ao vivo e etc. \u201cTem uma rela\u00e7\u00e3o a\u00ed que \u00e9 estrutural mesmo entre os dois\u201d, afirma.&nbsp;<\/p>\n\n\n\n<p>WhatsApp&nbsp;<\/p>\n\n\n\n<p>Apesar de o Telegram ter ganhado espa\u00e7o nessa esfera, o WhatsApp ainda \u00e9 mais popular, e h\u00e1 um motivo para isso. Dados da Ag\u00eancia Nacional de Telecomunica\u00e7\u00f5es (Anatel) mostram que cerca de 100 milh\u00f5es planos de telefonia s\u00e3o pr\u00e9-pagos. Isso significa que as pessoas t\u00eam uma quantidade limitada de dados, ou seja, conseguem acessar a internet de maneira limitada. Depois que a quantidade de dados acaba, o usu\u00e1rio tem acesso somente ao WhatsApp e ao Facebook. &nbsp;<\/p>\n\n\n\n<p>\u201cNesses casos, o usu\u00e1rio recebe uma not\u00edcia e n\u00e3o tem como checar, porque n\u00e3o consegue acessar outros sites e fontes. Por isso que, em 2018, a estrat\u00e9gia utilizada para a campanha de desinforma\u00e7\u00e3o foi aquela compra de chips pr\u00e9-pagos, porque a\u00ed n\u00e3o precisa se identificar na hora da compra e d\u00e1 para difundir not\u00edcia falsa pelo WhatsApp de forma ilimitada\u201d, explica Lef\u00e8vre.&nbsp;<\/p>\n\n\n\n<figure class=\"wp-block-image\"><img data-recalc-dims=\"1\" decoding=\"async\" src=\"https:\/\/i0.wp.com\/images03.brasildefato.com.br\/a76fca14a5d62bfec13e1b9400c225a3.jpeg?w=600&#038;ssl=1\" alt=\"\"\/><\/figure>\n\n\n\n<p><br>Uma das centenas imagens que circulam pelos grupos de Whatsapp bolsonaristas em favor do voto impresso nas Elei\u00e7\u00f5es de 2022 \/ Reprodu\u00e7\u00e3o<\/p>\n\n\n\n<p>Segundo o Centro Regional de Estudos para o Desenvolvimento da Sociedade Informa\u00e7\u00e3o (Cetic.br), que \u00e9 um \u00f3rg\u00e3o do Comit\u00ea Gestor da Internet no Brasil, 95% das classes D e E s\u00f3 acessam a internet via rede m\u00f3vel e principalmente com planos pr\u00e9-pagos. Na classe C, o percentual cai para 65%. &nbsp;<\/p>\n\n\n\n<p>\u201cEnt\u00e3o, por baixo, existem 120 milh\u00f5es de usu\u00e1rios que t\u00eam acesso limitado e que est\u00e3o vulner\u00e1veis a essas campanhas desinformativas mais do que quem pode pagar por um plano ilimitado de internet\u201d, afirma a advogada do Intervozes.&nbsp;<\/p>\n\n\n\n<p>Outros aplicativos&nbsp;<\/p>\n\n\n\n<p>O WhatsApp continua importante, \u201cmas o ecossistema como um todo se diversificou\u201d, na vis\u00e3o de Let\u00edcia Cesarino. \u201cA gente tem, por exemplo, o TikTok, que apesar de n\u00e3o ser grande, tem um investimento do bolsonarismo. S\u00f3 que geralmente s\u00e3o conte\u00fados camuflados, que ficam naquela zona cinzenta, entre o entretenimento e a propaganda pol\u00edtica. Mas os v\u00eddeos do TikTok tamb\u00e9m circulam no WhatsApp, ent\u00e3o tem esse tr\u00e2nsito tamb\u00e9m\u201d, afirma a pesquisadora. &nbsp;<\/p>\n\n\n\n<p>Um estudo do grupo de monitoramento de m\u00eddia Media Matters for America, divulgado ainda em mar\u00e7o do ano passado, mostrou que o TikTok estava direcionando os usu\u00e1rios para conte\u00fados relacionados \u00e0 extrema-direita nos Estados Unidos. Mais recentemente, o grupo informou que os algoritmos da plataforma est\u00e3o permitindo a dissemina\u00e7\u00e3o de desinforma\u00e7\u00e3o em meio \u00e0 invas\u00e3o russa ao territ\u00f3rio ucraniano. &nbsp;<\/p>\n\n\n\n<p><strong><a href=\"https:\/\/www.brasildefato.com.br\/2021\/09\/24\/proposta-de-bolsonaro-cria-ambiente-para-faroeste-digital-diz-presidente-da-safernet\" target=\"_blank\" rel=\"noreferrer noopener\">::Proposta de Bolsonaro \u201ccria ambiente para faroeste digital\u201d, diz presidente da SaferNet::<\/a><\/strong><\/p>\n\n\n\n<p>Cesarino tamb\u00e9m cita \u201co pr\u00f3prio Instagram, que n\u00e3o expressa muito esse uso pol\u00edtico, tem uma incid\u00eancia adjacente ao bolsonarismo com desinforma\u00e7\u00e3o sobre tratamento precoce, ci\u00eancias alternativas, a pauta antivacina\u201d.&nbsp;<\/p>\n\n\n\n<p>Ao longo desses anos tamb\u00e9m surgiram plataformas alternativas \u00e0s mais conhecidas, principalente depois que estas passaram a endurecer as regras de modera\u00e7\u00e3o de conte\u00fado, com banimento de canais, por exemplo. Entram nesse rol as redes Gettr \u2013 lan\u00e7ada por membros da equipe do ex-presidente dos Estados Unidos Donald Trump \u2013, Rumble e BitChute, para onde grupos da extrema-direita migraram.&nbsp;<\/p>\n\n\n\n<figure class=\"wp-block-image\"><img data-recalc-dims=\"1\" decoding=\"async\" src=\"https:\/\/i0.wp.com\/images02.brasildefato.com.br\/e427f7d2ed5e1a7462987bdfa94c5b46.jpeg?w=600&#038;ssl=1\" alt=\"\"\/><\/figure>\n\n\n\n<p><br>Perfil do presidente Jair Bolsonaro no Gettr \u2013 rede social que n\u00e3o impede propaga\u00e7\u00e3o de fake news e defende \u201cliberdade de express\u00e3o\u201d \/ Reprodu\u00e7\u00e3o<\/p>\n\n\n\n<p>Jair Bolsonaro e seus apoiadores criaram perfis na Gettr, dias depois que a rede foi criada, a exemplo dos filhos Fl\u00e1vio Bolsonaro (Patriota-RJ) e Eduardo Bolsonaro (PSL-SP), al\u00e9m dos apoiadores Carla Zambelli (PSL-SP), Paulo Eduardo Martins (PSC-PR), o ministro F\u00e1bio Faria (Comunica\u00e7\u00f5es) e o blogueiro Allan dos Santos. Fl\u00e1vio Bolsonaro caracterizou a Gettr como \u201cmais uma rede em defesa da liberdade\u201d ao anunciar o seu perfil aos seguidores do Twitter.&nbsp;<\/p>\n\n\n\n<p>Cruzando certas linhas&nbsp;<\/p>\n\n\n\n<p>Na vis\u00e3o de Cesarino, \u00e9 poss\u00edvel \u201caumentar bastante\u201d a abrang\u00eancia da esquerda nas redes sociais, mas chegar no n\u00edvel em que est\u00e3o os grupos da extrema-direita \u00e9 \u201cdif\u00edcil sem cruzar certas linhas \u00e9ticas e at\u00e9 legais\u201d. \u201cEles sempre v\u00e3o estar na frente, porque n\u00e3o tem limite nenhum de distor\u00e7\u00e3o e sensacionalismo, porque \u00e9 baseado na efic\u00e1cia. Se uma m\u00eddia viraliza, o conte\u00fado vai seguir na mesma linha, e a tendencia \u00e9 o sensacionalismo viralizar. \u00c9 o diferencial dessa m\u00eddia com rela\u00e7\u00e3o \u00e0 grande m\u00eddia\u201d, afirma.&nbsp;<\/p>\n\n\n\n<p><strong><a href=\"https:\/\/www.brasildefato.com.br\/2022\/05\/14\/de-olho-no-congresso-novos-candidatos-bolsonaristas-surfam-em-brigas-e-no-caos-da-internet\" target=\"_blank\" rel=\"noreferrer noopener\">::De olho no Congresso, novos candidatos bolsonaristas surfam em brigas e no caos da internet::<\/a><\/strong><\/p>\n\n\n\n<p>\u201cA esquerda est\u00e1 melhorando, mas \u00e9 quest\u00e3o de organicidade. A esquerda precisa de canais org\u00e2nicos. N\u00e3o adianta o PT ter uma \u00f3tima estrat\u00e9gia de comunica\u00e7\u00e3o para falar a linguagem da internet se n\u00e3o tem a rede de criadores org\u00e2nicos\u201d, afirma Cesarino.&nbsp;<\/p>\n\n\n\n<p>Fl\u00e1via Lef\u00e8vre&nbsp;tamb\u00e9m v\u00ea outra linha que separa os grupos da esquerda dessa abrang\u00eancia: o financiamento e a organiza\u00e7\u00e3o internacional na produ\u00e7\u00e3o e difus\u00e3o de not\u00edcias falsas que chegou aos grupos da extrema-direita brasileira.&nbsp;<\/p>\n\n\n\n<figure class=\"wp-block-image\"><img data-recalc-dims=\"1\" decoding=\"async\" src=\"https:\/\/i0.wp.com\/images03.brasildefato.com.br\/0707e0bbc78f88a5357f5bf9a93d1922.jpeg?w=600&#038;ssl=1\" alt=\"\"\/><\/figure>\n\n\n\n<p><br>Ent\u00e3o, qual o escopo do projeto e porque ele continuou sendo chamado de PL de Fake News? \/ Marcello Casal Jr. \/ Ag\u00eancia Brasil<\/p>\n\n\n\n<p>\u201cA ind\u00fastria \u00e9 muito bem financiada. Aqui no Brasil, as pesquisas que foram feitas com base nas elei\u00e7\u00f5es de 2018 e que t\u00eam sido feitas de l\u00e1 para c\u00e1 identificaram que esses grupos s\u00e3o financiados por for\u00e7as de direita, n\u00e3o s\u00f3 daqui do Brasil, mas por um financiamento internacional. Existem institui\u00e7\u00f5es internacionais que financiam que s\u00e3o voltadas para a defesa do neoliberalismo, e a necessidade de sustenta\u00e7\u00e3o do neoliberalismo n\u00e3o acontece s\u00f3 no Brasil\u201d, afirma Lef\u00e8vre.&nbsp;<\/p>\n\n\n\n<p>Brasil, um passo atr\u00e1s&nbsp;<\/p>\n\n\n\n<p>Desde 2018, no entanto, o Brasil pouco caminhou na identifica\u00e7\u00e3o desses setores e grupos que financiam a produ\u00e7\u00e3o e difus\u00e3o de desinforma\u00e7\u00e3o no pa\u00eds, segundo&nbsp;Lef\u00e8vre.&nbsp;<\/p>\n\n\n\n<p>Recentemente, o Tribunal Superior Eleitoral [TSE] ampliou as medidas de combate \u00e0s not\u00edcias falsas tendo em vista as elei\u00e7\u00f5es presidenciais deste ano, com a amplia\u00e7\u00e3o da Comiss\u00e3o de Seguran\u00e7a Cibern\u00e9tica, a fim de incluir a incid\u00eancia sobre not\u00edcias falsas. Agora a comiss\u00e3o tamb\u00e9m ir\u00e1 \u201cmonitorar, elaborar estudos e implementar a\u00e7\u00f5es para combate \u00e0 dissemina\u00e7\u00e3o em massa de informa\u00e7\u00f5es falsas em redes sociais\u201d.&nbsp;<\/p>\n\n\n\n<p>Antes, o TSE e o Twitter, por exemplo, firmaram um memorando de entendimento para juntar esfor\u00e7os no combate \u00e0 desinforma\u00e7\u00e3o no processo eleitoral deste ano. Entre as medidas do memorando, o Twitter se comprometeu a criar uma ferramenta em sua plataforma que possibilite aos usu\u00e1rios buscar informa\u00e7\u00f5es sobre as elei\u00e7\u00f5es sem sair da rede. &nbsp;<\/p>\n\n\n\n<figure class=\"wp-block-image\"><img data-recalc-dims=\"1\" decoding=\"async\" src=\"https:\/\/i0.wp.com\/images02.brasildefato.com.br\/a247283f80b46b7651c62481c453e53b.jpeg?w=600&#038;ssl=1\" alt=\"\"\/><\/figure>\n\n\n\n<p><br>Respons\u00e1vel por suspender Telegram no Brasil, ministro Alexandre de Moraes conduz inqu\u00e9rito sobre fake news no STF \/ Nelson Jr.\/STF<\/p>\n\n\n\n<p>As mudan\u00e7as ainda, no entanto, s\u00e3o insuficientes para fazer frente \u00e0 dissemina\u00e7\u00e3o de desinforma\u00e7\u00e3o e est\u00e3o longe de identificar os grupos financiadores da dissemina\u00e7\u00e3o no Brasil. \u201cA gente ainda n\u00e3o conhece esses grupos. A gente precisa que as institui\u00e7\u00f5es, a Pol\u00edcia Federal, o TSE e o Minist\u00e9rio P\u00fablico Eleitoral sigam o rastro do dinheiro e identifiquem as for\u00e7as que est\u00e3o financiando [a desinforma\u00e7\u00e3o]\u201d, afirma Lef\u00e8vre. \u201cPara confrontar essas for\u00e7as de direita ultraneoliberais, \u00e9 necess\u00e1rio ter uma rede muito bem articulada entre as institui\u00e7\u00f5es, os partidos, a sociedade civil e o terceiro setor.\u201d&nbsp;<\/p>\n\n\n\n<p>Entre o primeiro e segundo turno das elei\u00e7\u00f5es de 2018, a ent\u00e3o presidente do TSE, Rosa Weber, afirmou que \u201cnot\u00edcias falsas n\u00e3o s\u00e3o novidade\u201d, contra as quais n\u00e3o h\u00e1 milagre, e que aqueles que tivessem \u201cuma solu\u00e7\u00e3o para que se co\u00edbam fake news\u201d deveriam apresent\u00e1-la.&nbsp;<\/p>\n\n\n\n<p>Edi\u00e7\u00e3o: Rodrigo Dur\u00e3o Coelho<\/p>\n","protected":false},"excerpt":{"rendered":"<p>Em ano eleitoral, os grupos da extrema-direita s\u00e3o dominantes na plataforma, onde disseminam dados falsos sobre fraude&nbsp;<\/p>\n","protected":false},"author":1,"featured_media":0,"comment_status":"closed","ping_status":"open","sticky":false,"template":"","format":"standard","meta":{"_exactmetrics_skip_tracking":false,"_exactmetrics_sitenote_active":false,"_exactmetrics_sitenote_note":"","_exactmetrics_sitenote_category":0,"jetpack_post_was_ever_published":false,"_jetpack_newsletter_access":"","_jetpack_dont_email_post_to_subs":false,"_jetpack_newsletter_tier_id":0,"_jetpack_memberships_contains_paywalled_content":false,"_jetpack_memberships_contains_paid_content":false,"footnotes":"","jetpack_publicize_message":"","jetpack_publicize_feature_enabled":true,"jetpack_social_post_already_shared":true,"jetpack_social_options":{"image_generator_settings":{"template":"highway","enabled":false},"version":2}},"categories":[1],"tags":[],"class_list":["post-33705","post","type-post","status-publish","format-standard","hentry","category-notas"],"jetpack_publicize_connections":[],"jetpack_sharing_enabled":true,"jetpack_featured_media_url":"","jetpack_shortlink":"https:\/\/wp.me\/p7wKYW-8LD","jetpack-related-posts":[],"_links":{"self":[{"href":"http:\/\/blogdalucianaoliveira.com.br\/blog\/wp-json\/wp\/v2\/posts\/33705","targetHints":{"allow":["GET"]}}],"collection":[{"href":"http:\/\/blogdalucianaoliveira.com.br\/blog\/wp-json\/wp\/v2\/posts"}],"about":[{"href":"http:\/\/blogdalucianaoliveira.com.br\/blog\/wp-json\/wp\/v2\/types\/post"}],"author":[{"embeddable":true,"href":"http:\/\/blogdalucianaoliveira.com.br\/blog\/wp-json\/wp\/v2\/users\/1"}],"replies":[{"embeddable":true,"href":"http:\/\/blogdalucianaoliveira.com.br\/blog\/wp-json\/wp\/v2\/comments?post=33705"}],"version-history":[{"count":1,"href":"http:\/\/blogdalucianaoliveira.com.br\/blog\/wp-json\/wp\/v2\/posts\/33705\/revisions"}],"predecessor-version":[{"id":33707,"href":"http:\/\/blogdalucianaoliveira.com.br\/blog\/wp-json\/wp\/v2\/posts\/33705\/revisions\/33707"}],"wp:attachment":[{"href":"http:\/\/blogdalucianaoliveira.com.br\/blog\/wp-json\/wp\/v2\/media?parent=33705"}],"wp:term":[{"taxonomy":"category","embeddable":true,"href":"http:\/\/blogdalucianaoliveira.com.br\/blog\/wp-json\/wp\/v2\/categories?post=33705"},{"taxonomy":"post_tag","embeddable":true,"href":"http:\/\/blogdalucianaoliveira.com.br\/blog\/wp-json\/wp\/v2\/tags?post=33705"}],"curies":[{"name":"wp","href":"https:\/\/api.w.org\/{rel}","templated":true}]}}