{"id":33711,"date":"2022-05-20T16:49:58","date_gmt":"2022-05-20T20:49:58","guid":{"rendered":"http:\/\/blogdalucianaoliveira.com.br\/blog\/?p=33711"},"modified":"2022-05-20T16:50:01","modified_gmt":"2022-05-20T20:50:01","slug":"dados-desmentem-bolsonaro-e-apontam-recorde-de-desmatamento-na-amazonia","status":"publish","type":"post","link":"http:\/\/blogdalucianaoliveira.com.br\/blog\/2022\/05\/20\/dados-desmentem-bolsonaro-e-apontam-recorde-de-desmatamento-na-amazonia\/","title":{"rendered":"Dados desmentem Bolsonaro e apontam recorde de desmatamento na Amaz\u00f4nia"},"content":{"rendered":"\n<figure class=\"wp-block-image size-large\"><img loading=\"lazy\" decoding=\"async\" width=\"1159\" height=\"646\" data-attachment-id=\"33712\" data-permalink=\"http:\/\/blogdalucianaoliveira.com.br\/blog\/2022\/05\/20\/dados-desmentem-bolsonaro-e-apontam-recorde-de-desmatamento-na-amazonia\/a9bf5ce3-ffe9-47bc-af8b-275aa0994d56\/\" data-orig-file=\"https:\/\/i0.wp.com\/blogdalucianaoliveira.com.br\/blog\/wp-content\/uploads\/2022\/05\/A9BF5CE3-FFE9-47BC-AF8B-275AA0994D56.jpeg?fit=1159%2C646\" data-orig-size=\"1159,646\" data-comments-opened=\"0\" data-image-meta=\"{&quot;aperture&quot;:&quot;0&quot;,&quot;credit&quot;:&quot;&quot;,&quot;camera&quot;:&quot;&quot;,&quot;caption&quot;:&quot;&quot;,&quot;created_timestamp&quot;:&quot;0&quot;,&quot;copyright&quot;:&quot;&quot;,&quot;focal_length&quot;:&quot;0&quot;,&quot;iso&quot;:&quot;0&quot;,&quot;shutter_speed&quot;:&quot;0&quot;,&quot;title&quot;:&quot;&quot;,&quot;orientation&quot;:&quot;1&quot;}\" data-image-title=\"A9BF5CE3-FFE9-47BC-AF8B-275AA0994D56\" data-image-description=\"\" data-image-caption=\"\" data-medium-file=\"https:\/\/i0.wp.com\/blogdalucianaoliveira.com.br\/blog\/wp-content\/uploads\/2022\/05\/A9BF5CE3-FFE9-47BC-AF8B-275AA0994D56.jpeg?fit=300%2C167\" data-large-file=\"https:\/\/i0.wp.com\/blogdalucianaoliveira.com.br\/blog\/wp-content\/uploads\/2022\/05\/A9BF5CE3-FFE9-47BC-AF8B-275AA0994D56.jpeg?fit=600%2C335\" src=\"https:\/\/i2.wp.com\/blogdalucianaoliveira.com.br\/blog\/wp-content\/uploads\/2022\/05\/A9BF5CE3-FFE9-47BC-AF8B-275AA0994D56.jpeg?fit=600%2C335\" alt=\"\" class=\"wp-image-33712\" srcset=\"https:\/\/i0.wp.com\/blogdalucianaoliveira.com.br\/blog\/wp-content\/uploads\/2022\/05\/A9BF5CE3-FFE9-47BC-AF8B-275AA0994D56.jpeg?w=1159 1159w, https:\/\/i0.wp.com\/blogdalucianaoliveira.com.br\/blog\/wp-content\/uploads\/2022\/05\/A9BF5CE3-FFE9-47BC-AF8B-275AA0994D56.jpeg?resize=300%2C167 300w, https:\/\/i0.wp.com\/blogdalucianaoliveira.com.br\/blog\/wp-content\/uploads\/2022\/05\/A9BF5CE3-FFE9-47BC-AF8B-275AA0994D56.jpeg?resize=1024%2C571 1024w, https:\/\/i0.wp.com\/blogdalucianaoliveira.com.br\/blog\/wp-content\/uploads\/2022\/05\/A9BF5CE3-FFE9-47BC-AF8B-275AA0994D56.jpeg?resize=768%2C428 768w, https:\/\/i0.wp.com\/blogdalucianaoliveira.com.br\/blog\/wp-content\/uploads\/2022\/05\/A9BF5CE3-FFE9-47BC-AF8B-275AA0994D56.jpeg?resize=538%2C300 538w\" sizes=\"auto, (max-width: 600px) 100vw, 600px\" \/><\/figure>\n\n\n\n<p><br>Wanderley Preite Sobrinho, Do UOL &#8211; Apesar de sat\u00e9lites do Inpe (Instituto Nacional de Pesquisas Espaciais) alertarem para o aumento recorde de queimadas e \u00e1reas desmatadas na floresta amaz\u00f4nica no governo\u00a0<a href=\"https:\/\/noticias.uol.com.br\/politica\/governo-bolsonaro\/\">Jair Bolsonaro<\/a>\u00a0(PL), o Minist\u00e9rio das Comunica\u00e7\u00f5es anunciou hoje a inten\u00e7\u00e3o de negociar com o bilion\u00e1rio Elon Musk o fornecimento de &#8220;tecnologia avan\u00e7ada&#8221; de &#8220;monitoramento&#8221; para &#8220;a preserva\u00e7\u00e3o da floresta amaz\u00f4nica&#8221;.<\/p>\n\n\n\n<!--more-->\n\n\n\n<p><a href=\"http:\/\/https\/\/noticias.uol.com.br\/politica\/ultimas-noticias\/2022\/05\/20\/sopro-de-esperanca-diz-bolsonaro-a-musk-sobre-possivel-compra-do-twitter.htm\">Em encontro com Musk, o presidente afirmou &#8220;contar&#8221; com o empres\u00e1rio<\/a>&nbsp;para que a &#8220;a Amaz\u00f4nia seja conhecida por todos&#8221; e, de acordo com o governante, combater supostas informa\u00e7\u00f5es inver\u00eddicas sobre a regi\u00e3o. Bolsonaro disse ainda que a floresta \u00e9 &#8220;preservada&#8221;.<\/p>\n\n\n\n<p>Os dados, por\u00e9m, dementem o mandat\u00e1rio. Os 13.235 km\u00b2 de floresta amaz\u00f4nica desmatada entre 1\u00ba agosto de 2020 e 31 de julho de 2021 \u2014o Inpe mede o desmatamento de agosto de um ano a julho do ano seguinte\u2014 equivalem \u00e0 \u00e1rea de nove cidades de S\u00e3o Paulo e representam aumento de 75% sobre os desmates de 2018, um ano antes de Bolsonaro assumir a presid\u00eancia. Na ocasi\u00e3o, 7.536 km\u00b2 de mata foram ao ch\u00e3o.<\/p>\n\n\n\n<p>O recorde, no entanto, vem sendo batido ano ap\u00f3s ano: Em 2019, foram 10,1 mil km\u00b2 desmatados, no ano seguinte, 10,8 mil km\u00b2. A menor taxa de desmatamento nos \u00faltimos dez anos foi registrada em 2012 (4,5 mil km\u00b2).<\/p>\n\n\n\n<figure class=\"wp-block-image\"><img data-recalc-dims=\"1\" decoding=\"async\" src=\"https:\/\/i0.wp.com\/conteudo.imguol.com.br\/x.gif?w=600&#038;ssl=1\" alt=\"\"\/><\/figure>\n\n\n\n<figure><iframe src=\"https:\/\/flo.uri.sh\/visualisation\/10067072\/embed#amp=1\"><\/iframe><\/figure>\n\n\n\n<p>Procurados, os minist\u00e9rios das Comunica\u00e7\u00f5es e do Meio Ambiente n\u00e3o responderam at\u00e9 a publica\u00e7\u00e3o desta reportagem.<\/p>\n\n\n\n<h2 class=\"wp-block-heading\">Novo recorde \u00e0 vista<\/h2>\n\n\n\n<p>Apesar da promessa de Bolsonaro feita no ano passado na ONU de&nbsp;<a href=\"https:\/\/noticias.uol.com.br\/ultimas-noticias\/bbc\/2021\/04\/22\/pressionado-bolsonaro-promete-na-cupula-do-clima-dobrar-recursos-para-repressao-ao-desmatamento.htm\">combater os desmatamentos no pa\u00eds<\/a>, um novo recorde est\u00e1 prestes a ser batido: entre janeiro e abril deste ano, 5.070 km\u00b2 de floresta amaz\u00f4nica foram derrubados.<\/p>\n\n\n\n<p>&#8220;\u00c9 5% a mais do que no mesmo per\u00edodo do ano passado&#8221;, diz relat\u00f3rio do Observat\u00f3rio do Clima com os dados do Inpe. &#8220;Desde agosto passado, os alertas v\u00eam batendo recordes: em outubro, janeiro, fevereiro e agora em abril.&#8221;<\/p>\n\n\n\n<p>Apenas em abril \u2014em plena esta\u00e7\u00e3o chuvosa, historicamente com menos desmate\u2014, a&nbsp;<a href=\"https:\/\/noticias.uol.com.br\/meio-ambiente\/ultimas-noticias\/redacao\/2022\/05\/06\/alertas-de-desmatamento-na-amazonia-quase-dobram-e-batem-recorde-para-abril.htm\">\u00e1rea derrubada na Amaz\u00f4nia foi de 1.012 km\u00b2<\/a>, 74% acima do recorde anterior para o m\u00eas, batido no ano passado (580 km\u00b2).<\/p>\n\n\n\n<p><strong>Desmatamento na Amaz\u00f4nia em abril:<\/strong><\/p>\n\n\n\n<p><strong>2016:&nbsp;<\/strong>439,32 km\u00b2<br><strong>2017:&nbsp;<\/strong>126,85 km\u00b2<br><strong>2018:&nbsp;<\/strong>489,52 km\u00b2<br><strong>2019:&nbsp;<\/strong>247,39 km\u00b2<br><strong>2020:&nbsp;<\/strong>407,2 km\u00b2<br><strong>2021:<\/strong>&nbsp;579,98 km\u00b2<br><strong>2022:<\/strong>&nbsp;1.012,5 km\u00b2<\/p>\n\n\n\n<p>Para o Observat\u00f3rio, &#8220;a magnitude do dado sinaliza que a taxa de desmatamento de 2022 dever\u00e1 ultrapassar novamente os 10.000 km\u00b2&#8221;.<\/p>\n\n\n\n<p>&#8220;As causas desse recorde t\u00eam nome e sobrenome: Jair Messias Bolsonaro&#8221;, diz Marcio Astrini, secret\u00e1rio-executivo do Observat\u00f3rio do Clima.<\/p>\n\n\n\n<p>O ecocida-em-chefe do Brasil triunfou em transformar a Amaz\u00f4nia num territ\u00f3rio sem lei, e o desmatamento ser\u00e1 o que os grileiros quiserem que seja. O pr\u00f3ximo presidente ter\u00e1 uma dificuldade extrema de reverter esse quadro, porque o crime nunca esteve t\u00e3o \u00e0 vontade na regi\u00e3o como agora.&#8221;<br><strong>Marcio Astrini, do Observat\u00f3rio do Clima<\/strong><\/p>\n\n\n\n<h2 class=\"wp-block-heading\">Embate com Bolsonaro<\/h2>\n\n\n\n<p>Criado h\u00e1 60 anos em S\u00e3o Jos\u00e9 dos Campos, a 91 km de S\u00e3o Paulo, o Inpe \u00e9 o instituto federal especializado em ci\u00eancia espacial.<\/p>\n\n\n\n<p>Depois da posse de Bolsonaro, o instituto passou a sofrer ataques do Minist\u00e9rio do Meio Ambiente e do pr\u00f3prio presidente em torno dos n\u00fameros de desmatamento na Amaz\u00f4nia, medido pelo Inpe h\u00e1 mais de 30 anos. No auge desse embate, Bolsonaro for\u00e7ou a demiss\u00e3o do ent\u00e3o diretor do instituto, Ricardo Galv\u00e3o.<\/p>\n\n\n\n<p>Antes da demiss\u00e3o, Bolsonaro afirmou que os dados do instituo publicados em reportagens&nbsp;<a href=\"https:\/\/www1.folha.uol.com.br\/ambiente\/2019\/07\/bolsonaro-critica-diretor-do-inpe-por-dados-sobre-desmatamento-que-prejudicam-nome-do-brasil.shtml\">deixavam o Brasil &#8220;malvisto l\u00e1 fora&#8221;<\/a>.<\/p>\n\n\n\n<h2 class=\"wp-block-heading\">O Brasil precisa de mais sat\u00e9lites?<\/h2>\n\n\n\n<p>Essa n\u00e3o \u00e9 a primeira vez que o governo federal tenta alternativas ao monitoramento do Inpe. Em dezembro de 2020, o Comando da Aeron\u00e1utica assinou um contrato com uma empresa finlandesa pelo qual adquiriu um sat\u00e9lite-radar por US$ 33,8 milh\u00f5es, cerca de R$ 164 milh\u00f5es em valores de hoje.<\/p>\n\n\n\n<p>Questionado na \u00e9poca pelo deputado federal Alessandro Molon (PSB-RJ) sobre sua&nbsp;<a href=\"https:\/\/noticias.uol.com.br\/colunas\/rubens-valente\/2021\/01\/01\/teste-teste-teste.htm\">capacidade de monitorar o desmatamento na Amaz\u00f4nia<\/a>, o Inpe respondeu que, desde setembro de 2019, complementa seu sistema de gera\u00e7\u00e3o de alertas de desmatamento (Deter) com o uso de dados do sat\u00e9lite Sentinel-1, &#8220;instrumento operado pela Ag\u00eancia Espacial Europeia, cujas imagens s\u00e3o distribu\u00eddas livremente&#8221;, de gra\u00e7a.<\/p>\n\n\n\n<p>O Inpe demonstra ter plena capacidade de manter o sistema de monitoramento tanto com dados \u00f3ticos como com os de Radar. Al\u00e9m disso, o hist\u00f3rico do INPE demonstra que o Instituto tem capacidade t\u00e9cnica comprovada para conceber projetos de engenharia de sat\u00e9lites.&#8221;<br><strong>Inpe, em resposta ao deputado Alessandro Molon<\/strong><\/p>\n\n\n\n<h2 class=\"wp-block-heading\">Prodes e Deter<\/h2>\n\n\n\n<p>Atualmente, o Inpe conta com os Programas Prodes \u2014criado em 1988 para mostrar quanto de vegeta\u00e7\u00e3o \u00e9 perdido anualmente pelo desmatamento\u2014 e o Deter, criado em 2004 para gerar alertas de desmatamento na Amaz\u00f4nia e Cerrado aos \u00f3rg\u00e3os de fiscaliza\u00e7\u00e3o.<\/p>\n\n\n\n<p>Eles utilizam imagens de sat\u00e9lites pr\u00f3prios e de programas que ofertam as imagens gratuitamente. Tanto o Prodes quanto o Deter fazem o monitoramento de 6 milh\u00f5es de km\u00b2, abrangendo todo o bioma da Amaz\u00f4nia e do Cerrado.<\/p>\n","protected":false},"excerpt":{"rendered":"<p>Wanderley Preite Sobrinho, Do UOL &#8211; Apesar de sat\u00e9lites do Inpe (Instituto Nacional de Pesquisas Espaciais) alertarem para o aumento recorde de queimadas e \u00e1reas desmatadas na floresta amaz\u00f4nica no governo\u00a0Jair Bolsonaro\u00a0(PL), o Minist\u00e9rio das Comunica\u00e7\u00f5es anunciou hoje a inten\u00e7\u00e3o de negociar com o bilion\u00e1rio Elon Musk o fornecimento de &#8220;tecnologia avan\u00e7ada&#8221; de &#8220;monitoramento&#8221; para&#8230;<a class=\"more-link\" href=\"http:\/\/blogdalucianaoliveira.com.br\/blog\/2022\/05\/20\/dados-desmentem-bolsonaro-e-apontam-recorde-de-desmatamento-na-amazonia\/\">Continue a leitura <span class=\"meta-nav\">&raquo;<\/span><\/a><\/p>\n","protected":false},"author":1,"featured_media":0,"comment_status":"closed","ping_status":"open","sticky":false,"template":"","format":"standard","meta":{"_exactmetrics_skip_tracking":false,"_exactmetrics_sitenote_active":false,"_exactmetrics_sitenote_note":"","_exactmetrics_sitenote_category":0,"jetpack_post_was_ever_published":false,"_jetpack_newsletter_access":"","_jetpack_dont_email_post_to_subs":false,"_jetpack_newsletter_tier_id":0,"_jetpack_memberships_contains_paywalled_content":false,"_jetpack_memberships_contains_paid_content":false,"footnotes":"","jetpack_publicize_message":"","jetpack_publicize_feature_enabled":true,"jetpack_social_post_already_shared":true,"jetpack_social_options":{"image_generator_settings":{"template":"highway","enabled":false},"version":2}},"categories":[1],"tags":[],"class_list":["post-33711","post","type-post","status-publish","format-standard","hentry","category-notas"],"jetpack_publicize_connections":[],"jetpack_sharing_enabled":true,"jetpack_featured_media_url":"","jetpack_shortlink":"https:\/\/wp.me\/p7wKYW-8LJ","jetpack-related-posts":[],"_links":{"self":[{"href":"http:\/\/blogdalucianaoliveira.com.br\/blog\/wp-json\/wp\/v2\/posts\/33711","targetHints":{"allow":["GET"]}}],"collection":[{"href":"http:\/\/blogdalucianaoliveira.com.br\/blog\/wp-json\/wp\/v2\/posts"}],"about":[{"href":"http:\/\/blogdalucianaoliveira.com.br\/blog\/wp-json\/wp\/v2\/types\/post"}],"author":[{"embeddable":true,"href":"http:\/\/blogdalucianaoliveira.com.br\/blog\/wp-json\/wp\/v2\/users\/1"}],"replies":[{"embeddable":true,"href":"http:\/\/blogdalucianaoliveira.com.br\/blog\/wp-json\/wp\/v2\/comments?post=33711"}],"version-history":[{"count":1,"href":"http:\/\/blogdalucianaoliveira.com.br\/blog\/wp-json\/wp\/v2\/posts\/33711\/revisions"}],"predecessor-version":[{"id":33713,"href":"http:\/\/blogdalucianaoliveira.com.br\/blog\/wp-json\/wp\/v2\/posts\/33711\/revisions\/33713"}],"wp:attachment":[{"href":"http:\/\/blogdalucianaoliveira.com.br\/blog\/wp-json\/wp\/v2\/media?parent=33711"}],"wp:term":[{"taxonomy":"category","embeddable":true,"href":"http:\/\/blogdalucianaoliveira.com.br\/blog\/wp-json\/wp\/v2\/categories?post=33711"},{"taxonomy":"post_tag","embeddable":true,"href":"http:\/\/blogdalucianaoliveira.com.br\/blog\/wp-json\/wp\/v2\/tags?post=33711"}],"curies":[{"name":"wp","href":"https:\/\/api.w.org\/{rel}","templated":true}]}}