{"id":33715,"date":"2022-05-23T13:48:54","date_gmt":"2022-05-23T17:48:54","guid":{"rendered":"http:\/\/blogdalucianaoliveira.com.br\/blog\/?p=33715"},"modified":"2022-05-23T13:49:00","modified_gmt":"2022-05-23T17:49:00","slug":"o-que-nao-indigenas-deveriam-aprender-com-os-povos-originarios-para-impedir-a-queda-do-ceu","status":"publish","type":"post","link":"http:\/\/blogdalucianaoliveira.com.br\/blog\/2022\/05\/23\/o-que-nao-indigenas-deveriam-aprender-com-os-povos-originarios-para-impedir-a-queda-do-ceu\/","title":{"rendered":"O que n\u00e3o ind\u00edgenas deveriam aprender com os povos origin\u00e1rios para impedir a queda do c\u00e9u?"},"content":{"rendered":"\n<figure class=\"wp-block-image size-large\"><img data-recalc-dims=\"1\" loading=\"lazy\" decoding=\"async\" width=\"600\" height=\"400\" data-attachment-id=\"33716\" data-permalink=\"http:\/\/blogdalucianaoliveira.com.br\/blog\/2022\/05\/23\/o-que-nao-indigenas-deveriam-aprender-com-os-povos-originarios-para-impedir-a-queda-do-ceu\/files-brazil-environment-deforestation\/\" data-orig-file=\"https:\/\/i0.wp.com\/blogdalucianaoliveira.com.br\/blog\/wp-content\/uploads\/2022\/05\/1B7A5153-9678-4AC1-9F19-59C9DCCE7702.jpeg?fit=800%2C533\" data-orig-size=\"800,533\" data-comments-opened=\"0\" data-image-meta=\"{&quot;aperture&quot;:&quot;0&quot;,&quot;credit&quot;:&quot;AFP&quot;,&quot;camera&quot;:&quot;&quot;,&quot;caption&quot;:&quot;(FILES) In this file photo taken on August 11, 2020 smoke rises from an illegal fire in Amazon rainforest reserve, north of Sinop in Mato Grosso state, Brazil. - Deforestation in the Brazilian Amazon reached nearly 360 km2 in the first three weeks of the year, breaking the record for a month of January, according to official data published on February 2, 2022, seen as a worrying sign for the whole of 2022. (Photo by CARL DE SOUZA \\\/ AFP)&quot;,&quot;created_timestamp&quot;:&quot;1597172324&quot;,&quot;copyright&quot;:&quot;AFP or licensors&quot;,&quot;focal_length&quot;:&quot;0&quot;,&quot;iso&quot;:&quot;0&quot;,&quot;shutter_speed&quot;:&quot;0&quot;,&quot;title&quot;:&quot;FILES-BRAZIL-ENVIRONMENT-DEFORESTATION&quot;,&quot;orientation&quot;:&quot;0&quot;}\" data-image-title=\"FILES-BRAZIL-ENVIRONMENT-DEFORESTATION\" data-image-description=\"\" data-image-caption=\"&lt;p&gt;(FILES) In this file photo taken on August 11, 2020 smoke rises from an illegal fire in Amazon rainforest reserve, north of Sinop in Mato Grosso state, Brazil. &amp;#8211; Deforestation in the Brazilian Amazon reached nearly 360 km2 in the first three weeks of the year, breaking the record for a month of January, according to official data published on February 2, 2022, seen as a worrying sign for the whole of 2022. (Photo by CARL DE SOUZA \/ AFP)&lt;\/p&gt;\n\" data-medium-file=\"https:\/\/i0.wp.com\/blogdalucianaoliveira.com.br\/blog\/wp-content\/uploads\/2022\/05\/1B7A5153-9678-4AC1-9F19-59C9DCCE7702.jpeg?fit=300%2C200\" data-large-file=\"https:\/\/i0.wp.com\/blogdalucianaoliveira.com.br\/blog\/wp-content\/uploads\/2022\/05\/1B7A5153-9678-4AC1-9F19-59C9DCCE7702.jpeg?fit=600%2C400\" src=\"https:\/\/i0.wp.com\/blogdalucianaoliveira.com.br\/blog\/wp-content\/uploads\/2022\/05\/1B7A5153-9678-4AC1-9F19-59C9DCCE7702.jpeg?resize=600%2C400\" alt=\"\" class=\"wp-image-33716\" srcset=\"https:\/\/i0.wp.com\/blogdalucianaoliveira.com.br\/blog\/wp-content\/uploads\/2022\/05\/1B7A5153-9678-4AC1-9F19-59C9DCCE7702.jpeg?w=800 800w, https:\/\/i0.wp.com\/blogdalucianaoliveira.com.br\/blog\/wp-content\/uploads\/2022\/05\/1B7A5153-9678-4AC1-9F19-59C9DCCE7702.jpeg?resize=300%2C200 300w, https:\/\/i0.wp.com\/blogdalucianaoliveira.com.br\/blog\/wp-content\/uploads\/2022\/05\/1B7A5153-9678-4AC1-9F19-59C9DCCE7702.jpeg?resize=768%2C512 768w, https:\/\/i0.wp.com\/blogdalucianaoliveira.com.br\/blog\/wp-content\/uploads\/2022\/05\/1B7A5153-9678-4AC1-9F19-59C9DCCE7702.jpeg?resize=450%2C300 450w\" sizes=\"auto, (max-width: 600px) 100vw, 600px\" \/><\/figure>\n\n\n\n<h4 class=\"wp-block-heading\">Retomando terras e ro\u00e7as tradicionais, Guaranis apontam caminhos para mudar a rota de devasta\u00e7\u00e3o do planeta&nbsp;<\/h4>\n\n\n\n<p>Gabriela Moncau &#8211; Brasil de Fato | S\u00e3o Paulo\u00a0<\/p>\n\n\n\n<p>\u201cGente do c\u00e9u&#8230; Esse pessoal branco tem que parar. Ficam passando veneno, destruindo tudo. O dia que acabar a natureza, os seres humanos v\u00e3o se acabar tamb\u00e9m. Parece que os brancos s\u00e3o cegos. Parece que s\u00e3o surdos\u201d.\u00a0<\/p>\n\n\n\n<p>Leila Rocha toma chimarr\u00e3o olhando o rio todas as manh\u00e3s. Com 59 anos de idade, a lideran\u00e7a Guarani \u00d1andeva do munic\u00edpio de Japor\u00e3, no Mato Grosso do Sul (quase fronteira com o Paraguai), diz ter de suportar ver, a cada dia, o mato desaparecer e as \u00e1guas do rio diminu\u00edrem.&nbsp;&nbsp;<\/p>\n\n\n\n<p>Foi ali, na Terra Ind\u00edgena (TI) Yvy Katu, que Leila cresceu. Ela&nbsp;se lembra quando, aos 8&nbsp;anos, sua comunidade foi expulsa, encaminhada \u201cna marra\u201d pela Funai para uma reserva \u201capertada\u201d e viu sua terra ser tomada por fazendeiros. Na ocasi\u00e3o, ela prometeu ao pai que voltaria. D\u00e9cadas depois, cumpriu.&nbsp;&nbsp;<\/p>\n\n\n\n<p>Leila faz parte do Conselho da Aty Guasu (Grande Assembleia Kaiow\u00e1 e Guarani) e da Ku\u00f1angue Aty Guasu (Grande Assembleia das Mulehres Kaiow\u00e1 e Guarani). Participou da retomada da TI Yvy Katu em 2003 e, depois de serem despejados, esteve tamb\u00e9m na outra retomada, feita em 2013. Ali vive desde ent\u00e3o. Mas a terra \u2013 que est\u00e1 demarcada e com a homologa\u00e7\u00e3o pendente &#8211; n\u00e3o \u00e9 mais a mesma. Est\u00e1 no meio de um estado tomado pela pecu\u00e1ria, por planta\u00e7\u00f5es de cana, milho e soja transg\u00eanica.&nbsp;<\/p>\n\n\n\n<p>Segundo o&nbsp;<a href=\"https:\/\/mapbiomas.org\/\" target=\"_blank\" rel=\"noreferrer noopener\">MapBiomas<\/a>, s\u00f3 as planta\u00e7\u00f5es de soja ocupam 36 milh\u00f5es de hectares no Brasil, o equivalente a 4,3% do territ\u00f3rio nacional. \u00c9 uma \u00e1rea maior do que pa\u00edses como a It\u00e1lia ou o Vietn\u00e3.&nbsp;&nbsp;<\/p>\n\n\n\n<p>Pouco menos que a metade (42%) dessa monocultura est\u00e1 na regi\u00e3o do Cerrado, onde&nbsp;Leila vive. Entre 1985 e 2020, a soja se expandiu 464% no bioma.&nbsp;&nbsp;<\/p>\n\n\n\n<p>Um ser que produz seu pr\u00f3prio fim&nbsp;<\/p>\n\n\n\n<p>O&nbsp;<a href=\"https:\/\/www.hrw.org\/sites\/default\/files\/report_pdf\/brazil0718port_insert_lowres_webspreads.pdf\" target=\"_blank\" rel=\"noreferrer noopener\">veneno<\/a>&nbsp;no rio mencionado por Leila vem da&nbsp;<a href=\"https:\/\/youtu.be\/g_g_94QLtco\" target=\"_blank\" rel=\"noreferrer noopener\">pulveriza\u00e7\u00e3o de agrot\u00f3xicos do agroneg\u00f3cio<\/a>que, de t\u00e3o&nbsp;<a href=\"https:\/\/tab.uol.com.br\/noticias\/redacao\/2022\/02\/21\/agrotoxico-e-usado-como-arma-quimica-contra-aldeias-indigenas-em-ms.htm\" target=\"_blank\" rel=\"noreferrer noopener\">sistem\u00e1ticas no Mato Grosso do Sul<\/a>, foram definidas como \u201cagress\u00f5es qu\u00edmicas\u201d pelo procurador Marco Ant\u00f4nio Delfino, do Minist\u00e9rio P\u00fablico Federal, em den\u00fancias que levou adiante contra a pr\u00e1tica.&nbsp;&nbsp;<\/p>\n\n\n\n<p>O Cerrado \u00e9 tamb\u00e9m uma das regi\u00f5es do pa\u00eds que ganhou destaque no relat\u00f3rio do Painel Intergovernamental de Mudan\u00e7as Clim\u00e1ticas (IPCC) da ONU, divulgado em abril. Se houver o aumento previsto da temperatura m\u00e9dia da Terra de 4\u00baC a 5\u00baC, a previs\u00e3o \u00e9 que as chuvas nessa \u00e1rea do Brasil reduzam em 20%.&nbsp;<\/p>\n\n\n\n<p><a href=\"https:\/\/www.brasildefato.com.br\/2022\/04\/05\/novo-relatorio-do-ipcc-destaca-que-mundo-teria-aumento-de-3-2-c-com-politicas-climaticas-atuais\" target=\"_blank\" rel=\"noreferrer noopener\"><strong>::&nbsp;Novo relat\u00f3rio do IPCC destaca que mundo teria aumento de 3,2\u00baC com pol\u00edticas clim\u00e1ticas atuais ::<\/strong><\/a><\/p>\n\n\n\n<p>Ainda segundo o relat\u00f3rio da ONU, feito a partir de cerca de 18 mil publica\u00e7\u00f5es cient\u00edficas, se o planeta n\u00e3o reduzir quase pela metade as emiss\u00f5es de gases do efeito estufa at\u00e9 2030, uma cat\u00e1strofe global ser\u00e1 inevit\u00e1vel.&nbsp;<\/p>\n\n\n\n<p>E o Brasil vem dando sua contribui\u00e7\u00e3o para que o planeta avance rapidamente nesse rumo.&nbsp;<a href=\"https:\/\/www.nexojornal.com.br\/extra\/2022\/04\/28\/Brasil-foi-respons%C3%A1vel-por-40-do-desmatamento-mundial-em-2021#:~:text=O%20Brasil%20foi%20respons%C3%A1vel%20por,maior%20perda%20foi%20regi%C3%A3o%20norte.\" target=\"_blank\" rel=\"noreferrer noopener\">Dados da ONG Global Forest Watch<\/a>&nbsp;divulgados no fim de abril apontam que o pa\u00eds foi respons\u00e1vel por 40% do desmatamento mundial em 2021.&nbsp;&nbsp;<\/p>\n\n\n\n<p>No livro&nbsp;<em>A queda do c\u00e9u<\/em>, o xam\u00e3 e l\u00edder Yanomami Davi Kopenawa descreve que \u201cos brancos n\u00e3o pensam muito adiante no futuro. Est\u00e3o sempre preocupados demais com as coisas do momento\u201d.&nbsp;&nbsp;<\/p>\n\n\n\n<p>\u201cA floresta est\u00e1 viva. S\u00f3 vai morrer se os brancos insistirem em destru\u00ed-la\u201d, profetiza Kopenawa: \u201cEnt\u00e3o morreremos, um atr\u00e1s do outro, tanto os brancos quanto n\u00f3s. Todos os xam\u00e3s v\u00e3o acabar morrendo. Quando n\u00e3o houver mais nenhum deles vivo para sustentar o c\u00e9u, ele vai desabar\u201d.&nbsp;&nbsp;<\/p>\n\n\n\n<p>Kopenawa explica que escreveu aquelas palavras em coautoria com o antrop\u00f3logo Bruce Albert para que os brancos as compreendam e possam dizer \u201cos Yanomami s\u00e3o diferentes de n\u00f3s, (&#8230;) o pensamento deles segue caminhos outros que o da mercadoria\u201d.&nbsp;<\/p>\n\n\n\n<p>\u201cRuralista bebe \u00e1gua tamb\u00e9m\u201d&nbsp;&nbsp;<\/p>\n\n\n\n<p>E a mercadoria, diz Leila Rocha &#8211; com um tom de voz calmo, quase destoante com aquele que se esperaria de algu\u00e9m que h\u00e1 tanto tempo tem de explicar o \u00f3bvio -, \u00e9 in\u00fatil se a vida n\u00e3o puder existir.&nbsp;<\/p>\n\n\n\n<p>\u201cAs pessoas n\u00e3o entendem a luta dos ind\u00edgenas. Pensam que \u00e9 por causa da terra. N\u00e3o \u00e9 isso. A gente luta pela natureza, pelo rio, pelos rem\u00e9dios tradicionais, para que as \u00e1rvores possam ficar no lugar em que elas est\u00e3o\u201d, elenca. \u201cA natureza tamb\u00e9m sente dor, igual o ser humano\u201d, diz.&nbsp;<\/p>\n\n\n\n<p>\u201c\u00c9 dif\u00edcil colocar isso na cabe\u00e7a das pessoas brancas. Quando voc\u00ea diz, parece que a pessoa entende tudo. Mas na verdade n\u00e3o entende n\u00e9? S\u00f3 pensa em destruir, passar o trator, queimar a beira do rio. Mas n\u00f3s seres humanos precisamos dessa \u00e1gua. Nunca vamos viver sem \u00e1gua\u201d, afirma Leila Rocha.&nbsp;<\/p>\n\n\n\n<p>\u201cOs ruralistas, fazendeiros, s\u00e3o devoradores da natureza. E n\u00e3o conseguem pensar que est\u00e3o matando a pr\u00f3pria vida deles. Se um dia a \u00e1gua acabar, n\u00f3s seres humanos n\u00e3o sobrevivemos. Mesmo ruralista com toda a riqueza que tem. Ruralista bebe \u00e1gua tamb\u00e9m\u201d, ressalta.&nbsp;&nbsp;&nbsp;<\/p>\n\n\n\n<p>Retomadas de terra e de ro\u00e7as tradicionais&nbsp;<\/p>\n\n\n\n<p>Mas enquanto uns insistem em destruir a natureza, outros se esfor\u00e7am para&nbsp;salv\u00e1-la. Depois de d\u00e9cadas vivendo em duas aldeias de 26 hectares cada, os Guarani Mbya da TI Tenond\u00e9 Por\u00e3, localizada na regi\u00e3o de Parelheiros, zona sul de S\u00e3o Paulo, come\u00e7aram, desde 2013, um processo de retomada de suas terras.&nbsp;<\/p>\n\n\n\n<p><strong>::&nbsp;<a href=\"https:\/\/www.brasildefato.com.br\/2021\/11\/14\/retomadas-em-todo-o-pais-indigenas-ocupam-suas-terras-ancestrais-ainda-que-sob-ataque\">Retomadas em todo o pa\u00eds: ind\u00edgenas ocupam suas terras ancestrais, ainda que sob ataque ::<\/a><\/strong><\/p>\n\n\n\n<p>Atualmente s\u00e3o 14 aldeias. Seis delas &#8211; Nhamandu Mir\u1fd6, Ypor\u00e3,&nbsp; Ikatu Mir\u1fd6, Takua Ju Mir\u0129, Ka\u2019aguy Hovy e Kuaray Oua \u2013 foram retomadas de 2020 para c\u00e1.&nbsp;&nbsp;<\/p>\n\n\n\n<p>A dispers\u00e3o por um territ\u00f3rio mais amplo permitiu que, nos \u00faltimos anos, os ind\u00edgenas retomassem tamb\u00e9m aspectos do&nbsp;<em>nhandereko<\/em>, o modo de viver Guarani. Uma parte desse conjunto de pr\u00e1ticas e conhecimentos \u00e9 a agricultura tradicional, antes impossibilitada pela falta de espa\u00e7o.&nbsp;&nbsp;<\/p>\n\n\n\n<figure class=\"wp-block-image\"><img data-recalc-dims=\"1\" decoding=\"async\" src=\"https:\/\/i0.wp.com\/images01.brasildefato.com.br\/99c38f2a364d304e5c7bd8b7aa17710e.jpeg?w=600&#038;ssl=1\" alt=\"\"\/><\/figure>\n\n\n\n<p><br>Em 2020, 35% da popula\u00e7\u00e3o da Terra Ind\u00edgena Tenond\u00e9 Por\u00e3 estava envolvida nos trabalhos das ro\u00e7as tradicionais \/ Clarisse Jaxuka<\/p>\n\n\n\n<p>Segundo&nbsp;<a href=\"http:\/\/trabalhoindigenista.org.br\/wp-content\/uploads\/2020\/12\/AgriculturaGuarani_14mb.pdf\" target=\"_blank\" rel=\"noreferrer noopener\">levantamento do Centro de Trabalho Indigenista (CTI)<\/a>&nbsp;em seis das aldeias, em 2020 j\u00e1 havia 80 ro\u00e7as ind\u00edgenas, cultivando 190 variedades agr\u00edcolas. Entre elas, diferentes esp\u00e9cies de milho, mandioca, batata, feij\u00e3o, ab\u00f3bora e banana.&nbsp;&nbsp;<\/p>\n\n\n\n<p>As ro\u00e7as foram desenvolvidas a partir do uso de sementes trocadas e tamb\u00e9m guardadas como tesouro pelos anci\u00e3os e anci\u00e3s Guarani, os<em>&nbsp;xeramo\u0129&nbsp;<\/em>e as&nbsp;<em>xejariy<\/em>.&nbsp;<\/p>\n\n\n\n<p>Juxuka Mir\u1fd6, chamada de Clarisse em portugu\u00eas, trabalha na ro\u00e7a da aldeia Kalipety (retomada em 2013) e \u00e9 tamb\u00e9m coordenadora da Comiss\u00e3o Guarani Yvyrupa (CGY).&nbsp;&nbsp;<\/p>\n\n\n\n<p>\u201cTemos v\u00e1rios tipos de batata: roxa, branca, amarela. E milhos tamb\u00e9m. Tem preto, vermelho, branquinho, amarelo, colorido. A gente conseguiu resgatar os milhos de antigamente. Eu estou muito feliz. Quando eu era crian\u00e7a era bem dif\u00edcil ver esse milho\u201d, conta Jaxuka, que atualmente tem 37 anos. \u201c\u00c0s vezes eu penso&#8230; Tem alguns mais velhos que j\u00e1 n\u00e3o est\u00e3o mais junto conosco, que lutaram tanto para ver isso&#8230; Sabe?\u201d&nbsp;<\/p>\n\n\n\n<p>\u201cO mundo n\u00e3o acaba, mas a gente acaba\u201d&nbsp;<\/p>\n\n\n\n<p>Jaxuka tem uma lembran\u00e7a de, aos 12 anos, ouvir pela primeira vez os&nbsp;<em>xeramo\u0129\u2019 kuery<\/em>, os mais velhos, falando sobre a import\u00e2ncia da manuten\u00e7\u00e3o das pr\u00e1ticas e saberes ind\u00edgenas para impedir que a gan\u00e2ncia capitalista destrua&nbsp;a vida humana.&nbsp;&nbsp;<\/p>\n\n\n\n<p>\u201cIsso se fala desde antigamente. N\u00e3o s\u00f3&nbsp;<em>juru\u00e1<\/em>[n\u00e3o ind\u00edgenas] n\u00e9, mas mesmo n\u00f3s Guarani: se n\u00e3o soubermos cuidar da natureza, das nossas rezas, se a gente come\u00e7ar a esquecer dos nossos, das nossas l\u00ednguas&#8230;\u201d, diz Jaxuka: \u201cO mundo n\u00e3o acaba. Mas a gente acaba\u201d.&nbsp;&nbsp;<\/p>\n\n\n\n<p>\u201cHoje em dia esse mundo est\u00e1 louco mesmo. A natureza vive, a natureza chora, a natureza grita \u2013 e ningu\u00e9m ouve mais\u201d, resume Leila Rocha. \u201cEu espero que um dia os brancos entendam que os ind\u00edgenas s\u00e3o guardi\u00f5es. A gente n\u00e3o luta s\u00f3 pela terra. A gente luta por todos n\u00f3s\u201d.&nbsp;<\/p>\n\n\n\n<p>Edi\u00e7\u00e3o: Raquel Setz<\/p>\n","protected":false},"excerpt":{"rendered":"<p>Retomando terras e ro\u00e7as tradicionais, Guaranis apontam caminhos para mudar a rota de devasta\u00e7\u00e3o do planeta&nbsp; Gabriela Moncau &#8211; Brasil de Fato | S\u00e3o Paulo\u00a0 \u201cGente do c\u00e9u&#8230; Esse pessoal branco tem que parar. Ficam passando veneno, destruindo tudo. O dia que acabar a natureza, os seres humanos v\u00e3o se acabar tamb\u00e9m. Parece que os&#8230;<a class=\"more-link\" href=\"http:\/\/blogdalucianaoliveira.com.br\/blog\/2022\/05\/23\/o-que-nao-indigenas-deveriam-aprender-com-os-povos-originarios-para-impedir-a-queda-do-ceu\/\">Continue a leitura <span class=\"meta-nav\">&raquo;<\/span><\/a><\/p>\n","protected":false},"author":1,"featured_media":0,"comment_status":"closed","ping_status":"open","sticky":false,"template":"","format":"standard","meta":{"_exactmetrics_skip_tracking":false,"_exactmetrics_sitenote_active":false,"_exactmetrics_sitenote_note":"","_exactmetrics_sitenote_category":0,"jetpack_post_was_ever_published":false,"_jetpack_newsletter_access":"","_jetpack_dont_email_post_to_subs":false,"_jetpack_newsletter_tier_id":0,"_jetpack_memberships_contains_paywalled_content":false,"_jetpack_memberships_contains_paid_content":false,"footnotes":"","jetpack_publicize_message":"","jetpack_publicize_feature_enabled":true,"jetpack_social_post_already_shared":true,"jetpack_social_options":{"image_generator_settings":{"template":"highway","enabled":false},"version":2}},"categories":[1],"tags":[],"class_list":["post-33715","post","type-post","status-publish","format-standard","hentry","category-notas"],"jetpack_publicize_connections":[],"jetpack_sharing_enabled":true,"jetpack_featured_media_url":"","jetpack_shortlink":"https:\/\/wp.me\/p7wKYW-8LN","jetpack-related-posts":[],"_links":{"self":[{"href":"http:\/\/blogdalucianaoliveira.com.br\/blog\/wp-json\/wp\/v2\/posts\/33715","targetHints":{"allow":["GET"]}}],"collection":[{"href":"http:\/\/blogdalucianaoliveira.com.br\/blog\/wp-json\/wp\/v2\/posts"}],"about":[{"href":"http:\/\/blogdalucianaoliveira.com.br\/blog\/wp-json\/wp\/v2\/types\/post"}],"author":[{"embeddable":true,"href":"http:\/\/blogdalucianaoliveira.com.br\/blog\/wp-json\/wp\/v2\/users\/1"}],"replies":[{"embeddable":true,"href":"http:\/\/blogdalucianaoliveira.com.br\/blog\/wp-json\/wp\/v2\/comments?post=33715"}],"version-history":[{"count":1,"href":"http:\/\/blogdalucianaoliveira.com.br\/blog\/wp-json\/wp\/v2\/posts\/33715\/revisions"}],"predecessor-version":[{"id":33717,"href":"http:\/\/blogdalucianaoliveira.com.br\/blog\/wp-json\/wp\/v2\/posts\/33715\/revisions\/33717"}],"wp:attachment":[{"href":"http:\/\/blogdalucianaoliveira.com.br\/blog\/wp-json\/wp\/v2\/media?parent=33715"}],"wp:term":[{"taxonomy":"category","embeddable":true,"href":"http:\/\/blogdalucianaoliveira.com.br\/blog\/wp-json\/wp\/v2\/categories?post=33715"},{"taxonomy":"post_tag","embeddable":true,"href":"http:\/\/blogdalucianaoliveira.com.br\/blog\/wp-json\/wp\/v2\/tags?post=33715"}],"curies":[{"name":"wp","href":"https:\/\/api.w.org\/{rel}","templated":true}]}}