{"id":33718,"date":"2022-05-23T13:55:41","date_gmt":"2022-05-23T17:55:41","guid":{"rendered":"http:\/\/blogdalucianaoliveira.com.br\/blog\/?p=33718"},"modified":"2022-05-23T13:55:47","modified_gmt":"2022-05-23T17:55:47","slug":"sonia-guajajara-entra-na-lista-das-100-pessoas-mais-influentes-do-mundo-pela-revista-time","status":"publish","type":"post","link":"http:\/\/blogdalucianaoliveira.com.br\/blog\/2022\/05\/23\/sonia-guajajara-entra-na-lista-das-100-pessoas-mais-influentes-do-mundo-pela-revista-time\/","title":{"rendered":"S\u00f4nia Guajajara entra na lista das 100 pessoas mais influentes do mundo pela revista &#8220;Time&#8221;"},"content":{"rendered":"\n<figure class=\"wp-block-image size-large\"><img data-recalc-dims=\"1\" loading=\"lazy\" decoding=\"async\" width=\"600\" height=\"399\" data-attachment-id=\"33719\" data-permalink=\"http:\/\/blogdalucianaoliveira.com.br\/blog\/2022\/05\/23\/sonia-guajajara-entra-na-lista-das-100-pessoas-mais-influentes-do-mundo-pela-revista-time\/35cff9ac-2cd4-4e52-8e81-e55ac8de9475\/\" data-orig-file=\"https:\/\/i0.wp.com\/blogdalucianaoliveira.com.br\/blog\/wp-content\/uploads\/2022\/05\/35CFF9AC-2CD4-4E52-8E81-E55AC8DE9475.jpeg?fit=768%2C511\" data-orig-size=\"768,511\" data-comments-opened=\"0\" data-image-meta=\"{&quot;aperture&quot;:&quot;0&quot;,&quot;credit&quot;:&quot;&quot;,&quot;camera&quot;:&quot;&quot;,&quot;caption&quot;:&quot;&quot;,&quot;created_timestamp&quot;:&quot;0&quot;,&quot;copyright&quot;:&quot;&quot;,&quot;focal_length&quot;:&quot;0&quot;,&quot;iso&quot;:&quot;0&quot;,&quot;shutter_speed&quot;:&quot;0&quot;,&quot;title&quot;:&quot;&quot;,&quot;orientation&quot;:&quot;0&quot;}\" data-image-title=\"35CFF9AC-2CD4-4E52-8E81-E55AC8DE9475\" data-image-description=\"\" data-image-caption=\"\" data-medium-file=\"https:\/\/i0.wp.com\/blogdalucianaoliveira.com.br\/blog\/wp-content\/uploads\/2022\/05\/35CFF9AC-2CD4-4E52-8E81-E55AC8DE9475.jpeg?fit=300%2C200\" data-large-file=\"https:\/\/i0.wp.com\/blogdalucianaoliveira.com.br\/blog\/wp-content\/uploads\/2022\/05\/35CFF9AC-2CD4-4E52-8E81-E55AC8DE9475.jpeg?fit=600%2C399\" src=\"https:\/\/i0.wp.com\/blogdalucianaoliveira.com.br\/blog\/wp-content\/uploads\/2022\/05\/35CFF9AC-2CD4-4E52-8E81-E55AC8DE9475.jpeg?resize=600%2C399\" alt=\"\" class=\"wp-image-33719\" srcset=\"https:\/\/i0.wp.com\/blogdalucianaoliveira.com.br\/blog\/wp-content\/uploads\/2022\/05\/35CFF9AC-2CD4-4E52-8E81-E55AC8DE9475.jpeg?w=768 768w, https:\/\/i0.wp.com\/blogdalucianaoliveira.com.br\/blog\/wp-content\/uploads\/2022\/05\/35CFF9AC-2CD4-4E52-8E81-E55AC8DE9475.jpeg?resize=300%2C200 300w, https:\/\/i0.wp.com\/blogdalucianaoliveira.com.br\/blog\/wp-content\/uploads\/2022\/05\/35CFF9AC-2CD4-4E52-8E81-E55AC8DE9475.jpeg?resize=451%2C300 451w\" sizes=\"auto, (max-width: 600px) 100vw, 600px\" \/><\/figure>\n\n\n\n<h4 class=\"wp-block-heading\">Boulos afirma que S\u00f4nia \u00e9 &#8220;inspira\u00e7\u00e3o&#8221;; cientista brasileiro que atua na \u00c1frica do Sul tamb\u00e9m foi inclu\u00eddo na lista<\/h4>\n\n\n\n<!--more-->\n\n\n\n<p>Brasil de Fato, Rio de Janeiro (RJ)<\/p>\n\n\n\n<p>A lideran\u00e7a ind\u00edgena S\u00f4nia Guajajara foi inclu\u00edda na lista das 100 pessoas mais influentes da revista&nbsp;Time, publicada nos EUA e&nbsp;divulgada nesta segunda-feira (23). Ela \u00e9 uma das duas pessoas brasileiras na lista, ao lado do cientista T\u00falio de Oliveira, que atua na \u00c1frica do Sul e foi um dos respons\u00e1veis pela identifica\u00e7\u00e3o da variante \u00f4micron do v\u00edrus da covid-19.<\/p>\n\n\n\n<p>Nascida na Terra Ind\u00edgena de Ararib\u00f3ia, no Maranh\u00e3o, S\u00f4nia dedicou a vida para combater a invisibilidade dos povos ind\u00edgenas. Em cerca de duas d\u00e9cadas de atua\u00e7\u00e3o na luta pelos direitos das popula\u00e7\u00f5es origin\u00e1rias, atuou em diferentes organiza\u00e7\u00f5es e movimentos, como a&nbsp;<a href=\"https:\/\/www.brasildefato.com.br\/2020\/09\/23\/apib-rechaca-acusacoes-de-heleno-o-que-lesa-nossa-patria-e-a-omissao-do-governo\" target=\"_blank\" rel=\"noreferrer noopener\">Articula\u00e7\u00e3o&nbsp;dos Povos Ind\u00edgenas do Brasil (Apib)<\/a>, da qual \u00e9 coordenadora executiva.<\/p>\n\n\n\n<p><a href=\"https:\/\/www.brasildefato.com.br\/2022\/03\/22\/sonia-guajajara-sera-candidata-a-deputada-federal-por-sao-paulo\" target=\"_blank\" rel=\"noreferrer noopener\">Pr\u00e9-candidata a deputada federal pelo PSOL em S\u00e3o Paulo<\/a>, Guajajara entrou para a hist\u00f3ria da pol\u00edtica brasileira em 2018, quando foi candidata a vice-presidente na chapa de Guilherme Boulos (PSOL). Foi a primeira ind\u00edgena a concorrer ao cargo.&nbsp;<\/p>\n\n\n\n<p>Foi Boulos, ali\u00e1s, quem escreveu o perfil de Guajajara na&nbsp;<em>Time<\/em>. Convidado pela revista para apresentar a colega de partido, Boulos destacou o fato de ela ter sa\u00eddo de casa aos 10 anos para trabalhar e, contrariando as estat\u00edsticas, ter chegado ao ensino superior. Ela \u00e9 professora e auxiliar de enfermagem.<\/p>\n\n\n\n<p>&#8220;S\u00f4nia \u00e9 uma inspira\u00e7\u00e3o, n\u00e3o s\u00f3 para mim, mas para milh\u00f5es de brasileiros que sonham com um pa\u00eds que quita suas d\u00edvidas com o passado e finalmente acolhe o futuro&#8221;, destacou Boulos.<\/p>\n\n\n\n<p>Tulio de Oliveira<\/p>\n\n\n\n<p>Vivendo na \u00c1frica do Sul h\u00e1 mais de vinte anos, o cientista brasileiro Tulio de Oliveira foi um dos primeiros pesquisadores a alertar sobre a gravidade da variante \u00f4micron. Ele \u00e9 diretor do Centro para Respostas e Inova\u00e7\u00e3o sobre Epidemias do pa\u00eds africano. Oliveira foi nomeado junto de&nbsp;Sikhulile Moyo, diretor de laborat\u00f3rio do Laborat\u00f3rio de Refer\u00eancia de HIV de Botswana-Harvard, que tamb\u00e9m trabalhou na identifica\u00e7\u00e3o da variante.<\/p>\n\n\n\n<p>Elaborada anualmente desde 2004, a lista da&nbsp;<em>Time&nbsp;<\/em>re\u00fane pessoas que contribuem para mudan\u00e7as no mundo \u2013 sejam boas ou ruins.&nbsp;<a href=\"https:\/\/www.brasildefato.com.br\/2020\/09\/23\/felipe-neto-e-eleito-pela-time-uma-das-100-pessoas-mais-influentes-do-mundo\" target=\"_blank\" rel=\"noreferrer noopener\">Em 2020, por exemplo, o presidente Jair Bolsonaro (PL) foi inclu\u00eddo na lista<\/a>&nbsp;e duramente criticado pela condu\u00e7\u00e3o da resposta \u00e0 pandemia, pela recess\u00e3o econ\u00f4mica e pelo desmatamento na Amaz\u00f4nia. Em 2022, os l\u00edderes da R\u00fassia e da Ucr\u00e2nia,&nbsp;Vladimir Putin e&nbsp;Volodymyr Zelensky, est\u00e3o entre as personalidades listadas.<\/p>\n\n\n\n<p>Edi\u00e7\u00e3o: Rodrigo Dur\u00e3o Coelho<\/p>\n","protected":false},"excerpt":{"rendered":"<p>Boulos afirma que S\u00f4nia \u00e9 &#8220;inspira\u00e7\u00e3o&#8221;; cientista brasileiro que atua na \u00c1frica do Sul tamb\u00e9m foi inclu\u00eddo na lista<\/p>\n","protected":false},"author":1,"featured_media":0,"comment_status":"closed","ping_status":"open","sticky":false,"template":"","format":"standard","meta":{"_exactmetrics_skip_tracking":false,"_exactmetrics_sitenote_active":false,"_exactmetrics_sitenote_note":"","_exactmetrics_sitenote_category":0,"jetpack_post_was_ever_published":false,"_jetpack_newsletter_access":"","_jetpack_dont_email_post_to_subs":false,"_jetpack_newsletter_tier_id":0,"_jetpack_memberships_contains_paywalled_content":false,"_jetpack_memberships_contains_paid_content":false,"footnotes":"","jetpack_publicize_message":"","jetpack_publicize_feature_enabled":true,"jetpack_social_post_already_shared":true,"jetpack_social_options":{"image_generator_settings":{"template":"highway","enabled":false},"version":2}},"categories":[1],"tags":[],"class_list":["post-33718","post","type-post","status-publish","format-standard","hentry","category-notas"],"jetpack_publicize_connections":[],"jetpack_sharing_enabled":true,"jetpack_featured_media_url":"","jetpack_shortlink":"https:\/\/wp.me\/p7wKYW-8LQ","jetpack-related-posts":[],"_links":{"self":[{"href":"http:\/\/blogdalucianaoliveira.com.br\/blog\/wp-json\/wp\/v2\/posts\/33718","targetHints":{"allow":["GET"]}}],"collection":[{"href":"http:\/\/blogdalucianaoliveira.com.br\/blog\/wp-json\/wp\/v2\/posts"}],"about":[{"href":"http:\/\/blogdalucianaoliveira.com.br\/blog\/wp-json\/wp\/v2\/types\/post"}],"author":[{"embeddable":true,"href":"http:\/\/blogdalucianaoliveira.com.br\/blog\/wp-json\/wp\/v2\/users\/1"}],"replies":[{"embeddable":true,"href":"http:\/\/blogdalucianaoliveira.com.br\/blog\/wp-json\/wp\/v2\/comments?post=33718"}],"version-history":[{"count":1,"href":"http:\/\/blogdalucianaoliveira.com.br\/blog\/wp-json\/wp\/v2\/posts\/33718\/revisions"}],"predecessor-version":[{"id":33720,"href":"http:\/\/blogdalucianaoliveira.com.br\/blog\/wp-json\/wp\/v2\/posts\/33718\/revisions\/33720"}],"wp:attachment":[{"href":"http:\/\/blogdalucianaoliveira.com.br\/blog\/wp-json\/wp\/v2\/media?parent=33718"}],"wp:term":[{"taxonomy":"category","embeddable":true,"href":"http:\/\/blogdalucianaoliveira.com.br\/blog\/wp-json\/wp\/v2\/categories?post=33718"},{"taxonomy":"post_tag","embeddable":true,"href":"http:\/\/blogdalucianaoliveira.com.br\/blog\/wp-json\/wp\/v2\/tags?post=33718"}],"curies":[{"name":"wp","href":"https:\/\/api.w.org\/{rel}","templated":true}]}}