{"id":3372,"date":"2016-08-23T15:36:10","date_gmt":"2016-08-23T19:36:10","guid":{"rendered":"http:\/\/blogdalucianaoliveira.com.br\/blog\/?p=3372"},"modified":"2016-08-23T15:36:10","modified_gmt":"2016-08-23T19:36:10","slug":"mais-uma-pra-colecao-de-falsos-moralistas","status":"publish","type":"post","link":"http:\/\/blogdalucianaoliveira.com.br\/blog\/2016\/08\/23\/mais-uma-pra-colecao-de-falsos-moralistas\/","title":{"rendered":"Mais uma pra cole\u00e7\u00e3o de falsos moralistas"},"content":{"rendered":"<p><img data-recalc-dims=\"1\" loading=\"lazy\" decoding=\"async\" data-attachment-id=\"3376\" data-permalink=\"http:\/\/blogdalucianaoliveira.com.br\/blog\/2016\/08\/23\/mais-uma-pra-colecao-de-falsos-moralistas\/image-755\/\" data-orig-file=\"https:\/\/i0.wp.com\/blogdalucianaoliveira.com.br\/blog\/wp-content\/uploads\/2016\/08\/image-120.jpeg?fit=453%2C720\" data-orig-size=\"453,720\" data-comments-opened=\"0\" data-image-meta=\"{&quot;aperture&quot;:&quot;0&quot;,&quot;credit&quot;:&quot;&quot;,&quot;camera&quot;:&quot;&quot;,&quot;caption&quot;:&quot;&quot;,&quot;created_timestamp&quot;:&quot;0&quot;,&quot;copyright&quot;:&quot;&quot;,&quot;focal_length&quot;:&quot;0&quot;,&quot;iso&quot;:&quot;0&quot;,&quot;shutter_speed&quot;:&quot;0&quot;,&quot;title&quot;:&quot;&quot;,&quot;orientation&quot;:&quot;1&quot;}\" data-image-title=\"image\" data-image-description=\"\" data-image-caption=\"\" data-medium-file=\"https:\/\/i0.wp.com\/blogdalucianaoliveira.com.br\/blog\/wp-content\/uploads\/2016\/08\/image-120.jpeg?fit=189%2C300\" data-large-file=\"https:\/\/i0.wp.com\/blogdalucianaoliveira.com.br\/blog\/wp-content\/uploads\/2016\/08\/image-120.jpeg?fit=453%2C720\" src=\"https:\/\/i0.wp.com\/blogdalucianaoliveira.com.br\/blog\/wp-content\/uploads\/2016\/08\/image-120.jpeg?resize=453%2C720\" alt=\"image\" width=\"453\" height=\"720\" class=\"alignnone size-full wp-image-3376\" srcset=\"https:\/\/i0.wp.com\/blogdalucianaoliveira.com.br\/blog\/wp-content\/uploads\/2016\/08\/image-120.jpeg?w=453 453w, https:\/\/i0.wp.com\/blogdalucianaoliveira.com.br\/blog\/wp-content\/uploads\/2016\/08\/image-120.jpeg?resize=189%2C300 189w\" sizes=\"auto, (max-width: 453px) 100vw, 453px\" \/><\/p>\n<p>Deputada corrupta do DF \u00e9 \u201cmorista\u201d, \u201ctemerista\u201d e \u201ccristovista\u201d. Viva a hipocrisia!<br \/>\n<!--more--><\/p>\n<p>No Tijola\u00e7o<br \/>\nPOR FERNANDO BRITO <\/p>\n<p>Bateu pol\u00edcia na casa da deputada Celina Le\u00e3o, ex-presidente da C\u00e2mara Legislativa do Distrito Federal.<\/p>\n<p>A opera\u00e7\u00e3o visa buscar e apreender  provas de crimes de corrup\u00e7\u00e3o ativa, passiva ou concuss\u00e3o, envolvendo o pagamento de propina a ela e a outros deputados da Mesa Diretora, em um esquema que desviou R$ 31 milh\u00f5es de reais de sobras or\u00e7ament\u00e1rias da C\u00e2mara, em 2015 para empresas que prestam servi\u00e7os \u00e0 Secretaria de Sa\u00fade do DF.<\/p>\n<p>Celina foi afastada da Presid\u00eancia da C\u00e2mara pela Justi\u00e7a, exatamente como ocorreu com Eduardo Cunha na C\u00e2mara Federal.<\/p>\n<p>Um \u201cpequeno\u201d detalhe: a D. Celina se apresentava como campe\u00e3 da moralidade.<\/p>\n<p><img data-recalc-dims=\"1\" loading=\"lazy\" decoding=\"async\" data-attachment-id=\"3377\" data-permalink=\"http:\/\/blogdalucianaoliveira.com.br\/blog\/2016\/08\/23\/mais-uma-pra-colecao-de-falsos-moralistas\/image-756\/\" data-orig-file=\"https:\/\/i0.wp.com\/blogdalucianaoliveira.com.br\/blog\/wp-content\/uploads\/2016\/08\/image-121.jpeg?fit=350%2C219\" data-orig-size=\"350,219\" data-comments-opened=\"0\" data-image-meta=\"{&quot;aperture&quot;:&quot;0&quot;,&quot;credit&quot;:&quot;&quot;,&quot;camera&quot;:&quot;&quot;,&quot;caption&quot;:&quot;&quot;,&quot;created_timestamp&quot;:&quot;0&quot;,&quot;copyright&quot;:&quot;&quot;,&quot;focal_length&quot;:&quot;0&quot;,&quot;iso&quot;:&quot;0&quot;,&quot;shutter_speed&quot;:&quot;0&quot;,&quot;title&quot;:&quot;&quot;,&quot;orientation&quot;:&quot;0&quot;}\" data-image-title=\"image\" data-image-description=\"\" data-image-caption=\"\" data-medium-file=\"https:\/\/i0.wp.com\/blogdalucianaoliveira.com.br\/blog\/wp-content\/uploads\/2016\/08\/image-121.jpeg?fit=300%2C188\" data-large-file=\"https:\/\/i0.wp.com\/blogdalucianaoliveira.com.br\/blog\/wp-content\/uploads\/2016\/08\/image-121.jpeg?fit=350%2C219\" src=\"https:\/\/i0.wp.com\/blogdalucianaoliveira.com.br\/blog\/wp-content\/uploads\/2016\/08\/image-121.jpeg?resize=350%2C219\" alt=\"image\" width=\"350\" height=\"219\" class=\"alignnone size-full wp-image-3377\" srcset=\"https:\/\/i0.wp.com\/blogdalucianaoliveira.com.br\/blog\/wp-content\/uploads\/2016\/08\/image-121.jpeg?w=350 350w, https:\/\/i0.wp.com\/blogdalucianaoliveira.com.br\/blog\/wp-content\/uploads\/2016\/08\/image-121.jpeg?resize=300%2C188 300w\" sizes=\"auto, (max-width: 350px) 100vw, 350px\" \/><\/p>\n<p>Posava para fotos com S\u00e9rgio Moro, dizendo serem \u201cca\u00e7adores de corruptos\u201d<\/p>\n<p>Ia \u00e0s manifesta\u00e7\u00f5es pelo impeachment carregando \u201cpixulecos\u201d e cartazes com \u201ctchau, querida\u201d.<\/p>\n<p>Igual fazia com Michel Temer, como voc\u00ea pode ver na foto ao lado.<\/p>\n<p>Mas o seu queridinho era mesmo o senador Cristovam Buarque, a quem apadrinhou a entrada no PPS, onde ele certamente buscava um ref\u00fagio para sua pureza.<\/p>\n<p>Ele defende um cr\u00e9dito de confian\u00e7a para a mo\u00e7a\u2026<\/p>\n<p>O jornalista Lu\u00eds Costa Pinto resumiu a situa\u00e7\u00e3o de pr\u00e9-sem teto do senador:<\/p>\n<p>\u201cE Cristovam Buarque, hein? N\u00e3o acerta uma\u2026 filiou-se ao PPS para fazer parte da base de Temer e pimba: o diret\u00f3rio do PPS no DF foi desmantelado pela Justi\u00e7a e pela Pol\u00edcia Civil, levando sob vara a presidente da C\u00e2mara Legislativa e o vice dela, ambos aliados de Buarque. Em uma semana Cristovam estar\u00e1 sem partido de novo.\u201d<\/p>\n<p>Eu j\u00e1 penso diferente.<\/p>\n<p>Acho que Cristovam tem cadeira cativa em algum PSC.<\/p>\n<p>Partido dos Sem Car\u00e1ter, Partido dos sem Coer\u00eancia, Partido dos Sem Coragem\u2026<\/p>\n","protected":false},"excerpt":{"rendered":"<p>Deputada corrupta do DF \u00e9 \u201cmorista\u201d, \u201ctemerista\u201d e \u201ccristovista\u201d. Viva a hipocrisia!<\/p>\n","protected":false},"author":1,"featured_media":0,"comment_status":"closed","ping_status":"open","sticky":false,"template":"","format":"standard","meta":{"_exactmetrics_skip_tracking":false,"_exactmetrics_sitenote_active":false,"_exactmetrics_sitenote_note":"","_exactmetrics_sitenote_category":0,"jetpack_post_was_ever_published":false,"_jetpack_newsletter_access":"","_jetpack_dont_email_post_to_subs":false,"_jetpack_newsletter_tier_id":0,"_jetpack_memberships_contains_paywalled_content":false,"_jetpack_memberships_contains_paid_content":false,"footnotes":"","jetpack_publicize_message":"","jetpack_publicize_feature_enabled":true,"jetpack_social_post_already_shared":true,"jetpack_social_options":{"image_generator_settings":{"template":"highway","enabled":false},"version":2}},"categories":[1],"tags":[],"class_list":["post-3372","post","type-post","status-publish","format-standard","hentry","category-notas"],"jetpack_publicize_connections":[],"jetpack_sharing_enabled":true,"jetpack_featured_media_url":"","jetpack_shortlink":"https:\/\/wp.me\/p7wKYW-So","jetpack-related-posts":[],"_links":{"self":[{"href":"http:\/\/blogdalucianaoliveira.com.br\/blog\/wp-json\/wp\/v2\/posts\/3372","targetHints":{"allow":["GET"]}}],"collection":[{"href":"http:\/\/blogdalucianaoliveira.com.br\/blog\/wp-json\/wp\/v2\/posts"}],"about":[{"href":"http:\/\/blogdalucianaoliveira.com.br\/blog\/wp-json\/wp\/v2\/types\/post"}],"author":[{"embeddable":true,"href":"http:\/\/blogdalucianaoliveira.com.br\/blog\/wp-json\/wp\/v2\/users\/1"}],"replies":[{"embeddable":true,"href":"http:\/\/blogdalucianaoliveira.com.br\/blog\/wp-json\/wp\/v2\/comments?post=3372"}],"version-history":[{"count":1,"href":"http:\/\/blogdalucianaoliveira.com.br\/blog\/wp-json\/wp\/v2\/posts\/3372\/revisions"}],"predecessor-version":[{"id":3378,"href":"http:\/\/blogdalucianaoliveira.com.br\/blog\/wp-json\/wp\/v2\/posts\/3372\/revisions\/3378"}],"wp:attachment":[{"href":"http:\/\/blogdalucianaoliveira.com.br\/blog\/wp-json\/wp\/v2\/media?parent=3372"}],"wp:term":[{"taxonomy":"category","embeddable":true,"href":"http:\/\/blogdalucianaoliveira.com.br\/blog\/wp-json\/wp\/v2\/categories?post=3372"},{"taxonomy":"post_tag","embeddable":true,"href":"http:\/\/blogdalucianaoliveira.com.br\/blog\/wp-json\/wp\/v2\/tags?post=3372"}],"curies":[{"name":"wp","href":"https:\/\/api.w.org\/{rel}","templated":true}]}}