{"id":33732,"date":"2022-05-24T21:44:14","date_gmt":"2022-05-25T01:44:14","guid":{"rendered":"http:\/\/blogdalucianaoliveira.com.br\/blog\/?p=33732"},"modified":"2022-05-24T21:47:49","modified_gmt":"2022-05-25T01:47:49","slug":"inscricoes-abertas-para-o-7o-encontro-nacional-de-blogueiros-e-ativistas-digitais-que-ocorre-em-marica-rj","status":"publish","type":"post","link":"http:\/\/blogdalucianaoliveira.com.br\/blog\/2022\/05\/24\/inscricoes-abertas-para-o-7o-encontro-nacional-de-blogueiros-e-ativistas-digitais-que-ocorre-em-marica-rj\/","title":{"rendered":"Inscri\u00e7\u00f5es abertas para o 7\u00ba Encontro Nacional de Blogueiros e Ativistas Digitais, que ocorre em Maric\u00e1\/RJ"},"content":{"rendered":"\n<figure class=\"wp-block-image size-large\"><img data-recalc-dims=\"1\" loading=\"lazy\" decoding=\"async\" width=\"600\" height=\"300\" data-attachment-id=\"33733\" data-permalink=\"http:\/\/blogdalucianaoliveira.com.br\/blog\/2022\/05\/24\/inscricoes-abertas-para-o-7o-encontro-nacional-de-blogueiros-e-ativistas-digitais-que-ocorre-em-marica-rj\/472fc4fd-437f-4648-b39a-0d27983b552d\/\" data-orig-file=\"https:\/\/i0.wp.com\/blogdalucianaoliveira.com.br\/blog\/wp-content\/uploads\/2022\/05\/472FC4FD-437F-4648-B39A-0D27983B552D.png?fit=800%2C400\" data-orig-size=\"800,400\" data-comments-opened=\"0\" data-image-meta=\"{&quot;aperture&quot;:&quot;0&quot;,&quot;credit&quot;:&quot;&quot;,&quot;camera&quot;:&quot;&quot;,&quot;caption&quot;:&quot;&quot;,&quot;created_timestamp&quot;:&quot;0&quot;,&quot;copyright&quot;:&quot;&quot;,&quot;focal_length&quot;:&quot;0&quot;,&quot;iso&quot;:&quot;0&quot;,&quot;shutter_speed&quot;:&quot;0&quot;,&quot;title&quot;:&quot;&quot;,&quot;orientation&quot;:&quot;0&quot;}\" data-image-title=\"472FC4FD-437F-4648-B39A-0D27983B552D\" data-image-description=\"\" data-image-caption=\"\" data-medium-file=\"https:\/\/i0.wp.com\/blogdalucianaoliveira.com.br\/blog\/wp-content\/uploads\/2022\/05\/472FC4FD-437F-4648-B39A-0D27983B552D.png?fit=300%2C150\" data-large-file=\"https:\/\/i0.wp.com\/blogdalucianaoliveira.com.br\/blog\/wp-content\/uploads\/2022\/05\/472FC4FD-437F-4648-B39A-0D27983B552D.png?fit=600%2C300\" src=\"https:\/\/i0.wp.com\/blogdalucianaoliveira.com.br\/blog\/wp-content\/uploads\/2022\/05\/472FC4FD-437F-4648-B39A-0D27983B552D.png?resize=600%2C300\" alt=\"\" class=\"wp-image-33733\" srcset=\"https:\/\/i0.wp.com\/blogdalucianaoliveira.com.br\/blog\/wp-content\/uploads\/2022\/05\/472FC4FD-437F-4648-B39A-0D27983B552D.png?w=800 800w, https:\/\/i0.wp.com\/blogdalucianaoliveira.com.br\/blog\/wp-content\/uploads\/2022\/05\/472FC4FD-437F-4648-B39A-0D27983B552D.png?resize=300%2C150 300w, https:\/\/i0.wp.com\/blogdalucianaoliveira.com.br\/blog\/wp-content\/uploads\/2022\/05\/472FC4FD-437F-4648-B39A-0D27983B552D.png?resize=768%2C384 768w, https:\/\/i0.wp.com\/blogdalucianaoliveira.com.br\/blog\/wp-content\/uploads\/2022\/05\/472FC4FD-437F-4648-B39A-0D27983B552D.png?resize=600%2C300 600w\" sizes=\"auto, (max-width: 600px) 100vw, 600px\" \/><\/figure>\n\n\n\n<p>Ap\u00f3s quatro anos de hiato, o Encontro Nacional de Blogueiros e Ativistas Digitais est\u00e1 de volta! A s\u00e9tima edi\u00e7\u00e3o do #BlogProg, que ocorrer\u00e1 no Teatro Henfil, em Maric\u00e1, no Rio de Janeiro, j\u00e1 tem data para acontecer: 22, 23 e 24 de julho. Com uma programa\u00e7\u00e3o recheada de nomes de peso da comunica\u00e7\u00e3o e da cultura, o evento discutir\u00e1 estrat\u00e9gias, experi\u00eancias e ideias para enfrentar a batalha eleitoral decisiva de 2022, praticamente um plebiscito entre civiliza\u00e7\u00e3o ou barb\u00e1rie.<\/p>\n\n\n\n<!--more-->\n\n\n\n<p>Com apoio da Prefeitura Municipal de Maric\u00e1, o Centro de Estudos da M\u00eddia Alternativa Bar\u00e3o de Itarar\u00e9 anuncia a abertura das inscri\u00e7\u00f5es para o evento, al\u00e9m de parte da programa\u00e7\u00e3o j\u00e1 confirmada. Al\u00e9m dos debates, tamb\u00e9m ser\u00e3o realizadas rodas de conversa e trocas de experi\u00eancia sobre a produ\u00e7\u00e3o e a articula\u00e7\u00e3o das m\u00eddias alternativas, blogosfera, comunicadores e ativistas digitais.<\/p>\n\n\n\n<p>A taxa de inscri\u00e7\u00e3o \u00e9 de R$ 50, sendo que estudantes t\u00eam direito \u00e0 meia-entrada. O prazo final para as inscri\u00e7\u00f5es termina no dia 15 de julho. Garanta j\u00e1 a sua vaga&nbsp;<strong><a href=\"https:\/\/doity.com.br\/7blogprog\" target=\"_blank\" rel=\"noreferrer noopener\">clicando aqui<\/a><\/strong>!<\/p>\n\n\n\n<p><strong>Programa\u00e7\u00e3o&nbsp;<\/strong>(sujeita a altera\u00e7\u00f5es)<\/p>\n\n\n\n<p>22 de julho, sexta-feira, \u00e0s 18 horas.<br>Abertura: Cido Cidoli (SP) e D\u00e9bora Cruz (DF)<br>&#8211; Apresenta\u00e7\u00e3o dos objetivos e din\u00e2mica do evento;<br>&#8211; Apresenta\u00e7\u00e3o da cidade e das experi\u00eancias de Maric\u00e1 \u2013 prefeito Fabiano Horta;<br>&#8211; Homenagem a Paulo Henrique Amorim \u2013 Ge\u00f3rgia Pinheiro;<br>&#8211; Homenagem a Marielle Franco \u2013 Marinete da Silva (m\u00e3e);<br><br>22 de julho, sexta-feira, \u00e0s 19 horas;<br><strong>\u201cCiviliza\u00e7\u00e3o ou barb\u00e1rie: O que est\u00e1 em jogo na elei\u00e7\u00e3o\u201d \u2013 mesa: Eliara Santana (MG) e Theo Rodrigues (RJ)<\/strong><br>&#8211; Hildegard Angel \u2013 jornalista;<br>&#8211; Jo\u00e3o Pedro St\u00e9dile \u2013 coordena\u00e7\u00e3o do MST;<br>&#8211; Cl\u00e1udia Santiago \u2013 coordena\u00e7\u00e3o do N\u00facleo Piratininga de Comunica\u00e7\u00e3o (NPC)<br>&#8211; Txai Suru\u00ed \u2013 Ativista Ind\u00edgena do Povo Paiter Surui<br><br>23 de julho, s\u00e1bado, \u00e0s 9 horas;<br><strong>\u201cComo enfrentar a guerra suja da campanha eleitoral\u201d \u2013 modera\u00e7\u00e3o: Larissa Gould (SP) e Oscar Barros (PI);<\/strong><br>&#8211;\u00a0Maria Jos\u00e9 Braga \u2013 presidente da Federa\u00e7\u00e3o Nacional dos Jornalistas (Federa\u00e7\u00e3o Nacional de Jornalistas &#8211; Fenaj);<br>&#8211; Oct\u00e1vio Costa \u2013 presidente da Associa\u00e7\u00e3o Brasileira de Imprensa (Associa\u00e7\u00e3o Brasileira de Imprensa &#8211; ABI);<br>&#8211;\u00a0Let\u00edcia Sallorenzo \u2013 jornalista, linguista e autora do livro \u201cGram\u00e1tica da manipula\u00e7\u00e3o\u201d;<br>&#8211; Rita Van Hunty (Tempero Drag);<br><br>23 de julho, s\u00e1bado, \u00e0s 14 horas;<br><strong>\u201cUma plataforma para democratizar a comunica\u00e7\u00e3o\u201d \u2013 modera\u00e7\u00e3o: Tania Mandarino (PR) e Dimas Roque (BA);<\/strong><br>&#8211; Beth Costa \u2013 coordenadora do F\u00f3rum Nacional pela Democratiza\u00e7\u00e3o da Comunica\u00e7\u00e3o (FNDC);<br>&#8211;\u00a0Renata Mielli \u2013 coordena\u00e7\u00e3o do Centro de Estudos Bar\u00e3o de Itarar\u00e9;<br>&#8211;\u00a0Sergio Amadeu \u2013 professor da UFABC, criador e apresentador do podcast Tecnopolitica;<br>&#8211; J\u00e9ssica Moreira \u2013 jornalista e editora do\u00a0<em>N\u00f3s, Mulheres da Periferia<\/em>;<br><br>23 de julho, s\u00e1bado, 16 horas: Roda de conversa e troca de experi\u00eancias;<br><strong>Grupo 1. Coordena\u00e7\u00e3o e relatoria: Luciana Oliveira (RO) e Lissandro Nascimento (PE)<\/strong><br>&#8211; Leonardo Attuch (Brasil-247);<br>&#8211; Aquias Santar\u00e9m (youtuber do Critica Brasil);<br>&#8211; Miguel do Ros\u00e1rio (O Cafezinho e revista F\u00f3rum);<br>&#8211; Roni Barbosa (Brigadas Digitais da CUT);<br><br><strong>Grupo 2. Coordena\u00e7\u00e3o e relatoria: Andressa (RS) e Fred Noleto (GO);<\/strong><br>&#8211; Kiko Nogueira (Di\u00e1rio do Centro do Mundo);<br>&#8211; Daniel Pears (M\u00eddia Livre);<br>&#8211; Gilberto Souza (Correio do Brasil);<br><br><strong>Grupo 3. Coordena\u00e7\u00e3o e relatoria: Daniel Dantas (RN) e Amanda Rodrigues (PB)<\/strong><br>&#8211; Anderson Moraes (Empoderado);<br>&#8211; Fernando Brito (Tijola\u00e7o);<br>&#8211; Ren\u00ea Silva (Vozes da Comunidade \u2013 Complexo da Mar\u00e9-RJ);<br>&#8211; Bruna Brelaz (presidenta da Uni\u00e3o Nacional dos Estudos);<br><br><strong>23 de julho, s\u00e1bado, \u00e0s 21 horas. Respons\u00e1veis: Dani e Cido<\/strong>;<br>&#8211; Festa! Com grupo musical de Maric\u00e1, cacha\u00e7a e muita gargalhada;<br><br><strong>&#8211; 24 de julho, domingo, das 9 \u00e0s 13 horas<\/strong><\/p>\n\n\n\n<p><em>Coordena\u00e7\u00e3o: Concei\u00e7\u00e3o Oliveira e Altamiro Borges;<\/em><br>&#8211; Sauda\u00e7\u00e3o das delega\u00e7\u00f5es latino-americanas. Coordena\u00e7\u00e3o: Cl\u00e1udio (30 minutos);<br>&#8211; Apresenta\u00e7\u00e3o do document\u00e1rio \u201cN\u00e3o foi acidente, mataram meu pai\u201d. Depoimentos da diretora Jana S\u00e1 e do ex-deputado Jos\u00e9 Geno\u00edno (1h30).<br>&#8211; Lan\u00e7amento de livros de Theo Rodrigues, Amanda Rodrigues e Rodrigo Vianna \u2013 breve apresenta\u00e7\u00e3o (30 minutos);<br>&#8211; Aprova\u00e7\u00e3o da Carta do 7\u00ba Blogprog \u2013 encaminhar previamente proposta de texto de Rodrigo Vianna (30 minutos);<br>&#8211; Elei\u00e7\u00e3o da nova comiss\u00e3o nacional do Blogprog; um representante por estado \u2013 respons\u00e1vel Cido (30 minutos);<\/p>\n","protected":false},"excerpt":{"rendered":"<p>Ap\u00f3s quatro anos de hiato, o Encontro Nacional de Blogueiros e Ativistas Digitais est\u00e1 de volta! A s\u00e9tima edi\u00e7\u00e3o do #BlogProg, que ocorrer\u00e1 no Teatro Henfil, em Maric\u00e1, no Rio de Janeiro, j\u00e1 tem data para acontecer: 22, 23 e 24 de julho. Com uma programa\u00e7\u00e3o recheada de nomes de peso da comunica\u00e7\u00e3o e da&#8230;<a class=\"more-link\" href=\"http:\/\/blogdalucianaoliveira.com.br\/blog\/2022\/05\/24\/inscricoes-abertas-para-o-7o-encontro-nacional-de-blogueiros-e-ativistas-digitais-que-ocorre-em-marica-rj\/\">Continue a leitura <span class=\"meta-nav\">&raquo;<\/span><\/a><\/p>\n","protected":false},"author":1,"featured_media":0,"comment_status":"closed","ping_status":"open","sticky":false,"template":"","format":"standard","meta":{"_exactmetrics_skip_tracking":false,"_exactmetrics_sitenote_active":false,"_exactmetrics_sitenote_note":"","_exactmetrics_sitenote_category":0,"jetpack_post_was_ever_published":false,"_jetpack_newsletter_access":"","_jetpack_dont_email_post_to_subs":false,"_jetpack_newsletter_tier_id":0,"_jetpack_memberships_contains_paywalled_content":false,"_jetpack_memberships_contains_paid_content":false,"footnotes":"","jetpack_publicize_message":"","jetpack_publicize_feature_enabled":true,"jetpack_social_post_already_shared":true,"jetpack_social_options":{"image_generator_settings":{"template":"highway","enabled":false},"version":2}},"categories":[1],"tags":[63,71,62,628],"class_list":["post-33732","post","type-post","status-publish","format-standard","hentry","category-notas","tag-ativistas","tag-blogprog","tag-blogueiros","tag-txai-surui"],"jetpack_publicize_connections":[],"jetpack_sharing_enabled":true,"jetpack_featured_media_url":"","jetpack_shortlink":"https:\/\/wp.me\/p7wKYW-8M4","jetpack-related-posts":[],"_links":{"self":[{"href":"http:\/\/blogdalucianaoliveira.com.br\/blog\/wp-json\/wp\/v2\/posts\/33732","targetHints":{"allow":["GET"]}}],"collection":[{"href":"http:\/\/blogdalucianaoliveira.com.br\/blog\/wp-json\/wp\/v2\/posts"}],"about":[{"href":"http:\/\/blogdalucianaoliveira.com.br\/blog\/wp-json\/wp\/v2\/types\/post"}],"author":[{"embeddable":true,"href":"http:\/\/blogdalucianaoliveira.com.br\/blog\/wp-json\/wp\/v2\/users\/1"}],"replies":[{"embeddable":true,"href":"http:\/\/blogdalucianaoliveira.com.br\/blog\/wp-json\/wp\/v2\/comments?post=33732"}],"version-history":[{"count":2,"href":"http:\/\/blogdalucianaoliveira.com.br\/blog\/wp-json\/wp\/v2\/posts\/33732\/revisions"}],"predecessor-version":[{"id":33735,"href":"http:\/\/blogdalucianaoliveira.com.br\/blog\/wp-json\/wp\/v2\/posts\/33732\/revisions\/33735"}],"wp:attachment":[{"href":"http:\/\/blogdalucianaoliveira.com.br\/blog\/wp-json\/wp\/v2\/media?parent=33732"}],"wp:term":[{"taxonomy":"category","embeddable":true,"href":"http:\/\/blogdalucianaoliveira.com.br\/blog\/wp-json\/wp\/v2\/categories?post=33732"},{"taxonomy":"post_tag","embeddable":true,"href":"http:\/\/blogdalucianaoliveira.com.br\/blog\/wp-json\/wp\/v2\/tags?post=33732"}],"curies":[{"name":"wp","href":"https:\/\/api.w.org\/{rel}","templated":true}]}}