{"id":33736,"date":"2022-05-25T13:34:45","date_gmt":"2022-05-25T17:34:45","guid":{"rendered":"http:\/\/blogdalucianaoliveira.com.br\/blog\/?p=33736"},"modified":"2022-05-25T13:34:48","modified_gmt":"2022-05-25T17:34:48","slug":"demarcada-ha-30-anos-ti-yanomami-revive-drama-do-garimpo-estamos-na-mira-da-cobra-grande","status":"publish","type":"post","link":"http:\/\/blogdalucianaoliveira.com.br\/blog\/2022\/05\/25\/demarcada-ha-30-anos-ti-yanomami-revive-drama-do-garimpo-estamos-na-mira-da-cobra-grande\/","title":{"rendered":"Demarcada h\u00e1 30 anos, TI Yanomami revive drama do garimpo: &#8220;Estamos na mira da cobra grande&#8221;"},"content":{"rendered":"\n<figure class=\"wp-block-image size-large\"><img data-recalc-dims=\"1\" loading=\"lazy\" decoding=\"async\" width=\"600\" height=\"359\" data-attachment-id=\"33737\" data-permalink=\"http:\/\/blogdalucianaoliveira.com.br\/blog\/2022\/05\/25\/demarcada-ha-30-anos-ti-yanomami-revive-drama-do-garimpo-estamos-na-mira-da-cobra-grande\/03b2ef31-373a-4df6-9c4a-be7b665edd21\/\" data-orig-file=\"https:\/\/i0.wp.com\/blogdalucianaoliveira.com.br\/blog\/wp-content\/uploads\/2022\/05\/03B2EF31-373A-4DF6-9C4A-BE7B665EDD21.jpeg?fit=800%2C478\" data-orig-size=\"800,478\" data-comments-opened=\"0\" data-image-meta=\"{&quot;aperture&quot;:&quot;0&quot;,&quot;credit&quot;:&quot;&quot;,&quot;camera&quot;:&quot;&quot;,&quot;caption&quot;:&quot;&quot;,&quot;created_timestamp&quot;:&quot;0&quot;,&quot;copyright&quot;:&quot;&quot;,&quot;focal_length&quot;:&quot;0&quot;,&quot;iso&quot;:&quot;0&quot;,&quot;shutter_speed&quot;:&quot;0&quot;,&quot;title&quot;:&quot;&quot;,&quot;orientation&quot;:&quot;0&quot;}\" data-image-title=\"03B2EF31-373A-4DF6-9C4A-BE7B665EDD21\" data-image-description=\"\" data-image-caption=\"\" data-medium-file=\"https:\/\/i0.wp.com\/blogdalucianaoliveira.com.br\/blog\/wp-content\/uploads\/2022\/05\/03B2EF31-373A-4DF6-9C4A-BE7B665EDD21.jpeg?fit=300%2C179\" data-large-file=\"https:\/\/i0.wp.com\/blogdalucianaoliveira.com.br\/blog\/wp-content\/uploads\/2022\/05\/03B2EF31-373A-4DF6-9C4A-BE7B665EDD21.jpeg?fit=600%2C359\" src=\"https:\/\/i0.wp.com\/blogdalucianaoliveira.com.br\/blog\/wp-content\/uploads\/2022\/05\/03B2EF31-373A-4DF6-9C4A-BE7B665EDD21.jpeg?resize=600%2C359\" alt=\"\" class=\"wp-image-33737\" srcset=\"https:\/\/i0.wp.com\/blogdalucianaoliveira.com.br\/blog\/wp-content\/uploads\/2022\/05\/03B2EF31-373A-4DF6-9C4A-BE7B665EDD21.jpeg?w=800 800w, https:\/\/i0.wp.com\/blogdalucianaoliveira.com.br\/blog\/wp-content\/uploads\/2022\/05\/03B2EF31-373A-4DF6-9C4A-BE7B665EDD21.jpeg?resize=300%2C179 300w, https:\/\/i0.wp.com\/blogdalucianaoliveira.com.br\/blog\/wp-content\/uploads\/2022\/05\/03B2EF31-373A-4DF6-9C4A-BE7B665EDD21.jpeg?resize=768%2C459 768w, https:\/\/i0.wp.com\/blogdalucianaoliveira.com.br\/blog\/wp-content\/uploads\/2022\/05\/03B2EF31-373A-4DF6-9C4A-BE7B665EDD21.jpeg?resize=502%2C300 502w\" sizes=\"auto, (max-width: 600px) 100vw, 600px\" \/><\/figure>\n\n\n\n<h4 class=\"wp-block-heading\">Terra Ind\u00edgena foi criada para interromper massacres, mas garimpeiros voltaram com mais for\u00e7a sob Bolsonaro<\/h4>\n\n\n\n<!--more-->\n\n\n\n<p>Murilo Pajolla\u00a0&#8211; Brasil de Fato | L\u00e1brea (AM)\u00a0<\/p>\n\n\n\n<p>H\u00e1 aproximadamente tr\u00eas d\u00e9cadas, a lideran\u00e7a mais influente dos Yanomami, Davi Kopenawa, encontrava pela primeira vez um grupo de garimpeiros nas terras ancestralmente ocupadas por seu povo. Pintados de preto dos p\u00e9s \u00e0 cabe\u00e7a, os guerreiros ind\u00edgenas tentavam expuls\u00e1-los pacificamente. \u201cQueremos convenc\u00ea-los com nossas palavras, n\u00e3o com nossas flechas\u201d, disse o jovem aos invasores. O trecho do livro \u201cA queda do c\u00e9u\u201d, escrito por Davi e o antrop\u00f3logo franc\u00eas Bruce Albert, retrata o come\u00e7o de uma guerra que n\u00e3o terminou, nem mesmo ap\u00f3s a demarca\u00e7\u00e3o da Terra Ind\u00edgena (TI) Yanomami ter sido homologada pelo ent\u00e3o presidente Fernando Collor de Mello em 25 de maio de 1992.<\/p>\n\n\n\n<p>Com a homologa\u00e7\u00e3o, o maior territ\u00f3rio ind\u00edgena do Brasil passava para as m\u00e3os da Uni\u00e3o. A Constitui\u00e7\u00e3o garantia aos habitantes origin\u00e1rios o usufruto exclusivo das riquezas do solo, dos rios e dos lagos. Mas faltou combinar com os garimpeiros. Eles haviam sido atra\u00eddos pela pr\u00f3pria Funai, sob a gest\u00e3o de Romero Juc\u00e1 (1986-88), que abriu as terras dos Yanomami \u00e0 explora\u00e7\u00e3o da madeira e do ouro. Sucessivas opera\u00e7\u00f5es repressivas conseguiram expulsar os invasores, mas s\u00f3 temporariamente.&nbsp;<\/p>\n\n\n\n<p><a href=\"https:\/\/www.brasildefato.com.br\/2022\/05\/09\/governo-boicotou-fiscalizacao-contra-garimpo-em-terras-yanomami-diz-entidade-de-servidores\" target=\"_blank\" rel=\"noreferrer noopener\"><strong>::&nbsp;Governo boicotou fiscaliza\u00e7\u00e3o contra garimpo em terras Yanomami, diz entidade de servidores ::<\/strong><\/a><\/p>\n\n\n\n<p>Hoje, com&nbsp;<a href=\"https:\/\/www.brasildefato.com.br\/2022\/05\/09\/governo-boicotou-fiscalizacao-contra-garimpo-em-terras-yanomami-diz-entidade-de-servidores\" target=\"_blank\" rel=\"noreferrer noopener\">Jair Bolsonaro (PL)&nbsp;<\/a>no poder, eles voltam \u00e0 TI Yanomami com for\u00e7a total. Desta vez, amparados pelo governo federal. \u201cComo diz o Davi [Kopenawa], a gente est\u00e1 na mira da cobra grande. N\u00f3s conquistamos um espa\u00e7o, o direito dos povos ind\u00edgenas. E hoje a cobra grande est\u00e1 nascendo, cresceu e agora est\u00e1 tentando engolir o que n\u00f3s conquistamos. Est\u00e1 colocando tudo na barriga dela\u201d, diz Maur\u00edcio Yekuana, vice-presidente da Hutukara Associa\u00e7\u00e3o Yanomami, principal organiza\u00e7\u00e3o do povo.&nbsp;<\/p>\n\n\n\n<p>Pol\u00edticos e empres\u00e1rios contra a demarca\u00e7\u00e3o&nbsp;<\/p>\n\n\n\n<p>Evid\u00eancias cient\u00edficas indicam que os Yanomami vieram da \u00c1sia, pelo estreito de Bering, h\u00e1 cerca de 15 mil anos. Eles decidiram morar onde os colonizadores estabeleceriam, mil\u00eanios depois, a fronteira entre Brasil e Venezuela. Os primeiros contatos com n\u00e3o ind\u00edgenas foram h\u00e1 mais de 200 anos, mas tudo mudou rapidamente a partir de 1940. Foi quando chegaram os mission\u00e1rios, os colonos, as doen\u00e7as e as bebidas alco\u00f3licas. Na d\u00e9cada de 1980, mais massacres, dessa vez por causa do garimpo ilegal. Press\u00f5es internacionais e dos movimentos ind\u00edgena e indigenista deixaram o governo sem alternativa, a n\u00e3o ser a prote\u00e7\u00e3o dos povos.<\/p>\n\n\n\n<p>Quando foi apresentado a Collor, Davi Yanomami relata ter pedido a expuls\u00e3o imediata dos mineradores ilegais. &#8220;S\u00e3o numerosos demais. N\u00e3o tenho nem avi\u00f5es nem helic\u00f3pteros suficientes para tanto! N\u00e3o tenho dinheiro!&#8221;, respondeu o presidente, segundo narra o l\u00edder Yanomami&nbsp;em &#8220;A Queda do C\u00e9u&#8221;. Davi n\u00e3o acreditou: &#8220;Eu trazia em mim a revolta de minha floresta destru\u00edda e de meus parentes mortos. Retruquei que com aquelas palavras tortas ele s\u00f3 queria nos enganar e deixar que nossa terra fosse invadida&#8221;.&nbsp;<\/p>\n\n\n\n<p>O ent\u00e3o presidente da Funai, Sydney Possuelo, relembra que no per\u00edodo foram demarcadas 166 novas terras ind\u00edgenas. &#8220;Por\u00e9m a primeira e a que mais teve custo de luta pessoal foi a Yanomami. Porque, al\u00e9m de pegar dois estados, Roraima e Amazonas, ela ficava na fronteira com outro pa\u00eds. Ent\u00e3o j\u00e1 havia nisso uma certa dificuldade, pois seria a primeira terra a ser definida onde os militares diziam que era \u00e1rea de seguran\u00e7a nacional\u201d, afirma.<\/p>\n\n\n\n<p><strong><a href=\"https:\/\/www.brasildefato.com.br\/2022\/05\/06\/junior-hekurari-que-denunciou-morte-de-menina-yanomami-sofre-ameacas-de-garimpeiros\" target=\"_blank\" rel=\"noreferrer noopener\">::&nbsp;J\u00fanior Hekurari, que denunciou morte de menina Yanomami, sofre amea\u00e7as de garimpeiros ::<\/a><\/strong><\/p>\n\n\n\n<p>Entre os n\u00e3o ind\u00edgenas, Possuelo foi um dos principais articuladores da demarca\u00e7\u00e3o. Ele recorda as muitas press\u00f5es contr\u00e1rias, de elites pol\u00edticas locais e nacionais, al\u00e9m das For\u00e7as Armadas, principalmente o Ex\u00e9rcito. Enquanto isso, os Yanomami tentavam repelir o que, at\u00e9 ent\u00e3o, era o maior ataque de garimpeiros j\u00e1 sofrido pelo povo. Os invasores, representados por pol\u00edticos e empres\u00e1rios poderosos, eram estimados em 40 mil.&nbsp;<\/p>\n\n\n\n<p>\u201cAinda assim havia uma situa\u00e7\u00e3o muito clara na pol\u00edtica contr\u00e1ria \u00e0 demarca\u00e7\u00e3o. Manifesta\u00e7\u00f5es&nbsp;de garimpeiros dentro de Roraima&nbsp;e do pr\u00f3prio Romero Juc\u00e1. Enfim, quase todos se mostraram contra. Tinham aliados deles no Ex\u00e9rcito e outras for\u00e7as da sociedade de Roraima&nbsp;<a href=\"https:\/\/www.brasildefato.com.br\/2022\/05\/06\/junior-hekurari-que-denunciou-morte-de-menina-yanomami-sofre-ameacas-de-garimpeiros\" target=\"_blank\" rel=\"noreferrer noopener\">n\u00e3o queriam a demarca\u00e7\u00e3o<\/a>\u201d, afirma o ex-presidente da Funai.&nbsp;<\/p>\n\n\n\n<figure class=\"wp-block-image\"><img data-recalc-dims=\"1\" decoding=\"async\" src=\"https:\/\/i0.wp.com\/images02.brasildefato.com.br\/ce6b53db3e58af70abedb8d2d9c3ded0.jpeg?w=600&#038;ssl=1\" alt=\"\"\/><\/figure>\n\n\n\n<p><br>O ent\u00e3o presidente Fernando Collor aperta a m\u00e3o de Davi Yanomami durante cerim\u00f4nia de homologa\u00e7\u00e3o da TI Yanomami \/ Reprodu\u00e7\u00e3o\/Funai<\/p>\n\n\n\n<p>Sob Bolsonaro, garimpo continua de onde parou&nbsp;<\/p>\n\n\n\n<p>Para os Yanomami, o garimpo ainda \u00e9 sin\u00f4nimo de morte, fome, doen\u00e7as e explora\u00e7\u00e3o sexual. Segundo a Associa\u00e7ao Yanomami Hutukara, a praga j\u00e1 se espalhou por metade das comunidades. A entidade divulga frequentemente den\u00fancias de crimes cada vez mais cru\u00e9is contra os ind\u00edgenas.&nbsp;<\/p>\n\n\n\n<p>Dominadas pela l\u00f3gica mercantil do garimpo, as comunidades deixam de cultivar os pr\u00f3prios ro\u00e7ados, e passam a viver do pouco recurso obtido com a atividade ilegal. Com isso, ficam alienados da sua pr\u00f3pria cultura e ref\u00e9ns dos garimpeiros. Em 2021, mais de 100 ind\u00edgenas morreram direta ou indiretamente por causa da minera\u00e7\u00e3o ilegal, segundo a Comiss\u00e3o Pastoral da Terra (CPT). O relat\u00f3rio &#8220;<a href=\"https:\/\/www.brasildefato.com.br\/2022\/04\/11\/garimpo-ilegal-traz-fome-doenca-e-exploracao-sexual-para-territorio-yanomami-diz-estudo\" target=\"_blank\" rel=\"noreferrer noopener\">Yanomami sob ataque<\/a>&#8220;, da Hutukara, aponta a maior invas\u00e3o garimpeira da hist\u00f3ria do territ\u00f3rio.&nbsp;&nbsp;&nbsp;<\/p>\n\n\n\n<p>\u201cNos anos 80 e in\u00edcio de 90 teve aquela corrida do ouro na terra Yanomami. E n\u00f3s estamos voltando para esse tempo. Por qu\u00ea? Est\u00e1 tendo aumento na quantidade de garimpeiros. Est\u00e1 tendo interesse dos empres\u00e1rios, que vendem maquin\u00e1rio na cidade. Empres\u00e1rios que lucram muito com isso. Pol\u00edticos partid\u00e1rios crescendo o olho e que financiam muito o garimpo\u201d, constata Maur\u00edcio Yakuana, da Hutukara.&nbsp;<\/p>\n\n\n\n<p>O garimpo que hoje amea\u00e7a o territ\u00f3rio Yanomami, no entanto, n\u00e3o \u00e9 o mesmo da \u00e9poca da demarca\u00e7\u00e3o. O potencial destrutivo da atividade aumentou. Mais moderno, o maquin\u00e1rio eleva a produtividade da devasta\u00e7\u00e3o. Pontos de internet facilitam a comunica\u00e7\u00e3o entre os invasores. Segundo Yakuana, eles conseguem saber com anteced\u00eancia sobre opera\u00e7\u00f5es da Pol\u00edcia Federal e do Ibama. Dif\u00edcil de combater, por causa da lucratividade estratosf\u00e9rica, o garimpo est\u00e1 continuando de onde parou na d\u00e9cada de 80.<\/p>\n\n\n\n<p><a href=\"https:\/\/www.brasildefato.com.br\/2022\/05\/06\/bolsonaro-estimulou-avanco-de-garimpeiros-sobre-os-yanomami-relembre-casos-e-declaracoes\" target=\"_blank\" rel=\"noreferrer noopener\"><strong>::&nbsp;Bolsonaro estimulou avan\u00e7o de garimpeiros sobre os Yanomami; relembre casos e declara\u00e7\u00f5es ::<\/strong><\/a><\/p>\n\n\n\n<p>\u201cNa \u00e9poca os garimpeiros enterraram muitos maquin\u00e1rios pesados, coberto pela lona. E eles est\u00e3o recuperando isso, quer dizer, levam as pe\u00e7as pequenas e restauram [as m\u00e1quinas desenterradas]. Muitos pilotos aposentados foram atra\u00eddos para ganhar muito dinheiro Eles t\u00eam muita experi\u00eancia de pousar onde tem uma pista pequena e levar muita carga. Dizem que a oferta para o piloto \u00e9 de R$ 150 mil por m\u00eas\u201d, revela Maur\u00edcio Yekuana.&nbsp;<\/p>\n\n\n\n<p>Possuelo n\u00e3o hesita em dizer que a situa\u00e7\u00e3o atual \u00e9 \u201cpior do que anteriormente\u201d. \u201cO que acontece hoje \u00e9 a mesma coisa de antes, s\u00f3 que mais vultosa. Naquela \u00e9poca, a presid\u00eancia da rep\u00fablica, o governo e todos n\u00f3s est\u00e1vamos empenhados em acabar com o garimpo. Vamos delimitar, demarcar e tirar esses garimpeiros. Hoje \u00e9 exatamente ao contr\u00e1rio. A invas\u00e3o nasce de uma a\u00e7\u00e3o do governo federal e encontra respaldo na sociedade local, nas prefeituras e nos estados\u201d, atesta o indigenista.&nbsp;<\/p>\n\n\n\n<p>Culturas ancestrais resistem&nbsp;<\/p>\n\n\n\n<p>Mesmo sob intenso ataque, as ricas e diversas pr\u00e1ticas ancestrais florescem na TI Yanomami. Onde n\u00e3o h\u00e1 garimpo, os ind\u00edgenas mant\u00eam dan\u00e7as tradicionais, cerim\u00f4nias da ro\u00e7a e de inaugura\u00e7\u00e3o das casas. Permanece a pr\u00e1tica de ca\u00e7ar, pescar e coletar frutos. Ritos que passam despercebidos em meio ao notici\u00e1rio&nbsp;que anuncia&nbsp;o fim desses modos de vida.&nbsp;<\/p>\n\n\n\n<p>Al\u00e9m dos Yanomami, o territ\u00f3rio \u00e9 habitado pelos Yekuana, um povo especialista na constru\u00e7\u00e3o de canoas. Eles fazem di\u00e1logos cerimoniais e ouvem a experi\u00eancia dos mais velhos. \u00c9 assim que Maur\u00edcio, a jovem lideran\u00e7a Yekuana, quer ver seus parentes nos pr\u00f3ximos 30 anos.<\/p>\n\n\n\n<p>\u201cQue a vida do nosso povo seja mais tranquila, os projetos bem executados, a sa\u00fade melhore. Que sejam feitas infraestruturas de postos de sa\u00fade. E que n\u00e3o tenha mais contamina\u00e7\u00f5es dos rios. Que a natureza tamb\u00e9m se recupere e que n\u00f3s tenhamos um projeto de recuperar as \u00e1reas degradadas. Espero que a nossa terra continue nos pr\u00f3ximos 30 anos\u201d, projeta Maur\u00edcio Yekuana.&nbsp;<\/p>\n\n\n\n<p>Edi\u00e7\u00e3o: Rodrigo Dur\u00e3o Coelho<\/p>\n","protected":false},"excerpt":{"rendered":"<p>Terra Ind\u00edgena foi criada para interromper massacres, mas garimpeiros voltaram com mais for\u00e7a sob Bolsonaro<\/p>\n","protected":false},"author":1,"featured_media":0,"comment_status":"closed","ping_status":"open","sticky":false,"template":"","format":"standard","meta":{"_exactmetrics_skip_tracking":false,"_exactmetrics_sitenote_active":false,"_exactmetrics_sitenote_note":"","_exactmetrics_sitenote_category":0,"jetpack_post_was_ever_published":false,"_jetpack_newsletter_access":"","_jetpack_dont_email_post_to_subs":false,"_jetpack_newsletter_tier_id":0,"_jetpack_memberships_contains_paywalled_content":false,"_jetpack_memberships_contains_paid_content":false,"footnotes":"","jetpack_publicize_message":"","jetpack_publicize_feature_enabled":true,"jetpack_social_post_already_shared":true,"jetpack_social_options":{"image_generator_settings":{"template":"highway","enabled":false},"version":2}},"categories":[1],"tags":[],"class_list":["post-33736","post","type-post","status-publish","format-standard","hentry","category-notas"],"jetpack_publicize_connections":[],"jetpack_sharing_enabled":true,"jetpack_featured_media_url":"","jetpack_shortlink":"https:\/\/wp.me\/p7wKYW-8M8","jetpack-related-posts":[],"_links":{"self":[{"href":"http:\/\/blogdalucianaoliveira.com.br\/blog\/wp-json\/wp\/v2\/posts\/33736","targetHints":{"allow":["GET"]}}],"collection":[{"href":"http:\/\/blogdalucianaoliveira.com.br\/blog\/wp-json\/wp\/v2\/posts"}],"about":[{"href":"http:\/\/blogdalucianaoliveira.com.br\/blog\/wp-json\/wp\/v2\/types\/post"}],"author":[{"embeddable":true,"href":"http:\/\/blogdalucianaoliveira.com.br\/blog\/wp-json\/wp\/v2\/users\/1"}],"replies":[{"embeddable":true,"href":"http:\/\/blogdalucianaoliveira.com.br\/blog\/wp-json\/wp\/v2\/comments?post=33736"}],"version-history":[{"count":1,"href":"http:\/\/blogdalucianaoliveira.com.br\/blog\/wp-json\/wp\/v2\/posts\/33736\/revisions"}],"predecessor-version":[{"id":33738,"href":"http:\/\/blogdalucianaoliveira.com.br\/blog\/wp-json\/wp\/v2\/posts\/33736\/revisions\/33738"}],"wp:attachment":[{"href":"http:\/\/blogdalucianaoliveira.com.br\/blog\/wp-json\/wp\/v2\/media?parent=33736"}],"wp:term":[{"taxonomy":"category","embeddable":true,"href":"http:\/\/blogdalucianaoliveira.com.br\/blog\/wp-json\/wp\/v2\/categories?post=33736"},{"taxonomy":"post_tag","embeddable":true,"href":"http:\/\/blogdalucianaoliveira.com.br\/blog\/wp-json\/wp\/v2\/tags?post=33736"}],"curies":[{"name":"wp","href":"https:\/\/api.w.org\/{rel}","templated":true}]}}