{"id":33739,"date":"2022-05-26T11:27:29","date_gmt":"2022-05-26T15:27:29","guid":{"rendered":"http:\/\/blogdalucianaoliveira.com.br\/blog\/?p=33739"},"modified":"2022-05-26T11:27:32","modified_gmt":"2022-05-26T15:27:32","slug":"camara-de-gas-dentro-de-viatura-da-prf-mata-homem-no-litoral-do-sergipe-leia-repercussao","status":"publish","type":"post","link":"http:\/\/blogdalucianaoliveira.com.br\/blog\/2022\/05\/26\/camara-de-gas-dentro-de-viatura-da-prf-mata-homem-no-litoral-do-sergipe-leia-repercussao\/","title":{"rendered":"C\u00e2mara de g\u00e1s dentro de viatura da PRF mata homem no litoral do Sergipe; leia repercuss\u00e3o"},"content":{"rendered":"\n<figure class=\"wp-block-image size-large\"><img data-recalc-dims=\"1\" loading=\"lazy\" decoding=\"async\" width=\"600\" height=\"396\" data-attachment-id=\"33740\" data-permalink=\"http:\/\/blogdalucianaoliveira.com.br\/blog\/2022\/05\/26\/camara-de-gas-dentro-de-viatura-da-prf-mata-homem-no-litoral-do-sergipe-leia-repercussao\/4123a2f8-d321-4956-8295-3ccf3a0b07c0\/\" data-orig-file=\"https:\/\/i0.wp.com\/blogdalucianaoliveira.com.br\/blog\/wp-content\/uploads\/2022\/05\/4123A2F8-D321-4956-8295-3CCF3A0B07C0.jpeg?fit=800%2C528\" data-orig-size=\"800,528\" data-comments-opened=\"0\" data-image-meta=\"{&quot;aperture&quot;:&quot;0&quot;,&quot;credit&quot;:&quot;&quot;,&quot;camera&quot;:&quot;&quot;,&quot;caption&quot;:&quot;&quot;,&quot;created_timestamp&quot;:&quot;0&quot;,&quot;copyright&quot;:&quot;&quot;,&quot;focal_length&quot;:&quot;0&quot;,&quot;iso&quot;:&quot;0&quot;,&quot;shutter_speed&quot;:&quot;0&quot;,&quot;title&quot;:&quot;&quot;,&quot;orientation&quot;:&quot;0&quot;}\" data-image-title=\"4123A2F8-D321-4956-8295-3CCF3A0B07C0\" data-image-description=\"\" data-image-caption=\"\" data-medium-file=\"https:\/\/i0.wp.com\/blogdalucianaoliveira.com.br\/blog\/wp-content\/uploads\/2022\/05\/4123A2F8-D321-4956-8295-3CCF3A0B07C0.jpeg?fit=300%2C198\" data-large-file=\"https:\/\/i0.wp.com\/blogdalucianaoliveira.com.br\/blog\/wp-content\/uploads\/2022\/05\/4123A2F8-D321-4956-8295-3CCF3A0B07C0.jpeg?fit=600%2C396\" src=\"https:\/\/i0.wp.com\/blogdalucianaoliveira.com.br\/blog\/wp-content\/uploads\/2022\/05\/4123A2F8-D321-4956-8295-3CCF3A0B07C0.jpeg?resize=600%2C396\" alt=\"\" class=\"wp-image-33740\" srcset=\"https:\/\/i0.wp.com\/blogdalucianaoliveira.com.br\/blog\/wp-content\/uploads\/2022\/05\/4123A2F8-D321-4956-8295-3CCF3A0B07C0.jpeg?w=800 800w, https:\/\/i0.wp.com\/blogdalucianaoliveira.com.br\/blog\/wp-content\/uploads\/2022\/05\/4123A2F8-D321-4956-8295-3CCF3A0B07C0.jpeg?resize=300%2C198 300w, https:\/\/i0.wp.com\/blogdalucianaoliveira.com.br\/blog\/wp-content\/uploads\/2022\/05\/4123A2F8-D321-4956-8295-3CCF3A0B07C0.jpeg?resize=768%2C507 768w, https:\/\/i0.wp.com\/blogdalucianaoliveira.com.br\/blog\/wp-content\/uploads\/2022\/05\/4123A2F8-D321-4956-8295-3CCF3A0B07C0.jpeg?resize=455%2C300 455w\" sizes=\"auto, (max-width: 600px) 100vw, 600px\" \/><\/figure>\n\n\n\n<p><br><\/p>\n\n\n\n<h4 class=\"wp-block-heading\">Policiais rodovi\u00e1rios federais mataram homem de forma brutal, ao fech\u00e1-lo dentro de carro com grande quantidade de g\u00e1s<\/h4>\n\n\n\n<!--more-->\n\n\n\n<p>Brasil de Fato | Bras\u00edlia (DF)\u00a0<\/p>\n\n\n\n<p>Os moradores da cidade de\u00a0Umba\u00faba, no litoral sul de Sergipe, flagraram uma abordagem policial que resultou em morte, nesta quarta-feira (25). Um homem foi morto\u00a0depois de ser preso por dois policiais rodovi\u00e1rios federais dentro de uma \u201cc\u00e2mara de g\u00e1s\u201d montada no porta-malas da viatura da PRF.<\/p>\n\n\n\n<p>O homem morto pelos policiais rodovi\u00e1rios federais&nbsp;foi identificado como Genivaldo de Jesus Santos, de 38 anos, pelo portal&nbsp;<em>G1<\/em>. O sobrinho da v\u00edtima, Wallyson de Jesus, presenciou a situa\u00e7\u00e3o e afirmou que o tio tinha um transtorno mental.<\/p>\n\n\n\n<p><strong>Leia tamb\u00e9m:<\/strong>&nbsp;<a href=\"https:\/\/www.brasildefato.com.br\/2022\/05\/26\/chacina-da-vila-cruzeiro-anistia-internacional-cobra-governo-do-rj-e-ministerio-publico\" target=\"_blank\" rel=\"noreferrer noopener\"><strong>Chacina da Vila Cruzeiro: Anistia Internacional cobra governo do RJ e Minist\u00e9rio P\u00fablico<\/strong><\/a><\/p>\n\n\n\n<p>\u201cEles pediram para que ele levantasse as m\u00e3os e encontraram no bolso dele cartelas de medicamentos. Meu tio ficou nervoso e perguntou o que tinha feito. Eu pedi que ele se acalmasse e que me ouvisse\u201d, relatou Wallyson.<\/p>\n\n\n\n<p>Nas imagens gravadas pela popula\u00e7\u00e3o, \u00e9 poss\u00edvel ver Genivaldo ser rendido por dois policiais. Ele est\u00e1 no ch\u00e3o e depois \u00e9 colocado no porta-malas da viatura.<\/p>\n\n\n\n<p><a href=\"https:\/\/www.brasildefato.com.br\/2022\/05\/25\/sakamoto-celebracao-bolsonarista-da-chacina-no-rj-e-alerta-para-o-dia-apos-a-eleicao\" target=\"_blank\" rel=\"noreferrer noopener\"><strong>::&nbsp;Sakamoto: &#8220;Celebra\u00e7\u00e3o bolsonarista da chacina no RJ \u00e9 alerta para o dia ap\u00f3s a elei\u00e7\u00e3o&#8221; ::<\/strong><\/a><\/p>\n\n\n\n<p>Enquanto um dos policiais segura a tampa do porta-malas para assegurar que ela continue fechada, o outro joga, dentro do espa\u00e7o fechado, grande quantidade de g\u00e1s. Quando o compartimento \u00e9 aberto de novo, o homem j\u00e1 n\u00e3o se mexe mais.<\/p>\n\n\n\n<p>C\u00e2mara de g\u00e1s<\/p>\n\n\n\n<p>Durante o Holocausto, c\u00e2maras de g\u00e1s foram projetadas como parte da pol\u00edtica nazista de genoc\u00eddio contra judeus. Os nazistas tamb\u00e9m tinham como alvo ciganos, homossexuais, deficientes f\u00edsicos e mentais, intelectuais e do clero. A estrat\u00e9gia foi usada&nbsp;para matar milh\u00f5es de pessoas entre 1941 e 1945.<\/p>\n\n\n\n<p>Outro lado<\/p>\n\n\n\n<p>Em nota, a PRF afirmou que o homem teria \u201cresistido ativamente\u201d \u00e0 abordagem. Os agentes, ent\u00e3o, teriam utilizado \u201ct\u00e9cnicas de imobiliza\u00e7\u00e3o e instrumentos de menor potencial ofensivo\u201d para conter a agressividade da v\u00edtima, que passou mal no caminho para a delegacia, segundo a corpora\u00e7\u00e3o.<\/p>\n\n\n\n<p>Leia a \u00edntegra da nota da PRF:<\/p>\n\n\n\n<p><em>\u201cNa data de hoje, 25 de maio de 2022, durante a\u00e7\u00e3o policial na BR-101, em Umba\u00faba-SE, um homem de 38 anos resistiu ativamente a uma abordagem de uma equipe PRF. Em raz\u00e3o da sua agressividade, foram empregados t\u00e9cnicas de imobiliza\u00e7\u00e3o e instrumentos de menor potencial ofensivo para sua conten\u00e7\u00e3o e o indiv\u00edduo foi conduzido \u00e0 Delegacia de Pol\u00edcia Civil em Umba\u00faba.<\/em><\/p>\n\n\n\n<p><em>Durante o deslocamento, o abordado veio a passar mal e socorrido de imediato ao Hospital Jos\u00e9 Nailson Moura, onde posteriormente foi atendido e constatado o \u00f3bito.<\/em><\/p>\n\n\n\n<p><em>A equipe registrou a ocorr\u00eancia na Pol\u00edcia Judici\u00e1ria, que ir\u00e1 apurar o caso. A Pol\u00edcia Rodovi\u00e1ria Federal em Sergipe lamenta o ocorrido e informa que foi aberto procedimento disciplinar para averiguar a conduta dos policiais envolvidos\u201d.<\/em><\/p>\n\n\n\n<p>Leia a repercuss\u00e3o:<\/p>\n\n\n\n<figure><iframe allowfullscreen=\"true\" class=\"\" src=\"https:\/\/platform.twitter.com\/embed\/Tweet.html?creatorScreenName=Brasil_de_Fato&amp;dnt=false&amp;embedId=twitter-widget-0&amp;features=eyJ0ZndfZXhwZXJpbWVudHNfY29va2llX2V4cGlyYXRpb24iOnsiYnVja2V0IjoxMjA5NjAwLCJ2ZXJzaW9uIjpudWxsfSwidGZ3X3NlbnNpdGl2ZV9tZWRpYV9pbnRlcnN0aXRpYWxfMTM5NjMiOnsiYnVja2V0IjoiaW50ZXJzdGl0aWFsIiwidmVyc2lvbiI6bnVsbH0sInRmd190d2VldF9yZXN1bHRfbWlncmF0aW9uXzEzOTc5Ijp7ImJ1Y2tldCI6InR3ZWV0X3Jlc3VsdCIsInZlcnNpb24iOm51bGx9fQ%3D%3D&amp;frame=false&amp;hideCard=false&amp;hideThread=false&amp;id=1529613986215477248&amp;lang=pt&amp;origin=https%3A%2F%2Fwww.brasildefato.com.br%2F2022%2F05%2F26%2Fcamara-de-gas-dentro-de-viatura-da-prf-mata-homem-no-litoral-do-sergipe-leia-repercussao&amp;sessionId=579d844a5b1e4a06c27ac91da919489821c212e9&amp;siteScreenName=Brasil_de_Fato&amp;theme=light&amp;widgetsVersion=c8fe9736dd6fb%3A1649830956492&amp;width=550px\"><\/iframe><\/figure>\n\n\n\n<figure><iframe allowfullscreen=\"true\" class=\"\" src=\"https:\/\/platform.twitter.com\/embed\/Tweet.html?creatorScreenName=Brasil_de_Fato&amp;dnt=false&amp;embedId=twitter-widget-1&amp;features=eyJ0ZndfZXhwZXJpbWVudHNfY29va2llX2V4cGlyYXRpb24iOnsiYnVja2V0IjoxMjA5NjAwLCJ2ZXJzaW9uIjpudWxsfSwidGZ3X3NlbnNpdGl2ZV9tZWRpYV9pbnRlcnN0aXRpYWxfMTM5NjMiOnsiYnVja2V0IjoiaW50ZXJzdGl0aWFsIiwidmVyc2lvbiI6bnVsbH0sInRmd190d2VldF9yZXN1bHRfbWlncmF0aW9uXzEzOTc5Ijp7ImJ1Y2tldCI6InR3ZWV0X3Jlc3VsdCIsInZlcnNpb24iOm51bGx9fQ%3D%3D&amp;frame=false&amp;hideCard=false&amp;hideThread=false&amp;id=1529583905950638081&amp;lang=pt&amp;origin=https%3A%2F%2Fwww.brasildefato.com.br%2F2022%2F05%2F26%2Fcamara-de-gas-dentro-de-viatura-da-prf-mata-homem-no-litoral-do-sergipe-leia-repercussao&amp;sessionId=579d844a5b1e4a06c27ac91da919489821c212e9&amp;siteScreenName=Brasil_de_Fato&amp;theme=light&amp;widgetsVersion=c8fe9736dd6fb%3A1649830956492&amp;width=550px\"><\/iframe><\/figure>\n\n\n\n<figure><iframe allowfullscreen=\"true\" class=\"\" src=\"https:\/\/platform.twitter.com\/embed\/Tweet.html?creatorScreenName=Brasil_de_Fato&amp;dnt=false&amp;embedId=twitter-widget-2&amp;features=eyJ0ZndfZXhwZXJpbWVudHNfY29va2llX2V4cGlyYXRpb24iOnsiYnVja2V0IjoxMjA5NjAwLCJ2ZXJzaW9uIjpudWxsfSwidGZ3X3NlbnNpdGl2ZV9tZWRpYV9pbnRlcnN0aXRpYWxfMTM5NjMiOnsiYnVja2V0IjoiaW50ZXJzdGl0aWFsIiwidmVyc2lvbiI6bnVsbH0sInRmd190d2VldF9yZXN1bHRfbWlncmF0aW9uXzEzOTc5Ijp7ImJ1Y2tldCI6InR3ZWV0X3Jlc3VsdCIsInZlcnNpb24iOm51bGx9fQ%3D%3D&amp;frame=false&amp;hideCard=false&amp;hideThread=false&amp;id=1529774611734347776&amp;lang=pt&amp;origin=https%3A%2F%2Fwww.brasildefato.com.br%2F2022%2F05%2F26%2Fcamara-de-gas-dentro-de-viatura-da-prf-mata-homem-no-litoral-do-sergipe-leia-repercussao&amp;sessionId=579d844a5b1e4a06c27ac91da919489821c212e9&amp;siteScreenName=Brasil_de_Fato&amp;theme=light&amp;widgetsVersion=c8fe9736dd6fb%3A1649830956492&amp;width=550px\"><\/iframe><\/figure>\n\n\n\n<figure><iframe allowfullscreen=\"true\" class=\"\" src=\"https:\/\/platform.twitter.com\/embed\/Tweet.html?creatorScreenName=Brasil_de_Fato&amp;dnt=false&amp;embedId=twitter-widget-3&amp;features=eyJ0ZndfZXhwZXJpbWVudHNfY29va2llX2V4cGlyYXRpb24iOnsiYnVja2V0IjoxMjA5NjAwLCJ2ZXJzaW9uIjpudWxsfSwidGZ3X3NlbnNpdGl2ZV9tZWRpYV9pbnRlcnN0aXRpYWxfMTM5NjMiOnsiYnVja2V0IjoiaW50ZXJzdGl0aWFsIiwidmVyc2lvbiI6bnVsbH0sInRmd190d2VldF9yZXN1bHRfbWlncmF0aW9uXzEzOTc5Ijp7ImJ1Y2tldCI6InR3ZWV0X3Jlc3VsdCIsInZlcnNpb24iOm51bGx9fQ%3D%3D&amp;frame=false&amp;hideCard=false&amp;hideThread=false&amp;id=1529624653639081984&amp;lang=pt&amp;origin=https%3A%2F%2Fwww.brasildefato.com.br%2F2022%2F05%2F26%2Fcamara-de-gas-dentro-de-viatura-da-prf-mata-homem-no-litoral-do-sergipe-leia-repercussao&amp;sessionId=579d844a5b1e4a06c27ac91da919489821c212e9&amp;siteScreenName=Brasil_de_Fato&amp;theme=light&amp;widgetsVersion=c8fe9736dd6fb%3A1649830956492&amp;width=550px\"><\/iframe><\/figure>\n\n\n\n<figure><iframe allowfullscreen=\"true\" class=\"\" src=\"https:\/\/platform.twitter.com\/embed\/Tweet.html?creatorScreenName=Brasil_de_Fato&amp;dnt=false&amp;embedId=twitter-widget-4&amp;features=eyJ0ZndfZXhwZXJpbWVudHNfY29va2llX2V4cGlyYXRpb24iOnsiYnVja2V0IjoxMjA5NjAwLCJ2ZXJzaW9uIjpudWxsfSwidGZ3X3NlbnNpdGl2ZV9tZWRpYV9pbnRlcnN0aXRpYWxfMTM5NjMiOnsiYnVja2V0IjoiaW50ZXJzdGl0aWFsIiwidmVyc2lvbiI6bnVsbH0sInRmd190d2VldF9yZXN1bHRfbWlncmF0aW9uXzEzOTc5Ijp7ImJ1Y2tldCI6InR3ZWV0X3Jlc3VsdCIsInZlcnNpb24iOm51bGx9fQ%3D%3D&amp;frame=false&amp;hideCard=false&amp;hideThread=false&amp;id=1529611702483943424&amp;lang=pt&amp;origin=https%3A%2F%2Fwww.brasildefato.com.br%2F2022%2F05%2F26%2Fcamara-de-gas-dentro-de-viatura-da-prf-mata-homem-no-litoral-do-sergipe-leia-repercussao&amp;sessionId=579d844a5b1e4a06c27ac91da919489821c212e9&amp;siteScreenName=Brasil_de_Fato&amp;theme=light&amp;widgetsVersion=c8fe9736dd6fb%3A1649830956492&amp;width=550px\"><\/iframe><\/figure>\n\n\n\n<figure><iframe allowfullscreen=\"true\" class=\"\" src=\"https:\/\/platform.twitter.com\/embed\/Tweet.html?creatorScreenName=Brasil_de_Fato&amp;dnt=false&amp;embedId=twitter-widget-5&amp;features=eyJ0ZndfZXhwZXJpbWVudHNfY29va2llX2V4cGlyYXRpb24iOnsiYnVja2V0IjoxMjA5NjAwLCJ2ZXJzaW9uIjpudWxsfSwidGZ3X3NlbnNpdGl2ZV9tZWRpYV9pbnRlcnN0aXRpYWxfMTM5NjMiOnsiYnVja2V0IjoiaW50ZXJzdGl0aWFsIiwidmVyc2lvbiI6bnVsbH0sInRmd190d2VldF9yZXN1bHRfbWlncmF0aW9uXzEzOTc5Ijp7ImJ1Y2tldCI6InR3ZWV0X3Jlc3VsdCIsInZlcnNpb24iOm51bGx9fQ%3D%3D&amp;frame=false&amp;hideCard=false&amp;hideThread=false&amp;id=1529675185569378305&amp;lang=pt&amp;origin=https%3A%2F%2Fwww.brasildefato.com.br%2F2022%2F05%2F26%2Fcamara-de-gas-dentro-de-viatura-da-prf-mata-homem-no-litoral-do-sergipe-leia-repercussao&amp;sessionId=579d844a5b1e4a06c27ac91da919489821c212e9&amp;siteScreenName=Brasil_de_Fato&amp;theme=light&amp;widgetsVersion=c8fe9736dd6fb%3A1649830956492&amp;width=550px\"><\/iframe><\/figure>\n\n\n\n<figure><iframe allowfullscreen=\"true\" class=\"\" src=\"https:\/\/platform.twitter.com\/embed\/Tweet.html?creatorScreenName=Brasil_de_Fato&amp;dnt=false&amp;embedId=twitter-widget-6&amp;features=eyJ0ZndfZXhwZXJpbWVudHNfY29va2llX2V4cGlyYXRpb24iOnsiYnVja2V0IjoxMjA5NjAwLCJ2ZXJzaW9uIjpudWxsfSwidGZ3X3NlbnNpdGl2ZV9tZWRpYV9pbnRlcnN0aXRpYWxfMTM5NjMiOnsiYnVja2V0IjoiaW50ZXJzdGl0aWFsIiwidmVyc2lvbiI6bnVsbH0sInRmd190d2VldF9yZXN1bHRfbWlncmF0aW9uXzEzOTc5Ijp7ImJ1Y2tldCI6InR3ZWV0X3Jlc3VsdCIsInZlcnNpb24iOm51bGx9fQ%3D%3D&amp;frame=false&amp;hideCard=false&amp;hideThread=false&amp;id=1529761185721204736&amp;lang=pt&amp;origin=https%3A%2F%2Fwww.brasildefato.com.br%2F2022%2F05%2F26%2Fcamara-de-gas-dentro-de-viatura-da-prf-mata-homem-no-litoral-do-sergipe-leia-repercussao&amp;sessionId=579d844a5b1e4a06c27ac91da919489821c212e9&amp;siteScreenName=Brasil_de_Fato&amp;theme=light&amp;widgetsVersion=c8fe9736dd6fb%3A1649830956492&amp;width=550px\"><\/iframe><\/figure>\n\n\n\n<figure><iframe allowfullscreen=\"true\" class=\"\" src=\"https:\/\/platform.twitter.com\/embed\/Tweet.html?creatorScreenName=Brasil_de_Fato&amp;dnt=false&amp;embedId=twitter-widget-7&amp;features=eyJ0ZndfZXhwZXJpbWVudHNfY29va2llX2V4cGlyYXRpb24iOnsiYnVja2V0IjoxMjA5NjAwLCJ2ZXJzaW9uIjpudWxsfSwidGZ3X3NlbnNpdGl2ZV9tZWRpYV9pbnRlcnN0aXRpYWxfMTM5NjMiOnsiYnVja2V0IjoiaW50ZXJzdGl0aWFsIiwidmVyc2lvbiI6bnVsbH0sInRmd190d2VldF9yZXN1bHRfbWlncmF0aW9uXzEzOTc5Ijp7ImJ1Y2tldCI6InR3ZWV0X3Jlc3VsdCIsInZlcnNpb24iOm51bGx9fQ%3D%3D&amp;frame=false&amp;hideCard=false&amp;hideThread=false&amp;id=1529617304010600448&amp;lang=pt&amp;origin=https%3A%2F%2Fwww.brasildefato.com.br%2F2022%2F05%2F26%2Fcamara-de-gas-dentro-de-viatura-da-prf-mata-homem-no-litoral-do-sergipe-leia-repercussao&amp;sessionId=579d844a5b1e4a06c27ac91da919489821c212e9&amp;siteScreenName=Brasil_de_Fato&amp;theme=light&amp;widgetsVersion=c8fe9736dd6fb%3A1649830956492&amp;width=550px\"><\/iframe><\/figure>\n\n\n\n<figure><iframe allowfullscreen=\"true\" class=\"\" src=\"https:\/\/platform.twitter.com\/embed\/Tweet.html?creatorScreenName=Brasil_de_Fato&amp;dnt=false&amp;embedId=twitter-widget-8&amp;features=eyJ0ZndfZXhwZXJpbWVudHNfY29va2llX2V4cGlyYXRpb24iOnsiYnVja2V0IjoxMjA5NjAwLCJ2ZXJzaW9uIjpudWxsfSwidGZ3X3NlbnNpdGl2ZV9tZWRpYV9pbnRlcnN0aXRpYWxfMTM5NjMiOnsiYnVja2V0IjoiaW50ZXJzdGl0aWFsIiwidmVyc2lvbiI6bnVsbH0sInRmd190d2VldF9yZXN1bHRfbWlncmF0aW9uXzEzOTc5Ijp7ImJ1Y2tldCI6InR3ZWV0X3Jlc3VsdCIsInZlcnNpb24iOm51bGx9fQ%3D%3D&amp;frame=false&amp;hideCard=false&amp;hideThread=false&amp;id=1529607860308557825&amp;lang=pt&amp;origin=https%3A%2F%2Fwww.brasildefato.com.br%2F2022%2F05%2F26%2Fcamara-de-gas-dentro-de-viatura-da-prf-mata-homem-no-litoral-do-sergipe-leia-repercussao&amp;sessionId=579d844a5b1e4a06c27ac91da919489821c212e9&amp;siteScreenName=Brasil_de_Fato&amp;theme=light&amp;widgetsVersion=c8fe9736dd6fb%3A1649830956492&amp;width=550px\"><\/iframe><\/figure>\n\n\n\n<figure><iframe allowfullscreen=\"true\" class=\"\" src=\"https:\/\/platform.twitter.com\/embed\/Tweet.html?creatorScreenName=Brasil_de_Fato&amp;dnt=false&amp;embedId=twitter-widget-9&amp;features=eyJ0ZndfZXhwZXJpbWVudHNfY29va2llX2V4cGlyYXRpb24iOnsiYnVja2V0IjoxMjA5NjAwLCJ2ZXJzaW9uIjpudWxsfSwidGZ3X3NlbnNpdGl2ZV9tZWRpYV9pbnRlcnN0aXRpYWxfMTM5NjMiOnsiYnVja2V0IjoiaW50ZXJzdGl0aWFsIiwidmVyc2lvbiI6bnVsbH0sInRmd190d2VldF9yZXN1bHRfbWlncmF0aW9uXzEzOTc5Ijp7ImJ1Y2tldCI6InR3ZWV0X3Jlc3VsdCIsInZlcnNpb24iOm51bGx9fQ%3D%3D&amp;frame=false&amp;hideCard=false&amp;hideThread=false&amp;id=1529652053999493125&amp;lang=pt&amp;origin=https%3A%2F%2Fwww.brasildefato.com.br%2F2022%2F05%2F26%2Fcamara-de-gas-dentro-de-viatura-da-prf-mata-homem-no-litoral-do-sergipe-leia-repercussao&amp;sessionId=579d844a5b1e4a06c27ac91da919489821c212e9&amp;siteScreenName=Brasil_de_Fato&amp;theme=light&amp;widgetsVersion=c8fe9736dd6fb%3A1649830956492&amp;width=550px\"><\/iframe><\/figure>\n\n\n\n<figure><iframe allowfullscreen=\"true\" class=\"\" src=\"https:\/\/platform.twitter.com\/embed\/Tweet.html?creatorScreenName=Brasil_de_Fato&amp;dnt=false&amp;embedId=twitter-widget-10&amp;features=eyJ0ZndfZXhwZXJpbWVudHNfY29va2llX2V4cGlyYXRpb24iOnsiYnVja2V0IjoxMjA5NjAwLCJ2ZXJzaW9uIjpudWxsfSwidGZ3X3NlbnNpdGl2ZV9tZWRpYV9pbnRlcnN0aXRpYWxfMTM5NjMiOnsiYnVja2V0IjoiaW50ZXJzdGl0aWFsIiwidmVyc2lvbiI6bnVsbH0sInRmd190d2VldF9yZXN1bHRfbWlncmF0aW9uXzEzOTc5Ijp7ImJ1Y2tldCI6InR3ZWV0X3Jlc3VsdCIsInZlcnNpb24iOm51bGx9fQ%3D%3D&amp;frame=false&amp;hideCard=false&amp;hideThread=false&amp;id=1529760364346454019&amp;lang=pt&amp;origin=https%3A%2F%2Fwww.brasildefato.com.br%2F2022%2F05%2F26%2Fcamara-de-gas-dentro-de-viatura-da-prf-mata-homem-no-litoral-do-sergipe-leia-repercussao&amp;sessionId=579d844a5b1e4a06c27ac91da919489821c212e9&amp;siteScreenName=Brasil_de_Fato&amp;theme=light&amp;widgetsVersion=c8fe9736dd6fb%3A1649830956492&amp;width=550px\"><\/iframe><\/figure>\n\n\n\n<figure><iframe allowfullscreen=\"true\" class=\"\" src=\"https:\/\/platform.twitter.com\/embed\/Tweet.html?creatorScreenName=Brasil_de_Fato&amp;dnt=false&amp;embedId=twitter-widget-11&amp;features=eyJ0ZndfZXhwZXJpbWVudHNfY29va2llX2V4cGlyYXRpb24iOnsiYnVja2V0IjoxMjA5NjAwLCJ2ZXJzaW9uIjpudWxsfSwidGZ3X3NlbnNpdGl2ZV9tZWRpYV9pbnRlcnN0aXRpYWxfMTM5NjMiOnsiYnVja2V0IjoiaW50ZXJzdGl0aWFsIiwidmVyc2lvbiI6bnVsbH0sInRmd190d2VldF9yZXN1bHRfbWlncmF0aW9uXzEzOTc5Ijp7ImJ1Y2tldCI6InR3ZWV0X3Jlc3VsdCIsInZlcnNpb24iOm51bGx9fQ%3D%3D&amp;frame=false&amp;hideCard=false&amp;hideThread=false&amp;id=1529775781387419648&amp;lang=pt&amp;origin=https%3A%2F%2Fwww.brasildefato.com.br%2F2022%2F05%2F26%2Fcamara-de-gas-dentro-de-viatura-da-prf-mata-homem-no-litoral-do-sergipe-leia-repercussao&amp;sessionId=579d844a5b1e4a06c27ac91da919489821c212e9&amp;siteScreenName=Brasil_de_Fato&amp;theme=light&amp;widgetsVersion=c8fe9736dd6fb%3A1649830956492&amp;width=550px\"><\/iframe><\/figure>\n\n\n\n<figure><iframe allowfullscreen=\"true\" class=\"\" src=\"https:\/\/platform.twitter.com\/embed\/Tweet.html?creatorScreenName=Brasil_de_Fato&amp;dnt=false&amp;embedId=twitter-widget-12&amp;features=eyJ0ZndfZXhwZXJpbWVudHNfY29va2llX2V4cGlyYXRpb24iOnsiYnVja2V0IjoxMjA5NjAwLCJ2ZXJzaW9uIjpudWxsfSwidGZ3X3NlbnNpdGl2ZV9tZWRpYV9pbnRlcnN0aXRpYWxfMTM5NjMiOnsiYnVja2V0IjoiaW50ZXJzdGl0aWFsIiwidmVyc2lvbiI6bnVsbH0sInRmd190d2VldF9yZXN1bHRfbWlncmF0aW9uXzEzOTc5Ijp7ImJ1Y2tldCI6InR3ZWV0X3Jlc3VsdCIsInZlcnNpb24iOm51bGx9fQ%3D%3D&amp;frame=false&amp;hideCard=false&amp;hideThread=false&amp;id=1529644535415971840&amp;lang=pt&amp;origin=https%3A%2F%2Fwww.brasildefato.com.br%2F2022%2F05%2F26%2Fcamara-de-gas-dentro-de-viatura-da-prf-mata-homem-no-litoral-do-sergipe-leia-repercussao&amp;sessionId=579d844a5b1e4a06c27ac91da919489821c212e9&amp;siteScreenName=Brasil_de_Fato&amp;theme=light&amp;widgetsVersion=c8fe9736dd6fb%3A1649830956492&amp;width=550px\"><\/iframe><\/figure>\n\n\n\n<figure><iframe allowfullscreen=\"true\" class=\"\" src=\"https:\/\/platform.twitter.com\/embed\/Tweet.html?creatorScreenName=Brasil_de_Fato&amp;dnt=false&amp;embedId=twitter-widget-13&amp;features=eyJ0ZndfZXhwZXJpbWVudHNfY29va2llX2V4cGlyYXRpb24iOnsiYnVja2V0IjoxMjA5NjAwLCJ2ZXJzaW9uIjpudWxsfSwidGZ3X3NlbnNpdGl2ZV9tZWRpYV9pbnRlcnN0aXRpYWxfMTM5NjMiOnsiYnVja2V0IjoiaW50ZXJzdGl0aWFsIiwidmVyc2lvbiI6bnVsbH0sInRmd190d2VldF9yZXN1bHRfbWlncmF0aW9uXzEzOTc5Ijp7ImJ1Y2tldCI6InR3ZWV0X3Jlc3VsdCIsInZlcnNpb24iOm51bGx9fQ%3D%3D&amp;frame=false&amp;hideCard=false&amp;hideThread=false&amp;id=1529640825466015746&amp;lang=pt&amp;origin=https%3A%2F%2Fwww.brasildefato.com.br%2F2022%2F05%2F26%2Fcamara-de-gas-dentro-de-viatura-da-prf-mata-homem-no-litoral-do-sergipe-leia-repercussao&amp;sessionId=579d844a5b1e4a06c27ac91da919489821c212e9&amp;siteScreenName=Brasil_de_Fato&amp;theme=light&amp;widgetsVersion=c8fe9736dd6fb%3A1649830956492&amp;width=550px\"><\/iframe><\/figure>\n\n\n\n<p>Edi\u00e7\u00e3o: Rebeca Cavalcante<\/p>\n\n\n\n<p><\/p>\n","protected":false},"excerpt":{"rendered":"<p>Policiais rodovi\u00e1rios federais mataram homem de forma brutal, ao fech\u00e1-lo dentro de carro com grande quantidade de g\u00e1s<\/p>\n","protected":false},"author":1,"featured_media":0,"comment_status":"closed","ping_status":"open","sticky":false,"template":"","format":"standard","meta":{"_exactmetrics_skip_tracking":false,"_exactmetrics_sitenote_active":false,"_exactmetrics_sitenote_note":"","_exactmetrics_sitenote_category":0,"jetpack_post_was_ever_published":false,"_jetpack_newsletter_access":"","_jetpack_dont_email_post_to_subs":false,"_jetpack_newsletter_tier_id":0,"_jetpack_memberships_contains_paywalled_content":false,"_jetpack_memberships_contains_paid_content":false,"footnotes":"","jetpack_publicize_message":"","jetpack_publicize_feature_enabled":true,"jetpack_social_post_already_shared":true,"jetpack_social_options":{"image_generator_settings":{"template":"highway","enabled":false},"version":2}},"categories":[1],"tags":[],"class_list":["post-33739","post","type-post","status-publish","format-standard","hentry","category-notas"],"jetpack_publicize_connections":[],"jetpack_sharing_enabled":true,"jetpack_featured_media_url":"","jetpack_shortlink":"https:\/\/wp.me\/p7wKYW-8Mb","jetpack-related-posts":[],"_links":{"self":[{"href":"http:\/\/blogdalucianaoliveira.com.br\/blog\/wp-json\/wp\/v2\/posts\/33739","targetHints":{"allow":["GET"]}}],"collection":[{"href":"http:\/\/blogdalucianaoliveira.com.br\/blog\/wp-json\/wp\/v2\/posts"}],"about":[{"href":"http:\/\/blogdalucianaoliveira.com.br\/blog\/wp-json\/wp\/v2\/types\/post"}],"author":[{"embeddable":true,"href":"http:\/\/blogdalucianaoliveira.com.br\/blog\/wp-json\/wp\/v2\/users\/1"}],"replies":[{"embeddable":true,"href":"http:\/\/blogdalucianaoliveira.com.br\/blog\/wp-json\/wp\/v2\/comments?post=33739"}],"version-history":[{"count":1,"href":"http:\/\/blogdalucianaoliveira.com.br\/blog\/wp-json\/wp\/v2\/posts\/33739\/revisions"}],"predecessor-version":[{"id":33741,"href":"http:\/\/blogdalucianaoliveira.com.br\/blog\/wp-json\/wp\/v2\/posts\/33739\/revisions\/33741"}],"wp:attachment":[{"href":"http:\/\/blogdalucianaoliveira.com.br\/blog\/wp-json\/wp\/v2\/media?parent=33739"}],"wp:term":[{"taxonomy":"category","embeddable":true,"href":"http:\/\/blogdalucianaoliveira.com.br\/blog\/wp-json\/wp\/v2\/categories?post=33739"},{"taxonomy":"post_tag","embeddable":true,"href":"http:\/\/blogdalucianaoliveira.com.br\/blog\/wp-json\/wp\/v2\/tags?post=33739"}],"curies":[{"name":"wp","href":"https:\/\/api.w.org\/{rel}","templated":true}]}}