{"id":33745,"date":"2022-05-30T10:16:18","date_gmt":"2022-05-30T14:16:18","guid":{"rendered":"http:\/\/blogdalucianaoliveira.com.br\/blog\/?p=33745"},"modified":"2022-05-30T10:16:23","modified_gmt":"2022-05-30T14:16:23","slug":"em-um-mes-acaba-a-suspensao-de-remocoes-no-brasil-e-132-mil-familias-tem-despejo-marcado","status":"publish","type":"post","link":"http:\/\/blogdalucianaoliveira.com.br\/blog\/2022\/05\/30\/em-um-mes-acaba-a-suspensao-de-remocoes-no-brasil-e-132-mil-familias-tem-despejo-marcado\/","title":{"rendered":"Em um m\u00eas acaba a suspens\u00e3o de remo\u00e7\u00f5es no Brasil e 132 mil fam\u00edlias t\u00eam despejo marcado"},"content":{"rendered":"\n<figure class=\"wp-block-image size-large\"><img data-recalc-dims=\"1\" loading=\"lazy\" decoding=\"async\" width=\"600\" height=\"338\" data-attachment-id=\"33746\" data-permalink=\"http:\/\/blogdalucianaoliveira.com.br\/blog\/2022\/05\/30\/em-um-mes-acaba-a-suspensao-de-remocoes-no-brasil-e-132-mil-familias-tem-despejo-marcado\/b2511416-5dbb-4715-b658-c2c79b33b863\/\" data-orig-file=\"https:\/\/i0.wp.com\/blogdalucianaoliveira.com.br\/blog\/wp-content\/uploads\/2022\/05\/B2511416-5DBB-4715-B658-C2C79B33B863.jpeg?fit=800%2C450\" data-orig-size=\"800,450\" data-comments-opened=\"0\" data-image-meta=\"{&quot;aperture&quot;:&quot;0&quot;,&quot;credit&quot;:&quot;&quot;,&quot;camera&quot;:&quot;&quot;,&quot;caption&quot;:&quot;&quot;,&quot;created_timestamp&quot;:&quot;0&quot;,&quot;copyright&quot;:&quot;&quot;,&quot;focal_length&quot;:&quot;0&quot;,&quot;iso&quot;:&quot;0&quot;,&quot;shutter_speed&quot;:&quot;0&quot;,&quot;title&quot;:&quot;&quot;,&quot;orientation&quot;:&quot;0&quot;}\" data-image-title=\"B2511416-5DBB-4715-B658-C2C79B33B863\" data-image-description=\"\" data-image-caption=\"\" data-medium-file=\"https:\/\/i0.wp.com\/blogdalucianaoliveira.com.br\/blog\/wp-content\/uploads\/2022\/05\/B2511416-5DBB-4715-B658-C2C79B33B863.jpeg?fit=300%2C169\" data-large-file=\"https:\/\/i0.wp.com\/blogdalucianaoliveira.com.br\/blog\/wp-content\/uploads\/2022\/05\/B2511416-5DBB-4715-B658-C2C79B33B863.jpeg?fit=600%2C338\" src=\"https:\/\/i0.wp.com\/blogdalucianaoliveira.com.br\/blog\/wp-content\/uploads\/2022\/05\/B2511416-5DBB-4715-B658-C2C79B33B863.jpeg?resize=600%2C338\" alt=\"\" class=\"wp-image-33746\" srcset=\"https:\/\/i0.wp.com\/blogdalucianaoliveira.com.br\/blog\/wp-content\/uploads\/2022\/05\/B2511416-5DBB-4715-B658-C2C79B33B863.jpeg?w=800 800w, https:\/\/i0.wp.com\/blogdalucianaoliveira.com.br\/blog\/wp-content\/uploads\/2022\/05\/B2511416-5DBB-4715-B658-C2C79B33B863.jpeg?resize=300%2C169 300w, https:\/\/i0.wp.com\/blogdalucianaoliveira.com.br\/blog\/wp-content\/uploads\/2022\/05\/B2511416-5DBB-4715-B658-C2C79B33B863.jpeg?resize=768%2C432 768w, https:\/\/i0.wp.com\/blogdalucianaoliveira.com.br\/blog\/wp-content\/uploads\/2022\/05\/B2511416-5DBB-4715-B658-C2C79B33B863.jpeg?resize=533%2C300 533w\" sizes=\"auto, (max-width: 600px) 100vw, 600px\" \/><\/figure>\n\n\n\n<h4 class=\"wp-block-heading\">A Ocupa\u00e7\u00e3o dos Queixadas, em Cajamar (SP), \u00e9 uma das tantas que, com o tempo acabando, lutam para manter a moradia<\/h4>\n\n\n\n<!--more-->\n\n\n\n<p>Gabriela Moncau &#8211; Brasil de Fato | S\u00e3o Paulo (SP)<\/p>\n\n\n\n<p>Maria Estela Silva, aos 47 anos, tem 12 filhos e 15 netos. Chegou na Ocupa\u00e7\u00e3o dos Queixadas, em Cajamar (SP), logo que o terreno foi ocupado em 2019. A \u00e1rea que, em suas palavras &#8220;era s\u00f3 mato e escorpi\u00e3o&#8221;, atualmente \u00e9 a moradia de 105 fam\u00edlias, organizadas com o movimento Luta Popular. Elas integram as 132.290 fam\u00edlias no pa\u00eds que t\u00eam exatamente um m\u00eas&nbsp;para tentar reverter a remo\u00e7\u00e3o iminente.<\/p>\n\n\n\n<p>Isso porque s\u00f3 vale at\u00e9 30 de junho&nbsp;a&nbsp;<a href=\"https:\/\/www.brasildefato.com.br\/2022\/03\/30\/barroso-mantem-ate-junho-de-2022-a-suspensao-de-despejos-no-pais\" target=\"_blank\" rel=\"noreferrer noopener\">proibi\u00e7\u00e3o dos despejos, determinada pelo Supremo Tribunal Federal (STF)<\/a>&nbsp;por conta da pandemia. S\u00e3o Paulo, Amazonas e Pernambuco s\u00e3o os estados onde mais pessoas est\u00e3o amea\u00e7adas de perder a moradia,&nbsp;de acordo com a&nbsp;<a href=\"https:\/\/www.campanhadespejozero.org\/\" target=\"_blank\" rel=\"noreferrer noopener\">Campanha Despejo Zero<\/a>.<\/p>\n\n\n\n<p>Das 42.599 fam\u00edlias que vivem esse risco s\u00f3 no estado paulista, a de Maria Estela faz parte das muitas que, se despejadas, n\u00e3o t\u00eam para onde ir. &#8220;Morar de aluguel? Com que dinheiro, pelo amor de Deus?&#8221;, afirma ela, ao contar que est\u00e1 desempregada. &#8220;Vamos ficar na ponte, n\u00e9?&#8221;<\/p>\n\n\n\n<figure class=\"wp-block-image\"><img data-recalc-dims=\"1\" decoding=\"async\" src=\"https:\/\/i0.wp.com\/images01.brasildefato.com.br\/47acbb43bad4edf982d50c992c459aaa.jpeg?w=600&#038;ssl=1\" alt=\"\"\/><\/figure>\n\n\n\n<p><br>Maria Estela nasceu em Montes Claros (MG) e afirma n\u00e3o ter plano B de lugar para viver caso seja removida de sua casa \/ Gabriela Moncau<\/p>\n\n\n\n<p>Lona preta na frente da Prefeitura<\/p>\n\n\n\n<p>Outro destino cogitado pelos moradores da Ocupa\u00e7\u00e3o dos Queixadas caso sejam retirados \u00e0 for\u00e7a de suas casas \u00e9 a frente da Prefeitura de Cajamar. Simbolicamente, foi o que fizeram durante manifesta\u00e7\u00e3o na \u00faltima sexta-feira (27).<\/p>\n\n\n\n<p>Barracos de lona preta, botij\u00e3o de g\u00e1s e at\u00e9 fog\u00e3o foram instalados na pra\u00e7a em frente \u00e0 sede do governo municipal. O prefeito Danilo Joan (PSD) se comprometeu a comparecer em uma reuni\u00e3o com representantes dos Queixadas na pr\u00f3xima quarta-feira (1).&nbsp;<\/p>\n\n\n\n<figure class=\"wp-block-image\"><img data-recalc-dims=\"1\" decoding=\"async\" src=\"https:\/\/i0.wp.com\/images03.brasildefato.com.br\/4460e00c5902d7311dfb5ed9e4ebf797.jpeg?w=600&#038;ssl=1\" alt=\"\"\/><\/figure>\n\n\n\n<p><br>A prefeitura de Cajamar amanheceu, na sexta-feira (27), com um acampamento na pra\u00e7a da frente \/ Lucas Martins<\/p>\n\n\n\n<p>A condi\u00e7\u00e3o para o agendamento da&nbsp;reuni\u00e3o era que o acampamento na pra\u00e7a fosse desmontado o quanto antes. O ato acontecia poucas horas antes da Festa do Pe\u00e3o, tradicional rodeio de Cajamar, que na \u00faltima sexta (27) contou com shows de Gusttavo Lima, Felipe Ara\u00fajo e Pedro Sampaio. Havia a expectativa que o presidente Jair Bolsonaro (PL), convidado para o evento, visitasse a cidade nesse dia.&nbsp;<\/p>\n\n\n\n<p>J\u00e1 no seu segundo mandato, Danilo Joan n\u00e3o ofereceu, at\u00e9 o momento, qualquer alternativa ao problema habitacional das fam\u00edlias dos Queixadas. Se a reuni\u00e3o de quarta-feira (1) se confirmar, ser\u00e1 a primeira vez que o prefeito senta oficialmente para negociar.&nbsp;<\/p>\n\n\n\n<p><a href=\"https:\/\/www.brasildefato.com.br\/2021\/11\/04\/ameacados-de-despejo-ocupam-prefeitura-na-grande-sp-e-perguntam-sabe-como-e-dormir-no-frio\" target=\"_blank\" rel=\"noreferrer noopener\"><strong>:: Amea\u00e7ados de despejo ocupam prefeitura na Grande SP e perguntam: &#8220;Sabe como \u00e9 dormir no frio?&#8221;<\/strong><\/a><\/p>\n\n\n\n<p>&#8220;O prefeito tem que ver o nosso lado, a nossa pobreza, o que a gente passa. Precisamos da nossa moradia. Se a gente sair daqui, meu Deus, para onde a gente vai, seu Danilo?&#8221;, questiona Estela.<\/p>\n\n\n\n<p>O&nbsp;<strong>Brasil de Fato<\/strong>&nbsp;entrou em contato com a prefeitura de Cajamar mas n\u00e3o teve resposta at\u00e9 o fechamento desta mat\u00e9ria.<\/p>\n\n\n\n<p>O terreno sob lit\u00edgio \u00e9 particular, reivindicado pelos irm\u00e3os Vera e Aguinaldo Zanotti. Antes de ser ocupado, no entanto, ele estava&nbsp;<a href=\"https:\/\/www.brasildefato.com.br\/2021\/10\/01\/mais-de-100-familias-sao-ameacadas-de-despejo-de-terreno-que-estava-19-anos-abandonado\" target=\"_blank\" rel=\"noreferrer noopener\">h\u00e1 19 anos sem cumprir o dever constitucional de dar fun\u00e7\u00e3o social \u00e0 terra<\/a>.<\/p>\n\n\n\n<p>&#8220;N\u00e3o v\u00e3o olhar pela gente?&#8221;<\/p>\n\n\n\n<p>Ana L\u00facia Dias tinha duas meninas quando em 2019, sem condi\u00e7\u00f5es de pagar aluguel, decidiu se envolver na luta coletiva pelo direito \u00e0 moradia. Agora, com 25 anos, j\u00e1 tem quatro filhas e mora na rua de tr\u00e1s de Estela.&nbsp;<\/p>\n\n\n\n<p>A menorzinha, de um m\u00eas, era balan\u00e7ada pelo pai enquanto Ana explicava que a incerta renda mensal vem da Bolsa Fam\u00edlia e dos &#8220;bicos&#8221; feitos por seu companheiro, entre cortes de cabelo e trabalhos como ajudante de pedreiro.&nbsp;<\/p>\n\n\n\n<figure class=\"wp-block-image\"><img data-recalc-dims=\"1\" decoding=\"async\" src=\"https:\/\/i0.wp.com\/images01.brasildefato.com.br\/1ca747ddfee14fbd267f48a6cc8a8ede.jpeg?w=600&#038;ssl=1\" alt=\"\"\/><\/figure>\n\n\n\n<p><br>Entre a vizinha e o companheiro, Ana aparece ao fundo, abra\u00e7ando a mais velha de suas quatro filhas \/ Gabriela Moncau<\/p>\n\n\n\n<p>&#8220;E realmente hoje a gente n\u00e3o est\u00e1 passando fome mesmo por Deus, porque as coisas muito caras, imagine pagando aluguel? Muito dif\u00edcil. Tantas fam\u00edlias sem teto e a Prefeitura fazendo show, parque, n\u00f3s s\u00f3 vendo&#8221;, salienta.<\/p>\n\n\n\n<p>Ana balan\u00e7a a cabe\u00e7a e, otimista, diz n\u00e3o conseguir crer que nada ser\u00e1 feito para evitar que cerca de meio milh\u00e3o de pessoas percam suas casas de uma hora para outra. &#8220;Eles [as autoridades] v\u00e3o olhar por n\u00f3s. V\u00e3o ver um monte de gente na rua e n\u00e3o v\u00e3o olhar pela gente? N\u00e3o \u00e9 poss\u00edvel.&#8221;&nbsp;&nbsp;<\/p>\n\n\n\n<p>A suspens\u00e3o tempor\u00e1ria dos despejos<\/p>\n\n\n\n<p>O ministro do STF Lu\u00eds Roberto Barroso ampliou at\u00e9 30 de junho o per\u00edodo de proibi\u00e7\u00e3o das remo\u00e7\u00f5es for\u00e7adas depois de&nbsp;<a href=\"https:\/\/www.brasildefato.com.br\/2022\/03\/17\/atos-contra-os-despejos-em-dezenas-de-cidades-brasileiras-nesta-quinta-17-acompanhe\" target=\"_blank\" rel=\"noreferrer noopener\">mobiliza\u00e7\u00e3o nacional<\/a>&nbsp;feita pela Campanha Despejo Zero, por movimentos sociais do campo e da cidade.&nbsp;<\/p>\n\n\n\n<p><strong>::&nbsp;<a href=\"https:\/\/www.brasildefatoce.com.br\/2022\/02\/09\/entrevista-quando-morar-se-torna-um-privilegio-ocupar-passa-a-ser-um-dever\">Entrevista | \u201cQuando morar se torna um privil\u00e9gio, ocupar passa a ser um dever\u201d<\/a>&nbsp;::<\/strong><\/p>\n\n\n\n<p>Entre eles, o Movimento dos Trabalhadores Rurais Sem Terra (MST), o Movimento Luta Popular, as Brigadas Populares, o Movimento dos Trabalhadores Sem Teto (MTST), a Uni\u00e3o de Movimentos de Moradia (UMM), a Central de Movimentos Populares (CMP), o Movimento de Lutas em Bairros, Vilas e Favelas (MLB), e a Frente de Luta por Moradia (FLM).<\/p>\n\n\n\n<p>Antes, a vig\u00eancia da liminar era at\u00e9 31 de mar\u00e7o. No dia 17 daquele m\u00eas, sob o lema &#8220;Prorroga STF&#8221;, manifesta\u00e7\u00f5es aconteceram em dezenas de cidades do pa\u00eds.<\/p>\n\n\n\n<p>Ao acatar a reivindica\u00e7\u00e3o pela prorroga\u00e7\u00e3o, no entanto, o ministro Barroso pontuou que seria a \u00faltima vez que o prazo da proibi\u00e7\u00e3o dos despejos seria estendido, a n\u00e3o ser que houvesse um agravamento da pandemia.&nbsp;<\/p>\n\n\n\n<p>Edi\u00e7\u00e3o: Rodrigo Dur\u00e3o Coelho<\/p>\n","protected":false},"excerpt":{"rendered":"<p>A Ocupa\u00e7\u00e3o dos Queixadas, em Cajamar (SP), \u00e9 uma das tantas que, com o tempo acabando, lutam para manter a moradia<\/p>\n","protected":false},"author":1,"featured_media":0,"comment_status":"closed","ping_status":"open","sticky":false,"template":"","format":"standard","meta":{"_exactmetrics_skip_tracking":false,"_exactmetrics_sitenote_active":false,"_exactmetrics_sitenote_note":"","_exactmetrics_sitenote_category":0,"jetpack_post_was_ever_published":false,"_jetpack_newsletter_access":"","_jetpack_dont_email_post_to_subs":false,"_jetpack_newsletter_tier_id":0,"_jetpack_memberships_contains_paywalled_content":false,"_jetpack_memberships_contains_paid_content":false,"footnotes":"","jetpack_publicize_message":"","jetpack_publicize_feature_enabled":true,"jetpack_social_post_already_shared":true,"jetpack_social_options":{"image_generator_settings":{"template":"highway","enabled":false},"version":2}},"categories":[1],"tags":[],"class_list":["post-33745","post","type-post","status-publish","format-standard","hentry","category-notas"],"jetpack_publicize_connections":[],"jetpack_sharing_enabled":true,"jetpack_featured_media_url":"","jetpack_shortlink":"https:\/\/wp.me\/p7wKYW-8Mh","jetpack-related-posts":[],"_links":{"self":[{"href":"http:\/\/blogdalucianaoliveira.com.br\/blog\/wp-json\/wp\/v2\/posts\/33745","targetHints":{"allow":["GET"]}}],"collection":[{"href":"http:\/\/blogdalucianaoliveira.com.br\/blog\/wp-json\/wp\/v2\/posts"}],"about":[{"href":"http:\/\/blogdalucianaoliveira.com.br\/blog\/wp-json\/wp\/v2\/types\/post"}],"author":[{"embeddable":true,"href":"http:\/\/blogdalucianaoliveira.com.br\/blog\/wp-json\/wp\/v2\/users\/1"}],"replies":[{"embeddable":true,"href":"http:\/\/blogdalucianaoliveira.com.br\/blog\/wp-json\/wp\/v2\/comments?post=33745"}],"version-history":[{"count":1,"href":"http:\/\/blogdalucianaoliveira.com.br\/blog\/wp-json\/wp\/v2\/posts\/33745\/revisions"}],"predecessor-version":[{"id":33747,"href":"http:\/\/blogdalucianaoliveira.com.br\/blog\/wp-json\/wp\/v2\/posts\/33745\/revisions\/33747"}],"wp:attachment":[{"href":"http:\/\/blogdalucianaoliveira.com.br\/blog\/wp-json\/wp\/v2\/media?parent=33745"}],"wp:term":[{"taxonomy":"category","embeddable":true,"href":"http:\/\/blogdalucianaoliveira.com.br\/blog\/wp-json\/wp\/v2\/categories?post=33745"},{"taxonomy":"post_tag","embeddable":true,"href":"http:\/\/blogdalucianaoliveira.com.br\/blog\/wp-json\/wp\/v2\/tags?post=33745"}],"curies":[{"name":"wp","href":"https:\/\/api.w.org\/{rel}","templated":true}]}}