{"id":33754,"date":"2022-06-03T10:45:31","date_gmt":"2022-06-03T14:45:31","guid":{"rendered":"http:\/\/blogdalucianaoliveira.com.br\/blog\/?p=33754"},"modified":"2022-06-03T10:45:35","modified_gmt":"2022-06-03T14:45:35","slug":"barrada-na-motociata","status":"publish","type":"post","link":"http:\/\/blogdalucianaoliveira.com.br\/blog\/2022\/06\/03\/barrada-na-motociata\/","title":{"rendered":"BARRADA NA MOTOCIATA"},"content":{"rendered":"\n<figure class=\"wp-block-image size-large\"><img loading=\"lazy\" decoding=\"async\" width=\"1133\" height=\"723\" data-attachment-id=\"33755\" data-permalink=\"http:\/\/blogdalucianaoliveira.com.br\/blog\/2022\/06\/03\/barrada-na-motociata\/50f01502-4b6d-4280-898b-e974611331d1\/\" data-orig-file=\"https:\/\/i0.wp.com\/blogdalucianaoliveira.com.br\/blog\/wp-content\/uploads\/2022\/06\/50F01502-4B6D-4280-898B-E974611331D1.jpeg?fit=1133%2C723\" data-orig-size=\"1133,723\" data-comments-opened=\"0\" data-image-meta=\"{&quot;aperture&quot;:&quot;0&quot;,&quot;credit&quot;:&quot;&quot;,&quot;camera&quot;:&quot;&quot;,&quot;caption&quot;:&quot;&quot;,&quot;created_timestamp&quot;:&quot;0&quot;,&quot;copyright&quot;:&quot;&quot;,&quot;focal_length&quot;:&quot;0&quot;,&quot;iso&quot;:&quot;0&quot;,&quot;shutter_speed&quot;:&quot;0&quot;,&quot;title&quot;:&quot;&quot;,&quot;orientation&quot;:&quot;1&quot;}\" data-image-title=\"50F01502-4B6D-4280-898B-E974611331D1\" data-image-description=\"\" data-image-caption=\"\" data-medium-file=\"https:\/\/i0.wp.com\/blogdalucianaoliveira.com.br\/blog\/wp-content\/uploads\/2022\/06\/50F01502-4B6D-4280-898B-E974611331D1.jpeg?fit=300%2C191\" data-large-file=\"https:\/\/i0.wp.com\/blogdalucianaoliveira.com.br\/blog\/wp-content\/uploads\/2022\/06\/50F01502-4B6D-4280-898B-E974611331D1.jpeg?fit=600%2C383\" src=\"https:\/\/i0.wp.com\/blogdalucianaoliveira.com.br\/blog\/wp-content\/uploads\/2022\/06\/50F01502-4B6D-4280-898B-E974611331D1.jpeg?fit=600%2C383\" alt=\"\" class=\"wp-image-33755\" srcset=\"https:\/\/i0.wp.com\/blogdalucianaoliveira.com.br\/blog\/wp-content\/uploads\/2022\/06\/50F01502-4B6D-4280-898B-E974611331D1.jpeg?w=1133 1133w, https:\/\/i0.wp.com\/blogdalucianaoliveira.com.br\/blog\/wp-content\/uploads\/2022\/06\/50F01502-4B6D-4280-898B-E974611331D1.jpeg?resize=300%2C191 300w, https:\/\/i0.wp.com\/blogdalucianaoliveira.com.br\/blog\/wp-content\/uploads\/2022\/06\/50F01502-4B6D-4280-898B-E974611331D1.jpeg?resize=1024%2C653 1024w, https:\/\/i0.wp.com\/blogdalucianaoliveira.com.br\/blog\/wp-content\/uploads\/2022\/06\/50F01502-4B6D-4280-898B-E974611331D1.jpeg?resize=768%2C490 768w, https:\/\/i0.wp.com\/blogdalucianaoliveira.com.br\/blog\/wp-content\/uploads\/2022\/06\/50F01502-4B6D-4280-898B-E974611331D1.jpeg?resize=470%2C300 470w\" sizes=\"auto, (max-width: 600px) 100vw, 600px\" \/><\/figure>\n\n\n\n<p><br>Ap\u00f3s chacina no Rio e assassinato com g\u00e1s, Pol\u00edcia Rodovi\u00e1ria Federal desaparece de desfiles em apoio a Bolsonaro<\/p>\n\n\n\n<!--more-->\n\n\n\n<p>Revista Piau\u00ed &#8211; Allan de Abreu<\/p>\n\n\n\n<p><\/p>\n\n\n\n<p><strong>N<\/strong>os \u00faltimos dias, seja em Belo Horizonte, seja em Jata\u00ed ou em Goi\u00e2nia, estavam l\u00e1 as motocicletas possantes conduzidas por homens em jaquetas pretas empunhando bandeirolas do Brasil em ruas e estradas. T\u00eam sido assim as motociatas em apoio ao presidente Jair Bolsonaro. Mas faltou uma presen\u00e7a ilustre, que desde 2020 nunca deixou de participar dos desfiles de moto do presidente: a Pol\u00edcia Rodovi\u00e1ria Federal (PRF).<\/p>\n\n\n\n<p>Desde a semana passada, quando policiais rodovi\u00e1rios federais protagonizaram cenas de brutalidade, como os 23 homic\u00eddios em opera\u00e7\u00e3o na Vila Cruzeiro, Zona Norte do Rio, e a&nbsp;<a href=\"https:\/\/piaui.folha.uol.com.br\/licao-de-tortura\/\">morte de Genivaldo de Jesus Santos na caminhonete da PRF transformada em c\u00e2mara de g\u00e1s<\/a>, a corpora\u00e7\u00e3o, aliada de primeira hora do presidente, subitamente desapareceu das motociatas. Em Jata\u00ed, Sul goiano, onde Bolsonaro esteve no \u00faltimo dia 31 por conta do anivers\u00e1rio do munic\u00edpio, apenas dois policiais da PRF, ao lado de uma caminhonete da corpora\u00e7\u00e3o, observaram o presidente e o deputado federal Major Vitor Hugo (PL-GO), ambos sem capacete, passar por eles. Em Belo Horizonte, dia 26, e Goi\u00e2nia, 27, a corpora\u00e7\u00e3o n\u00e3o deu as caras.<\/p>\n\n\n\n<p>\u201cAcredito que o sumi\u00e7o da PRF nas motociatas seja por cautela do pr\u00f3prio presidente, para n\u00e3o expor ainda mais a corpora\u00e7\u00e3o diante das cr\u00edticas\u201d, diz Renato S\u00e9rgio de Lima, presidente do F\u00f3rum Brasileiro de Seguran\u00e7a P\u00fablica. A quatro meses da elei\u00e7\u00e3o, Bolsonaro tenta se descolar do desgaste sofrido pela PRF com os dois epis\u00f3dios. Ao mesmo tempo, ao comentar a morte de Santos em Sergipe e a a\u00e7\u00e3o da PRF, em vez de cobrar a responsabilidade da Pol\u00edcia Rodovi\u00e1ria nos dois epis\u00f3dios, Bolsonaro elogiou a corpora\u00e7\u00e3o. \u201cA PRF faz um trabalho excepcional para todos n\u00f3s, para momentos dif\u00edceis. Quando estamos numa pista, geralmente\u2026 Geralmente, n\u00e3o, s\u00e3o os primeiros a chegar e proporcionar o conforto\u201d, disse. Um dia antes, no Twitter, o presidente parabenizou os \u201cguerreiros do Bope\u201d pela opera\u00e7\u00e3o na Vila Cruzeiro.<\/p>\n\n\n\n<p>Por lei, cabe ao Gabinete de Seguran\u00e7a Institucional (GSI) cuidar da seguran\u00e7a do presidente da Rep\u00fablica durante eventos ao ar livre, como os passeios de moto. Mas desde meados de 2020, no meio da pandemia, quando surgiram as motociatas do presidente, a PRF \u00e9 presen\u00e7a constante, ainda que o percurso n\u00e3o seja feito em rodovia federal: em 23 de maio de 2021, sessenta policiais rodovi\u00e1rios acompanharam Bolsonaro no trajeto de 41 km entre o Parque Ol\u00edmpico, na Barra da Tijuca, e o Monumento aos Pracinhas, no Aterro do Flamengo, no Rio, sempre por ruas e avenidas, sem passar por rodovias.<\/p>\n\n\n\n<p>\u201c\u00c9 o presidente da Rep\u00fablica, a gente est\u00e1 cumprindo uma miss\u00e3o institucional de fazer com que ele tenha seguran\u00e7a no deslocamento dele. Envolvemos motociclistas tamb\u00e9m, porque na medida em que a gente garante essa seguran\u00e7a do presidente, os motociclistas que trafegam na mesma dire\u00e7\u00e3o acabam usufruindo dessa seguran\u00e7a tamb\u00e9m\u201d, afirmou o policial rodovi\u00e1rio Guilherme Fabr\u00edcio a um youtuber em junho de 2021, durante motociata de Bolsonaro pela Rodovia dos Bandeirantes, em S\u00e3o Paulo \u2013 quem cuida do policiamento ostensivo na estrada paulista \u00e9 a Pol\u00edcia Rodovi\u00e1ria Estadual. Em mar\u00e7o deste ano, quando a motociata percorreu um trecho da Rodovia Presidente Dutra em S\u00e3o Jos\u00e9 dos Campos, S\u00e3o Paulo, essa sim federal, a PRF deslocou dezenas de caminhonetes, motos e at\u00e9 um \u00f4nibus para o evento.<\/p>\n\n\n\n<p>S\u00f3 neste ano, sem contar as motociatas das duas \u00faltimas semanas na capital mineira e nas duas cidades goianas, Bolsonaro participou de pelo menos treze eventos do tipo no Rio Grande do Sul, Paran\u00e1, S\u00e3o Paulo, Bahia, Cear\u00e1, Rio Grande do Norte, Mato Grosso e Rond\u00f4nia. Foram 3 eventos em fevereiro, 4 em mar\u00e7o, 3 em abril e 4 em maio. Em rea\u00e7\u00e3o, dois partidos de oposi\u00e7\u00e3o, PT e PDT, ingressaram com a\u00e7\u00f5es judiciais contra o presidente no Tribunal Superior Eleitoral (TSE) por propaganda eleitoral antecipada e falta de transpar\u00eancia na arrecada\u00e7\u00e3o financeira de um dos eventos, o \u201cAcelera para Cristo\u201d, em abril, na capital paulista. Procurada, a assessoria da PRF n\u00e3o se manifestou.&nbsp;<\/p>\n","protected":false},"excerpt":{"rendered":"<p>Ap\u00f3s chacina no Rio e assassinato com g\u00e1s, Pol\u00edcia Rodovi\u00e1ria Federal desaparece de desfiles em apoio a Bolsonaro<\/p>\n","protected":false},"author":1,"featured_media":0,"comment_status":"closed","ping_status":"open","sticky":false,"template":"","format":"standard","meta":{"_exactmetrics_skip_tracking":false,"_exactmetrics_sitenote_active":false,"_exactmetrics_sitenote_note":"","_exactmetrics_sitenote_category":0,"jetpack_post_was_ever_published":false,"_jetpack_newsletter_access":"","_jetpack_dont_email_post_to_subs":false,"_jetpack_newsletter_tier_id":0,"_jetpack_memberships_contains_paywalled_content":false,"_jetpack_memberships_contains_paid_content":false,"footnotes":"","jetpack_publicize_message":"","jetpack_publicize_feature_enabled":true,"jetpack_social_post_already_shared":true,"jetpack_social_options":{"image_generator_settings":{"template":"highway","enabled":false},"version":2}},"categories":[1],"tags":[],"class_list":["post-33754","post","type-post","status-publish","format-standard","hentry","category-notas"],"jetpack_publicize_connections":[],"jetpack_sharing_enabled":true,"jetpack_featured_media_url":"","jetpack_shortlink":"https:\/\/wp.me\/p7wKYW-8Mq","jetpack-related-posts":[],"_links":{"self":[{"href":"http:\/\/blogdalucianaoliveira.com.br\/blog\/wp-json\/wp\/v2\/posts\/33754","targetHints":{"allow":["GET"]}}],"collection":[{"href":"http:\/\/blogdalucianaoliveira.com.br\/blog\/wp-json\/wp\/v2\/posts"}],"about":[{"href":"http:\/\/blogdalucianaoliveira.com.br\/blog\/wp-json\/wp\/v2\/types\/post"}],"author":[{"embeddable":true,"href":"http:\/\/blogdalucianaoliveira.com.br\/blog\/wp-json\/wp\/v2\/users\/1"}],"replies":[{"embeddable":true,"href":"http:\/\/blogdalucianaoliveira.com.br\/blog\/wp-json\/wp\/v2\/comments?post=33754"}],"version-history":[{"count":1,"href":"http:\/\/blogdalucianaoliveira.com.br\/blog\/wp-json\/wp\/v2\/posts\/33754\/revisions"}],"predecessor-version":[{"id":33756,"href":"http:\/\/blogdalucianaoliveira.com.br\/blog\/wp-json\/wp\/v2\/posts\/33754\/revisions\/33756"}],"wp:attachment":[{"href":"http:\/\/blogdalucianaoliveira.com.br\/blog\/wp-json\/wp\/v2\/media?parent=33754"}],"wp:term":[{"taxonomy":"category","embeddable":true,"href":"http:\/\/blogdalucianaoliveira.com.br\/blog\/wp-json\/wp\/v2\/categories?post=33754"},{"taxonomy":"post_tag","embeddable":true,"href":"http:\/\/blogdalucianaoliveira.com.br\/blog\/wp-json\/wp\/v2\/tags?post=33754"}],"curies":[{"name":"wp","href":"https:\/\/api.w.org\/{rel}","templated":true}]}}