{"id":33757,"date":"2022-06-03T19:29:43","date_gmt":"2022-06-03T23:29:43","guid":{"rendered":"http:\/\/blogdalucianaoliveira.com.br\/blog\/?p=33757"},"modified":"2022-06-03T19:29:46","modified_gmt":"2022-06-03T23:29:46","slug":"divisao-politica-se-tornou-divisao-social-diz-pesquisador-eleicoes-estao-opondo-dois-brasis","status":"publish","type":"post","link":"http:\/\/blogdalucianaoliveira.com.br\/blog\/2022\/06\/03\/divisao-politica-se-tornou-divisao-social-diz-pesquisador-eleicoes-estao-opondo-dois-brasis\/","title":{"rendered":"Divis\u00e3o pol\u00edtica se tornou divis\u00e3o social, diz pesquisador: &#8220;Elei\u00e7\u00f5es est\u00e3o opondo dois Brasis&#8221;"},"content":{"rendered":"\n<figure class=\"wp-block-image size-large\"><img data-recalc-dims=\"1\" loading=\"lazy\" decoding=\"async\" width=\"600\" height=\"450\" data-attachment-id=\"33758\" data-permalink=\"http:\/\/blogdalucianaoliveira.com.br\/blog\/2022\/06\/03\/divisao-politica-se-tornou-divisao-social-diz-pesquisador-eleicoes-estao-opondo-dois-brasis\/impeachment-as-melhores-fotos-do-dia\/\" data-orig-file=\"https:\/\/i0.wp.com\/blogdalucianaoliveira.com.br\/blog\/wp-content\/uploads\/2022\/06\/2C4D3C6C-1AAD-4384-B785-AAC76E723D87.jpeg?fit=800%2C600\" data-orig-size=\"800,600\" data-comments-opened=\"0\" data-image-meta=\"{&quot;aperture&quot;:&quot;2.8&quot;,&quot;credit&quot;:&quot;Juca Varella&quot;,&quot;camera&quot;:&quot;HERO4 Black&quot;,&quot;caption&quot;:&quot;Bras\\u00edlia (DF) - 17\\\/04\\\/2016 - Manifestantes pr\\u00f3 (\\u00e0 direita) e contra (\\u00e0 esquerda) o impeachment ocupam a Esplanada dos Minist\\u00e9rios durante o processo de vota\\u00e7\\u00e3o na C\\u00e2mara dos Deputados. (Foto: Juca Varella\\\/Ag\\u00eancia Brasil)&quot;,&quot;created_timestamp&quot;:&quot;1455287059&quot;,&quot;copyright&quot;:&quot;EBC-EMPRESA BRASIL DE COMUNICA\\u00c7\\u00c3O\\\/Agencia Brasil&quot;,&quot;focal_length&quot;:&quot;3&quot;,&quot;iso&quot;:&quot;100&quot;,&quot;shutter_speed&quot;:&quot;0.001522&quot;,&quot;title&quot;:&quot;Impeachment - As melhores fotos do dia&quot;,&quot;orientation&quot;:&quot;1&quot;}\" data-image-title=\"Impeachment &amp;#8211; As melhores fotos do dia\" data-image-description=\"\" data-image-caption=\"&lt;p&gt;Bras\u00edlia (DF) &amp;#8211; 17\/04\/2016 &amp;#8211; Manifestantes pr\u00f3 (\u00e0 direita) e contra (\u00e0 esquerda) o impeachment ocupam a Esplanada dos Minist\u00e9rios durante o processo de vota\u00e7\u00e3o na C\u00e2mara dos Deputados. (Foto: Juca Varella\/Ag\u00eancia Brasil)&lt;\/p&gt;\n\" data-medium-file=\"https:\/\/i0.wp.com\/blogdalucianaoliveira.com.br\/blog\/wp-content\/uploads\/2022\/06\/2C4D3C6C-1AAD-4384-B785-AAC76E723D87.jpeg?fit=300%2C225\" data-large-file=\"https:\/\/i0.wp.com\/blogdalucianaoliveira.com.br\/blog\/wp-content\/uploads\/2022\/06\/2C4D3C6C-1AAD-4384-B785-AAC76E723D87.jpeg?fit=600%2C450\" src=\"https:\/\/i0.wp.com\/blogdalucianaoliveira.com.br\/blog\/wp-content\/uploads\/2022\/06\/2C4D3C6C-1AAD-4384-B785-AAC76E723D87.jpeg?resize=600%2C450\" alt=\"\" class=\"wp-image-33758\" srcset=\"https:\/\/i0.wp.com\/blogdalucianaoliveira.com.br\/blog\/wp-content\/uploads\/2022\/06\/2C4D3C6C-1AAD-4384-B785-AAC76E723D87.jpeg?w=800 800w, https:\/\/i0.wp.com\/blogdalucianaoliveira.com.br\/blog\/wp-content\/uploads\/2022\/06\/2C4D3C6C-1AAD-4384-B785-AAC76E723D87.jpeg?resize=300%2C225 300w, https:\/\/i0.wp.com\/blogdalucianaoliveira.com.br\/blog\/wp-content\/uploads\/2022\/06\/2C4D3C6C-1AAD-4384-B785-AAC76E723D87.jpeg?resize=768%2C576 768w, https:\/\/i0.wp.com\/blogdalucianaoliveira.com.br\/blog\/wp-content\/uploads\/2022\/06\/2C4D3C6C-1AAD-4384-B785-AAC76E723D87.jpeg?resize=400%2C300 400w\" sizes=\"auto, (max-width: 600px) 100vw, 600px\" \/><\/figure>\n\n\n\n<h4 class=\"wp-block-heading\">Compara\u00e7\u00e3o por regi\u00e3o, ra\u00e7a, sexo, renda e religi\u00e3o em pesquisa Quaest\/Genial revela separa\u00e7\u00e3o social n\u00edtida<\/h4>\n\n\n\n<!--more-->\n\n\n\n<p>Reda\u00e7\u00e3o\u00a0<a rel=\"noreferrer noopener\" target=\"_blank\" href=\"https:\/\/www.redebrasilatual.com.br\/politica\/2022\/06\/divisao-politica-entre-lula-e-bolsonaro-se-transformou-em-divisao-social-diz-pesquisador-eleicoes-estao-opondo-dois-brasis\/\">Rede Brasil Atual<\/a><\/p>\n\n\n\n<p>Mais do que uma mera divis\u00e3o pol\u00edtica, a elei\u00e7\u00e3o presidencial, marcada para outubro, atesta que h\u00e1 uma divis\u00e3o social no Brasil. Em que a disputa entre&nbsp;<a href=\"https:\/\/www.brasildefato.com.br\/2022\/06\/02\/lula-defende-unidade-da-esquerda-em-ato-que-mais-de-6-mil-pessoas-em-porto-alegre\" target=\"_blank\" rel=\"noreferrer noopener\">Luiz In\u00e1cio Lula da Silva (PT)<\/a>&nbsp;e Jair Bolsonaro (PL) n\u00e3o \u00e9 mais sobre partidos, mas entre grupos sociais que lutam por direitos e reconhecimentos. \u00c9 o que observa o professor da Universidade Federal de Minas Gerais (UFMG), especialista em pesquisa de opini\u00e3o e redes sociais, Felipe Nunes, diretor da Quaest Pesquisa e Consultoria.&nbsp;<\/p>\n\n\n\n<p>Nesta sexta-feira (3), o cientista pol\u00edtico divulgou,&nbsp;em sua conta no&nbsp;<a href=\"https:\/\/twitter.com\/felipnunes\/status\/1532662295255568389\" rel=\"noreferrer noopener\" target=\"_blank\">Twitter<\/a><em>,&nbsp;<\/em>dados parciais da 11\u00aa rodada da pesquisa eleitoral Genial\/Quaest, registrada no Tribunal Superior Eleitoral (TSE) com o n\u00famero BR-01603\/2022, que ser\u00e1 publicada na pr\u00f3xima quarta (8). De acordo com Nunes, o novo estudo mostra o que se convencionou chamar de \u201c<a href=\"https:\/\/www.brasildefato.com.br\/2022\/05\/27\/pesquisa-ipespe-mostra-alta-da-polarizacao-entre-lula-e-bolsonaro-e-fracasso-da-terceira-via\" target=\"_blank\" rel=\"noreferrer noopener\">polariza\u00e7\u00e3o<\/a>\u201d na disputa entre os dois principais candidatos \u00e0 Presid\u00eancia da Rep\u00fablica \u2013 Lula e Bolsonaro \u2013 e ganha outra dimens\u00e3o quando se compara os eleitores do ex-presidente e do atual por regi\u00e3o, ra\u00e7a, sexo, renda e religi\u00e3o.<\/p>\n\n\n\n<p>Na pesquisa da consultoria em maio, Lula liderava a disputa com 46% das inten\u00e7\u00f5es de voto, seguido por&nbsp;<a href=\"https:\/\/www.brasildefato.com.br\/2022\/06\/02\/gasto-quase-triplica-e-bolsonaro-terminara-mandato-com-r-93-bilhoes-em-emendas-parlamentares\" target=\"_blank\" rel=\"noreferrer noopener\">Bolsonaro<\/a>&nbsp;com 29%. Juntos, os dois somam 75% dos votos, o que vem garantindo que a corrida pelo Pal\u00e1cio do Planalto deve ficar entre esses dois candidatos. E o eleitorado de cada um pertence a grupos sociais opostos. A 11\u00aa rodada da pesquisa indica que enquanto os homens se dividem entre Lula (39%) e Bolsonaro (42%), as mulheres, em sua maioria, votam em no petista&nbsp;\u2013 50%, ante 24% no ex-capit\u00e3o.<\/p>\n\n\n\n<p>Grupos e pensamentos opostos<\/p>\n\n\n\n<p>O mesmo ocorre quando as inten\u00e7\u00f5es de voto levam em conta a vari\u00e1vel da renda. Os ricos se dividem entre o ex-presidente (36%) e o atual (43%). Mas os pobres (at\u00e9 dois sal\u00e1rios m\u00ednimos) t\u00eam maior prefer\u00eancia por Lula (56%) do que por Bolsonaro (22%). No quesito ra\u00e7a, os brancos se dividem entre o petista (39%) e o candidato do PL (37%). Mas os negros votam mais em Lula (59%) que em Bolsonaro (23%).<\/p>\n\n\n\n<p>De acordo com o pesquisador, a divis\u00e3o social fica mais evidente na oposi\u00e7\u00e3o entre o eleitorado cat\u00f3lico e evang\u00e9lico. Nesse caso, enquanto Lula registra a maior taxa de inten\u00e7\u00e3o de votos entre os cat\u00f3licos (53%) e Bolsonaro a menor (27%), o ex-presidente tem 30% da prefer\u00eancia dos evang\u00e9licos, enquanto o atual tem 47%.<\/p>\n\n\n\n<p>J\u00e1 por regi\u00e3o, o Nordeste vota em Lula: 61%, contra 22% de Bolsonaro. Mas o Sul se divide entre 39% para o pr\u00e9-candidato do PT e 41% para o do PL. \u201cPercebemos que as&nbsp;<a href=\"https:\/\/www.brasildefato.com.br\/2022\/05\/30\/eleicoes-de-2022-devem-definir-privatizacao-ou-preservacao-de-estatais\" target=\"_blank\" rel=\"noreferrer noopener\">elei\u00e7\u00f5es deste ano<\/a>&nbsp;est\u00e3o opondo dois Brasis\u201d, destaca Nunes.<\/p>\n\n\n\n<p>A pesquisa tamb\u00e9m aponta que al\u00e9m de pertencerem a grupos sociais diferentes, os brasileiros que votam em Lula e em Bolsonaro tamb\u00e9m pensam de formas opostas, principalmente sobre as mortes da pandemia de covid-19 e as quest\u00f5es econ\u00f4micas ligadas \u00e0 infla\u00e7\u00e3o e ao desemprego. Parte dos dados, antecipados pela colunista Thais Oyama, do portal&nbsp;<em>UOL<\/em>, mostra que 85% dos eleitores de Lula acham que as decis\u00f5es tomadas por Bolsonaro foram equivocadas. Mas apenas 16% dos eleitores do atual presidente concordam com essa afirma\u00e7\u00e3o.<\/p>\n\n\n\n<p>&#8220;Dois Brasis&#8221;<\/p>\n\n\n\n<p>A discord\u00e2ncia tamb\u00e9m \u00e9 alta sobre a avalia\u00e7\u00e3o da situa\u00e7\u00e3o econ\u00f4mica do pa\u00eds. Ao menos 80% dos eleitores de Lula acham que ela piorou. Enquanto apenas 28% dos eleitores de Bolsonaro dizem o mesmo. Eles justificam, em sua maioria, que o cen\u00e1rio deve melhorar. E que a infla\u00e7\u00e3o \u201c\u00e9 um problema que ocorre em todo mundo\u201d para \u201cabsolver\u201d o presidente de sua responsabilidade, diz a coluna.<\/p>\n\n\n\n<p>\u201cSe algu\u00e9m tinha d\u00favida, esses dados mostram que a polariza\u00e7\u00e3o pol\u00edtica se transformou em polariza\u00e7\u00e3o social. A disputa n\u00e3o \u00e9 mais entre partidos, mas entre grupos sociais que lutam por direitos, privil\u00e9gios, garantias e recursos limitados. Ningu\u00e9m vai querer perder\u2026\u201d, comenta o diretor da Quaest.<\/p>\n\n\n\n<p>Apesar de mais evidente no pleito deste ano, o mestre em Economia e doutor em Direito Bruno Carazza escreveu, em coluna para o jornal&nbsp;<em>Valor Econ\u00f4mico<\/em>, no final de maio, que desde 2006 h\u00e1 uma \u201cn\u00edtida clivagem social nas prefer\u00eancias eleitorais\u201d. Segundo Carazza, entre 1994 e 2002 os presidentes eleitos (Fernando Henrique Cardoso e Lula) eram apontados nas pesquisas com ampla margem de inten\u00e7\u00f5es de voto em todos os segmentos de todos os recortes mais utilizados, como g\u00eanero, idade, escolaridade, renda e regi\u00e3o.<\/p>\n\n\n\n<p>O que se subverteu a partir da reelei\u00e7\u00e3o do petista, quando no segundo turno Geraldo Alckmin (ent\u00e3o no PSDB), que havia perdido a disputa com 39,17% contra 60,83% de Lula, mostrou vantagem entre eleitores de n\u00edvel superior (53% a 47%), de rendimentos mensais superiores a 10 sal\u00e1rios m\u00ednimos (56% a 44%) e moradores da regi\u00e3o Sul (52% a 48%). Desde ent\u00e3o, de acordo com o colunista, esse padr\u00e3o s\u00f3 se intensifica. E, no caso, do PT, o eleitorado de mulheres, jovens, baixa renda e ensino fundamental e de moradores do Nordeste se consolidou.<\/p>\n","protected":false},"excerpt":{"rendered":"<p>Compara\u00e7\u00e3o por regi\u00e3o, ra\u00e7a, sexo, renda e religi\u00e3o em pesquisa Quaest\/Genial revela separa\u00e7\u00e3o social n\u00edtida<\/p>\n","protected":false},"author":1,"featured_media":0,"comment_status":"closed","ping_status":"open","sticky":false,"template":"","format":"standard","meta":{"_exactmetrics_skip_tracking":false,"_exactmetrics_sitenote_active":false,"_exactmetrics_sitenote_note":"","_exactmetrics_sitenote_category":0,"jetpack_post_was_ever_published":false,"_jetpack_newsletter_access":"","_jetpack_dont_email_post_to_subs":false,"_jetpack_newsletter_tier_id":0,"_jetpack_memberships_contains_paywalled_content":false,"_jetpack_memberships_contains_paid_content":false,"footnotes":"","jetpack_publicize_message":"","jetpack_publicize_feature_enabled":true,"jetpack_social_post_already_shared":true,"jetpack_social_options":{"image_generator_settings":{"template":"highway","enabled":false},"version":2}},"categories":[1],"tags":[53,78,729],"class_list":["post-33757","post","type-post","status-publish","format-standard","hentry","category-notas","tag-bolsonaro","tag-lula","tag-polarizacao"],"jetpack_publicize_connections":[],"jetpack_sharing_enabled":true,"jetpack_featured_media_url":"","jetpack_shortlink":"https:\/\/wp.me\/p7wKYW-8Mt","jetpack-related-posts":[],"_links":{"self":[{"href":"http:\/\/blogdalucianaoliveira.com.br\/blog\/wp-json\/wp\/v2\/posts\/33757","targetHints":{"allow":["GET"]}}],"collection":[{"href":"http:\/\/blogdalucianaoliveira.com.br\/blog\/wp-json\/wp\/v2\/posts"}],"about":[{"href":"http:\/\/blogdalucianaoliveira.com.br\/blog\/wp-json\/wp\/v2\/types\/post"}],"author":[{"embeddable":true,"href":"http:\/\/blogdalucianaoliveira.com.br\/blog\/wp-json\/wp\/v2\/users\/1"}],"replies":[{"embeddable":true,"href":"http:\/\/blogdalucianaoliveira.com.br\/blog\/wp-json\/wp\/v2\/comments?post=33757"}],"version-history":[{"count":1,"href":"http:\/\/blogdalucianaoliveira.com.br\/blog\/wp-json\/wp\/v2\/posts\/33757\/revisions"}],"predecessor-version":[{"id":33759,"href":"http:\/\/blogdalucianaoliveira.com.br\/blog\/wp-json\/wp\/v2\/posts\/33757\/revisions\/33759"}],"wp:attachment":[{"href":"http:\/\/blogdalucianaoliveira.com.br\/blog\/wp-json\/wp\/v2\/media?parent=33757"}],"wp:term":[{"taxonomy":"category","embeddable":true,"href":"http:\/\/blogdalucianaoliveira.com.br\/blog\/wp-json\/wp\/v2\/categories?post=33757"},{"taxonomy":"post_tag","embeddable":true,"href":"http:\/\/blogdalucianaoliveira.com.br\/blog\/wp-json\/wp\/v2\/tags?post=33757"}],"curies":[{"name":"wp","href":"https:\/\/api.w.org\/{rel}","templated":true}]}}