{"id":33760,"date":"2022-06-03T19:39:49","date_gmt":"2022-06-03T23:39:49","guid":{"rendered":"http:\/\/blogdalucianaoliveira.com.br\/blog\/?p=33760"},"modified":"2022-06-03T19:39:53","modified_gmt":"2022-06-03T23:39:53","slug":"amazonia-gera-26-da-energia-eletrica-do-pais-mas-tem-1-milhao-de-pessoas-no-escuro","status":"publish","type":"post","link":"http:\/\/blogdalucianaoliveira.com.br\/blog\/2022\/06\/03\/amazonia-gera-26-da-energia-eletrica-do-pais-mas-tem-1-milhao-de-pessoas-no-escuro\/","title":{"rendered":"Amaz\u00f4nia gera 26% da energia el\u00e9trica do pa\u00eds, mas tem 1 milh\u00e3o de pessoas no escuro"},"content":{"rendered":"\n<figure class=\"wp-block-image size-large\"><img data-recalc-dims=\"1\" loading=\"lazy\" decoding=\"async\" width=\"600\" height=\"351\" data-attachment-id=\"33761\" data-permalink=\"http:\/\/blogdalucianaoliveira.com.br\/blog\/2022\/06\/03\/amazonia-gera-26-da-energia-eletrica-do-pais-mas-tem-1-milhao-de-pessoas-no-escuro\/4ce0d477-f7f3-464b-ad86-05747854cd37\/\" data-orig-file=\"https:\/\/i0.wp.com\/blogdalucianaoliveira.com.br\/blog\/wp-content\/uploads\/2022\/06\/4CE0D477-F7F3-464B-AD86-05747854CD37.jpeg?fit=770%2C450\" data-orig-size=\"770,450\" data-comments-opened=\"0\" data-image-meta=\"{&quot;aperture&quot;:&quot;0&quot;,&quot;credit&quot;:&quot;&quot;,&quot;camera&quot;:&quot;&quot;,&quot;caption&quot;:&quot;&quot;,&quot;created_timestamp&quot;:&quot;0&quot;,&quot;copyright&quot;:&quot;&quot;,&quot;focal_length&quot;:&quot;0&quot;,&quot;iso&quot;:&quot;0&quot;,&quot;shutter_speed&quot;:&quot;0&quot;,&quot;title&quot;:&quot;&quot;,&quot;orientation&quot;:&quot;0&quot;}\" data-image-title=\"4CE0D477-F7F3-464B-AD86-05747854CD37\" data-image-description=\"\" data-image-caption=\"\" data-medium-file=\"https:\/\/i0.wp.com\/blogdalucianaoliveira.com.br\/blog\/wp-content\/uploads\/2022\/06\/4CE0D477-F7F3-464B-AD86-05747854CD37.jpeg?fit=300%2C175\" data-large-file=\"https:\/\/i0.wp.com\/blogdalucianaoliveira.com.br\/blog\/wp-content\/uploads\/2022\/06\/4CE0D477-F7F3-464B-AD86-05747854CD37.jpeg?fit=600%2C351\" src=\"https:\/\/i0.wp.com\/blogdalucianaoliveira.com.br\/blog\/wp-content\/uploads\/2022\/06\/4CE0D477-F7F3-464B-AD86-05747854CD37.jpeg?resize=600%2C351\" alt=\"\" class=\"wp-image-33761\" srcset=\"https:\/\/i0.wp.com\/blogdalucianaoliveira.com.br\/blog\/wp-content\/uploads\/2022\/06\/4CE0D477-F7F3-464B-AD86-05747854CD37.jpeg?w=770 770w, https:\/\/i0.wp.com\/blogdalucianaoliveira.com.br\/blog\/wp-content\/uploads\/2022\/06\/4CE0D477-F7F3-464B-AD86-05747854CD37.jpeg?resize=300%2C175 300w, https:\/\/i0.wp.com\/blogdalucianaoliveira.com.br\/blog\/wp-content\/uploads\/2022\/06\/4CE0D477-F7F3-464B-AD86-05747854CD37.jpeg?resize=768%2C449 768w, https:\/\/i0.wp.com\/blogdalucianaoliveira.com.br\/blog\/wp-content\/uploads\/2022\/06\/4CE0D477-F7F3-464B-AD86-05747854CD37.jpeg?resize=513%2C300 513w\" sizes=\"auto, (max-width: 600px) 100vw, 600px\" \/><\/figure>\n\n\n\n<p><br><strong>A Amaz\u00f4nia \u00e9 o centro das aten\u00e7\u00f5es quando o Brasil \u00e9 assunto no mundo, mas ainda se v\u00ea em uma situa\u00e7\u00e3o de distor\u00e7\u00f5es e desequil\u00edbrios em rela\u00e7\u00e3o ao resto do pa\u00eds.<\/strong><\/p>\n\n\n\n<!--more-->\n\n\n\n<p>Shin Suzuki<\/p>\n\n\n\n<p>Da BBC News Brasil em S\u00e3o Paulo<\/p>\n\n\n\n<p>Por meio de suas usinas hidrel\u00e9tricas, a regi\u00e3o gera a importante fatia de 26% da energia el\u00e9trica consumida em todo o territ\u00f3rio nacional.&nbsp;<\/p>\n\n\n\n<p>Mas munic\u00edpios da Amaz\u00f4nia Legal t\u00eam 1 milh\u00e3o de pessoas que n\u00e3o podem contar com luz \u2014 recebem fornecimento em apenas algumas horas do dia, atrav\u00e9s de geradores.&nbsp;<\/p>\n\n\n\n<p>Outros 3 milh\u00f5es de habitantes da regi\u00e3o est\u00e3o fora do Sistema Interligado Nacional (SIN), que coordena e controla a produ\u00e7\u00e3o e transmiss\u00e3o de energia el\u00e9trica e conecta usinas e consumidores.<\/p>\n\n\n\n<p>Essa popula\u00e7\u00e3o na Amaz\u00f4nia Legal precisa ser abastecida por usinas termel\u00e9tricas a \u00f3leo diesel.<\/p>\n\n\n\n<p>A Amaz\u00f4nia Legal, de acordo com o IBGE, engloba 772 cidades em nove estados: Acre, Amap\u00e1, Amazonas, Maranh\u00e3o, Mato Grosso, Par\u00e1, Rond\u00f4nia, Roraima e Tocantins. A \u00e1rea da Amaz\u00f4nia legal (5.015.068,18 km\u00b2) corresponde a cerca de 58,9% do territ\u00f3rio brasileiro, segundo o IBGE.&nbsp;<\/p>\n\n\n\n<p>A popula\u00e7\u00e3o da Amaz\u00f4nia Legal aumentou de 8,2 milh\u00f5es em 1972 para 28,1 milh\u00f5es de habitantes em 2020, o que representa 13% da popula\u00e7\u00e3o brasileira, segundo o Projeto Amaz\u00f4nia 2030, uma iniciativa de diversas entidades, incluindo o Climate Policy Initiative.<\/p>\n\n\n\n<p>Em 2019, segundo o IBGE, 99,8% da popula\u00e7\u00e3o brasileira tinha acesso \u00e0 energia el\u00e9trica:<\/p>\n\n\n\n<ul class=\"wp-block-list\"><li>Centro-Oeste, Sudeste e Sul possu\u00edam 99,9% de cobertura<\/li><li>esse \u00edndice, no entanto, ficava em 99,6% no Nordeste<\/li><li>e, no Norte, recuava ainda mais: 98,8%<\/li><\/ul>\n\n\n\n<p>&#8220;Existe um contraste entre o Brasil da energia renov\u00e1vel e interconectado e o Brasil isolado e abastecido a combust\u00edvel f\u00f3ssil&#8221;, diz estudo do Climate Policy Initiative (CPI), organiza\u00e7\u00e3o focada em pol\u00edticas ambientais e mudan\u00e7a clim\u00e1tica.<\/p>\n\n\n\n<p>&#8220;N\u00f3s procuramos entender nessa an\u00e1lise como essas condi\u00e7\u00f5es de fornecimento de energia na Amaz\u00f4nia Legal impactam em todas as caracter\u00edsticas da regi\u00e3o&#8221;, diz Amanda Schutze, coordenadora de avalia\u00e7\u00e3o de pol\u00edtica p\u00fablica do CPI, que realizou a pesquisa junto com Luiz Bines e Juliano Assun\u00e7\u00e3o.<\/p>\n\n\n\n<p>&#8220;Porque, claro, a energia conversa com desenvolvimento&#8221;, afirma.<\/p>\n\n\n\n<figure class=\"wp-block-image\"><img data-recalc-dims=\"1\" decoding=\"async\" src=\"https:\/\/i0.wp.com\/ichef.bbci.co.uk\/news\/640\/cpsprodpb\/10BAA\/production\/_125022586_ee37492c-de17-40f9-b144-103d6b6ea0e8.jpg?w=600&#038;ssl=1\" alt=\"Casa flutuante na floresta amaz\u00f4nica;\"\/><figcaption>Legenda da foto,&nbsp;Casa flutuante na floresta amaz\u00f4nica; 3 milh\u00f5es de habitantes da regi\u00e3o est\u00e3o fora do Sistema Interligado Nacional (SIN)<\/figcaption><\/figure>\n\n\n\n<p>A Amaz\u00f4nia Legal participa com apenas 0,17% de fatia no mercado mundial de produtos &#8220;compat\u00edveis com a floresta&#8221; como cacau, pimenta do reino, peixes, entre outros de potencial subaproveitado, aponta uma outra pesquisa, feita pelo Instituto do Homem e do Meio Ambiente (Imazon) e pelo Centro de Empreendedorismo da Amaz\u00f4nia e tamb\u00e9m com participa\u00e7\u00e3o do CPI.<\/p>\n\n\n\n<p>&#8220;Como essa popula\u00e7\u00e3o sem acesso \u00e0 eletricidade pode acessar programas educacionais ou cursos online para, por exemplo, se informar sobre o melhor uso da terra para algum fim, para aprender a explorar a terra de forma sustent\u00e1vel? Como tudo isso \u00e9 poss\u00edvel sem acesso \u00e0 energia? Como existe ainda 1 milh\u00e3o de pessoas no Brasil sem eletricidade?&#8221;, questiona a pesquisadora.&nbsp;<\/p>\n\n\n\n<p>Schutze diz que o Sistema Interligado Nacional \u00e9 &#8220;magn\u00edfico&#8221; porque garante luz para o consumidor final ao gerenciar o transporte de eletricidade de um ponto com condi\u00e7\u00f5es de ceder energia a um outro que, por exemplo, poderia passar por um per\u00edodo de seca em suas hidrel\u00e9tricas e enfrentar problemas de racionamento.<\/p>\n\n\n\n<p>Ao mesmo tempo, o sistema apresenta, na Amaz\u00f4nia Legal, uma &#8220;grave distor\u00e7\u00e3o&#8221; na qual popula\u00e7\u00f5es que vivem pr\u00f3ximas de usinas hidrel\u00e9tricas da regi\u00e3o &#8220;n\u00e3o est\u00e3o usufruindo dessa gera\u00e7\u00e3o de energia, mas sim pessoas, como n\u00f3s, no Sudeste.&#8221;<\/p>\n\n\n\n<p>&#8220;Uma caracteriza\u00e7\u00e3o desses dois diferentes Brasis&#8221;, diz ela.<\/p>\n\n\n\n<figure class=\"wp-block-image\"><img data-recalc-dims=\"1\" decoding=\"async\" src=\"https:\/\/i0.wp.com\/ichef.bbci.co.uk\/news\/640\/cpsprodpb\/41BD\/production\/_124992861_gettyimages-1230681639.jpg?w=600&#038;ssl=1\" alt=\"Comunidade em Cachoeira do Piri\u00e1, no Par\u00e1, que n\u00e3o tem acesso a energia el\u00e9trica\"\/><figcaption>Legenda da foto,&nbsp;A Amaz\u00f4nia Legal participa com apenas 0,17% de fatia no mercado mundial de produtos &#8220;compat\u00edveis com a floresta&#8221; como cacau, pimenta do reino, peixes, entre outros de potencial subaproveitado<\/figcaption><\/figure>\n\n\n\n<p>A BBC News Brasil entrou em contato com o Minist\u00e9rio de Minas e Energia para obter um posicionamento sobre as quest\u00f5es relacionadas \u00e0 energia na Amaz\u00f4nia, mas n\u00e3o recebeu resposta.<\/p>\n\n\n\n<p>Em 2020 foi criado o programa Mais Luz para Amaz\u00f4nia, sucessor do programa Luz para Todos, para atender fam\u00edlias residentes em \u00e1reas remotas da regi\u00e3o.&nbsp;<\/p>\n\n\n\n<p>A an\u00e1lise do Climate Policy Initiative aponta que a estrutura\u00e7\u00e3o do programa n\u00e3o estabelece multas ou consequ\u00eancias em caso de n\u00e3o cumprimento de metas e nem possui fiscaliza\u00e7\u00e3o prevista no projeto.<\/p>\n\n\n\n<p>Outra cr\u00edtica menciona a pouca intera\u00e7\u00e3o entre as distribuidoras de energia e as comunidades locais, sem que as necessidades das popula\u00e7\u00f5es cheguem aos \u00f3rg\u00e3os envolvidos.<\/p>\n\n\n\n<h2 class=\"wp-block-heading\" id=\"Todos-pagam-a-conta\">Todos pagam a conta<\/h2>\n\n\n\n<p>Outro importante ponto do estudo passa por um dos principais assuntos no mundo hoje: a transi\u00e7\u00e3o energ\u00e9tica, tanto na arena ambiental quanto na arena econ\u00f4mica.<\/p>\n\n\n\n<p>O diesel, o combust\u00edvel f\u00f3ssil e n\u00e3o renov\u00e1vel usado para gerar eletricidade para 4 milh\u00f5es de pessoas na Amaz\u00f4nia Legal, \u00e9 mais poluente, mais caro e se tornou uma preocupa\u00e7\u00e3o global desde que a Guerra na Ucr\u00e2nia levou a uma redu\u00e7\u00e3o dos estoques no mundo.<\/p>\n\n\n\n<p>Embora as previs\u00f5es de economistas&nbsp;<a href=\"https:\/\/www.bbc.com\/portuguese\/brasil-61586921\">n\u00e3o passem por desabastecimento generalizado no Brasil<\/a>, a cota\u00e7\u00e3o do produto segue pressionada.<\/p>\n\n\n\n<figure class=\"wp-block-image\"><img data-recalc-dims=\"1\" decoding=\"async\" src=\"https:\/\/i0.wp.com\/ichef.bbci.co.uk\/news\/640\/cpsprodpb\/147D9\/production\/_124992938_mapa.jpg?w=600&#038;ssl=1\" alt=\"Estados da Amaz\u00f4nia Legal\"\/><\/figure>\n","protected":false},"excerpt":{"rendered":"<p>A Amaz\u00f4nia \u00e9 o centro das aten\u00e7\u00f5es quando o Brasil \u00e9 assunto no mundo, mas ainda se v\u00ea em uma situa\u00e7\u00e3o de distor\u00e7\u00f5es e desequil\u00edbrios em rela\u00e7\u00e3o ao resto do pa\u00eds.<\/p>\n","protected":false},"author":1,"featured_media":0,"comment_status":"closed","ping_status":"open","sticky":false,"template":"","format":"standard","meta":{"_exactmetrics_skip_tracking":false,"_exactmetrics_sitenote_active":false,"_exactmetrics_sitenote_note":"","_exactmetrics_sitenote_category":0,"jetpack_post_was_ever_published":false,"_jetpack_newsletter_access":"","_jetpack_dont_email_post_to_subs":false,"_jetpack_newsletter_tier_id":0,"_jetpack_memberships_contains_paywalled_content":false,"_jetpack_memberships_contains_paid_content":false,"footnotes":"","jetpack_publicize_message":"","jetpack_publicize_feature_enabled":true,"jetpack_social_post_already_shared":true,"jetpack_social_options":{"image_generator_settings":{"template":"highway","enabled":false},"version":2}},"categories":[1],"tags":[588,730,732,731],"class_list":["post-33760","post","type-post","status-publish","format-standard","hentry","category-notas","tag-amazonia-legal","tag-energia","tag-hidreletricas","tag-luz"],"jetpack_publicize_connections":[],"jetpack_sharing_enabled":true,"jetpack_featured_media_url":"","jetpack_shortlink":"https:\/\/wp.me\/p7wKYW-8Mw","jetpack-related-posts":[],"_links":{"self":[{"href":"http:\/\/blogdalucianaoliveira.com.br\/blog\/wp-json\/wp\/v2\/posts\/33760","targetHints":{"allow":["GET"]}}],"collection":[{"href":"http:\/\/blogdalucianaoliveira.com.br\/blog\/wp-json\/wp\/v2\/posts"}],"about":[{"href":"http:\/\/blogdalucianaoliveira.com.br\/blog\/wp-json\/wp\/v2\/types\/post"}],"author":[{"embeddable":true,"href":"http:\/\/blogdalucianaoliveira.com.br\/blog\/wp-json\/wp\/v2\/users\/1"}],"replies":[{"embeddable":true,"href":"http:\/\/blogdalucianaoliveira.com.br\/blog\/wp-json\/wp\/v2\/comments?post=33760"}],"version-history":[{"count":1,"href":"http:\/\/blogdalucianaoliveira.com.br\/blog\/wp-json\/wp\/v2\/posts\/33760\/revisions"}],"predecessor-version":[{"id":33762,"href":"http:\/\/blogdalucianaoliveira.com.br\/blog\/wp-json\/wp\/v2\/posts\/33760\/revisions\/33762"}],"wp:attachment":[{"href":"http:\/\/blogdalucianaoliveira.com.br\/blog\/wp-json\/wp\/v2\/media?parent=33760"}],"wp:term":[{"taxonomy":"category","embeddable":true,"href":"http:\/\/blogdalucianaoliveira.com.br\/blog\/wp-json\/wp\/v2\/categories?post=33760"},{"taxonomy":"post_tag","embeddable":true,"href":"http:\/\/blogdalucianaoliveira.com.br\/blog\/wp-json\/wp\/v2\/tags?post=33760"}],"curies":[{"name":"wp","href":"https:\/\/api.w.org\/{rel}","templated":true}]}}