{"id":33763,"date":"2022-06-05T16:23:42","date_gmt":"2022-06-05T20:23:42","guid":{"rendered":"http:\/\/blogdalucianaoliveira.com.br\/blog\/?p=33763"},"modified":"2022-06-05T16:23:47","modified_gmt":"2022-06-05T20:23:47","slug":"bandeiras-a-meio-pau-no-dia-mundial-do-meio-ambiente","status":"publish","type":"post","link":"http:\/\/blogdalucianaoliveira.com.br\/blog\/2022\/06\/05\/bandeiras-a-meio-pau-no-dia-mundial-do-meio-ambiente\/","title":{"rendered":"Bandeiras a meio-pau no Dia Mundial do Meio Ambiente"},"content":{"rendered":"\n<figure class=\"wp-block-image size-large\"><img data-recalc-dims=\"1\" loading=\"lazy\" decoding=\"async\" width=\"320\" height=\"176\" data-attachment-id=\"33764\" data-permalink=\"http:\/\/blogdalucianaoliveira.com.br\/blog\/2022\/06\/05\/bandeiras-a-meio-pau-no-dia-mundial-do-meio-ambiente\/c0cf88e2-f839-413f-ac67-06d9729b8050\/\" data-orig-file=\"https:\/\/i0.wp.com\/blogdalucianaoliveira.com.br\/blog\/wp-content\/uploads\/2022\/06\/C0CF88E2-F839-413F-AC67-06D9729B8050.jpeg?fit=320%2C176\" data-orig-size=\"320,176\" data-comments-opened=\"0\" data-image-meta=\"{&quot;aperture&quot;:&quot;0&quot;,&quot;credit&quot;:&quot;&quot;,&quot;camera&quot;:&quot;&quot;,&quot;caption&quot;:&quot;&quot;,&quot;created_timestamp&quot;:&quot;0&quot;,&quot;copyright&quot;:&quot;&quot;,&quot;focal_length&quot;:&quot;0&quot;,&quot;iso&quot;:&quot;0&quot;,&quot;shutter_speed&quot;:&quot;0&quot;,&quot;title&quot;:&quot;&quot;,&quot;orientation&quot;:&quot;1&quot;}\" data-image-title=\"C0CF88E2-F839-413F-AC67-06D9729B8050\" data-image-description=\"\" data-image-caption=\"\" data-medium-file=\"https:\/\/i0.wp.com\/blogdalucianaoliveira.com.br\/blog\/wp-content\/uploads\/2022\/06\/C0CF88E2-F839-413F-AC67-06D9729B8050.jpeg?fit=300%2C165\" data-large-file=\"https:\/\/i0.wp.com\/blogdalucianaoliveira.com.br\/blog\/wp-content\/uploads\/2022\/06\/C0CF88E2-F839-413F-AC67-06D9729B8050.jpeg?fit=320%2C176\" src=\"https:\/\/i0.wp.com\/blogdalucianaoliveira.com.br\/blog\/wp-content\/uploads\/2022\/06\/C0CF88E2-F839-413F-AC67-06D9729B8050.jpeg?resize=320%2C176\" alt=\"\" class=\"wp-image-33764\" srcset=\"https:\/\/i0.wp.com\/blogdalucianaoliveira.com.br\/blog\/wp-content\/uploads\/2022\/06\/C0CF88E2-F839-413F-AC67-06D9729B8050.jpeg?w=320 320w, https:\/\/i0.wp.com\/blogdalucianaoliveira.com.br\/blog\/wp-content\/uploads\/2022\/06\/C0CF88E2-F839-413F-AC67-06D9729B8050.jpeg?resize=300%2C165 300w\" sizes=\"auto, (max-width: 320px) 100vw, 320px\" \/><\/figure>\n\n\n\n<p>Governo de Jair Bolsonaro n\u00e3o trouxe absolutamente nada de positivo a celebrar em rela\u00e7\u00e3o ao Meio Ambiente, muito pelo contr\u00e1rio.<\/p>\n\n\n\n<!--more-->\n\n\n\n<p>Por\u00a0<strong>Jorge Pontes<\/strong><\/p>\n\n\n\n<p><br>Nesse domingo, 5 de junho, comemora-se \u2013 globalmente \u2013 o Dia Mundial do Meio Ambiente<\/p>\n\n\n\n<p>A data marca tamb\u00e9m os 30 anos da Confer\u00eancia das Na\u00e7\u00f5es Unidas sobre o Meio Ambiente e o Desenvolvimento \u2013 Rio 92, da qual tive a oportunidade de participar como policial federal em miss\u00e3o de seguran\u00e7a dos chefes de Estado que ali se reuniram. Foi a maior reuni\u00e3o de trabalho sobre o tema at\u00e9 ent\u00e3o realizada, e ficou igualmente conhecida como Eco-92, C\u00fapula da Terra e Confer\u00eancia do Rio de Janeiro.<\/p>\n\n\n\n<p>Hoje, por aqui, n\u00e3o temos absolutamente nada de positivo a celebrar em rela\u00e7\u00e3o ao Meio Ambiente, muito pelo contr\u00e1rio. O governo de&nbsp;<a href=\"https:\/\/veja.abril.com.br\/noticias-sobre\/jair-bolsonaro\/\"><strong>Jair Bolsonaro<\/strong><\/a>, na realidade, nos tira toda e qualquer possibilidade de regozijo ou comemora\u00e7\u00e3o pelo tema.<\/p>\n\n\n\n<p>Apesar do enorme potencial ambiental do Brasil, vivemos, com o projeto bolsonarista, um per\u00edodo de trevas em que contabilizamos in\u00fameros retrocessos na mat\u00e9ria. E retroceder, em quest\u00f5es ambientais, \u00e9 algo perigos\u00edssimo, pois n\u00e3o sabemos se ainda nos resta, nessa altura dos acontecimentos, tempo suficiente para revertermos muitos dos danos j\u00e1 causados \u00e0 natureza.<\/p>\n\n\n\n<p>Com o aumento da devasta\u00e7\u00e3o de extensas \u00e1reas de cobertura florestal, como vem ocorrendo em nosso pa\u00eds \u2013 com a explos\u00e3o da atua\u00e7\u00e3o criminosa de madeireiras, garimpeiros e grileiros, estamos perdendo \u2013 junto com as \u00e1rvores \u2013 toda uma biodiversidade que sequer foi apropriadamente inventariada pela ci\u00eancia.<\/p>\n\n\n\n<p>E o governo Bolsonaro, aparentemente,\u00a0 vem atuando com o objetivo de enfraquecer as estruturas de fiscaliza\u00e7\u00e3o e enfrentamento aos crimes ambientais, minando suas resist\u00eancias por interm\u00e9dio do aparelhamento das institui\u00e7\u00f5es e do afrouxamento das normas de prote\u00e7\u00e3o do nosso patrim\u00f4nio natural.<\/p>\n\n\n\n<p>\u00c9 a tal \u201cpassagem da boiada\u201d, conforme as palavras de Ricardo Salles, ex-ministro de triste mem\u00f3ria. O projeto bolsonarista para o meio ambiente \u00e9 t\u00e3o somente o desmonte. N\u00e3o h\u00e1 qualquer tra\u00e7o de preocupa\u00e7\u00e3o com sustentabilidade, com a salvaguarda das florestas ou da biodiversidade.<\/p>\n\n\n\n<p>E exatamente sobre delitos e degrada\u00e7\u00e3o do meio ambiente no Brasil, est\u00e1 sendo lan\u00e7ada em breve, com selo da editora Mapalab, a obra \u201cNadando contra a corrente \u2013 A hist\u00f3ria do combate aos crimes ambientais na Pol\u00edcia Federal: desafios, retrocessos e reflex\u00f5es para o futuro\u201d.<\/p>\n\n\n\n<p>No livro, registramos fatos e situa\u00e7\u00f5es, desde os prim\u00f3rdios da cria\u00e7\u00e3o do bra\u00e7o da PF especializado no combate \u00e0 delinqu\u00eancia ambiental, passando pela era das grandes opera\u00e7\u00f5es, pelo enfrentamento de biopiratas, de quadrilhas de contrabandistas de vida selvagem, de madeira ilegal, at\u00e9 o desenvolvimento e aplica\u00e7\u00e3o de sofisticadas t\u00e9cnicas de investiga\u00e7\u00e3o com base em geointelig\u00eancia, e do estabelecimento de coopera\u00e7\u00e3o internacional em alto n\u00edvel, como suporte aos nossos inqu\u00e9ritos. Em suma, relata o despertar da consci\u00eancia ambiental na PF, e a luta que seus agentes, peritos e delegados v\u00eam travando contra a criminalidade ambiental organizada no pa\u00eds, em especial na regi\u00e3o amaz\u00f4nica.<\/p>\n\n\n\n<p>Finalmente, se n\u00e3o temos muito a festejar no Dia Mundial do Meio Ambiente, podemos ao menos esperan\u00e7ar, como na\u00e7\u00e3o, uma mudan\u00e7a no comando do pa\u00eds, a partir de 2023, por conta das elei\u00e7\u00f5es de outubro desse ano. A trag\u00e9dia ambiental brasileira, operada pelo governo de Jair Bolsonaro, por si s\u00f3, j\u00e1 \u00e9 motivo mais do que suficiente para que o despejemos do Planalto nessa primeira oportunidade.<\/p>\n\n\n\n<p>As \u00e1rvores, a fauna silvestre, enfim, a natureza como um todo, ir\u00e1 nos agradecer silenciosa e penhoradamente.<\/p>\n","protected":false},"excerpt":{"rendered":"<p>Governo de Jair Bolsonaro n\u00e3o trouxe absolutamente nada de positivo a celebrar em rela\u00e7\u00e3o ao Meio Ambiente, muito pelo contr\u00e1rio.<\/p>\n","protected":false},"author":1,"featured_media":0,"comment_status":"closed","ping_status":"open","sticky":false,"template":"","format":"standard","meta":{"_exactmetrics_skip_tracking":false,"_exactmetrics_sitenote_active":false,"_exactmetrics_sitenote_note":"","_exactmetrics_sitenote_category":0,"jetpack_post_was_ever_published":false,"_jetpack_newsletter_access":"","_jetpack_dont_email_post_to_subs":false,"_jetpack_newsletter_tier_id":0,"_jetpack_memberships_contains_paywalled_content":false,"_jetpack_memberships_contains_paid_content":false,"footnotes":"","jetpack_publicize_message":"","jetpack_publicize_feature_enabled":true,"jetpack_social_post_already_shared":true,"jetpack_social_options":{"image_generator_settings":{"template":"highway","enabled":false},"version":2}},"categories":[1],"tags":[386],"class_list":["post-33763","post","type-post","status-publish","format-standard","hentry","category-notas","tag-meio-ambiente"],"jetpack_publicize_connections":[],"jetpack_sharing_enabled":true,"jetpack_featured_media_url":"","jetpack_shortlink":"https:\/\/wp.me\/p7wKYW-8Mz","jetpack-related-posts":[],"_links":{"self":[{"href":"http:\/\/blogdalucianaoliveira.com.br\/blog\/wp-json\/wp\/v2\/posts\/33763","targetHints":{"allow":["GET"]}}],"collection":[{"href":"http:\/\/blogdalucianaoliveira.com.br\/blog\/wp-json\/wp\/v2\/posts"}],"about":[{"href":"http:\/\/blogdalucianaoliveira.com.br\/blog\/wp-json\/wp\/v2\/types\/post"}],"author":[{"embeddable":true,"href":"http:\/\/blogdalucianaoliveira.com.br\/blog\/wp-json\/wp\/v2\/users\/1"}],"replies":[{"embeddable":true,"href":"http:\/\/blogdalucianaoliveira.com.br\/blog\/wp-json\/wp\/v2\/comments?post=33763"}],"version-history":[{"count":1,"href":"http:\/\/blogdalucianaoliveira.com.br\/blog\/wp-json\/wp\/v2\/posts\/33763\/revisions"}],"predecessor-version":[{"id":33765,"href":"http:\/\/blogdalucianaoliveira.com.br\/blog\/wp-json\/wp\/v2\/posts\/33763\/revisions\/33765"}],"wp:attachment":[{"href":"http:\/\/blogdalucianaoliveira.com.br\/blog\/wp-json\/wp\/v2\/media?parent=33763"}],"wp:term":[{"taxonomy":"category","embeddable":true,"href":"http:\/\/blogdalucianaoliveira.com.br\/blog\/wp-json\/wp\/v2\/categories?post=33763"},{"taxonomy":"post_tag","embeddable":true,"href":"http:\/\/blogdalucianaoliveira.com.br\/blog\/wp-json\/wp\/v2\/tags?post=33763"}],"curies":[{"name":"wp","href":"https:\/\/api.w.org\/{rel}","templated":true}]}}