{"id":33766,"date":"2022-06-05T16:28:47","date_gmt":"2022-06-05T20:28:47","guid":{"rendered":"http:\/\/blogdalucianaoliveira.com.br\/blog\/?p=33766"},"modified":"2022-06-05T16:28:52","modified_gmt":"2022-06-05T20:28:52","slug":"agro-e-pop-devastacao-ambiental-fome-e-inflacao-entenda-por-que-o-modelo-e-insustentavel","status":"publish","type":"post","link":"http:\/\/blogdalucianaoliveira.com.br\/blog\/2022\/06\/05\/agro-e-pop-devastacao-ambiental-fome-e-inflacao-entenda-por-que-o-modelo-e-insustentavel\/","title":{"rendered":"Agro \u00e9 pop? Devasta\u00e7\u00e3o ambiental, fome e infla\u00e7\u00e3o: entenda por que o modelo \u00e9 insustent\u00e1vel"},"content":{"rendered":"\n<figure class=\"wp-block-image size-large\"><img data-recalc-dims=\"1\" loading=\"lazy\" decoding=\"async\" width=\"512\" height=\"383\" data-attachment-id=\"33767\" data-permalink=\"http:\/\/blogdalucianaoliveira.com.br\/blog\/2022\/06\/05\/agro-e-pop-devastacao-ambiental-fome-e-inflacao-entenda-por-que-o-modelo-e-insustentavel\/brazil-agriculture-harvest-soy\/\" data-orig-file=\"https:\/\/i0.wp.com\/blogdalucianaoliveira.com.br\/blog\/wp-content\/uploads\/2022\/06\/0F0890D2-3C84-40A5-B02B-8993A897F633.jpeg?fit=512%2C383\" data-orig-size=\"512,383\" data-comments-opened=\"0\" data-image-meta=\"{&quot;aperture&quot;:&quot;0&quot;,&quot;credit&quot;:&quot;AFP&quot;,&quot;camera&quot;:&quot;&quot;,&quot;caption&quot;:&quot;Aerial view of combine harvesters being used to harvest soybeans in a field at Salto do Jacui, in Rio Grande do Sul, Brazil, on April 5, 2021. - Rio Grande do Sul is the third-largest state producer of grain in the country, which is the world&#039;s largest producer of soy. According to the Ministry of Agriculture, production should reach a new record, estimated at 135.5 million tons, approximately 8.6% more tons than the 2019\\\/20 harvest. (Photo by SILVIO AVILA \\\/ AFP)&quot;,&quot;created_timestamp&quot;:&quot;1617634298&quot;,&quot;copyright&quot;:&quot;AFP or licensors&quot;,&quot;focal_length&quot;:&quot;0&quot;,&quot;iso&quot;:&quot;0&quot;,&quot;shutter_speed&quot;:&quot;0&quot;,&quot;title&quot;:&quot;BRAZIL-AGRICULTURE-HARVEST-SOY&quot;,&quot;orientation&quot;:&quot;0&quot;}\" data-image-title=\"BRAZIL-AGRICULTURE-HARVEST-SOY\" data-image-description=\"\" data-image-caption=\"&lt;p&gt;Aerial view of combine harvesters being used to harvest soybeans in a field at Salto do Jacui, in Rio Grande do Sul, Brazil, on April 5, 2021. &amp;#8211; Rio Grande do Sul is the third-largest state producer of grain in the country, which is the world&amp;#8217;s largest producer of soy. According to the Ministry of Agriculture, production should reach a new record, estimated at 135.5 million tons, approximately 8.6% more tons than the 2019\/20 harvest. (Photo by SILVIO AVILA \/ AFP)&lt;\/p&gt;\n\" data-medium-file=\"https:\/\/i0.wp.com\/blogdalucianaoliveira.com.br\/blog\/wp-content\/uploads\/2022\/06\/0F0890D2-3C84-40A5-B02B-8993A897F633.jpeg?fit=300%2C224\" data-large-file=\"https:\/\/i0.wp.com\/blogdalucianaoliveira.com.br\/blog\/wp-content\/uploads\/2022\/06\/0F0890D2-3C84-40A5-B02B-8993A897F633.jpeg?fit=512%2C383\" src=\"https:\/\/i0.wp.com\/blogdalucianaoliveira.com.br\/blog\/wp-content\/uploads\/2022\/06\/0F0890D2-3C84-40A5-B02B-8993A897F633.jpeg?resize=512%2C383\" alt=\"\" class=\"wp-image-33767\" srcset=\"https:\/\/i0.wp.com\/blogdalucianaoliveira.com.br\/blog\/wp-content\/uploads\/2022\/06\/0F0890D2-3C84-40A5-B02B-8993A897F633.jpeg?w=512 512w, https:\/\/i0.wp.com\/blogdalucianaoliveira.com.br\/blog\/wp-content\/uploads\/2022\/06\/0F0890D2-3C84-40A5-B02B-8993A897F633.jpeg?resize=300%2C224 300w, https:\/\/i0.wp.com\/blogdalucianaoliveira.com.br\/blog\/wp-content\/uploads\/2022\/06\/0F0890D2-3C84-40A5-B02B-8993A897F633.jpeg?resize=401%2C300 401w\" sizes=\"auto, (max-width: 512px) 100vw, 512px\" \/><\/figure>\n\n\n\n<h4 class=\"wp-block-heading\">Brasil troca cada vez mais \u00e1reas de plantio de alimentos pela produ\u00e7\u00e3o de commodities para exporta\u00e7\u00e3o<\/h4>\n\n\n\n<!--more-->\n\n\n\n<p>Gabriela Moncau &#8211; Brasil de Fato<\/p>\n\n\n\n<p>Um trabalhador rural alegre, operando um trator no meio da planta\u00e7\u00e3o. Uma fam\u00edlia sorridente passando manteiga no p\u00e3o ao sol da manh\u00e3. A cana de a\u00e7\u00facar e uma narra\u00e7\u00e3o dizendo como ela possibilita que os carros andem pelas ruas. A cria\u00e7\u00e3o de ovelhas e depois vistosas roupas na vitrine do shopping.&nbsp;&nbsp;<\/p>\n\n\n\n<p>\u201cAgro \u00e9 pop, agro \u00e9 tech, agro \u00e9 tudo\u201d: o slogan das propagandas transmitidas desde 2016 pela rede&nbsp;<em>Globo<\/em>&nbsp;trazem a ideia de que o modelo do agroneg\u00f3cio fornece, basicamente, todas as coisas boas e necess\u00e1rias da vida.&nbsp;&nbsp;<\/p>\n\n\n\n<p>A \u201cind\u00fastria\u201d que, segundo o bord\u00e3o da pe\u00e7a publicit\u00e1ria, \u00e9 a \u201criqueza do Brasil\u201d e que tem como base a produ\u00e7\u00e3o e exporta\u00e7\u00e3o de&nbsp;<em>commodities&nbsp;<\/em>&nbsp;(produtos em estado bruto, de origem agropecu\u00e1ria ou de extra\u00e7\u00e3o mineral, usados como mat\u00e9ria prima para a fabrica\u00e7\u00e3o de outros produtos), em especial a soja&nbsp;<a href=\"http:\/\/g1.globo.com\/economia\/agronegocios\/noticia\/2016\/08\/transgenicos-sao-93-da-area-plantada-com-soja-milho-e-algodao.html\" target=\"_blank\" rel=\"noreferrer noopener\">transg\u00eanica<\/a>, s\u00f3 cresce em um pa\u00eds que v\u00ea sua popula\u00e7\u00e3o empobrecer.&nbsp;<\/p>\n\n\n\n<p>Com um saldo de US$ 43,7 bilh\u00f5es (cerca de R$ 210 bi)\u00a0no acumulado do ano, as exporta\u00e7\u00f5es do agroneg\u00f3cio brasileiro em abril de 2022, de acordo com o Instituto de Pesquisa Econ\u00f4mica Aplicada (Ipea), foram 81,6% maiores que o mesmo m\u00eas de 2019, 52,3% maiores que em 2020 e 14,9% que 2021.\u00a0<br><\/p>\n\n\n\n<p>Contraditoriamente, nesse mesmo per\u00edodo, entre 2019 e o fim de 2021, a popula\u00e7\u00e3o vivendo abaixo da linha da pobreza no Brasil saltou, segundo a FGV Social, de 23 para 28 milh\u00f5es de pessoas.&nbsp;&nbsp;<\/p>\n\n\n\n<p>Pior: enquanto o agroneg\u00f3cio infla em lucro e em \u00e1rea ocupada, sobem tamb\u00e9m os n\u00fameros da&nbsp;<a href=\"https:\/\/www.brasildefato.com.br\/2022\/05\/14\/nao-culpe-a-pandemia-e-a-guerra-pela-inflacao-dos-alimentos-no-brasil#:~:text=Entre%20janeiro%20de%202020%20e,habita%C3%A7%C3%A3o%20(%2B20%2C9%25).\" target=\"_blank\" rel=\"noreferrer noopener\">infla\u00e7\u00e3o<\/a>, da&nbsp;<a href=\"https:\/\/www.brasildefatorj.com.br\/2022\/05\/19\/com-alta-dos-precos-familias-tem-que-substituir-alimentos-por-outros-de-qualidade-inferior\" target=\"_blank\" rel=\"noreferrer noopener\">fome<\/a>, e da&nbsp;<a href=\"https:\/\/www.brasildefato.com.br\/2022\/05\/22\/o-que-nao-indigenas-deveriam-aprender-com-os-povos-originarios-para-impedir-a-queda-do-ceu\" target=\"_blank\" rel=\"noreferrer noopener\">devasta\u00e7\u00e3o ambiental<\/a>&nbsp;no pa\u00eds. Segundo pesquisadores e ativistas ouvidos pelo&nbsp;<strong>Brasil de Fato<\/strong>, n\u00e3o \u00e9 coincid\u00eancia que tudo isso cres\u00e7a junto.&nbsp;<\/p>\n\n\n\n<p>Commodity n\u00e3o enche barriga&nbsp;<\/p>\n\n\n\n<p>\u201cO agroneg\u00f3cio n\u00e3o produz comida. Produz&nbsp;<em>commodities<\/em>\u201d, sintetiza Kelli Maffort, da dire\u00e7\u00e3o nacional do Movimento dos Trabalhadores Rurais Sem Terra (MST).&nbsp;&nbsp;<\/p>\n\n\n\n<p>Citando o \u00faltimo Censo Agropecu\u00e1rio do Instituto Brasileiro de Geografia Estat\u00edstica (IBGE), feito em 2017, Maffort ressalta que quem produz alimentos \u00e9 a agricultura familiar e camponesa.&nbsp;No Brasil, no entanto, a \u00e1rea de plantio de alimentos vem perdendo significativo espa\u00e7o para as commodities.&nbsp;&nbsp;<\/p>\n\n\n\n<p>\u201cNa regi\u00e3o sudoeste do estado de S\u00e3o Paulo houve um avan\u00e7o significativo da soja sobre \u00e1reas que antigamente se dedicavam \u00e0 produ\u00e7\u00e3o de feij\u00e3o. Ent\u00e3o obviamente que isso vai representar uma diminui\u00e7\u00e3o de oferta de alimentos\u201d, ilustra Kelli.&nbsp;<\/p>\n\n\n\n<p>Tendo como base os dados do IBGE, o artigo&nbsp;<em>Expropria\u00e7\u00e3o, viol\u00eancia e R-exist\u00eancia: uma geografia dos conflitos por terra no Brasil (2021)&nbsp;<\/em>mostra que em 1988 o pa\u00eds dedicava 24,7% da sua \u00e1rea cultivada para arroz, feij\u00e3o e mandioca. Em 2018, essa propor\u00e7\u00e3o despenca para 7,7%.&nbsp;&nbsp;<\/p>\n\n\n\n<p>Em contrapartida, salientam os autores Carlos Walter Porto-Gon\u00e7alves, Luiz Jardim Wanderley, Amanda Guarniere, Pedro Catanzaro da Rocha e Vin\u00edcius Martins, nesse per\u00edodo de&nbsp;30 anos, as culturas voltadas para a exporta\u00e7\u00e3o, que&nbsp;representavam 49,8% da \u00e1rea de cultivo do pa\u00eds, passaram a ocupar&nbsp;78,3% dela.&nbsp;<\/p>\n\n\n\n<figure class=\"wp-block-image\"><img data-recalc-dims=\"1\" decoding=\"async\" src=\"https:\/\/i0.wp.com\/images03.brasildefato.com.br\/4a44792a28fdc681052b3d4b00132048.jpeg?w=600&#038;ssl=1\" alt=\"\"\/><\/figure>\n\n\n\n<p>\u201cMais de 3\/4 do total da \u00e1rea das lavouras tempor\u00e1rias e permanentes s\u00e3o de apenas tr\u00eas produtos: soja, cana e milho\u201d, exp\u00f5e o artigo, ao explicar que esses cultivos s\u00e3o voltados, primordialmente, para alimentar gado e produzir combust\u00edveis fora do Brasil.&nbsp;\u201cSe a fun\u00e7\u00e3o primeira da agricultura \u00e9 a alimenta\u00e7\u00e3o\u201d, avaliam os autores, \u201co padr\u00e3o da agricultura brasileira vem ignorando sua pr\u00f3pria popula\u00e7\u00e3o\u201d.&nbsp;<\/p>\n\n\n\n<p>Para S\u00edlvio Isoppo Porto, professor da Universidade Federal do Rec\u00f4ncavo da Bahia (UFRB), \u201c\u00e9 incontest\u00e1vel a redu\u00e7\u00e3o de \u00e1rea na produ\u00e7\u00e3o de alimentos para o mercado interno\u201d.&nbsp;&nbsp;<\/p>\n\n\n\n<p>\u201cEm decorr\u00eancia da desestrutura\u00e7\u00e3o de pol\u00edticas e de sistemas de produ\u00e7\u00e3o vinculados \u00e0 agricultura familiar e camponesa, de cultivos diversificados, h\u00e1 uma transfer\u00eancia de \u00e1rea, principalmente para a soja\u201d, aponta Isoppo, que \u00e9 tamb\u00e9m diretor de Sistemas Alimentares e Agroecologia do Instituto Fome Zero.&nbsp;&nbsp;<\/p>\n\n\n\n<p>A venda e o arrendamento de terras para o agroneg\u00f3cio se explicam, reflete S\u00edlvio, pela falta de pol\u00edticas que estimulem a produ\u00e7\u00e3o de alimentos b\u00e1sicos e possivelmente tamb\u00e9m pelo envelhecimento da popula\u00e7\u00e3o rural. \u201cIsso afeta diretamente a disponibilidade, o que por consequ\u00eancia agrava a situa\u00e7\u00e3o de abastecimento do pa\u00eds\u201d, salienta.&nbsp;&nbsp;<\/p>\n\n\n\n<p>Escolha pol\u00edtica&nbsp;<\/p>\n\n\n\n<p>E a rota, pelo visto, segue nesse sentido. At\u00e9 2030 o Minist\u00e9rio da Agricultura prev\u00ea, por um lado, a redu\u00e7\u00e3o de dois milh\u00f5es de hectares para arroz, feij\u00e3o e mandioca e, por outro, o avan\u00e7o em 27% da \u00e1rea voltada para soja e milho, com a proje\u00e7\u00e3o de que at\u00e9 l\u00e1 esses cultivos ocupem 70,8 milh\u00f5es de hectares.&nbsp;&nbsp;<\/p>\n\n\n\n<p>Mas nem \u00e9 preciso consultar as&nbsp;<a href=\"http:\/\/www.gov.br\/agricultura\/pt-br\/assuntos\/politica-agricola\/todas-publicacoes-de-politica-agricola\/projecoes-do-agronegocio\/projecoes-do-agronegocio-2020-2021-a-2030-2031.pdf\/view\" target=\"_blank\" rel=\"noreferrer noopener\">proje\u00e7\u00f5es do Minist\u00e9rio da Agricultura<\/a>&nbsp;para confirmar que esse processo faz parte de uma pol\u00edtica estatal. \u201cA produ\u00e7\u00e3o de alimentos no Brasil est\u00e1 completamente abandonada\u201d, avalia Maffort.&nbsp;&nbsp;&nbsp;<\/p>\n\n\n\n<p><a href=\"https:\/\/www.brasildefato.com.br\/2022\/05\/19\/onu-alerta-para-niveis-recordes-de-fome\" target=\"_blank\" rel=\"noreferrer noopener\"><strong>::&nbsp;ONU alerta para n\u00edveis recordes de fome ::<\/strong><\/a><\/p>\n\n\n\n<p>\u201cN\u00e3o tem programa melhor para enfrentar a fome do que o&nbsp;<a href=\"http:\/\/mds.gov.br\/assuntos\/seguranca-alimentar\/programa-de-aquisicao-de-alimentos-paa\" target=\"_blank\" rel=\"noreferrer noopener\">PAA [Programa de Aquisi\u00e7\u00e3o de Alimentos]<\/a>, porque o governo compra a pre\u00e7o justo o alimento do agricultor e o direciona para quem est\u00e1 ligado a entidades sociais, nas periferias, quem est\u00e1 precisando de comida. No governo Bolsonaro o seu or\u00e7amento foi reduzido\u201d, explica a dirigente do MST.&nbsp;<\/p>\n\n\n\n<p>\u201cTamb\u00e9m o PNAE [Programa Nacional de Alimenta\u00e7\u00e3o Escolar], a lei obriga os munic\u00edpios a destinarem 30% do investimento em alimentos da agricultura familiar, camponesa, ind\u00edgena\u201d, diz Kelli, \u201cmas o governo federal faz de tudo para desidratar essa pol\u00edtica e a obrigatoriedade. H\u00e1 verdadeiras m\u00e1fias por tr\u00e1s das merendas\u201d.&nbsp;<\/p>\n\n\n\n<p>S\u00edlvio Isoppo argumenta que a redu\u00e7\u00e3o das \u00e1reas de plantio de banana, batata, cebola e tomate na \u00faltima d\u00e9cada n\u00e3o se explica s\u00f3 pelo avan\u00e7o da soja, mas por uma falta de est\u00edmulo estatal \u2013 como um consistente seguro agr\u00edcola em caso de perdas \u2013 que, em sua vis\u00e3o, vem desde 2005.&nbsp;<\/p>\n\n\n\n<p>\u201cDe l\u00e1 para c\u00e1, o cr\u00e9dito para o agroneg\u00f3cio cresce sistematicamente, assim como o volume de recursos aplicados pelo tesouro para fazer a equaliza\u00e7\u00e3o de juros\u201d, diz&nbsp;Isoppo, ex-diretor da Companhia Nacional de Abastecimento (Conab).&nbsp;<\/p>\n\n\n\n<p>Na lista de exemplos da op\u00e7\u00e3o pol\u00edtica do governo em fomentar o modelo do agroneg\u00f3cio em detrimento da produ\u00e7\u00e3o de alimentos saud\u00e1veis, S\u00edlvio cita a al\u00edquota zero para exporta\u00e7\u00e3o; o desmantelamento das normas e fiscaliza\u00e7\u00f5es ambientais que tem feito avan\u00e7ar o fogo, o desmatamento e a grilagem de terras; e a libera\u00e7\u00e3o de 1.529 novos agrot\u00f3xicos durante o governo Bolsonaro.&nbsp;&nbsp;<\/p>\n\n\n\n<p>O professor tamb\u00e9m menciona a Lei Assis Carvalho (14.274\/2021), que prev\u00ea um aux\u00edlio financeiro para agricultores familiares prejudicados pela pandemia de covid-19. \u201cAt\u00e9 agora o governo n\u00e3o aportou nem um centavo\u201d, critica.&nbsp;&nbsp;<\/p>\n\n\n\n<p>O que isso tem a ver com a infla\u00e7\u00e3o&nbsp;<\/p>\n\n\n\n<figure class=\"wp-block-image\"><img data-recalc-dims=\"1\" decoding=\"async\" src=\"https:\/\/i0.wp.com\/images02.brasildefato.com.br\/82dad4b0df6c35e7a449cde310363904.jpeg?w=600&#038;ssl=1\" alt=\"\"\/><\/figure>\n\n\n\n<p><br>Um dos resultados imediatos da alta infla\u00e7\u00e3o \u00e9 o aumento no custo m\u00e9dio da cesta b\u00e1sica \/ Foto: Annelize Tozetto<\/p>\n\n\n\n<p>A&nbsp;<a href=\"http:\/\/N\u00e3o culpe a pandemia e a guerra pela infla\u00e7\u00e3o dos alimentos no Brasil\" target=\"_blank\" rel=\"noreferrer noopener\">alta no pre\u00e7o dos alimentos<\/a>, que vem esvaziando o carrinho de supermercado de boa parte da popula\u00e7\u00e3o brasileira, se explica por uma combina\u00e7\u00e3o de fatores \u2013 que n\u00e3o s\u00e3o apenas, como vem bradando Jair Bolsonaro (PL), decorrentes da guerra na Ucr\u00e2nia e da pandemia. A hegemonia do agroneg\u00f3cio \u00e9 um deles.&nbsp;&nbsp;<\/p>\n\n\n\n<p>Engenheiro agr\u00f4nomo especializado em economia rural e engenharia de produ\u00e7\u00e3o, Leonardo Melgarejo estabelece conex\u00f5es entre o destino do que \u00e9 produzido no Brasil, a desvaloriza\u00e7\u00e3o da moeda, a escassez de alimentos, a fome e a alta de pre\u00e7os no mercado interno.&nbsp;&nbsp;<\/p>\n\n\n\n<p>\u201cA terra \u00e9 escassa. Se vier a ser utilizada com um tipo de lavoura, as outras op\u00e7\u00f5es ser\u00e3o descartadas. A redu\u00e7\u00e3o na oferta de produtos como feij\u00e3o, arroz e mandioca faz com que seus pre\u00e7os aumentem\u201d, apresenta Melgarejo.&nbsp;&nbsp;<\/p>\n\n\n\n<p>\u201cO real se desvalorizando em rela\u00e7\u00e3o ao d\u00f3lar faz com que as exporta\u00e7\u00f5es de soja e min\u00e9rios sejam mais rent\u00e1veis e atraentes. Isso aumenta a busca por novas \u00e1reas de plantio e de minera\u00e7\u00e3o. Resulta no que estamos vendo\u201d, constata Leonardo, que faz parte da coordena\u00e7\u00e3o do F\u00f3rum Ga\u00facho de Combate aos Impactos dos Agrot\u00f3xicos.&nbsp;&nbsp;<\/p>\n\n\n\n<p>\u201cQuest\u00e3o agr\u00e1ria e ambiental est\u00e3o intrinsecamente ligadas\u201d&nbsp;&nbsp;&nbsp;<\/p>\n\n\n\n<p>Enquanto isso, no primeiro semestre de 2022, as queimadas no Pantanal, na Amaz\u00f4nia e no Cerrado n\u00e3o s\u00f3 continuaram, como j\u00e1&nbsp;<a href=\"https:\/\/www.brasildefato.com.br\/2022\/05\/19\/queimadas-no-pantanal-amazonia-e-cerrado-ja-sao-maiores-que-em-2021\" target=\"_blank\" rel=\"noreferrer noopener\">superam as de 2021<\/a>. Conforme dados do Instituo Nacional de Pesquisas Espaciais (Inpe), s\u00f3 no Pantanal os focos de inc\u00eandio cresceram 18,2% em rela\u00e7\u00e3o ao ano passado. No Cerrado, subiram 20%.&nbsp;&nbsp;&nbsp;<\/p>\n\n\n\n<p>O&nbsp;<a href=\"https:\/\/www.brasildefato.com.br\/2021\/11\/24\/agro-e-fogo-incendios-no-brasil-estao-ligados-ao-agronegocio-e-ao-avanco-da-fome-diz-dossie\" target=\"_blank\" rel=\"noreferrer noopener\">dossi\u00ea&nbsp;<em>Agro \u00e9 Fogo<\/em><\/a>, lan\u00e7ado no fim do ano passado por uma&nbsp;<a href=\"https:\/\/agroefogo.org.br\/\" target=\"_blank\" rel=\"noreferrer noopener\">rede<\/a>&nbsp;de cerca de 30 movimentos e pastorais sociais, traz evid\u00eancias de que boa parte dos grandes inc\u00eandios recentes no Brasil foram provocados por a\u00e7\u00f5es humanas e beneficiaram o agroneg\u00f3cio.&nbsp;&nbsp;<\/p>\n\n\n\n<p>Imagens de sat\u00e9lite e cruzamento de dados como focos de calor e mapeamento de \u00e1reas atingidas mostram que, em 2020, o fogo no Mato Grosso come\u00e7ou em cinco fazendas de gado e, no Mato Grosso do Sul, em outros quatro latif\u00fandios.&nbsp;<\/p>\n\n\n\n<p>Para Diana Aguiar, pesquisadora da Universidade Federal Rural do Rio de Janeiro (UFRRJ), o desmatamento e a grilagem de terras tem conex\u00e3o intr\u00ednseca.&nbsp;&nbsp;<\/p>\n\n\n\n<p>\u201cComo sabemos, grilagem \u00e9 um tipo de roubo de terras que do ponto de vista jur\u00eddico s\u00e3o p\u00fablicas, as chamadas terras devolutas. Essas terras, em sua imensa maioria, ainda n\u00e3o foram regularmente destinadas para os regimes fundi\u00e1rios priorit\u00e1rios, que seriam, a titula\u00e7\u00e3o de territ\u00f3rios tradicionais, os assentamentos de reforma agr\u00e1ria e a regulariza\u00e7\u00e3o de pequenos agricultores posseiros ou a prote\u00e7\u00e3o ambiental\u201d, explica Aguiar.&nbsp;<\/p>\n\n\n\n<p><a href=\"https:\/\/www.brasildefato.com.br\/2022\/05\/22\/o-que-nao-indigenas-deveriam-aprender-com-os-povos-originarios-para-impedir-a-queda-do-ceu\" target=\"_blank\" rel=\"noreferrer noopener\"><strong>::&nbsp;O que n\u00e3o ind\u00edgenas deveriam aprender com os povos origin\u00e1rios para impedir a queda do c\u00e9u? ::<\/strong><\/a><\/p>\n\n\n\n<p>\u201cGrileiros se aproveitam da leni\u00eancia e ina\u00e7\u00e3o do Estado, invadem terras p\u00fablicas, desmatam e fraudam os registros de propriedade\u201d, exp\u00f5e Diana.&nbsp;&nbsp;<\/p>\n\n\n\n<p>\u201c\u00c9 nessas terras &#8211; com frequ\u00eancia ocupadas por povos tradicionais, com a vegeta\u00e7\u00e3o nativa e ricas em biodiversidade &#8211; onde se d\u00e1 a maior parte dos conflitos no campo, em raz\u00e3o da press\u00e3o da expans\u00e3o da fronteira agr\u00edcola para a produ\u00e7\u00e3o de commodities\u201d, resume.&nbsp;<\/p>\n\n\n\n<p>\u201cTitular os territ\u00f3rios e fazer a reforma agr\u00e1ria \u00e9, ao mesmo tempo, uma quest\u00e3o de direitos dos povos do campo e tamb\u00e9m \u00e9 o melhor caminho para conter o desmatamento\u201d, defende Diana Aguiar.&nbsp;&nbsp;<\/p>\n\n\n\n<p>Em sua opini\u00e3o, esse \u201cproblema estrutural mostra que a quest\u00e3o agr\u00e1ria e a quest\u00e3o ambiental est\u00e3o intrinsecamente conectadas no Brasil\u201d.&nbsp;<\/p>\n\n\n\n<p>Edi\u00e7\u00e3o: Rodrigo Dur\u00e3o Coelho<\/p>\n","protected":false},"excerpt":{"rendered":"<p>Brasil troca cada vez mais \u00e1reas de plantio de alimentos pela produ\u00e7\u00e3o de commodities para exporta\u00e7\u00e3o<\/p>\n","protected":false},"author":1,"featured_media":0,"comment_status":"closed","ping_status":"open","sticky":false,"template":"","format":"standard","meta":{"_exactmetrics_skip_tracking":false,"_exactmetrics_sitenote_active":false,"_exactmetrics_sitenote_note":"","_exactmetrics_sitenote_category":0,"jetpack_post_was_ever_published":false,"_jetpack_newsletter_access":"","_jetpack_dont_email_post_to_subs":false,"_jetpack_newsletter_tier_id":0,"_jetpack_memberships_contains_paywalled_content":false,"_jetpack_memberships_contains_paid_content":false,"footnotes":"","jetpack_publicize_message":"","jetpack_publicize_feature_enabled":true,"jetpack_social_post_already_shared":true,"jetpack_social_options":{"image_generator_settings":{"template":"highway","enabled":false},"version":2}},"categories":[1],"tags":[251,53,386],"class_list":["post-33766","post","type-post","status-publish","format-standard","hentry","category-notas","tag-agronegocio","tag-bolsonaro","tag-meio-ambiente"],"jetpack_publicize_connections":[],"jetpack_sharing_enabled":true,"jetpack_featured_media_url":"","jetpack_shortlink":"https:\/\/wp.me\/p7wKYW-8MC","jetpack-related-posts":[],"_links":{"self":[{"href":"http:\/\/blogdalucianaoliveira.com.br\/blog\/wp-json\/wp\/v2\/posts\/33766","targetHints":{"allow":["GET"]}}],"collection":[{"href":"http:\/\/blogdalucianaoliveira.com.br\/blog\/wp-json\/wp\/v2\/posts"}],"about":[{"href":"http:\/\/blogdalucianaoliveira.com.br\/blog\/wp-json\/wp\/v2\/types\/post"}],"author":[{"embeddable":true,"href":"http:\/\/blogdalucianaoliveira.com.br\/blog\/wp-json\/wp\/v2\/users\/1"}],"replies":[{"embeddable":true,"href":"http:\/\/blogdalucianaoliveira.com.br\/blog\/wp-json\/wp\/v2\/comments?post=33766"}],"version-history":[{"count":1,"href":"http:\/\/blogdalucianaoliveira.com.br\/blog\/wp-json\/wp\/v2\/posts\/33766\/revisions"}],"predecessor-version":[{"id":33768,"href":"http:\/\/blogdalucianaoliveira.com.br\/blog\/wp-json\/wp\/v2\/posts\/33766\/revisions\/33768"}],"wp:attachment":[{"href":"http:\/\/blogdalucianaoliveira.com.br\/blog\/wp-json\/wp\/v2\/media?parent=33766"}],"wp:term":[{"taxonomy":"category","embeddable":true,"href":"http:\/\/blogdalucianaoliveira.com.br\/blog\/wp-json\/wp\/v2\/categories?post=33766"},{"taxonomy":"post_tag","embeddable":true,"href":"http:\/\/blogdalucianaoliveira.com.br\/blog\/wp-json\/wp\/v2\/tags?post=33766"}],"curies":[{"name":"wp","href":"https:\/\/api.w.org\/{rel}","templated":true}]}}