{"id":33776,"date":"2022-06-08T08:29:41","date_gmt":"2022-06-08T12:29:41","guid":{"rendered":"http:\/\/blogdalucianaoliveira.com.br\/blog\/?p=33776"},"modified":"2022-06-08T08:29:46","modified_gmt":"2022-06-08T12:29:46","slug":"fome-se-alastra-no-brasil-6-em-cada-10-familias-nao-tem-acesso-pleno-a-alimentos","status":"publish","type":"post","link":"http:\/\/blogdalucianaoliveira.com.br\/blog\/2022\/06\/08\/fome-se-alastra-no-brasil-6-em-cada-10-familias-nao-tem-acesso-pleno-a-alimentos\/","title":{"rendered":"Fome se alastra no Brasil: 6 em cada 10 fam\u00edlias n\u00e3o t\u00eam acesso pleno a alimentos"},"content":{"rendered":"\n<figure class=\"wp-block-image size-large\"><img data-recalc-dims=\"1\" loading=\"lazy\" decoding=\"async\" width=\"600\" height=\"400\" data-attachment-id=\"33777\" data-permalink=\"http:\/\/blogdalucianaoliveira.com.br\/blog\/2022\/06\/08\/fome-se-alastra-no-brasil-6-em-cada-10-familias-nao-tem-acesso-pleno-a-alimentos\/2127f954-c239-4d8e-bd31-8356d6ed8358\/\" data-orig-file=\"https:\/\/i0.wp.com\/blogdalucianaoliveira.com.br\/blog\/wp-content\/uploads\/2022\/06\/2127F954-C239-4D8E-BD31-8356D6ED8358.jpeg?fit=800%2C533\" data-orig-size=\"800,533\" data-comments-opened=\"0\" data-image-meta=\"{&quot;aperture&quot;:&quot;0&quot;,&quot;credit&quot;:&quot;&quot;,&quot;camera&quot;:&quot;&quot;,&quot;caption&quot;:&quot;&quot;,&quot;created_timestamp&quot;:&quot;0&quot;,&quot;copyright&quot;:&quot;&quot;,&quot;focal_length&quot;:&quot;0&quot;,&quot;iso&quot;:&quot;0&quot;,&quot;shutter_speed&quot;:&quot;0&quot;,&quot;title&quot;:&quot;&quot;,&quot;orientation&quot;:&quot;0&quot;}\" data-image-title=\"2127F954-C239-4D8E-BD31-8356D6ED8358\" data-image-description=\"\" data-image-caption=\"\" data-medium-file=\"https:\/\/i0.wp.com\/blogdalucianaoliveira.com.br\/blog\/wp-content\/uploads\/2022\/06\/2127F954-C239-4D8E-BD31-8356D6ED8358.jpeg?fit=300%2C200\" data-large-file=\"https:\/\/i0.wp.com\/blogdalucianaoliveira.com.br\/blog\/wp-content\/uploads\/2022\/06\/2127F954-C239-4D8E-BD31-8356D6ED8358.jpeg?fit=600%2C400\" src=\"https:\/\/i0.wp.com\/blogdalucianaoliveira.com.br\/blog\/wp-content\/uploads\/2022\/06\/2127F954-C239-4D8E-BD31-8356D6ED8358.jpeg?resize=600%2C400\" alt=\"\" class=\"wp-image-33777\" srcset=\"https:\/\/i0.wp.com\/blogdalucianaoliveira.com.br\/blog\/wp-content\/uploads\/2022\/06\/2127F954-C239-4D8E-BD31-8356D6ED8358.jpeg?w=800 800w, https:\/\/i0.wp.com\/blogdalucianaoliveira.com.br\/blog\/wp-content\/uploads\/2022\/06\/2127F954-C239-4D8E-BD31-8356D6ED8358.jpeg?resize=300%2C200 300w, https:\/\/i0.wp.com\/blogdalucianaoliveira.com.br\/blog\/wp-content\/uploads\/2022\/06\/2127F954-C239-4D8E-BD31-8356D6ED8358.jpeg?resize=768%2C512 768w, https:\/\/i0.wp.com\/blogdalucianaoliveira.com.br\/blog\/wp-content\/uploads\/2022\/06\/2127F954-C239-4D8E-BD31-8356D6ED8358.jpeg?resize=450%2C300 450w\" sizes=\"auto, (max-width: 600px) 100vw, 600px\" \/><\/figure>\n\n\n\n<h4 class=\"wp-block-heading\">Em um ano, salta de 19 milh\u00f5es para 33,1 milh\u00f5es o n\u00famero de pessoas que n\u00e3o t\u00eam o que comer&nbsp;<\/h4>\n\n\n\n<!--more-->\n\n\n\n<p>Gabriela Moncau &#8211; Brasil de Fato | S\u00e3o Paulo (SP)\u00a0<\/p>\n\n\n\n<p>Em 2022, mais da metade da popula\u00e7\u00e3o brasileira \u2013 58,7% \u2013 vive com algum tipo de inseguran\u00e7a alimentar. O&nbsp;n\u00famero de pessoas passando fome&nbsp;passou de 19 milh\u00f5es para 33,1 milh\u00f5es de pessoas em pouco mais de um ano. Os dados&nbsp;divulgados nesta quarta-feira (8), s\u00e3o do 2\u00ba Inqu\u00e9rito Nacional sobre Inseguran\u00e7a Alimentar no Contexto da Pandemia da Covid-19 no Brasil, feito pela Rede Brasileira de Pesquisa em Soberania e Seguran\u00e7a Alimentar e Nutricional (Rede Penssan).&nbsp;A pesquisa mostra&nbsp;que&nbsp;Brasil regrediu para um patamar de inseguran\u00e7a alimentar equivalente ao da d\u00e9cada de 1990.<\/p>\n\n\n\n<p>Isso significa que 15,5% da popula\u00e7\u00e3o no pa\u00eds est\u00e1 sem ter o que comer. O acesso pleno \u00e0 alimenta\u00e7\u00e3o se tornou exce\u00e7\u00e3o: essa \u00e9 a realidade para apenas quatro de cada 10 fam\u00edlias.&nbsp;&nbsp;<\/p>\n\n\n\n<p>A pesquisa foi realizada em campo, pelo Instituto Vox Populi, com&nbsp;em entrevistas em 12.745 domic\u00edlios de 577 munic\u00edpios de todos os estados brasileiros.&nbsp;<\/p>\n\n\n\n<p>Em n\u00fameros absolutos, 125,2 milh\u00f5es de pessoas no Brasil est\u00e3o passando por algum n\u00edvel de inseguran\u00e7a alimentar. Essa classifica\u00e7\u00e3o inclui&nbsp;pessoas que est\u00e3o&nbsp;passando fome e&nbsp;aquelas que est\u00e3o preocupadas por n\u00e3o saber se ter\u00e3o o que comer no dia seguinte. O n\u00famero de pessoas nessa situa\u00e7\u00e3o aumentou 7,2% desde 2020, e 60% desde 2018.&nbsp;&nbsp;<\/p>\n\n\n\n<p>\u201cOs caminhos escolhidos para a pol\u00edtica econ\u00f4mica e a gest\u00e3o inconsequente da pandemia s\u00f3 poderiam levar ao aumento ainda mais escandaloso da desigualdade social e da fome no nosso pa\u00eds\u201d, destaca Ana Maria Segall, m\u00e9dica epidemiologista e pesquisadora da Rede Penssan.&nbsp;<\/p>\n\n\n\n<p>Desigualdades hist\u00f3ricas se acentuam<\/p>\n\n\n\n<p>A fome no Brasil tem cor, g\u00eanero, idade, geografia e classe.&nbsp;O Norte e o Nordeste do pa\u00eds s\u00e3o as regi\u00f5es mais atingidas pela falta de comida no prato, com 25,7% e 21% das fam\u00edlias, respectivamente, passando fome.&nbsp;&nbsp;<\/p>\n\n\n\n<p>A desigualdade regional foi constatada tamb\u00e9m no contraste entre o campo e a cidade. Nas \u00e1reas rurais do Brasil, a inseguran\u00e7a alimentar \u00e9 vivida&nbsp;em 60% das casas. Destas, 18,6% est\u00e3o em situa\u00e7\u00e3o grave. Nem mesmo quem produz alimentos escapou. A fome atingiu 21,8% dos domic\u00edlios de agricultores familiares e pequenos produtores.&nbsp;<\/p>\n\n\n\n<p><a href=\"https:\/\/www.brasildefato.com.br\/2022\/06\/02\/preco-cesta-basica-em-sao-paulo-sobe-para-r-1-209-quase-um-salario-minimo\" target=\"_blank\" rel=\"noreferrer noopener\"><strong>::&nbsp;Pre\u00e7o da cesta b\u00e1sica em S\u00e3o Paulo sobe para R$ 1.209, quase um sal\u00e1rio m\u00ednimo ::<\/strong><\/a><\/p>\n\n\n\n<p>Em 53,2% das casas onde a pessoa de refer\u00eancia se autodeclara branca, o acesso a&nbsp;comida n\u00e3o foi considerado um problema. O mesmo aconteceu em 67% dos domic\u00edlios com renda maior que um sal\u00e1rio m\u00ednimo por pessoa.&nbsp;J\u00e1 entre os lares em que a pessoa respons\u00e1vel se autodeclara preta ou parda, o \u00edndice cai para 35%. Comparando com a edi\u00e7\u00e3o anterior do Inqu\u00e9rito da Rede Penssan, entre lares comandados por pessoas negras, a fome aumentou de 10,4% para 18,1%.&nbsp;&nbsp;<\/p>\n\n\n\n<p>A falta de comida atingia, em 2020, 7% das casas em que mulheres s\u00e3o as respons\u00e1veis. Em 2022, passou para 11,9%. Tamb\u00e9m nesse per\u00edodo, a dificuldade em conseguir alimentos&nbsp;em fam\u00edlias com crian\u00e7as dobrou: a&nbsp;fome afetava 9,4% delas e, atualmente, \u00e9 a realidade de 18,1%.&nbsp;&nbsp;<\/p>\n\n\n\n<p>\u201cPode guardar as panelas que hoje o dinheiro n\u00e3o deu\u201d&nbsp;<\/p>\n\n\n\n<p><em>\u201cVoc\u00ea sabe que a mar\u00e9 n\u00e3o est\u00e1 moleza n\u00e3o \/ E quem n\u00e3o fica dormindo de touca j\u00e1 sabe da situa\u00e7\u00e3o \/ Eu sei que d\u00f3i no cora\u00e7\u00e3o falar do jeito que falei \/ Dizer que o pior aconteceu: pode guardar as panelas que hoje o dinheiro n\u00e3o deu\u201d<\/em>. O&nbsp;<a href=\"https:\/\/www.youtube.com\/watch?v=JqEAnW3RYo8\" target=\"_blank\" rel=\"noreferrer noopener\">samba de Paulinho da Viola<\/a>&nbsp;foi lan\u00e7ado em 1979, mas, se fosse uma m\u00fasica de 2022, n\u00e3o haveria surpresa.<\/p>\n\n\n\n<p>Para Renato Maluf, coordenador da Rede Penssan, \u201cas medidas tomadas pelo governo para conten\u00e7\u00e3o da fome hoje s\u00e3o isoladas e insuficientes, diante de um cen\u00e1rio de alta da infla\u00e7\u00e3o, sobretudo dos alimentos, do desemprego e da queda de renda da popula\u00e7\u00e3o\u201d.&nbsp;<\/p>\n\n\n\n<p><a href=\"https:\/\/www.brasildefato.com.br\/2022\/06\/03\/entenda-por-que-super-ricos-no-brasil-e-no-mundo-devem-ser-tributados\" target=\"_blank\" rel=\"noreferrer noopener\"><strong>:: Por que super-ricos no Brasil e no mundo devem ser tributados ::<\/strong><\/a><\/p>\n\n\n\n<p>A pesquisa, que&nbsp;teve apoio da A\u00e7\u00e3o da Cidadania, a ActionAid Brasil, a Funda\u00e7\u00e3o Friedrich Ebert Brasil, o Ibirapitanga, a Oxfam Brasil e o Sesc, coletou depoimentos entre novembro de 2021 e abril de 2022.&nbsp; &nbsp;<\/p>\n\n\n\n<p>Neste 2\u00ba Inqu\u00e9rito,&nbsp;8,2% das fam\u00edlias relataram sentir vergonha, tristeza ou constrangimento pelos meios que est\u00e3o tendo de usar para conseguir colocar comida na mesa. Segundo elas, a situa\u00e7\u00e3o fere&nbsp;sua dignidade.<\/p>\n\n\n\n<p>Edi\u00e7\u00e3o: Thalita Pires<\/p>\n","protected":false},"excerpt":{"rendered":"<p>Em um ano, salta de 19 milh\u00f5es para 33,1 milh\u00f5es o n\u00famero de pessoas que n\u00e3o t\u00eam o que comer&nbsp;<\/p>\n","protected":false},"author":1,"featured_media":0,"comment_status":"closed","ping_status":"open","sticky":false,"template":"","format":"standard","meta":{"_exactmetrics_skip_tracking":false,"_exactmetrics_sitenote_active":false,"_exactmetrics_sitenote_note":"","_exactmetrics_sitenote_category":0,"jetpack_post_was_ever_published":false,"_jetpack_newsletter_access":"","_jetpack_dont_email_post_to_subs":false,"_jetpack_newsletter_tier_id":0,"_jetpack_memberships_contains_paywalled_content":false,"_jetpack_memberships_contains_paid_content":false,"footnotes":"","jetpack_publicize_message":"","jetpack_publicize_feature_enabled":true,"jetpack_social_post_already_shared":true,"jetpack_social_options":{"image_generator_settings":{"template":"highway","enabled":false},"version":2}},"categories":[1],"tags":[53,5,541],"class_list":["post-33776","post","type-post","status-publish","format-standard","hentry","category-notas","tag-bolsonaro","tag-brasil","tag-fome"],"jetpack_publicize_connections":[],"jetpack_sharing_enabled":true,"jetpack_featured_media_url":"","jetpack_shortlink":"https:\/\/wp.me\/p7wKYW-8MM","jetpack-related-posts":[],"_links":{"self":[{"href":"http:\/\/blogdalucianaoliveira.com.br\/blog\/wp-json\/wp\/v2\/posts\/33776","targetHints":{"allow":["GET"]}}],"collection":[{"href":"http:\/\/blogdalucianaoliveira.com.br\/blog\/wp-json\/wp\/v2\/posts"}],"about":[{"href":"http:\/\/blogdalucianaoliveira.com.br\/blog\/wp-json\/wp\/v2\/types\/post"}],"author":[{"embeddable":true,"href":"http:\/\/blogdalucianaoliveira.com.br\/blog\/wp-json\/wp\/v2\/users\/1"}],"replies":[{"embeddable":true,"href":"http:\/\/blogdalucianaoliveira.com.br\/blog\/wp-json\/wp\/v2\/comments?post=33776"}],"version-history":[{"count":1,"href":"http:\/\/blogdalucianaoliveira.com.br\/blog\/wp-json\/wp\/v2\/posts\/33776\/revisions"}],"predecessor-version":[{"id":33778,"href":"http:\/\/blogdalucianaoliveira.com.br\/blog\/wp-json\/wp\/v2\/posts\/33776\/revisions\/33778"}],"wp:attachment":[{"href":"http:\/\/blogdalucianaoliveira.com.br\/blog\/wp-json\/wp\/v2\/media?parent=33776"}],"wp:term":[{"taxonomy":"category","embeddable":true,"href":"http:\/\/blogdalucianaoliveira.com.br\/blog\/wp-json\/wp\/v2\/categories?post=33776"},{"taxonomy":"post_tag","embeddable":true,"href":"http:\/\/blogdalucianaoliveira.com.br\/blog\/wp-json\/wp\/v2\/tags?post=33776"}],"curies":[{"name":"wp","href":"https:\/\/api.w.org\/{rel}","templated":true}]}}