{"id":33783,"date":"2022-06-10T11:23:28","date_gmt":"2022-06-10T15:23:28","guid":{"rendered":"http:\/\/blogdalucianaoliveira.com.br\/blog\/?p=33783"},"modified":"2022-06-10T11:27:16","modified_gmt":"2022-06-10T15:27:16","slug":"indigenas-ocupam-sede-da-funai-em-guajara-mirim","status":"publish","type":"post","link":"http:\/\/blogdalucianaoliveira.com.br\/blog\/2022\/06\/10\/indigenas-ocupam-sede-da-funai-em-guajara-mirim\/","title":{"rendered":"Ind\u00edgenas ocupam sede da Funai em Guajar\u00e1-Mirim"},"content":{"rendered":"\n<figure class=\"wp-block-image size-large\"><img loading=\"lazy\" decoding=\"async\" width=\"1600\" height=\"900\" data-attachment-id=\"33784\" data-permalink=\"http:\/\/blogdalucianaoliveira.com.br\/blog\/2022\/06\/10\/indigenas-ocupam-sede-da-funai-em-guajara-mirim\/74189053-9ca9-4a84-b55e-ae0c4552a1cf\/\" data-orig-file=\"https:\/\/i0.wp.com\/blogdalucianaoliveira.com.br\/blog\/wp-content\/uploads\/2022\/06\/74189053-9CA9-4A84-B55E-AE0C4552A1CF.jpeg?fit=1600%2C900\" data-orig-size=\"1600,900\" data-comments-opened=\"0\" data-image-meta=\"{&quot;aperture&quot;:&quot;0&quot;,&quot;credit&quot;:&quot;&quot;,&quot;camera&quot;:&quot;&quot;,&quot;caption&quot;:&quot;&quot;,&quot;created_timestamp&quot;:&quot;0&quot;,&quot;copyright&quot;:&quot;&quot;,&quot;focal_length&quot;:&quot;0&quot;,&quot;iso&quot;:&quot;0&quot;,&quot;shutter_speed&quot;:&quot;0&quot;,&quot;title&quot;:&quot;&quot;,&quot;orientation&quot;:&quot;0&quot;}\" data-image-title=\"74189053-9CA9-4A84-B55E-AE0C4552A1CF\" data-image-description=\"\" data-image-caption=\"\" data-medium-file=\"https:\/\/i0.wp.com\/blogdalucianaoliveira.com.br\/blog\/wp-content\/uploads\/2022\/06\/74189053-9CA9-4A84-B55E-AE0C4552A1CF.jpeg?fit=300%2C169\" data-large-file=\"https:\/\/i0.wp.com\/blogdalucianaoliveira.com.br\/blog\/wp-content\/uploads\/2022\/06\/74189053-9CA9-4A84-B55E-AE0C4552A1CF.jpeg?fit=600%2C338\" src=\"https:\/\/i2.wp.com\/blogdalucianaoliveira.com.br\/blog\/wp-content\/uploads\/2022\/06\/74189053-9CA9-4A84-B55E-AE0C4552A1CF.jpeg?fit=600%2C338\" alt=\"\" class=\"wp-image-33784\" srcset=\"https:\/\/i0.wp.com\/blogdalucianaoliveira.com.br\/blog\/wp-content\/uploads\/2022\/06\/74189053-9CA9-4A84-B55E-AE0C4552A1CF.jpeg?w=1600 1600w, https:\/\/i0.wp.com\/blogdalucianaoliveira.com.br\/blog\/wp-content\/uploads\/2022\/06\/74189053-9CA9-4A84-B55E-AE0C4552A1CF.jpeg?resize=300%2C169 300w, https:\/\/i0.wp.com\/blogdalucianaoliveira.com.br\/blog\/wp-content\/uploads\/2022\/06\/74189053-9CA9-4A84-B55E-AE0C4552A1CF.jpeg?resize=1024%2C576 1024w, https:\/\/i0.wp.com\/blogdalucianaoliveira.com.br\/blog\/wp-content\/uploads\/2022\/06\/74189053-9CA9-4A84-B55E-AE0C4552A1CF.jpeg?resize=768%2C432 768w, https:\/\/i0.wp.com\/blogdalucianaoliveira.com.br\/blog\/wp-content\/uploads\/2022\/06\/74189053-9CA9-4A84-B55E-AE0C4552A1CF.jpeg?resize=1536%2C864 1536w, https:\/\/i0.wp.com\/blogdalucianaoliveira.com.br\/blog\/wp-content\/uploads\/2022\/06\/74189053-9CA9-4A84-B55E-AE0C4552A1CF.jpeg?resize=533%2C300 533w, https:\/\/i0.wp.com\/blogdalucianaoliveira.com.br\/blog\/wp-content\/uploads\/2022\/06\/74189053-9CA9-4A84-B55E-AE0C4552A1CF.jpeg?w=1200 1200w\" sizes=\"auto, (max-width: 600px) 100vw, 600px\" \/><\/figure>\n\n\n\n<p>Popula\u00e7\u00f5es ind\u00edgenas ocupam sede da FUNAI em Guajar\u00e1-Mirim (RO), desde o \u00faltimo dia 8. A ocupa\u00e7\u00e3o segue e conta com participa\u00e7\u00e3o de ind\u00edgenas das terras ind\u00edgenas da regi\u00e3o de Guajar\u00e1-Mirim, Nova Mamor\u00e9 e regi\u00e3o. <\/p>\n\n\n\n<!--more-->\n\n\n\n<p>O pronto principal \u00e9 a exonera\u00e7\u00e3o imediata do atual coordenador da FUNAI na regi\u00e3o, Euro Guedes, que tem uma gest\u00e3o marcada pela inefici\u00eancia e descaso com as demandas das popula\u00e7\u00f5es ind\u00edgenas da regi\u00e3o, como a prote\u00e7\u00e3o e fiscaliza\u00e7\u00e3o das invas\u00f5es que vem ocorrendo. <\/p>\n\n\n\n<p>imagens @franciscokelvim \/ para Organiza\u00e7\u00e3o Oro Wari<\/p>\n\n\n\n<figure class=\"wp-block-image size-large\"><img loading=\"lazy\" decoding=\"async\" width=\"1600\" height=\"900\" data-attachment-id=\"33785\" data-permalink=\"http:\/\/blogdalucianaoliveira.com.br\/blog\/2022\/06\/10\/indigenas-ocupam-sede-da-funai-em-guajara-mirim\/a9d2ea4d-3d30-4d8d-88bc-3163b6c8d1dc\/\" data-orig-file=\"https:\/\/i0.wp.com\/blogdalucianaoliveira.com.br\/blog\/wp-content\/uploads\/2022\/06\/A9D2EA4D-3D30-4D8D-88BC-3163B6C8D1DC.jpeg?fit=1600%2C900\" data-orig-size=\"1600,900\" data-comments-opened=\"0\" data-image-meta=\"{&quot;aperture&quot;:&quot;0&quot;,&quot;credit&quot;:&quot;&quot;,&quot;camera&quot;:&quot;&quot;,&quot;caption&quot;:&quot;&quot;,&quot;created_timestamp&quot;:&quot;0&quot;,&quot;copyright&quot;:&quot;&quot;,&quot;focal_length&quot;:&quot;0&quot;,&quot;iso&quot;:&quot;0&quot;,&quot;shutter_speed&quot;:&quot;0&quot;,&quot;title&quot;:&quot;&quot;,&quot;orientation&quot;:&quot;0&quot;}\" data-image-title=\"A9D2EA4D-3D30-4D8D-88BC-3163B6C8D1DC\" data-image-description=\"\" data-image-caption=\"\" data-medium-file=\"https:\/\/i0.wp.com\/blogdalucianaoliveira.com.br\/blog\/wp-content\/uploads\/2022\/06\/A9D2EA4D-3D30-4D8D-88BC-3163B6C8D1DC.jpeg?fit=300%2C169\" data-large-file=\"https:\/\/i0.wp.com\/blogdalucianaoliveira.com.br\/blog\/wp-content\/uploads\/2022\/06\/A9D2EA4D-3D30-4D8D-88BC-3163B6C8D1DC.jpeg?fit=600%2C338\" src=\"https:\/\/i2.wp.com\/blogdalucianaoliveira.com.br\/blog\/wp-content\/uploads\/2022\/06\/A9D2EA4D-3D30-4D8D-88BC-3163B6C8D1DC.jpeg?fit=600%2C338\" alt=\"\" class=\"wp-image-33785\" srcset=\"https:\/\/i0.wp.com\/blogdalucianaoliveira.com.br\/blog\/wp-content\/uploads\/2022\/06\/A9D2EA4D-3D30-4D8D-88BC-3163B6C8D1DC.jpeg?w=1600 1600w, https:\/\/i0.wp.com\/blogdalucianaoliveira.com.br\/blog\/wp-content\/uploads\/2022\/06\/A9D2EA4D-3D30-4D8D-88BC-3163B6C8D1DC.jpeg?resize=300%2C169 300w, https:\/\/i0.wp.com\/blogdalucianaoliveira.com.br\/blog\/wp-content\/uploads\/2022\/06\/A9D2EA4D-3D30-4D8D-88BC-3163B6C8D1DC.jpeg?resize=1024%2C576 1024w, https:\/\/i0.wp.com\/blogdalucianaoliveira.com.br\/blog\/wp-content\/uploads\/2022\/06\/A9D2EA4D-3D30-4D8D-88BC-3163B6C8D1DC.jpeg?resize=768%2C432 768w, https:\/\/i0.wp.com\/blogdalucianaoliveira.com.br\/blog\/wp-content\/uploads\/2022\/06\/A9D2EA4D-3D30-4D8D-88BC-3163B6C8D1DC.jpeg?resize=1536%2C864 1536w, https:\/\/i0.wp.com\/blogdalucianaoliveira.com.br\/blog\/wp-content\/uploads\/2022\/06\/A9D2EA4D-3D30-4D8D-88BC-3163B6C8D1DC.jpeg?resize=533%2C300 533w, https:\/\/i0.wp.com\/blogdalucianaoliveira.com.br\/blog\/wp-content\/uploads\/2022\/06\/A9D2EA4D-3D30-4D8D-88BC-3163B6C8D1DC.jpeg?w=1200 1200w\" sizes=\"auto, (max-width: 600px) 100vw, 600px\" \/><\/figure>\n\n\n\n<p> <\/p>\n\n\n\n<figure class=\"wp-block-embed-twitter wp-block-embed is-type-rich is-provider-twitter\"><div class=\"wp-block-embed__wrapper\">\n<blockquote class=\"twitter-tweet\" data-width=\"550\" data-dnt=\"true\"><p lang=\"pt\" dir=\"ltr\">Popula\u00e7\u00f5es ind\u00edgenas ocupam sede da FUNAI em Guajar\u00e1-Mirim (RO), desde o \u00faltimo dia 8. A ocupa\u00e7\u00e3o segue e conta com participa\u00e7\u00e3o de ind\u00edgenas das terras ind\u00edgenas da regi\u00e3o de Guajar\u00e1-Mirim, Nova Mamor\u00e9 e regi\u00e3o.<br>Pedem a exonera\u00e7\u00e3o do coordenador da FUNAI na regi\u00e3o, Euro Guedes. <a href=\"https:\/\/t.co\/dS7Bnvhvem\">pic.twitter.com\/dS7Bnvhvem<\/a><\/p>&mdash; Luciana Oliveira (@lucianadepvh) <a href=\"https:\/\/twitter.com\/lucianadepvh\/status\/1535282182650056705?ref_src=twsrc%5Etfw\">June 10, 2022<\/a><\/blockquote><script async src=\"https:\/\/platform.twitter.com\/widgets.js\" charset=\"utf-8\"><\/script>\n<\/div><\/figure>\n","protected":false},"excerpt":{"rendered":"<p>Popula\u00e7\u00f5es ind\u00edgenas ocupam sede da FUNAI em Guajar\u00e1-Mirim (RO), desde o \u00faltimo dia 8. A ocupa\u00e7\u00e3o segue e conta com participa\u00e7\u00e3o de ind\u00edgenas das terras ind\u00edgenas da regi\u00e3o de Guajar\u00e1-Mirim, Nova Mamor\u00e9 e regi\u00e3o.<\/p>\n","protected":false},"author":1,"featured_media":0,"comment_status":"closed","ping_status":"open","sticky":false,"template":"","format":"standard","meta":{"_exactmetrics_skip_tracking":false,"_exactmetrics_sitenote_active":false,"_exactmetrics_sitenote_note":"","_exactmetrics_sitenote_category":0,"jetpack_post_was_ever_published":false,"_jetpack_newsletter_access":"","_jetpack_dont_email_post_to_subs":false,"_jetpack_newsletter_tier_id":0,"_jetpack_memberships_contains_paywalled_content":false,"_jetpack_memberships_contains_paid_content":false,"footnotes":"","jetpack_publicize_message":"","jetpack_publicize_feature_enabled":true,"jetpack_social_post_already_shared":true,"jetpack_social_options":{"image_generator_settings":{"template":"highway","enabled":false},"version":2}},"categories":[1],"tags":[408,378,306],"class_list":["post-33783","post","type-post","status-publish","format-standard","hentry","category-notas","tag-funai","tag-guajara-mirim","tag-indigenas"],"jetpack_publicize_connections":[],"jetpack_sharing_enabled":true,"jetpack_featured_media_url":"","jetpack_shortlink":"https:\/\/wp.me\/p7wKYW-8MT","jetpack-related-posts":[],"_links":{"self":[{"href":"http:\/\/blogdalucianaoliveira.com.br\/blog\/wp-json\/wp\/v2\/posts\/33783","targetHints":{"allow":["GET"]}}],"collection":[{"href":"http:\/\/blogdalucianaoliveira.com.br\/blog\/wp-json\/wp\/v2\/posts"}],"about":[{"href":"http:\/\/blogdalucianaoliveira.com.br\/blog\/wp-json\/wp\/v2\/types\/post"}],"author":[{"embeddable":true,"href":"http:\/\/blogdalucianaoliveira.com.br\/blog\/wp-json\/wp\/v2\/users\/1"}],"replies":[{"embeddable":true,"href":"http:\/\/blogdalucianaoliveira.com.br\/blog\/wp-json\/wp\/v2\/comments?post=33783"}],"version-history":[{"count":4,"href":"http:\/\/blogdalucianaoliveira.com.br\/blog\/wp-json\/wp\/v2\/posts\/33783\/revisions"}],"predecessor-version":[{"id":33790,"href":"http:\/\/blogdalucianaoliveira.com.br\/blog\/wp-json\/wp\/v2\/posts\/33783\/revisions\/33790"}],"wp:attachment":[{"href":"http:\/\/blogdalucianaoliveira.com.br\/blog\/wp-json\/wp\/v2\/media?parent=33783"}],"wp:term":[{"taxonomy":"category","embeddable":true,"href":"http:\/\/blogdalucianaoliveira.com.br\/blog\/wp-json\/wp\/v2\/categories?post=33783"},{"taxonomy":"post_tag","embeddable":true,"href":"http:\/\/blogdalucianaoliveira.com.br\/blog\/wp-json\/wp\/v2\/tags?post=33783"}],"curies":[{"name":"wp","href":"https:\/\/api.w.org\/{rel}","templated":true}]}}