{"id":33791,"date":"2022-06-10T14:47:26","date_gmt":"2022-06-10T18:47:26","guid":{"rendered":"http:\/\/blogdalucianaoliveira.com.br\/blog\/?p=33791"},"modified":"2022-06-10T14:47:30","modified_gmt":"2022-06-10T18:47:30","slug":"defensoria-leva-van-dos-direitos-a-indigenas-nas-capital","status":"publish","type":"post","link":"http:\/\/blogdalucianaoliveira.com.br\/blog\/2022\/06\/10\/defensoria-leva-van-dos-direitos-a-indigenas-nas-capital\/","title":{"rendered":"Defensoria leva Van dos Direitos a ind\u00edgenas nas Capital"},"content":{"rendered":"\n<figure class=\"wp-block-image size-large\"><img loading=\"lazy\" decoding=\"async\" width=\"1084\" height=\"1084\" data-attachment-id=\"33792\" data-permalink=\"http:\/\/blogdalucianaoliveira.com.br\/blog\/2022\/06\/10\/defensoria-leva-van-dos-direitos-a-indigenas-nas-capital\/4a0b9901-262e-406d-a3f6-139c5fb287a5\/\" data-orig-file=\"https:\/\/i0.wp.com\/blogdalucianaoliveira.com.br\/blog\/wp-content\/uploads\/2022\/06\/4A0B9901-262E-406D-A3F6-139C5FB287A5.jpeg?fit=1084%2C1084\" data-orig-size=\"1084,1084\" data-comments-opened=\"0\" data-image-meta=\"{&quot;aperture&quot;:&quot;0&quot;,&quot;credit&quot;:&quot;&quot;,&quot;camera&quot;:&quot;&quot;,&quot;caption&quot;:&quot;&quot;,&quot;created_timestamp&quot;:&quot;0&quot;,&quot;copyright&quot;:&quot;&quot;,&quot;focal_length&quot;:&quot;0&quot;,&quot;iso&quot;:&quot;0&quot;,&quot;shutter_speed&quot;:&quot;0&quot;,&quot;title&quot;:&quot;&quot;,&quot;orientation&quot;:&quot;0&quot;}\" data-image-title=\"4A0B9901-262E-406D-A3F6-139C5FB287A5\" data-image-description=\"\" data-image-caption=\"\" data-medium-file=\"https:\/\/i0.wp.com\/blogdalucianaoliveira.com.br\/blog\/wp-content\/uploads\/2022\/06\/4A0B9901-262E-406D-A3F6-139C5FB287A5.jpeg?fit=300%2C300\" data-large-file=\"https:\/\/i0.wp.com\/blogdalucianaoliveira.com.br\/blog\/wp-content\/uploads\/2022\/06\/4A0B9901-262E-406D-A3F6-139C5FB287A5.jpeg?fit=600%2C600\" src=\"https:\/\/i0.wp.com\/blogdalucianaoliveira.com.br\/blog\/wp-content\/uploads\/2022\/06\/4A0B9901-262E-406D-A3F6-139C5FB287A5.jpeg?fit=600%2C600\" alt=\"\" class=\"wp-image-33792\" srcset=\"https:\/\/i0.wp.com\/blogdalucianaoliveira.com.br\/blog\/wp-content\/uploads\/2022\/06\/4A0B9901-262E-406D-A3F6-139C5FB287A5.jpeg?w=1084 1084w, https:\/\/i0.wp.com\/blogdalucianaoliveira.com.br\/blog\/wp-content\/uploads\/2022\/06\/4A0B9901-262E-406D-A3F6-139C5FB287A5.jpeg?resize=300%2C300 300w, https:\/\/i0.wp.com\/blogdalucianaoliveira.com.br\/blog\/wp-content\/uploads\/2022\/06\/4A0B9901-262E-406D-A3F6-139C5FB287A5.jpeg?resize=1024%2C1024 1024w, https:\/\/i0.wp.com\/blogdalucianaoliveira.com.br\/blog\/wp-content\/uploads\/2022\/06\/4A0B9901-262E-406D-A3F6-139C5FB287A5.jpeg?resize=150%2C150 150w, https:\/\/i0.wp.com\/blogdalucianaoliveira.com.br\/blog\/wp-content\/uploads\/2022\/06\/4A0B9901-262E-406D-A3F6-139C5FB287A5.jpeg?resize=768%2C768 768w\" sizes=\"auto, (max-width: 600px) 100vw, 600px\" \/><\/figure>\n\n\n\n<p>No dia 18 de junho, a @defensoriaro Defensoria P\u00fablica do Estado de Rond\u00f4nia (DPE-RO), por meio da Van dos Direitos, estar\u00e1 atendendo a popula\u00e7\u00e3o ind\u00edgena em situa\u00e7\u00e3o de vulnerabilidade, durante uma a\u00e7\u00e3o social e de acesso a Justi\u00e7a realizada pelo N\u00facleo de Defesa dos Direitos Humanos e da Coletividade, pelo N\u00facleo da Cidadania e pela @ouvidoriageralexterna Ouvidoria Externa da DPE &#8211; RO.<\/p>\n\n\n\n<!--more-->\n\n\n\n<p>A a\u00e7\u00e3o acontecer\u00e1 em Porto Velho, das 09h \u00e0s 12h, em frente ao antigo pr\u00e9dio da FUNAI.<\/p>\n\n\n\n<p>Em Porto Velho h\u00e1 v\u00e1rios povos ind\u00edgenas vivendo em contexto urbano sem acesso a pol\u00edticas p\u00fablicas porque o estado n\u00e3o os reconhece por estarem desaldeados. Muitas destas fam\u00edlias ind\u00edgenas inclusive est\u00e3o em  condi\u00e7\u00f5es prec\u00e1rias de moradia.<\/p>\n\n\n\n<p>Durante a pandemia houve um consider\u00e1vel aumento de ind\u00edgenas no espa\u00e7o urbano, as raz\u00f5es s\u00e3o diversas mas, principalmente pela onda crescente de amea\u00e7as e viola\u00e7\u00f5es aos seus Territ\u00f3rios ancestrais. <\/p>\n\n\n\n<p>Para al\u00e9m disso, Rond\u00f4nia tem v\u00e1rios povos cuja suas terras n\u00e3o foram reconhecidas e desmarcadas, entre estes podemos destacar os povos Purubora, Miguelenos, Kujubim e Guarasugwe. <\/p>\n\n\n\n<p>Para as popula\u00e7\u00f5es ind\u00edgenas ter seus Territ\u00f3rios demarcados \u00e9 princ\u00edpio para o acesso de quaisquer outras pol\u00edticas p\u00fablicas.<\/p>\n\n\n\n<p>Territ\u00f3rio demarcado \u00e9 Direito!<\/p>\n\n\n\n<p>A Ouvidoria Geral Externa se soma a essa luta em defesa  e pela demarca\u00e7\u00e3o dos Territ\u00f3rios Ind\u00edgenas<\/p>\n","protected":false},"excerpt":{"rendered":"<p>No dia 18 de junho, a @defensoriaro Defensoria P\u00fablica do Estado de Rond\u00f4nia (DPE-RO), por meio da Van dos Direitos, estar\u00e1 atendendo a popula\u00e7\u00e3o ind\u00edgena em situa\u00e7\u00e3o de vulnerabilidade, durante uma a\u00e7\u00e3o social e de acesso a Justi\u00e7a realizada pelo N\u00facleo de Defesa dos Direitos Humanos e da Coletividade, pelo N\u00facleo da Cidadania e pela&#8230;<a class=\"more-link\" href=\"http:\/\/blogdalucianaoliveira.com.br\/blog\/2022\/06\/10\/defensoria-leva-van-dos-direitos-a-indigenas-nas-capital\/\">Continue a leitura <span class=\"meta-nav\">&raquo;<\/span><\/a><\/p>\n","protected":false},"author":1,"featured_media":0,"comment_status":"closed","ping_status":"open","sticky":false,"template":"","format":"standard","meta":{"_exactmetrics_skip_tracking":false,"_exactmetrics_sitenote_active":false,"_exactmetrics_sitenote_note":"","_exactmetrics_sitenote_category":0,"jetpack_post_was_ever_published":false,"_jetpack_newsletter_access":"","_jetpack_dont_email_post_to_subs":false,"_jetpack_newsletter_tier_id":0,"_jetpack_memberships_contains_paywalled_content":false,"_jetpack_memberships_contains_paid_content":false,"footnotes":"","jetpack_publicize_message":"","jetpack_publicize_feature_enabled":true,"jetpack_social_post_already_shared":true,"jetpack_social_options":{"image_generator_settings":{"template":"highway","enabled":false},"version":2}},"categories":[1],"tags":[],"class_list":["post-33791","post","type-post","status-publish","format-standard","hentry","category-notas"],"jetpack_publicize_connections":[],"jetpack_sharing_enabled":true,"jetpack_featured_media_url":"","jetpack_shortlink":"https:\/\/wp.me\/p7wKYW-8N1","jetpack-related-posts":[],"_links":{"self":[{"href":"http:\/\/blogdalucianaoliveira.com.br\/blog\/wp-json\/wp\/v2\/posts\/33791","targetHints":{"allow":["GET"]}}],"collection":[{"href":"http:\/\/blogdalucianaoliveira.com.br\/blog\/wp-json\/wp\/v2\/posts"}],"about":[{"href":"http:\/\/blogdalucianaoliveira.com.br\/blog\/wp-json\/wp\/v2\/types\/post"}],"author":[{"embeddable":true,"href":"http:\/\/blogdalucianaoliveira.com.br\/blog\/wp-json\/wp\/v2\/users\/1"}],"replies":[{"embeddable":true,"href":"http:\/\/blogdalucianaoliveira.com.br\/blog\/wp-json\/wp\/v2\/comments?post=33791"}],"version-history":[{"count":1,"href":"http:\/\/blogdalucianaoliveira.com.br\/blog\/wp-json\/wp\/v2\/posts\/33791\/revisions"}],"predecessor-version":[{"id":33793,"href":"http:\/\/blogdalucianaoliveira.com.br\/blog\/wp-json\/wp\/v2\/posts\/33791\/revisions\/33793"}],"wp:attachment":[{"href":"http:\/\/blogdalucianaoliveira.com.br\/blog\/wp-json\/wp\/v2\/media?parent=33791"}],"wp:term":[{"taxonomy":"category","embeddable":true,"href":"http:\/\/blogdalucianaoliveira.com.br\/blog\/wp-json\/wp\/v2\/categories?post=33791"},{"taxonomy":"post_tag","embeddable":true,"href":"http:\/\/blogdalucianaoliveira.com.br\/blog\/wp-json\/wp\/v2\/tags?post=33791"}],"curies":[{"name":"wp","href":"https:\/\/api.w.org\/{rel}","templated":true}]}}