{"id":33794,"date":"2022-06-11T10:45:56","date_gmt":"2022-06-11T14:45:56","guid":{"rendered":"http:\/\/blogdalucianaoliveira.com.br\/blog\/?p=33794"},"modified":"2022-06-11T10:46:02","modified_gmt":"2022-06-11T14:46:02","slug":"cunhas-meninas-da-amazonia-convidam-para-live-do-primeiro-album","status":"publish","type":"post","link":"http:\/\/blogdalucianaoliveira.com.br\/blog\/2022\/06\/11\/cunhas-meninas-da-amazonia-convidam-para-live-do-primeiro-album\/","title":{"rendered":"CUNH\u00c3S: meninas da amaz\u00f4nia convidam para live do primeiro \u00e1lbum"},"content":{"rendered":"\n<figure class=\"wp-block-image size-large\"><img loading=\"lazy\" decoding=\"async\" width=\"1080\" height=\"1080\" data-attachment-id=\"33795\" data-permalink=\"http:\/\/blogdalucianaoliveira.com.br\/blog\/2022\/06\/11\/cunhas-meninas-da-amazonia-convidam-para-live-do-primeiro-album\/5d4ee74c-3cb3-4a3b-8491-9b50a00c5825\/\" data-orig-file=\"https:\/\/i0.wp.com\/blogdalucianaoliveira.com.br\/blog\/wp-content\/uploads\/2022\/06\/5D4EE74C-3CB3-4A3B-8491-9B50A00C5825.jpeg?fit=1080%2C1080\" data-orig-size=\"1080,1080\" data-comments-opened=\"0\" data-image-meta=\"{&quot;aperture&quot;:&quot;0&quot;,&quot;credit&quot;:&quot;&quot;,&quot;camera&quot;:&quot;&quot;,&quot;caption&quot;:&quot;&quot;,&quot;created_timestamp&quot;:&quot;0&quot;,&quot;copyright&quot;:&quot;&quot;,&quot;focal_length&quot;:&quot;0&quot;,&quot;iso&quot;:&quot;0&quot;,&quot;shutter_speed&quot;:&quot;0&quot;,&quot;title&quot;:&quot;&quot;,&quot;orientation&quot;:&quot;0&quot;}\" data-image-title=\"5D4EE74C-3CB3-4A3B-8491-9B50A00C5825\" data-image-description=\"\" data-image-caption=\"\" data-medium-file=\"https:\/\/i0.wp.com\/blogdalucianaoliveira.com.br\/blog\/wp-content\/uploads\/2022\/06\/5D4EE74C-3CB3-4A3B-8491-9B50A00C5825.jpeg?fit=300%2C300\" data-large-file=\"https:\/\/i0.wp.com\/blogdalucianaoliveira.com.br\/blog\/wp-content\/uploads\/2022\/06\/5D4EE74C-3CB3-4A3B-8491-9B50A00C5825.jpeg?fit=600%2C600\" src=\"https:\/\/i0.wp.com\/blogdalucianaoliveira.com.br\/blog\/wp-content\/uploads\/2022\/06\/5D4EE74C-3CB3-4A3B-8491-9B50A00C5825.jpeg?fit=600%2C600\" alt=\"\" class=\"wp-image-33795\" srcset=\"https:\/\/i0.wp.com\/blogdalucianaoliveira.com.br\/blog\/wp-content\/uploads\/2022\/06\/5D4EE74C-3CB3-4A3B-8491-9B50A00C5825.jpeg?w=1080 1080w, https:\/\/i0.wp.com\/blogdalucianaoliveira.com.br\/blog\/wp-content\/uploads\/2022\/06\/5D4EE74C-3CB3-4A3B-8491-9B50A00C5825.jpeg?resize=300%2C300 300w, https:\/\/i0.wp.com\/blogdalucianaoliveira.com.br\/blog\/wp-content\/uploads\/2022\/06\/5D4EE74C-3CB3-4A3B-8491-9B50A00C5825.jpeg?resize=1024%2C1024 1024w, https:\/\/i0.wp.com\/blogdalucianaoliveira.com.br\/blog\/wp-content\/uploads\/2022\/06\/5D4EE74C-3CB3-4A3B-8491-9B50A00C5825.jpeg?resize=150%2C150 150w, https:\/\/i0.wp.com\/blogdalucianaoliveira.com.br\/blog\/wp-content\/uploads\/2022\/06\/5D4EE74C-3CB3-4A3B-8491-9B50A00C5825.jpeg?resize=768%2C768 768w\" sizes=\"auto, (max-width: 600px) 100vw, 600px\" \/><\/figure>\n\n\n\n<p>As meninas da Amaz\u00f4nia\u00a0s\u00e3o oriundas de Manicor\u00e9-AM, e residem em Porto Velho h\u00e1 mais de 5 anos\u00a0, na Gleba Maravilha,\u00a0zona Rural da\u00a0cidade , a\u00a05,5 km\u00a0na BR 319.<\/p>\n\n\n\n<!--more-->\n\n\n\n<p>O projeto foi criado pelo Produtor Cultural Teimar Martins junto com os familiares\u00a0das meninas\u00a0no in\u00edcio de 2020, e conta\u00a0com a produ\u00e7\u00e3o musical de\u00a0Tullio\u00a0Nunes. O projeto mistura m\u00fasica regional com urbana, e\u00a0tem a miss\u00e3o de preservar os costumes e tradi\u00e7\u00f5es e tradi\u00e7\u00f5es da Amaz\u00f4nia, al\u00e9m de levar nas can\u00e7\u00f5es a consci\u00eancia ambiental.<\/p>\n\n\n\n<p>Em 2021 Teimar Martins&nbsp;inscreveu o projeto Cunh\u00e3s-meninas da Amaz\u00f4nia no Edital de fomento a cultura (Lei Aldir Blanc),&nbsp;e foram contemplados para a transmiss\u00e3o de&nbsp;Lives&nbsp;e a grava\u00e7\u00e3o do 1\u00b0 \u00c1lbum das meninas, com m\u00fasicas autorais.<\/p>\n\n\n\n<p>O objetivo do projeto, al\u00e9m dos j\u00e1 citados, \u00e9&nbsp;despertar o orgulho amaz\u00f4nico&nbsp;nas crian\u00e7as e jovens&nbsp;em nossa regi\u00e3o, pois com toda a \u201cinova\u00e7\u00e3o\u201d&nbsp;atual \u00e9 preciso que preservar nossos costumes, tradi\u00e7\u00f5es e mostrar ao mundo o quanto a Amaz\u00f4nia ribeirinha \u00e9 rica em&nbsp;cultura,&nbsp;e o quanto a nossa floresta \u00e9 importante ao mundo.<\/p>\n\n\n\n<p>Os projetos contemplados foram:<\/p>\n\n\n\n<p>\u00c1lbum, no Edital n\u00b0 31\/2021\/SEJUCEL-CODEC<\/p>\n\n\n\n<p>2\u00aa Edi\u00e7\u00e3o Marechal Rondon, pr\u00eamio de produ\u00e7\u00e3o liter\u00e1ria, fonogr\u00e1fica e digital para difus\u00e3o de express\u00f5es culturais.<\/p>\n\n\n\n<p>Lei Federal 14.017\/2020 (Lei Aldir Blanc)<\/p>\n\n\n\n<p>Eixo II: \u2022 Grava\u00e7\u00e3o de m\u00fasicas e v\u00eddeo. Porto Velho-RO.<\/p>\n\n\n\n<p>Lives, no Edital N\u00b0 34\/2021\/SEJUCEL-CODEC<\/p>\n\n\n\n<p>2\u00aa Edi\u00e7\u00e3o Mary&nbsp;Cyanne<\/p>\n\n\n\n<p>Pr\u00eamio de Produ\u00e7\u00e3o Art\u00edstico- Cultural para transmiss\u00f5es ao vivo\/gravadas<\/p>\n\n\n\n<p>Lei Federal 14.017\/2020 (Lei Aldir Blanc)<\/p>\n\n\n\n<p>Eixo II: \u2022 Apresenta\u00e7\u00f5es Art\u00edsticas (gravadas\/ao vivo).&nbsp;<\/p>\n\n\n\n<p><\/p>\n","protected":false},"excerpt":{"rendered":"<p>As meninas da Amaz\u00f4nia\u00a0s\u00e3o oriundas de Manicor\u00e9-AM, e residem em Porto Velho h\u00e1 mais de 5 anos\u00a0, na Gleba Maravilha,\u00a0zona Rural da\u00a0cidade , a\u00a05,5 km\u00a0na BR 319.<\/p>\n","protected":false},"author":1,"featured_media":0,"comment_status":"closed","ping_status":"open","sticky":false,"template":"","format":"standard","meta":{"_exactmetrics_skip_tracking":false,"_exactmetrics_sitenote_active":false,"_exactmetrics_sitenote_note":"","_exactmetrics_sitenote_category":0,"jetpack_post_was_ever_published":false,"_jetpack_newsletter_access":"","_jetpack_dont_email_post_to_subs":false,"_jetpack_newsletter_tier_id":0,"_jetpack_memberships_contains_paywalled_content":false,"_jetpack_memberships_contains_paid_content":false,"footnotes":"","jetpack_publicize_message":"","jetpack_publicize_feature_enabled":true,"jetpack_social_post_already_shared":true,"jetpack_social_options":{"image_generator_settings":{"template":"highway","enabled":false},"version":2}},"categories":[1],"tags":[737,738,8],"class_list":["post-33794","post","type-post","status-publish","format-standard","hentry","category-notas","tag-cunhas","tag-meninas-da-amazonia","tag-porto-velho"],"jetpack_publicize_connections":[],"jetpack_sharing_enabled":true,"jetpack_featured_media_url":"","jetpack_shortlink":"https:\/\/wp.me\/p7wKYW-8N4","jetpack-related-posts":[],"_links":{"self":[{"href":"http:\/\/blogdalucianaoliveira.com.br\/blog\/wp-json\/wp\/v2\/posts\/33794","targetHints":{"allow":["GET"]}}],"collection":[{"href":"http:\/\/blogdalucianaoliveira.com.br\/blog\/wp-json\/wp\/v2\/posts"}],"about":[{"href":"http:\/\/blogdalucianaoliveira.com.br\/blog\/wp-json\/wp\/v2\/types\/post"}],"author":[{"embeddable":true,"href":"http:\/\/blogdalucianaoliveira.com.br\/blog\/wp-json\/wp\/v2\/users\/1"}],"replies":[{"embeddable":true,"href":"http:\/\/blogdalucianaoliveira.com.br\/blog\/wp-json\/wp\/v2\/comments?post=33794"}],"version-history":[{"count":1,"href":"http:\/\/blogdalucianaoliveira.com.br\/blog\/wp-json\/wp\/v2\/posts\/33794\/revisions"}],"predecessor-version":[{"id":33796,"href":"http:\/\/blogdalucianaoliveira.com.br\/blog\/wp-json\/wp\/v2\/posts\/33794\/revisions\/33796"}],"wp:attachment":[{"href":"http:\/\/blogdalucianaoliveira.com.br\/blog\/wp-json\/wp\/v2\/media?parent=33794"}],"wp:term":[{"taxonomy":"category","embeddable":true,"href":"http:\/\/blogdalucianaoliveira.com.br\/blog\/wp-json\/wp\/v2\/categories?post=33794"},{"taxonomy":"post_tag","embeddable":true,"href":"http:\/\/blogdalucianaoliveira.com.br\/blog\/wp-json\/wp\/v2\/tags?post=33794"}],"curies":[{"name":"wp","href":"https:\/\/api.w.org\/{rel}","templated":true}]}}