{"id":33797,"date":"2022-06-13T11:17:09","date_gmt":"2022-06-13T15:17:09","guid":{"rendered":"http:\/\/blogdalucianaoliveira.com.br\/blog\/?p=33797"},"modified":"2022-06-13T11:17:13","modified_gmt":"2022-06-13T15:17:13","slug":"8-dos-10-municipios-que-mais-emitem-gases-do-aquecimento-global-no-brasil-estao-na-amazonia","status":"publish","type":"post","link":"http:\/\/blogdalucianaoliveira.com.br\/blog\/2022\/06\/13\/8-dos-10-municipios-que-mais-emitem-gases-do-aquecimento-global-no-brasil-estao-na-amazonia\/","title":{"rendered":"8 dos 10 munic\u00edpios que mais emitem gases do aquecimento global no Brasil est\u00e3o na Amaz\u00f4nia"},"content":{"rendered":"\n<figure class=\"wp-block-image size-large\"><img data-recalc-dims=\"1\" loading=\"lazy\" decoding=\"async\" width=\"600\" height=\"423\" data-attachment-id=\"33798\" data-permalink=\"http:\/\/blogdalucianaoliveira.com.br\/blog\/2022\/06\/13\/8-dos-10-municipios-que-mais-emitem-gases-do-aquecimento-global-no-brasil-estao-na-amazonia\/03af5170-40ce-463a-839c-9db561f7328f\/\" data-orig-file=\"https:\/\/i0.wp.com\/blogdalucianaoliveira.com.br\/blog\/wp-content\/uploads\/2022\/06\/03AF5170-40CE-463A-839C-9DB561F7328F.jpeg?fit=954%2C672\" data-orig-size=\"954,672\" data-comments-opened=\"0\" data-image-meta=\"{&quot;aperture&quot;:&quot;0&quot;,&quot;credit&quot;:&quot;&quot;,&quot;camera&quot;:&quot;&quot;,&quot;caption&quot;:&quot;&quot;,&quot;created_timestamp&quot;:&quot;0&quot;,&quot;copyright&quot;:&quot;&quot;,&quot;focal_length&quot;:&quot;0&quot;,&quot;iso&quot;:&quot;0&quot;,&quot;shutter_speed&quot;:&quot;0&quot;,&quot;title&quot;:&quot;&quot;,&quot;orientation&quot;:&quot;0&quot;}\" data-image-title=\"03AF5170-40CE-463A-839C-9DB561F7328F\" data-image-description=\"\" data-image-caption=\"\" data-medium-file=\"https:\/\/i0.wp.com\/blogdalucianaoliveira.com.br\/blog\/wp-content\/uploads\/2022\/06\/03AF5170-40CE-463A-839C-9DB561F7328F.jpeg?fit=300%2C211\" data-large-file=\"https:\/\/i0.wp.com\/blogdalucianaoliveira.com.br\/blog\/wp-content\/uploads\/2022\/06\/03AF5170-40CE-463A-839C-9DB561F7328F.jpeg?fit=600%2C423\" src=\"https:\/\/i0.wp.com\/blogdalucianaoliveira.com.br\/blog\/wp-content\/uploads\/2022\/06\/03AF5170-40CE-463A-839C-9DB561F7328F.jpeg?resize=600%2C423\" alt=\"\" class=\"wp-image-33798\" srcset=\"https:\/\/i0.wp.com\/blogdalucianaoliveira.com.br\/blog\/wp-content\/uploads\/2022\/06\/03AF5170-40CE-463A-839C-9DB561F7328F.jpeg?w=954 954w, https:\/\/i0.wp.com\/blogdalucianaoliveira.com.br\/blog\/wp-content\/uploads\/2022\/06\/03AF5170-40CE-463A-839C-9DB561F7328F.jpeg?resize=300%2C211 300w, https:\/\/i0.wp.com\/blogdalucianaoliveira.com.br\/blog\/wp-content\/uploads\/2022\/06\/03AF5170-40CE-463A-839C-9DB561F7328F.jpeg?resize=768%2C541 768w, https:\/\/i0.wp.com\/blogdalucianaoliveira.com.br\/blog\/wp-content\/uploads\/2022\/06\/03AF5170-40CE-463A-839C-9DB561F7328F.jpeg?resize=426%2C300 426w\" sizes=\"auto, (max-width: 600px) 100vw, 600px\" \/><\/figure>\n\n\n\n<h4 class=\"wp-block-heading\">Nova estimativa do Sistema de Estimativas de Emiss\u00f5es e Remo\u00e7\u00f5es de Gases de Efeito Estufa (SEEG) foi divulgada nesta segunda-feira (13). Apesar de menos populosa, regi\u00e3o Norte do pa\u00eds representa 60% do carbono liberado pelo Brasil.&nbsp;<\/h4>\n\n\n\n<!--more-->\n\n\n\n<p>Por Carolina Dantas, g1<\/p>\n\n\n\n<p>Entre os 10 munic\u00edpios brasileiros que mais emitem gases do efeito estufa, os causadores do aquecimento global,&nbsp;<strong>oito est\u00e3o na Amaz\u00f4nia \u2014 cinco deles no estado do Par\u00e1<\/strong>. Os dados s\u00e3o referentes ao ano de 2019, estimativa mais recente dispon\u00edvel para o pa\u00eds, e foram divulgados nesta segunda-feira (13) pelo Sistema de Estimativas de Emiss\u00f5es e Remo\u00e7\u00f5es de Gases de Efeito Estufa (SEEG).&nbsp;<\/p>\n\n\n\n<p><a href=\"https:\/\/g1.globo.com\/pa\/para\/cidade\/altamira\/\">Altamira<\/a>&nbsp;(PA),&nbsp;<a href=\"https:\/\/g1.globo.com\/pa\/para\/cidade\/sao-felix-do-xingu\/\">S\u00e3o F\u00e9lix do Xingu<\/a>&nbsp;(PA) e&nbsp;<a href=\"https:\/\/g1.globo.com\/ro\/rondonia\/cidade\/porto-velho\/\">Porto Velho<\/a>&nbsp;(RO) lideram entre os 5.570 munic\u00edpios brasileiros. Todas as oito cidades da Amaz\u00f4nia est\u00e3o no topo da lista pelo mesmo motivo: desmatamento. A regi\u00e3o Norte representa 60% de todo o carbono liberado no pa\u00eds.&nbsp;<\/p>\n\n\n\n<p><strong>Munic\u00edpios e emiss\u00f5es de gases do efeito estufa (dados em milh\u00f5es de toneladas de CO2e):<\/strong><\/p>\n\n\n\n<ol class=\"wp-block-list\"><li><a href=\"https:\/\/g1.globo.com\/pa\/para\/cidade\/altamira\/\"><strong>Altamira<\/strong><\/a>&nbsp;\u2013 35,2&nbsp;<\/li><li><a href=\"https:\/\/g1.globo.com\/pa\/para\/cidade\/sao-felix-do-xingu\/\"><strong>S\u00e3o F\u00e9lix do Xingu<\/strong><\/a>&nbsp;\u2013 28, 9<\/li><li><a href=\"https:\/\/g1.globo.com\/ro\/rondonia\/cidade\/porto-velho\/\"><strong>Porto Velho<\/strong><\/a><strong>&nbsp;<\/strong>\u2013 23,3<\/li><li><a href=\"https:\/\/g1.globo.com\/am\/amazonas\/cidade\/labrea\/\"><strong>L\u00e1brea<\/strong><\/a>&nbsp;\u2013 23,2&nbsp;<\/li><li><a href=\"https:\/\/g1.globo.com\/sp\/sao-paulo\/cidade\/sao-paulo\/\"><strong>S\u00e3o Paulo<\/strong><\/a>&nbsp;\u2013 16,6<\/li><li><strong>Pacaj\u00e1<\/strong>&nbsp;\u2013 16,2<\/li><li><a href=\"https:\/\/g1.globo.com\/pa\/para\/cidade\/novo-progresso\/\"><strong>Novo Progresso<\/strong><\/a>&nbsp;\u2013 14,9<\/li><li><a href=\"https:\/\/g1.globo.com\/rj\/rio-de-janeiro\/cidade\/rio-de-janeiro\/\"><strong>Rio de Janeiro<\/strong><\/a>&nbsp;\u2013 13,8<\/li><li><a href=\"https:\/\/g1.globo.com\/mt\/mato-grosso\/cidade\/colniza\/\"><strong>Colniza<\/strong><\/a>&nbsp;\u2013 13,5<\/li><li><strong>Apu\u00ed&nbsp;<\/strong>\u2013 12,5<\/li><li><a href=\"https:\/\/g1.globo.com\/pa\/para\/cidade\/novo-repartimento\/\"><strong>Novo Repartimento<\/strong><\/a>&nbsp;\u2013 11,9<\/li><\/ol>\n\n\n\n<p>Entre as 35,2 milh\u00f5es toneladas de CO2e (unidade de medida que re\u00fane todos gases, do carb\u00f4nico ao metano) emitidas por\u00a0<a href=\"https:\/\/g1.globo.com\/pa\/para\/cidade\/altamira\/\">Altamira<\/a>, 33,4 milh\u00f5es estavam relacionadas com o desmatamento. A cidade paraense tem popula\u00e7\u00e3o estimada em 117 mil habitantes, ou seja, \u00e9 quase 100 vezes menos populosa do que a cidade de\u00a0<a href=\"https:\/\/g1.globo.com\/sp\/sao-paulo\/cidade\/sao-paulo\/\">S\u00e3o Paulo<\/a>, mas contabiliza o dobro das emiss\u00f5es.<\/p>\n\n\n\n<p>Se\u00a0<a href=\"https:\/\/g1.globo.com\/pa\/para\/cidade\/altamira\/\">Altamira<\/a>\u00a0fosse um pa\u00eds, estaria no 108\u00ba lugar no mundo em emiss\u00f5es de gases de efeito estufa, atr\u00e1s da Su\u00e9cia e da Noruega. Em 2019, ano da estimativa do SEEG,\u00a0<a href=\"https:\/\/g1.globo.com\/pa\/para\/cidade\/altamira\/\">Altamira<\/a>\u00a0foi a l\u00edder em desmatamento da Amaz\u00f4nia, com 575 km\u00b2 de floresta perdidos, e tamb\u00e9m vice-l\u00edder em queimadas, com 3,8 mil focos de calor detectados, segundo dados do Instituto Nacional de Pesquisas Espaciais (<a href=\"https:\/\/g1.globo.com\/tudo-sobre\/inpe\/\">Inpe<\/a>).<\/p>\n\n\n\n<p>A estimativa por munic\u00edpio feita pelo SEEG, projeto do Observat\u00f3rio do Clima, organiza\u00e7\u00e3o com mais de 70 representantes da sociedade civil, \u00e9 gerada segundo as diretrizes do Painel Intergovernamental sobre Mudan\u00e7as Clim\u00e1ticas (<a href=\"https:\/\/g1.globo.com\/tudo-sobre\/ipcc\/\">IPCC<\/a>) com base nos Invent\u00e1rios Brasileiros de Emiss\u00f5es e Remo\u00e7\u00f5es Antr\u00f3picas de Gases do Efeito Estufa, do Minist\u00e9rio da Ci\u00eancia, Tecnologia, Inova\u00e7\u00f5es e Comunica\u00e7\u00f5es (MCTI).<\/p>\n\n\n\n<h2 class=\"wp-block-heading\">Mas como o desmatamento libera carbono?<\/h2>\n\n\n\n<p>Quando qualquer \u00e1rvore morre, seja por decomposi\u00e7\u00e3o ou por queima, ela emite carbono. Para os dados do SEEG, a unidade de medida \u00e9 a tonelada de CO2, mas a floresta derrubada tamb\u00e9m emite outros gases: o metano (CH4), que equivale a 25 toneladas de CO2; e o \u00f3xido nitroso (N2O), que equivale a 270 toneladas.&nbsp;<\/p>\n\n\n\n<p>&#8220;Se a floresta tem 200 toneladas de carbono vivas, e essas 200 toneladas v\u00e3o oxidando depois do desmate, o carbono vira CO2 e, se est\u00e1 em condi\u00e7\u00f5es anaer\u00f3bicas (sem oxig\u00eanio), pode at\u00e9 virar metano&#8221;, explica Tasso Azevedo, coordenador do SEEG.&nbsp;<\/p>\n\n\n\n<p>\u00c9 por isso que os munic\u00edpios da Amaz\u00f4nia apresentam dados alt\u00edssimos de emiss\u00f5es por habitante \u2014 eles t\u00eam poucos moradores, mas muito desmate.&nbsp;<a href=\"https:\/\/g1.globo.com\/pa\/para\/cidade\/novo-progresso\/\">Novo Progresso<\/a>, que registrou o&nbsp;<a href=\"https:\/\/g1.globo.com\/pa\/para\/noticia\/2020\/08\/10\/dia-do-fogo-completa-um-ano-com-apenas-5percent-dos-responsaveis-punidos-aponta-greenpeace.ghtml\">Dia do Fogo<\/a>em 2019, uma a\u00e7\u00e3o coordenada por&nbsp;<a href=\"https:\/\/g1.globo.com\/pa\/santarem-regiao\/noticia\/2019\/10\/23\/dia-do-fogo-foi-combinado-em-grupos-de-mensagens-revela-policia-federal.ghtml\">fazendeiros, empres\u00e1rios e produtores rurais para queimar \u00e1reas protegidas pr\u00f3ximas \u00e0 BR-163<\/a>, tem o maior \u00edndice per capita do pa\u00eds: s\u00e3o 580 toneladas de CO2 por ano. A m\u00e9dia global anual \u00e9 de 7 toneladas de CO2e por habitante.&nbsp;<\/p>\n\n\n\n<blockquote class=\"wp-block-quote is-layout-flow wp-block-quote-is-layout-flow\"><p>Ou seja: em&nbsp;<a href=\"https:\/\/g1.globo.com\/pa\/para\/cidade\/novo-progresso\/\">Novo Progresso<\/a>, se o dado representasse de fato as emiss\u00f5es das pessoas, e n\u00e3o o desmatamento da regi\u00e3o, seria como se cada cidad\u00e3o estivesse dirigindo, todos os dias, mais de 500 carros por um trajeto 20 km.<\/p><\/blockquote>\n\n\n\n<figure class=\"wp-block-image\"><img data-recalc-dims=\"1\" decoding=\"async\" src=\"https:\/\/i0.wp.com\/s2.glbimg.com\/fEb_7do0avDU9s8F064BvKp3chw%3D\/52x44%3A1280x728\/984x0\/smart\/filters%3Astrip_icc%28%29\/i.s3.glbimg.com\/v1\/AUTH_59edd422c0c84a879bd37670ae4f538a\/internal_photos\/bs\/2019\/U\/Z\/Qv9f5HQzqLBl99R9EvNg\/20190810-exemplo-desmates-queimas-plumas-brs230-163-am-pa-mt.jpg?w=600&#038;ssl=1\" alt=\"Imagem de sat\u00e9lite capturada pelo Inpe no dia 10 de agosto mostra fogo em Novo Progresso \u2014 Foto: Programa Queimadas\/G1\"\/><\/figure>\n\n\n\n<p>Imagem de sat\u00e9lite capturada pelo Inpe no dia 10 de agosto mostra fogo em Novo Progresso \u2014 Foto: Programa Queimadas\/G1&nbsp;<\/p>\n\n\n\n<h2 class=\"wp-block-heading\"><a href=\"https:\/\/g1.globo.com\/sp\/sao-paulo\/cidade\/sao-paulo\/\">S\u00e3o Paulo<\/a>&nbsp;e&nbsp;<a href=\"https:\/\/g1.globo.com\/rj\/rio-de-janeiro\/cidade\/rio-de-janeiro\/\">Rio de Janeiro<\/a><\/h2>\n\n\n\n<p><a href=\"https:\/\/g1.globo.com\/sp\/sao-paulo\/cidade\/sao-paulo\/\">S\u00e3o Paulo<\/a>&nbsp;e&nbsp;<a href=\"https:\/\/g1.globo.com\/rj\/rio-de-janeiro\/cidade\/rio-de-janeiro\/\">Rio de Janeiro<\/a>&nbsp;s\u00e3o o ponto fora da curva na lista de 10 munic\u00edpios que mais emitem no pa\u00eds. As metr\u00f3poles apresentam causas diferentes para libera\u00e7\u00e3o do carbono: energia e res\u00edduos.&nbsp;<\/p>\n\n\n\n<p>As cidades mais populosas t\u00eam no setor de energia sua principal causa de libera\u00e7\u00e3o de carbono &#8211; que tamb\u00e9m \u00e9 o principal motivo das emiss\u00f5es do planeta, representando 76% do total, segundo dados da&nbsp;<a href=\"https:\/\/www.climatewatchdata.org\/ghg-emissions?breakBy=sector&amp;chartType=percentage&amp;end_year=2019&amp;start_year=1990\" target=\"_blank\" rel=\"noreferrer noopener\">plataforma Climate Watch<\/a>.&nbsp;<\/p>\n\n\n\n<p>A capital paulista lidera as emiss\u00f5es no setor de energia com 11,9 milh\u00f5es de toneladas de CO2e. Apesar de n\u00e3o estar na lista geral das 10 cidades mais emissoras, Manaus \u00e9 a segunda cidade que mais libera carbono para a produ\u00e7\u00e3o energ\u00e9tica no pa\u00eds: s\u00e3o 7,5 milh\u00f5es de toneladas de CO2e. Em terceiro lugar pelo setor, est\u00e1 o Rio.<\/p>\n\n\n\n<p>A capital do Amazonas, apesar de ter metade da popula\u00e7\u00e3o da carioca, tem o maior n\u00famero de termoel\u00e9tricas do pa\u00eds &#8211; causa da alta taxa de emiss\u00f5es. Em momentos de crise h\u00eddrica, o governo tende a aumentar esse tipo de gera\u00e7\u00e3o de energia, que \u00e9 feita por meio da queima de combust\u00edveis como \u00f3leo e g\u00e1s natural. O modelo \u00e9 mais emissor de carbono do que o solar, e\u00f3lico e hidrel\u00e9trico.&nbsp;<\/p>\n\n\n\n<p>J\u00e1 o setor de res\u00edduos &#8211; do lixo produzido pelo brasileiro &#8211; representa 5% da contribui\u00e7\u00e3o do pa\u00eds para o aquecimento global. O Rio \u00e9 o maior respons\u00e1vel, com 5,5 milh\u00f5es de toneladas de CO2e \u2014&nbsp;<a href=\"https:\/\/g1.globo.com\/sp\/sao-paulo\/cidade\/sao-paulo\/\">S\u00e3o Paulo<\/a>&nbsp;re\u00fane mais habitantes, mas tem um aproveitamento energ\u00e9tico de biog\u00e1s de aterros sanit\u00e1rios que reduz o \u00edndice na compara\u00e7\u00e3o com os cariocas.&nbsp;<\/p>\n\n\n\n<h2 class=\"wp-block-heading\">Munic\u00edpios negativados<\/h2>\n\n\n\n<p>Um grupo de 11 munic\u00edpios brasileiros tem emiss\u00f5es negativas. Como isso \u00e9 poss\u00edvel?&nbsp;<\/p>\n\n\n\n<p>Caieiras, no interior de\u00a0<a href=\"https:\/\/g1.globo.com\/sp\/sao-paulo\/cidade\/sao-paulo\/\">S\u00e3o Paulo<\/a>, teve &#8211; 1.264 milh\u00f5es de toneladas de CO2e liberadas na atmosfera. Felipe Barcellos e Silva, pesquisador do Instituto de Energia e Meio Ambiente (IEMA), explica que essas 11 cidades t\u00eam aterros sanit\u00e1rios que, al\u00e9m de receber res\u00edduos de outras regi\u00f5es do pa\u00eds, ainda utilizam as emiss\u00f5es para a produ\u00e7\u00e3o de energia.<\/p>\n\n\n\n<p>&#8220;S\u00e3o munic\u00edpios que t\u00eam aterro sanit\u00e1rio e que recebem res\u00edduos s\u00f3lidos de outros munic\u00edpios. E, por outro lado, eles aproveitam o g\u00e1s metano que \u00e9 produzido nesse aterro sanit\u00e1rio. Ent\u00e3o, na verdade, \u00e9 uma quest\u00e3o de c\u00e1lculo: a emiss\u00e3o est\u00e1 contabilizada na cidade da produ\u00e7\u00e3o do lixo, mas o aproveitamento fica contabilizado na cidade que recebeu o res\u00edduo&#8221;, explica.<\/p>\n","protected":false},"excerpt":{"rendered":"<p>Nova estimativa do Sistema de Estimativas de Emiss\u00f5es e Remo\u00e7\u00f5es de Gases de Efeito Estufa (SEEG) foi divulgada nesta segunda-feira (13). Apesar de menos populosa, regi\u00e3o Norte do pa\u00eds representa 60% do carbono liberado pelo Brasil.&nbsp;<\/p>\n","protected":false},"author":1,"featured_media":0,"comment_status":"closed","ping_status":"open","sticky":false,"template":"","format":"standard","meta":{"_exactmetrics_skip_tracking":false,"_exactmetrics_sitenote_active":false,"_exactmetrics_sitenote_note":"","_exactmetrics_sitenote_category":0,"jetpack_post_was_ever_published":false,"_jetpack_newsletter_access":"","_jetpack_dont_email_post_to_subs":false,"_jetpack_newsletter_tier_id":0,"_jetpack_memberships_contains_paywalled_content":false,"_jetpack_memberships_contains_paid_content":false,"footnotes":"","jetpack_publicize_message":"","jetpack_publicize_feature_enabled":true,"jetpack_social_post_already_shared":true,"jetpack_social_options":{"image_generator_settings":{"template":"highway","enabled":false},"version":2}},"categories":[1],"tags":[252,387,739,8,7],"class_list":["post-33797","post","type-post","status-publish","format-standard","hentry","category-notas","tag-amazonia","tag-desmatamento","tag-efeito-estufa","tag-porto-velho","tag-rondonia"],"jetpack_publicize_connections":[],"jetpack_sharing_enabled":true,"jetpack_featured_media_url":"","jetpack_shortlink":"https:\/\/wp.me\/p7wKYW-8N7","jetpack-related-posts":[],"_links":{"self":[{"href":"http:\/\/blogdalucianaoliveira.com.br\/blog\/wp-json\/wp\/v2\/posts\/33797","targetHints":{"allow":["GET"]}}],"collection":[{"href":"http:\/\/blogdalucianaoliveira.com.br\/blog\/wp-json\/wp\/v2\/posts"}],"about":[{"href":"http:\/\/blogdalucianaoliveira.com.br\/blog\/wp-json\/wp\/v2\/types\/post"}],"author":[{"embeddable":true,"href":"http:\/\/blogdalucianaoliveira.com.br\/blog\/wp-json\/wp\/v2\/users\/1"}],"replies":[{"embeddable":true,"href":"http:\/\/blogdalucianaoliveira.com.br\/blog\/wp-json\/wp\/v2\/comments?post=33797"}],"version-history":[{"count":1,"href":"http:\/\/blogdalucianaoliveira.com.br\/blog\/wp-json\/wp\/v2\/posts\/33797\/revisions"}],"predecessor-version":[{"id":33799,"href":"http:\/\/blogdalucianaoliveira.com.br\/blog\/wp-json\/wp\/v2\/posts\/33797\/revisions\/33799"}],"wp:attachment":[{"href":"http:\/\/blogdalucianaoliveira.com.br\/blog\/wp-json\/wp\/v2\/media?parent=33797"}],"wp:term":[{"taxonomy":"category","embeddable":true,"href":"http:\/\/blogdalucianaoliveira.com.br\/blog\/wp-json\/wp\/v2\/categories?post=33797"},{"taxonomy":"post_tag","embeddable":true,"href":"http:\/\/blogdalucianaoliveira.com.br\/blog\/wp-json\/wp\/v2\/tags?post=33797"}],"curies":[{"name":"wp","href":"https:\/\/api.w.org\/{rel}","templated":true}]}}