{"id":33800,"date":"2022-06-13T13:36:34","date_gmt":"2022-06-13T17:36:34","guid":{"rendered":"http:\/\/blogdalucianaoliveira.com.br\/blog\/?p=33800"},"modified":"2022-06-13T15:43:34","modified_gmt":"2022-06-13T19:43:34","slug":"bolsonaro-tem-culpa-pelas-mortes-de-bruno-e-dom-phillips","status":"publish","type":"post","link":"http:\/\/blogdalucianaoliveira.com.br\/blog\/2022\/06\/13\/bolsonaro-tem-culpa-pelas-mortes-de-bruno-e-dom-phillips\/","title":{"rendered":"Bolsonaro tem culpa por prov\u00e1vel assassinato de indigenista e jornalista"},"content":{"rendered":"\n<figure class=\"wp-block-image size-large\"><img data-recalc-dims=\"1\" loading=\"lazy\" decoding=\"async\" width=\"600\" height=\"381\" data-attachment-id=\"33801\" data-permalink=\"http:\/\/blogdalucianaoliveira.com.br\/blog\/2022\/06\/13\/bolsonaro-tem-culpa-pelas-mortes-de-bruno-e-dom-phillips\/1821bb8d-2111-4af3-bd0d-aa32a5d13ed2\/\" data-orig-file=\"https:\/\/i0.wp.com\/blogdalucianaoliveira.com.br\/blog\/wp-content\/uploads\/2022\/06\/1821BB8D-2111-4AF3-BD0D-AA32A5D13ED2.jpeg?fit=703%2C446\" data-orig-size=\"703,446\" data-comments-opened=\"0\" data-image-meta=\"{&quot;aperture&quot;:&quot;0&quot;,&quot;credit&quot;:&quot;&quot;,&quot;camera&quot;:&quot;&quot;,&quot;caption&quot;:&quot;&quot;,&quot;created_timestamp&quot;:&quot;0&quot;,&quot;copyright&quot;:&quot;&quot;,&quot;focal_length&quot;:&quot;0&quot;,&quot;iso&quot;:&quot;0&quot;,&quot;shutter_speed&quot;:&quot;0&quot;,&quot;title&quot;:&quot;&quot;,&quot;orientation&quot;:&quot;1&quot;}\" data-image-title=\"1821BB8D-2111-4AF3-BD0D-AA32A5D13ED2\" data-image-description=\"\" data-image-caption=\"\" data-medium-file=\"https:\/\/i0.wp.com\/blogdalucianaoliveira.com.br\/blog\/wp-content\/uploads\/2022\/06\/1821BB8D-2111-4AF3-BD0D-AA32A5D13ED2.jpeg?fit=300%2C190\" data-large-file=\"https:\/\/i0.wp.com\/blogdalucianaoliveira.com.br\/blog\/wp-content\/uploads\/2022\/06\/1821BB8D-2111-4AF3-BD0D-AA32A5D13ED2.jpeg?fit=600%2C381\" src=\"https:\/\/i0.wp.com\/blogdalucianaoliveira.com.br\/blog\/wp-content\/uploads\/2022\/06\/1821BB8D-2111-4AF3-BD0D-AA32A5D13ED2.jpeg?resize=600%2C381\" alt=\"\" class=\"wp-image-33801\" srcset=\"https:\/\/i0.wp.com\/blogdalucianaoliveira.com.br\/blog\/wp-content\/uploads\/2022\/06\/1821BB8D-2111-4AF3-BD0D-AA32A5D13ED2.jpeg?w=703 703w, https:\/\/i0.wp.com\/blogdalucianaoliveira.com.br\/blog\/wp-content\/uploads\/2022\/06\/1821BB8D-2111-4AF3-BD0D-AA32A5D13ED2.jpeg?resize=300%2C190 300w, https:\/\/i0.wp.com\/blogdalucianaoliveira.com.br\/blog\/wp-content\/uploads\/2022\/06\/1821BB8D-2111-4AF3-BD0D-AA32A5D13ED2.jpeg?resize=473%2C300 473w\" sizes=\"auto, (max-width: 600px) 100vw, 600px\" \/><\/figure>\n\n\n\n<p>Queria n\u00e3o dizer isso sobre o presidente da rep\u00fablica, mas sou jornalista em Rond\u00f4nia, por\u00e7\u00e3o da Amaz\u00f4nia que sofre com os impactos dos discursos e pol\u00edticas antiambientais desse governo maldito.<\/p>\n\n\n\n<p>Da campanha a posse de Bolsonaro, testemunhei o crescimento dos ataques \u00e0s florestas, aos povos que vivem nelas, \u00e0 jornalistas e ativistas ambientais. <\/p>\n\n\n\n<!--more-->\n\n\n\n<p>Vi aumentar dia a dia o perigo a jornalistas e ativistas que Bolsonaro acusou de agirem contra os interesses do pa\u00eds.&nbsp;<\/p>\n\n\n\n<p>No m\u00eas em que Jair Bolsonaro tomou posse como presidente decidi empenhar meus esfor\u00e7os, sozinha e sem recursos, \u00e0 cobertura do desmantelo ambiental no estado.&nbsp;<\/p>\n\n\n\n<p>Fui a v\u00e1rios territ\u00f3rios ind\u00edgenas, quilombolas e reservas extrativistas para mostrar como e por que, estavam sendo invadidos com mais velocidade e viol\u00eancia.<\/p>\n\n\n\n<p>Ningu\u00e9m me contou. Eu vi e divulguei amea\u00e7as e crimes contra os povos origin\u00e1rios e ao meio ambiente.&nbsp;<\/p>\n\n\n\n<p>Tamb\u00e9m chamaram de aventura o meu trabalho, como Bolsonaro fez ao saber do desaparecimento do indigenista Bruno Pereira e do jornalista brit\u00e2nico Dom Phillips, na Terra Ind\u00edgena do Vale do Javari, no Amazonas.&nbsp;<\/p>\n\n\n\n<p>Tamb\u00e9m sofri amea\u00e7as. Nas redes sociais e pessoalmente.&nbsp;<\/p>\n\n\n\n<p>Sigo desafiando narrativas oficiais e cada vez com mais dificuldade e medo.<\/p>\n\n\n\n<p>Por isso posso dizer que Bolsonaro tem responsabilidade sim, com os assassinatos de Bruno e Dom. E que ter\u00e1 tamb\u00e9m por outros que ocorram em raz\u00e3o de den\u00fancias de crimes ambientais, pois s\u00e3o estimulados com a\u00e7\u00f5es e omiss\u00f5es do governo.&nbsp;<\/p>\n\n\n\n<p>Com o enfraquecimento dos \u00f3rg\u00e3os de fiscaliza\u00e7\u00e3o e a parceria criminosa de governos com legislativos, invasores de \u00e1reas protegidas agem confiantes na impunidade.<\/p>\n\n\n\n<p>N\u00e3o \u00e0 toa, Bolsonaro lidera as pesquisas de inten\u00e7\u00e3o de votos no meu estado.<\/p>\n\n\n\n<p>Quem invade, destr\u00f3i a mata, mata e quer mais.&nbsp;<\/p>\n\n\n\n<p>A capital, Porto Velho, aparece hoje em terceiro lugar no ranking de munic\u00edpios com mais emiss\u00f5es de gases do efeito estufa, resultado do desmatamento acelerado.&nbsp;<\/p>\n\n\n\n<p>Qualquer jornalista e ativista que se oponha ou denuncie conflitos entre quem destr\u00f3i e quem protege, corre o risco de ser assassinado.&nbsp;<\/p>\n\n\n\n<p>H\u00e1 dois anos mataram Ari Uru Eu Wau Wau, guardi\u00e3o da floresta. Ele fazia parte de um grupo que monitorava invas\u00f5es nas aldeias de seu povo. Quem matou e quem mandou matar, n\u00e3o se sabe.&nbsp;<\/p>\n\n\n\n<p>Hoje Bruno e Dom Phillips?<\/p>\n\n\n\n<p>Amanh\u00e3, por que n\u00e3o eu? Por que n\u00e3o a Neidinha Surui, uma das protagonistas do premiado filme The Territory, que exp\u00f4s ao mundo o mal que Bolsonaro faz \u00e0 Amaz\u00f4nia e a seus povos? <\/p>\n\n\n\n<p>Floresta em p\u00e9 nenhuma vida a menos!<\/p>\n\n\n\n<p>\u00c9 urgente acabar com esse governo, com a destrui\u00e7\u00e3o das florestas e as mortes dos que defendem a vida.&nbsp;<\/p>\n\n\n\n<p>Eleger Bolsonaro presidente foi uma aventura desgra\u00e7ada.&nbsp;<br><\/p>\n","protected":false},"excerpt":{"rendered":"<p>Queria n\u00e3o dizer isso sobre o presidente da rep\u00fablica, mas sou jornalista em Rond\u00f4nia, por\u00e7\u00e3o da Amaz\u00f4nia que sofre com os impactos dos discursos e pol\u00edticas antiambientais desse governo maldito. Da campanha a posse de Bolsonaro, testemunhei o crescimento dos ataques \u00e0s florestas, aos povos que vivem nelas, \u00e0 jornalistas e ativistas ambientais.<\/p>\n","protected":false},"author":1,"featured_media":0,"comment_status":"closed","ping_status":"open","sticky":false,"template":"","format":"standard","meta":{"_exactmetrics_skip_tracking":false,"_exactmetrics_sitenote_active":false,"_exactmetrics_sitenote_note":"","_exactmetrics_sitenote_category":0,"jetpack_post_was_ever_published":false,"_jetpack_newsletter_access":"","_jetpack_dont_email_post_to_subs":false,"_jetpack_newsletter_tier_id":0,"_jetpack_memberships_contains_paywalled_content":false,"_jetpack_memberships_contains_paid_content":false,"footnotes":"","jetpack_publicize_message":"","jetpack_publicize_feature_enabled":true,"jetpack_social_post_already_shared":true,"jetpack_social_options":{"image_generator_settings":{"template":"highway","enabled":false},"version":2}},"categories":[1],"tags":[252,741,740,7],"class_list":["post-33800","post","type-post","status-publish","format-standard","hentry","category-notas","tag-amazonia","tag-bruno-araujo-pereira","tag-dom-phillips","tag-rondonia"],"jetpack_publicize_connections":[],"jetpack_sharing_enabled":true,"jetpack_featured_media_url":"","jetpack_shortlink":"https:\/\/wp.me\/p7wKYW-8Na","jetpack-related-posts":[],"_links":{"self":[{"href":"http:\/\/blogdalucianaoliveira.com.br\/blog\/wp-json\/wp\/v2\/posts\/33800","targetHints":{"allow":["GET"]}}],"collection":[{"href":"http:\/\/blogdalucianaoliveira.com.br\/blog\/wp-json\/wp\/v2\/posts"}],"about":[{"href":"http:\/\/blogdalucianaoliveira.com.br\/blog\/wp-json\/wp\/v2\/types\/post"}],"author":[{"embeddable":true,"href":"http:\/\/blogdalucianaoliveira.com.br\/blog\/wp-json\/wp\/v2\/users\/1"}],"replies":[{"embeddable":true,"href":"http:\/\/blogdalucianaoliveira.com.br\/blog\/wp-json\/wp\/v2\/comments?post=33800"}],"version-history":[{"count":2,"href":"http:\/\/blogdalucianaoliveira.com.br\/blog\/wp-json\/wp\/v2\/posts\/33800\/revisions"}],"predecessor-version":[{"id":33803,"href":"http:\/\/blogdalucianaoliveira.com.br\/blog\/wp-json\/wp\/v2\/posts\/33800\/revisions\/33803"}],"wp:attachment":[{"href":"http:\/\/blogdalucianaoliveira.com.br\/blog\/wp-json\/wp\/v2\/media?parent=33800"}],"wp:term":[{"taxonomy":"category","embeddable":true,"href":"http:\/\/blogdalucianaoliveira.com.br\/blog\/wp-json\/wp\/v2\/categories?post=33800"},{"taxonomy":"post_tag","embeddable":true,"href":"http:\/\/blogdalucianaoliveira.com.br\/blog\/wp-json\/wp\/v2\/tags?post=33800"}],"curies":[{"name":"wp","href":"https:\/\/api.w.org\/{rel}","templated":true}]}}