{"id":33804,"date":"2022-06-14T09:40:51","date_gmt":"2022-06-14T13:40:51","guid":{"rendered":"http:\/\/blogdalucianaoliveira.com.br\/blog\/?p=33804"},"modified":"2022-06-14T09:40:55","modified_gmt":"2022-06-14T13:40:55","slug":"caso-bruno-e-phillips-escancara-o-perigo-de-defender-a-floresta-no-brasil-veja-casos-recentes","status":"publish","type":"post","link":"http:\/\/blogdalucianaoliveira.com.br\/blog\/2022\/06\/14\/caso-bruno-e-phillips-escancara-o-perigo-de-defender-a-floresta-no-brasil-veja-casos-recentes\/","title":{"rendered":"Caso Bruno e Phillips escancara o perigo de defender a floresta no Brasil; veja casos recentes"},"content":{"rendered":"\n<figure class=\"wp-block-image size-large\"><img data-recalc-dims=\"1\" loading=\"lazy\" decoding=\"async\" width=\"600\" height=\"399\" data-attachment-id=\"33805\" data-permalink=\"http:\/\/blogdalucianaoliveira.com.br\/blog\/2022\/06\/14\/caso-bruno-e-phillips-escancara-o-perigo-de-defender-a-floresta-no-brasil-veja-casos-recentes\/brazil-missing-media-indigenous-protest\/\" data-orig-file=\"https:\/\/i0.wp.com\/blogdalucianaoliveira.com.br\/blog\/wp-content\/uploads\/2022\/06\/B7E29BFA-E426-4465-B248-25065DB4EA7E.jpeg?fit=800%2C532\" data-orig-size=\"800,532\" data-comments-opened=\"0\" data-image-meta=\"{&quot;aperture&quot;:&quot;0&quot;,&quot;credit&quot;:&quot;AFP&quot;,&quot;camera&quot;:&quot;&quot;,&quot;caption&quot;:&quot;Employees of the National Indigenous Foundation protest over missing British journalist Dom Phillips and Brazilian Indigenous affairs specialist Bruno Pereira, in Brasilia, on June 9, 2022. - The family of a British journalist missing in the Amazon urged British and Brazilian authorities in London on Thursday to step up their efforts to find him. Dom Phillips, 57, a regular contributor to The Guardian, and Bruno Pereira, 41, a specialist in indigenous peoples, were reported missing on Sunday after they ventured into the middle of the Amazon rainforest. (Photo by EVARISTO SA \\\/ AFP)&quot;,&quot;created_timestamp&quot;:&quot;1654799567&quot;,&quot;copyright&quot;:&quot;AFP or licensors&quot;,&quot;focal_length&quot;:&quot;0&quot;,&quot;iso&quot;:&quot;0&quot;,&quot;shutter_speed&quot;:&quot;0&quot;,&quot;title&quot;:&quot;BRAZIL-MISSING-MEDIA-INDIGENOUS-PROTEST&quot;,&quot;orientation&quot;:&quot;0&quot;}\" data-image-title=\"BRAZIL-MISSING-MEDIA-INDIGENOUS-PROTEST\" data-image-description=\"\" data-image-caption=\"&lt;p&gt;Employees of the National Indigenous Foundation protest over missing British journalist Dom Phillips and Brazilian Indigenous affairs specialist Bruno Pereira, in Brasilia, on June 9, 2022. &amp;#8211; The family of a British journalist missing in the Amazon urged British and Brazilian authorities in London on Thursday to step up their efforts to find him. Dom Phillips, 57, a regular contributor to The Guardian, and Bruno Pereira, 41, a specialist in indigenous peoples, were reported missing on Sunday after they ventured into the middle of the Amazon rainforest. (Photo by EVARISTO SA \/ AFP)&lt;\/p&gt;\n\" data-medium-file=\"https:\/\/i0.wp.com\/blogdalucianaoliveira.com.br\/blog\/wp-content\/uploads\/2022\/06\/B7E29BFA-E426-4465-B248-25065DB4EA7E.jpeg?fit=300%2C200\" data-large-file=\"https:\/\/i0.wp.com\/blogdalucianaoliveira.com.br\/blog\/wp-content\/uploads\/2022\/06\/B7E29BFA-E426-4465-B248-25065DB4EA7E.jpeg?fit=600%2C399\" src=\"https:\/\/i0.wp.com\/blogdalucianaoliveira.com.br\/blog\/wp-content\/uploads\/2022\/06\/B7E29BFA-E426-4465-B248-25065DB4EA7E.jpeg?resize=600%2C399\" alt=\"\" class=\"wp-image-33805\" srcset=\"https:\/\/i0.wp.com\/blogdalucianaoliveira.com.br\/blog\/wp-content\/uploads\/2022\/06\/B7E29BFA-E426-4465-B248-25065DB4EA7E.jpeg?w=800 800w, https:\/\/i0.wp.com\/blogdalucianaoliveira.com.br\/blog\/wp-content\/uploads\/2022\/06\/B7E29BFA-E426-4465-B248-25065DB4EA7E.jpeg?resize=300%2C200 300w, https:\/\/i0.wp.com\/blogdalucianaoliveira.com.br\/blog\/wp-content\/uploads\/2022\/06\/B7E29BFA-E426-4465-B248-25065DB4EA7E.jpeg?resize=768%2C511 768w, https:\/\/i0.wp.com\/blogdalucianaoliveira.com.br\/blog\/wp-content\/uploads\/2022\/06\/B7E29BFA-E426-4465-B248-25065DB4EA7E.jpeg?resize=451%2C300 451w\" sizes=\"auto, (max-width: 600px) 100vw, 600px\" \/><figcaption> <\/figcaption><\/figure>\n\n\n\n<h4 class=\"wp-block-heading\">Regi\u00e3o amaz\u00f4nica, onde a dupla desapareceu, concentra mais da metade dos conflitos por terra no pa\u00eds segundo a CPT<\/h4>\n\n\n\n<!--more-->\n\n\n\n<p>Gabriela Moncau &#8211; Brasil de Fato\u00a0<\/p>\n\n\n\n<p>Bruno Pereira aparece sentado no meio da mata da Terra Ind\u00edgena (TI) do Vale do Javari, no Amazonas. Num&nbsp;<a href=\"https:\/\/www.instagram.com\/reel\/CewKa8agU3j\/?igshid=YmMyMTA2M2Y=\" target=\"_blank\" rel=\"noreferrer noopener\">v\u00eddeo antigo que viralizou<\/a>nesta segunda-feira (13), o indigenista &#8211;&nbsp;<a href=\"https:\/\/www.brasildefato.com.br\/2022\/06\/12\/desaparecimento-de-dom-philips-e-bruno-pereira-completa-uma-semana-sem-respostas\" target=\"_blank\" rel=\"noreferrer noopener\">desaparecido com o jornalista ingl\u00eas Dom Phillips desde o \u00faltimo dia 5<\/a>&nbsp;\u2013 marca o ritmo com o p\u00e9 ao entoar um canto ind\u00edgena da regi\u00e3o. Termina rindo junto com pessoas que n\u00e3o aparecem na imagem, dando em seguida dois tragos num cigarro.<\/p>\n\n\n\n<p>O v\u00eddeo, que poderia ser s\u00f3 um registro bonito, ganha ares de como\u00e7\u00e3o em contexto de&nbsp;<a href=\"https:\/\/www.brasildefato.com.br\/2022\/06\/13\/pf-nega-ter-achado-corpos-de-bruno-pereira-e-dom-phillips-bolsonaro-cita-indicios-de-maldade\" target=\"_blank\" rel=\"noreferrer noopener\">informa\u00e7\u00f5es desencontradas<\/a>&nbsp;e press\u00e3o nacional e internacional para que os desaparecidos sejam encontrados.<\/p>\n\n\n\n<p>Como um paradoxo tr\u00e1gico que se retroalimenta, quanto mais o Brasil precisa de defensores dos povos das florestas e seus territ\u00f3rios, mais perigoso \u00e9 ser um deles. Segundo&nbsp;<a href=\"https:\/\/www.brasildefato.com.br\/2022\/04\/18\/amazonia-responde-por-97-das-areas-de-conflito-por-terras-no-brasil-aponta-cpt\" target=\"_blank\" rel=\"noreferrer noopener\">relat\u00f3rio da Comiss\u00e3o Pastoral da Terra<\/a>&nbsp;(CPT) divulgado em abril, o n\u00famero de mortes em conflitos nas zonas rurais do pa\u00eds aumentou 1.000% entre 2020 e 2021.&nbsp;&nbsp;&nbsp;<\/p>\n\n\n\n<p>A regi\u00e3o amaz\u00f4nica, onde Bruno e Dom desapareceram, palco de casos emblem\u00e1ticos de atua\u00e7\u00f5es e execu\u00e7\u00f5es de ativistas ambientais como&nbsp;<a href=\"https:\/\/www.brasildefato.com.br\/2022\/06\/04\/quintais-florestais-o-legado-de-chico-mendes-vive-no-acre-no-bem-viver-na-tv\" target=\"_blank\" rel=\"noreferrer noopener\">Chico Mendes<\/a>&nbsp;e&nbsp;<a href=\"https:\/\/reporterbrasil.org.br\/bolsonaristas-contra-sucessor-dorothy-stang\/\" target=\"_blank\" rel=\"noreferrer noopener\">Dorothy Stang<\/a>, despontou no levantamento feito pela CPT. A Amaz\u00f4nia concentrou 52% de todos os conflitos por terra do pa\u00eds no ano passado. Nos nove estados que comp\u00f5em a Amaz\u00f4nia Legal aconteceram 80% dos assassinatos da\u00ed decorrentes.<\/p>\n\n\n\n<p><a href=\"https:\/\/www.brasildefato.com.br\/2022\/04\/18\/amazonia-responde-por-97-das-areas-de-conflito-por-terras-no-brasil-aponta-cpt\" target=\"_blank\" rel=\"noreferrer noopener\"><strong>:: Amaz\u00f4nia responde por 97% das \u00e1reas de conflito por terras no Brasil, aponta CPT ::<\/strong><\/a><\/p>\n\n\n\n<p>Nesta segunda-feira (13), enquanto equipes policiais e ind\u00edgenas faziam mais um dia de busca no rio Itaqua\u00ed,&nbsp;<a href=\"https:\/\/twitter.com\/irekaron\/status\/1536373191249371136?t=-bf32K_QIi0H7Cno6hqJcw&amp;s=19\" target=\"_blank\" rel=\"noreferrer noopener\">centenas de pessoas protestavam<\/a>&nbsp;em Atalaia do Norte (AM), onde o indigenista e o jornalista planejavam chegar.<\/p>\n\n\n\n<p>Em roda, com cantos e gritos,&nbsp;ind\u00edgenas dos sete povos representados pela Uni\u00e3o dos Povos do Vale do Javari (Univaja) denunciaram a falta de atua\u00e7\u00e3o contra os invasores de seus territ\u00f3rios, a indigna\u00e7\u00e3o com o sumi\u00e7o de Pereira e Phillips e a recorr\u00eancia da viol\u00eancia contra ind\u00edgenas e aliados. Relembre alguns casos recentes:<\/p>\n\n\n\n<p>Sarapo Ka\u2019apor &nbsp;<\/p>\n\n\n\n<p>No \u00faltimo dia 14 de maio, Sarapo Ka\u2019apor, aos 45 anos de idade, comeu um peixe. Horas depois, morreu. Lideran\u00e7a da Guarda de Autodefesa dos Ka\u2019apor na TI Alto Turia\u00e7u, na Amaz\u00f4nia maranhense, Sarapo atuava no combate \u00e0 invas\u00e3o de madeireiros, garimpeiros e mineradores na \u00e1rea protegida.&nbsp;<\/p>\n\n\n\n<p>Alvo de persegui\u00e7\u00e3o e amea\u00e7as, como uma&nbsp;<a href=\"https:\/\/cimi.org.br\/2022\/01\/madeireiros-reagem-com-perseguicao-e-ameacas-a-lideranca-kaapor\/\" target=\"_blank\" rel=\"noreferrer noopener\">tornada p\u00fablica<\/a>&nbsp;pelo Conselho Indigenista Mission\u00e1rio (Cimi) em janeiro, Sarapo estava inclu\u00eddo no programa estatal de prote\u00e7\u00e3o para pessoas amea\u00e7adas. N\u00e3o adiantou.&nbsp;&nbsp;&nbsp;<\/p>\n\n\n\n<p>&#8220;Tememos que pessoas influentes tenham encomendado servi\u00e7o de matadores para envenenar Sarapo&#8221;, escreveu em nota o Tuxa Ta Pame,&nbsp;Conselho de Gest\u00e3o do povo Ka\u2019apor. Por isso, os ind\u00edgenas reivindicam a exuma\u00e7\u00e3o do corpo da lideran\u00e7a e justi\u00e7a.&nbsp;&nbsp;<\/p>\n\n\n\n<p><a href=\"https:\/\/www.brasildefato.com.br\/2022\/06\/11\/como-comecou-o-conflito-no-vale-do-javari-e-por-que-os-indigenas-decidiram-se-defender\" target=\"_blank\" rel=\"noreferrer noopener\"><strong>::&nbsp;Como come\u00e7ou o conflito no Vale do Javari e por que os ind\u00edgenas decidiram se defender ::<\/strong><\/a><\/p>\n\n\n\n<p>Zezico Rodrigues Guajajara&nbsp;<\/p>\n\n\n\n<p>Tamb\u00e9m no Maranh\u00e3o, a 476 km de S\u00e3o Lu\u00eds, Zezico Rodrigues Guajajara&nbsp;<a href=\"https:\/\/www.brasildefato.com.br\/2020\/03\/31\/lideranca-guajajara-e-assassinada-no-maranhao\" target=\"_blank\" rel=\"noreferrer noopener\">foi alvejado pr\u00f3ximo a Aldeia Zutiu\u00e1<\/a>, na cidade de Arame, em 31 de mar\u00e7o de 2020.&nbsp;&nbsp;<\/p>\n\n\n\n<p>Zezico era diretor do Centro de Educa\u00e7\u00e3o Escolar Ind\u00edgena Aruru e vinha denunciando a derrubada da floresta e o roubo de madeira da regi\u00e3o.&nbsp;&nbsp;<\/p>\n\n\n\n<p>Foi nessa mesma TI Ararib\u00f3ia &#8211; \u00e1rea de 413 mil hectares onde vivem cerca de 12 mil ind\u00edgenas &#8211; que o povo Guajajara j\u00e1 havia vivido, no ano anterior, a execu\u00e7\u00e3o do jovem Paulino, outra de suas lideran\u00e7as.&nbsp;<\/p>\n\n\n\n<p>Paulo Paulino Guajajara&nbsp;<\/p>\n\n\n\n<p>Apelidado de &#8220;Lobo mau&#8221;&nbsp;e &#8220;Guardi\u00e3o da floresta&#8221;, Paulo Paulino Guajajara&nbsp;<a href=\"https:\/\/www.brasildefato.com.br\/2019\/11\/02\/lider-guajajara-e-morto-em-emboscada-de-madereiros-no-maranhao\" target=\"_blank\" rel=\"noreferrer noopener\">foi v\u00edtima de uma emboscada<\/a>&nbsp;quando voltava de um dia de ca\u00e7a com um amigo, La\u00e9rcio Guajajara, que conseguiu escapar ferido. Era 1 de novembro de 2019 e, atingido com tiros pelas costas, Paulino n\u00e3o sobreviveu.<\/p>\n\n\n\n<p>Casado e com um filho pequeno, Paulino Guajajara tamb\u00e9m integrava o grupo ind\u00edgena que atuava na preserva\u00e7\u00e3o da mata e de seu povo, no combate \u00e0 extra\u00e7\u00e3o de madeira. Seu pai, l\u00edder espiritual, \u00e9 um dos importantes cantadores tradicionais dos Guajajara.<\/p>\n\n\n\n<p>Ari Uru-Eu-Wau-Wau&nbsp;<\/p>\n\n\n\n<p>Parece a mesma hist\u00f3ria, mas \u00e9 outra \u2013 com enredo repetido. Como Bruno Pereira, Sarapo Ka\u2019arapo e Paulino Guajajara, Ari Uru-Eu-Wau-Wau tamb\u00e9m integrava um grupo auto-organizado de vigil\u00e2ncia em defesa da floresta, registrando e denunciando extra\u00e7\u00f5es ilegais de madeira dentro de seu territ\u00f3rio, em Rond\u00f4nia.&nbsp;&nbsp;<\/p>\n\n\n\n<p>Tamb\u00e9m j\u00e1 havia recebido amea\u00e7a de morte, antes dela se concretizar em 18 de abril de 2020.&nbsp;<a href=\"https:\/\/www.brasildefato.com.br\/2021\/04\/19\/quem-matou-ari-uru-eu-wau-wau-morte-de-guardiao-de-territorio-em-ro-completa-um-ano\" target=\"_blank\" rel=\"noreferrer noopener\">Ari foi morto<\/a>&nbsp;aos 33 anos de idade na manh\u00e3 de um s\u00e1bado na estrada do munic\u00edpio de Jaru (RO).&nbsp;<\/p>\n\n\n\n<p>Edi\u00e7\u00e3o: Felipe Mendes<\/p>\n","protected":false},"excerpt":{"rendered":"<p>Regi\u00e3o amaz\u00f4nica, onde a dupla desapareceu, concentra mais da metade dos conflitos por terra no pa\u00eds segundo a CPT<\/p>\n","protected":false},"author":1,"featured_media":0,"comment_status":"closed","ping_status":"open","sticky":false,"template":"","format":"standard","meta":{"_exactmetrics_skip_tracking":false,"_exactmetrics_sitenote_active":false,"_exactmetrics_sitenote_note":"","_exactmetrics_sitenote_category":0,"jetpack_post_was_ever_published":false,"_jetpack_newsletter_access":"","_jetpack_dont_email_post_to_subs":false,"_jetpack_newsletter_tier_id":0,"_jetpack_memberships_contains_paywalled_content":false,"_jetpack_memberships_contains_paid_content":false,"footnotes":"","jetpack_publicize_message":"","jetpack_publicize_feature_enabled":true,"jetpack_social_post_already_shared":true,"jetpack_social_options":{"image_generator_settings":{"template":"highway","enabled":false},"version":2}},"categories":[1],"tags":[],"class_list":["post-33804","post","type-post","status-publish","format-standard","hentry","category-notas"],"jetpack_publicize_connections":[],"jetpack_sharing_enabled":true,"jetpack_featured_media_url":"","jetpack_shortlink":"https:\/\/wp.me\/p7wKYW-8Ne","jetpack-related-posts":[],"_links":{"self":[{"href":"http:\/\/blogdalucianaoliveira.com.br\/blog\/wp-json\/wp\/v2\/posts\/33804","targetHints":{"allow":["GET"]}}],"collection":[{"href":"http:\/\/blogdalucianaoliveira.com.br\/blog\/wp-json\/wp\/v2\/posts"}],"about":[{"href":"http:\/\/blogdalucianaoliveira.com.br\/blog\/wp-json\/wp\/v2\/types\/post"}],"author":[{"embeddable":true,"href":"http:\/\/blogdalucianaoliveira.com.br\/blog\/wp-json\/wp\/v2\/users\/1"}],"replies":[{"embeddable":true,"href":"http:\/\/blogdalucianaoliveira.com.br\/blog\/wp-json\/wp\/v2\/comments?post=33804"}],"version-history":[{"count":1,"href":"http:\/\/blogdalucianaoliveira.com.br\/blog\/wp-json\/wp\/v2\/posts\/33804\/revisions"}],"predecessor-version":[{"id":33806,"href":"http:\/\/blogdalucianaoliveira.com.br\/blog\/wp-json\/wp\/v2\/posts\/33804\/revisions\/33806"}],"wp:attachment":[{"href":"http:\/\/blogdalucianaoliveira.com.br\/blog\/wp-json\/wp\/v2\/media?parent=33804"}],"wp:term":[{"taxonomy":"category","embeddable":true,"href":"http:\/\/blogdalucianaoliveira.com.br\/blog\/wp-json\/wp\/v2\/categories?post=33804"},{"taxonomy":"post_tag","embeddable":true,"href":"http:\/\/blogdalucianaoliveira.com.br\/blog\/wp-json\/wp\/v2\/tags?post=33804"}],"curies":[{"name":"wp","href":"https:\/\/api.w.org\/{rel}","templated":true}]}}