{"id":33808,"date":"2022-06-15T12:42:15","date_gmt":"2022-06-15T16:42:15","guid":{"rendered":"http:\/\/blogdalucianaoliveira.com.br\/blog\/?p=33808"},"modified":"2022-06-15T12:49:00","modified_gmt":"2022-06-15T16:49:00","slug":"cpt-convida-para-lancamento-do-caderno-de-conflitos-no-campo","status":"publish","type":"post","link":"http:\/\/blogdalucianaoliveira.com.br\/blog\/2022\/06\/15\/cpt-convida-para-lancamento-do-caderno-de-conflitos-no-campo\/","title":{"rendered":"CPT convida para lan\u00e7amento do Caderno de Conflitos no Campo"},"content":{"rendered":"\n<figure class=\"wp-block-image size-large\"><img loading=\"lazy\" decoding=\"async\" width=\"1083\" height=\"1083\" data-attachment-id=\"33809\" data-permalink=\"http:\/\/blogdalucianaoliveira.com.br\/blog\/2022\/06\/15\/cpt-convida-para-lancamento-do-caderno-de-conflitos-no-campo\/6c456e9b-981b-4fbd-b324-d3299569447d\/\" data-orig-file=\"https:\/\/i0.wp.com\/blogdalucianaoliveira.com.br\/blog\/wp-content\/uploads\/2022\/06\/6C456E9B-981B-4FBD-B324-D3299569447D.jpeg?fit=1083%2C1083\" data-orig-size=\"1083,1083\" data-comments-opened=\"0\" data-image-meta=\"{&quot;aperture&quot;:&quot;0&quot;,&quot;credit&quot;:&quot;&quot;,&quot;camera&quot;:&quot;&quot;,&quot;caption&quot;:&quot;&quot;,&quot;created_timestamp&quot;:&quot;0&quot;,&quot;copyright&quot;:&quot;&quot;,&quot;focal_length&quot;:&quot;0&quot;,&quot;iso&quot;:&quot;0&quot;,&quot;shutter_speed&quot;:&quot;0&quot;,&quot;title&quot;:&quot;&quot;,&quot;orientation&quot;:&quot;0&quot;}\" data-image-title=\"6C456E9B-981B-4FBD-B324-D3299569447D\" data-image-description=\"\" data-image-caption=\"\" data-medium-file=\"https:\/\/i0.wp.com\/blogdalucianaoliveira.com.br\/blog\/wp-content\/uploads\/2022\/06\/6C456E9B-981B-4FBD-B324-D3299569447D.jpeg?fit=300%2C300\" data-large-file=\"https:\/\/i0.wp.com\/blogdalucianaoliveira.com.br\/blog\/wp-content\/uploads\/2022\/06\/6C456E9B-981B-4FBD-B324-D3299569447D.jpeg?fit=600%2C600\" src=\"https:\/\/i0.wp.com\/blogdalucianaoliveira.com.br\/blog\/wp-content\/uploads\/2022\/06\/6C456E9B-981B-4FBD-B324-D3299569447D.jpeg?fit=600%2C600\" alt=\"\" class=\"wp-image-33809\" srcset=\"https:\/\/i0.wp.com\/blogdalucianaoliveira.com.br\/blog\/wp-content\/uploads\/2022\/06\/6C456E9B-981B-4FBD-B324-D3299569447D.jpeg?w=1083 1083w, https:\/\/i0.wp.com\/blogdalucianaoliveira.com.br\/blog\/wp-content\/uploads\/2022\/06\/6C456E9B-981B-4FBD-B324-D3299569447D.jpeg?resize=300%2C300 300w, https:\/\/i0.wp.com\/blogdalucianaoliveira.com.br\/blog\/wp-content\/uploads\/2022\/06\/6C456E9B-981B-4FBD-B324-D3299569447D.jpeg?resize=1024%2C1024 1024w, https:\/\/i0.wp.com\/blogdalucianaoliveira.com.br\/blog\/wp-content\/uploads\/2022\/06\/6C456E9B-981B-4FBD-B324-D3299569447D.jpeg?resize=150%2C150 150w, https:\/\/i0.wp.com\/blogdalucianaoliveira.com.br\/blog\/wp-content\/uploads\/2022\/06\/6C456E9B-981B-4FBD-B324-D3299569447D.jpeg?resize=768%2C768 768w\" sizes=\"auto, (max-width: 600px) 100vw, 600px\" \/><\/figure>\n\n\n\n<p class=\"has-text-align-left\">A Comiss\u00e3o Pastoral da Terra do Regional Rond\u00f4nia, convida a sociedade rondoniense a participar do lan\u00e7amento do Caderno de Conflitos no Campo Brasil 2021 no dia 17 de junho de 2022, \u00e0s 09 horas, que ocorrer\u00e1 de forma presencial no Audit\u00f3rio da C\u00faria Arquidiocesana, Rua Carlos Gomes n. 964, Bairro: Centro, que contar\u00e1 com a presen\u00e7a e participa\u00e7\u00e3o de movimentos sociais, de trabalhadores e trabalhadoras que sofreram essas viola\u00e7\u00f5es, de membro da comunidade cient\u00edfica, de autoridades p\u00fablicas, \u00f3rg\u00e3os da justi\u00e7a e membro nacional do programa de prote\u00e7\u00e3o a defensores.<\/p>\n\n\n\n<!--more-->\n\n\n\n<p class=\"has-text-align-left\">Desde o ano de 1985 a Comiss\u00e3o Pastoral da Terra realiza o lan\u00e7amento do Caderno de Conflitos no Campo Brasil. Movida por seu car\u00e1ter pastoral direcionado a estimular o protagonismo dos povos e comunidades da terra e das \u00e1guas, por meio de sua presen\u00e7a solid\u00e1ria, prof\u00e9tica, ecum\u00eanica, fraterna e afetiva, ao prestar um servi\u00e7o educativo e transformador \u00e0 causa dos camponeses e demais trabalhadores do campo, a fim de fortalecer suas organiza\u00e7\u00f5es e lutas em defesa de seus direitos de luta pela terra e seus modos de vidas.<\/p>\n\n\n\n<p>Este material que se encontra em sua 37a edi\u00e7\u00e3o, infelizmente, mais uma vez faz um raio-x dos conflitos agr\u00e1rios ocorridos no espa\u00e7o agr\u00e1rio brasileiro. Em que mais uma vez a Amaz\u00f4nia chora o sangue de seus defensores, e escancara a necropol\u00edtica imposta pelo neoliberalismo guiado pela gest\u00e3o do governo Bolsonaro que sempre esteve empenhado em criminalizar a luta pela terra.<\/p>\n\n\n\n<p class=\"has-text-align-left\">Com o desmantelamento dos \u00f3rg\u00e3os e institui\u00e7\u00f5es p\u00fablicas voltados a quest\u00e3o socioambiental e agr\u00e1ria brasileira, que culminou com um dos resultados sendo a n\u00e3o desapropria\u00e7\u00e3o de terras, e com isso consequentemente, no aumento dos conflitos no campo. Dessa maneira, foi registrado um aumento da viol\u00eancia em 418 territ\u00f3rios, sendo destes 23% territ\u00f3rios ind\u00edgenas, 23% territ\u00f3rios quilombolas e 14% em territ\u00f3rios de posseiros.<br>Em rela\u00e7\u00e3o ao percentual de aumento da viol\u00eancia foi registrado 94% de amplia\u00e7\u00e3o em rela\u00e7\u00e3o ao ano anterior (2020). O n\u00famero de assassinatos orquestrados por fazendeiros, grileiros e empres\u00e1rios rurais, quase chegou ao patamar de 30% no ano de 2021.<\/p>\n\n\n\n<p><br>Ao verticalizarmos as informa\u00e7\u00f5es em rela\u00e7\u00e3o aos estados da Amaz\u00f4nia, o estado de Rond\u00f4nia novamente, lamentavelmente, foi protagonista com maior n\u00famero de assassinatos em decorr\u00eancia de conflitos no campo, dos 35 assassinatos registrados em todo pa\u00eds, 11 ocorreram em Rond\u00f4nia, sendo que, 3 v\u00edtimas est\u00e3o vinculadas ao massacre ocorrido no ano de 2021 na regi\u00e3o de Nova Mutum, distrito do munic\u00edpio de Porto Velho, capital do Estado.<\/p>\n\n\n\n<figure class=\"wp-block-image size-large\"><img loading=\"lazy\" decoding=\"async\" width=\"1073\" height=\"563\" data-attachment-id=\"33810\" data-permalink=\"http:\/\/blogdalucianaoliveira.com.br\/blog\/2022\/06\/15\/cpt-convida-para-lancamento-do-caderno-de-conflitos-no-campo\/2dbf1ee8-c96c-4333-aacb-e6f921427240\/\" data-orig-file=\"https:\/\/i0.wp.com\/blogdalucianaoliveira.com.br\/blog\/wp-content\/uploads\/2022\/06\/2DBF1EE8-C96C-4333-AACB-E6F921427240.jpeg?fit=1073%2C563\" data-orig-size=\"1073,563\" data-comments-opened=\"0\" data-image-meta=\"{&quot;aperture&quot;:&quot;0&quot;,&quot;credit&quot;:&quot;&quot;,&quot;camera&quot;:&quot;&quot;,&quot;caption&quot;:&quot;&quot;,&quot;created_timestamp&quot;:&quot;0&quot;,&quot;copyright&quot;:&quot;&quot;,&quot;focal_length&quot;:&quot;0&quot;,&quot;iso&quot;:&quot;0&quot;,&quot;shutter_speed&quot;:&quot;0&quot;,&quot;title&quot;:&quot;&quot;,&quot;orientation&quot;:&quot;1&quot;}\" data-image-title=\"2DBF1EE8-C96C-4333-AACB-E6F921427240\" data-image-description=\"\" data-image-caption=\"\" data-medium-file=\"https:\/\/i0.wp.com\/blogdalucianaoliveira.com.br\/blog\/wp-content\/uploads\/2022\/06\/2DBF1EE8-C96C-4333-AACB-E6F921427240.jpeg?fit=300%2C157\" data-large-file=\"https:\/\/i0.wp.com\/blogdalucianaoliveira.com.br\/blog\/wp-content\/uploads\/2022\/06\/2DBF1EE8-C96C-4333-AACB-E6F921427240.jpeg?fit=600%2C315\" src=\"https:\/\/i0.wp.com\/blogdalucianaoliveira.com.br\/blog\/wp-content\/uploads\/2022\/06\/2DBF1EE8-C96C-4333-AACB-E6F921427240.jpeg?fit=600%2C315\" alt=\"\" class=\"wp-image-33810\" srcset=\"https:\/\/i0.wp.com\/blogdalucianaoliveira.com.br\/blog\/wp-content\/uploads\/2022\/06\/2DBF1EE8-C96C-4333-AACB-E6F921427240.jpeg?w=1073 1073w, https:\/\/i0.wp.com\/blogdalucianaoliveira.com.br\/blog\/wp-content\/uploads\/2022\/06\/2DBF1EE8-C96C-4333-AACB-E6F921427240.jpeg?resize=300%2C157 300w, https:\/\/i0.wp.com\/blogdalucianaoliveira.com.br\/blog\/wp-content\/uploads\/2022\/06\/2DBF1EE8-C96C-4333-AACB-E6F921427240.jpeg?resize=1024%2C537 1024w, https:\/\/i0.wp.com\/blogdalucianaoliveira.com.br\/blog\/wp-content\/uploads\/2022\/06\/2DBF1EE8-C96C-4333-AACB-E6F921427240.jpeg?resize=768%2C403 768w, https:\/\/i0.wp.com\/blogdalucianaoliveira.com.br\/blog\/wp-content\/uploads\/2022\/06\/2DBF1EE8-C96C-4333-AACB-E6F921427240.jpeg?resize=572%2C300 572w\" sizes=\"auto, (max-width: 600px) 100vw, 600px\" \/><\/figure>\n\n\n\n<p>Este \u00e9 o cen\u00e1rio que as din\u00e2micas agr\u00e1rias brasileiras movidas pela bancada ruralista atrelada a economia da destrui\u00e7\u00e3o que leva morte a camponeses e camponesas, povos ind\u00edgenas e comunidades quilombolas.<br> Aguardamos a presen\u00e7a da comunidade cient\u00edfica amaz\u00f4nida- rondoniense, parceiros, movimentos e organiza\u00e7\u00f5es sociais que ao longo dos anos tem contribu\u00eddo com o fortalecimento da rede de apoio ao povo do campo, das \u00e1guas e florestas. Assim como membros da m\u00eddia regional, visto que promovem um imenso papel na luta contra a viol\u00eancia no campo e ao combate a dissemina\u00e7\u00e3o da criminaliza\u00e7\u00e3o da luta pela terra em Rond\u00f4nia.<\/p>\n\n\n\n<p>fonte: CPT <\/p>\n","protected":false},"excerpt":{"rendered":"<p>A Comiss\u00e3o Pastoral da Terra do Regional Rond\u00f4nia, convida a sociedade rondoniense a participar do lan\u00e7amento do Caderno de Conflitos no Campo Brasil 2021 no dia 17 de junho de 2022, \u00e0s 09 horas, que ocorrer\u00e1 de forma presencial no Audit\u00f3rio da C\u00faria Arquidiocesana, Rua Carlos Gomes n. 964, Bairro: Centro, que contar\u00e1 com a&#8230;<a class=\"more-link\" href=\"http:\/\/blogdalucianaoliveira.com.br\/blog\/2022\/06\/15\/cpt-convida-para-lancamento-do-caderno-de-conflitos-no-campo\/\">Continue a leitura <span class=\"meta-nav\">&raquo;<\/span><\/a><\/p>\n","protected":false},"author":1,"featured_media":0,"comment_status":"closed","ping_status":"open","sticky":false,"template":"","format":"standard","meta":{"_exactmetrics_skip_tracking":false,"_exactmetrics_sitenote_active":false,"_exactmetrics_sitenote_note":"","_exactmetrics_sitenote_category":0,"jetpack_post_was_ever_published":false,"_jetpack_newsletter_access":"","_jetpack_dont_email_post_to_subs":false,"_jetpack_newsletter_tier_id":0,"_jetpack_memberships_contains_paywalled_content":false,"_jetpack_memberships_contains_paid_content":false,"footnotes":"","jetpack_publicize_message":"","jetpack_publicize_feature_enabled":true,"jetpack_social_post_already_shared":true,"jetpack_social_options":{"image_generator_settings":{"template":"highway","enabled":false},"version":2}},"categories":[1],"tags":[705,619],"class_list":["post-33808","post","type-post","status-publish","format-standard","hentry","category-notas","tag-conflitos","tag-cpt"],"jetpack_publicize_connections":[],"jetpack_sharing_enabled":true,"jetpack_featured_media_url":"","jetpack_shortlink":"https:\/\/wp.me\/p7wKYW-8Ni","jetpack-related-posts":[],"_links":{"self":[{"href":"http:\/\/blogdalucianaoliveira.com.br\/blog\/wp-json\/wp\/v2\/posts\/33808","targetHints":{"allow":["GET"]}}],"collection":[{"href":"http:\/\/blogdalucianaoliveira.com.br\/blog\/wp-json\/wp\/v2\/posts"}],"about":[{"href":"http:\/\/blogdalucianaoliveira.com.br\/blog\/wp-json\/wp\/v2\/types\/post"}],"author":[{"embeddable":true,"href":"http:\/\/blogdalucianaoliveira.com.br\/blog\/wp-json\/wp\/v2\/users\/1"}],"replies":[{"embeddable":true,"href":"http:\/\/blogdalucianaoliveira.com.br\/blog\/wp-json\/wp\/v2\/comments?post=33808"}],"version-history":[{"count":2,"href":"http:\/\/blogdalucianaoliveira.com.br\/blog\/wp-json\/wp\/v2\/posts\/33808\/revisions"}],"predecessor-version":[{"id":33812,"href":"http:\/\/blogdalucianaoliveira.com.br\/blog\/wp-json\/wp\/v2\/posts\/33808\/revisions\/33812"}],"wp:attachment":[{"href":"http:\/\/blogdalucianaoliveira.com.br\/blog\/wp-json\/wp\/v2\/media?parent=33808"}],"wp:term":[{"taxonomy":"category","embeddable":true,"href":"http:\/\/blogdalucianaoliveira.com.br\/blog\/wp-json\/wp\/v2\/categories?post=33808"},{"taxonomy":"post_tag","embeddable":true,"href":"http:\/\/blogdalucianaoliveira.com.br\/blog\/wp-json\/wp\/v2\/tags?post=33808"}],"curies":[{"name":"wp","href":"https:\/\/api.w.org\/{rel}","templated":true}]}}