{"id":33813,"date":"2022-06-15T13:32:28","date_gmt":"2022-06-15T17:32:28","guid":{"rendered":"http:\/\/blogdalucianaoliveira.com.br\/blog\/?p=33813"},"modified":"2022-06-15T13:32:33","modified_gmt":"2022-06-15T17:32:33","slug":"anais-da-floresta-sumico-e-selvageria-politica","status":"publish","type":"post","link":"http:\/\/blogdalucianaoliveira.com.br\/blog\/2022\/06\/15\/anais-da-floresta-sumico-e-selvageria-politica\/","title":{"rendered":"anais da floresta: SUMI\u00c7O E SELVAGERIA POL\u00cdTICA"},"content":{"rendered":"\n<figure class=\"wp-block-image size-large\"><img loading=\"lazy\" decoding=\"async\" width=\"1170\" height=\"684\" data-attachment-id=\"33814\" data-permalink=\"http:\/\/blogdalucianaoliveira.com.br\/blog\/2022\/06\/15\/anais-da-floresta-sumico-e-selvageria-politica\/274ae227-29d1-4e83-b9b5-6a50a4a5f477\/\" data-orig-file=\"https:\/\/i0.wp.com\/blogdalucianaoliveira.com.br\/blog\/wp-content\/uploads\/2022\/06\/274AE227-29D1-4E83-B9B5-6A50A4A5F477.jpeg?fit=1170%2C684\" data-orig-size=\"1170,684\" data-comments-opened=\"0\" data-image-meta=\"{&quot;aperture&quot;:&quot;0&quot;,&quot;credit&quot;:&quot;&quot;,&quot;camera&quot;:&quot;&quot;,&quot;caption&quot;:&quot;&quot;,&quot;created_timestamp&quot;:&quot;0&quot;,&quot;copyright&quot;:&quot;&quot;,&quot;focal_length&quot;:&quot;0&quot;,&quot;iso&quot;:&quot;0&quot;,&quot;shutter_speed&quot;:&quot;0&quot;,&quot;title&quot;:&quot;&quot;,&quot;orientation&quot;:&quot;1&quot;}\" data-image-title=\"274AE227-29D1-4E83-B9B5-6A50A4A5F477\" data-image-description=\"\" data-image-caption=\"\" data-medium-file=\"https:\/\/i0.wp.com\/blogdalucianaoliveira.com.br\/blog\/wp-content\/uploads\/2022\/06\/274AE227-29D1-4E83-B9B5-6A50A4A5F477.jpeg?fit=300%2C175\" data-large-file=\"https:\/\/i0.wp.com\/blogdalucianaoliveira.com.br\/blog\/wp-content\/uploads\/2022\/06\/274AE227-29D1-4E83-B9B5-6A50A4A5F477.jpeg?fit=600%2C351\" src=\"https:\/\/i0.wp.com\/blogdalucianaoliveira.com.br\/blog\/wp-content\/uploads\/2022\/06\/274AE227-29D1-4E83-B9B5-6A50A4A5F477.jpeg?fit=600%2C351\" alt=\"\" class=\"wp-image-33814\" srcset=\"https:\/\/i0.wp.com\/blogdalucianaoliveira.com.br\/blog\/wp-content\/uploads\/2022\/06\/274AE227-29D1-4E83-B9B5-6A50A4A5F477.jpeg?w=1170 1170w, https:\/\/i0.wp.com\/blogdalucianaoliveira.com.br\/blog\/wp-content\/uploads\/2022\/06\/274AE227-29D1-4E83-B9B5-6A50A4A5F477.jpeg?resize=300%2C175 300w, https:\/\/i0.wp.com\/blogdalucianaoliveira.com.br\/blog\/wp-content\/uploads\/2022\/06\/274AE227-29D1-4E83-B9B5-6A50A4A5F477.jpeg?resize=1024%2C599 1024w, https:\/\/i0.wp.com\/blogdalucianaoliveira.com.br\/blog\/wp-content\/uploads\/2022\/06\/274AE227-29D1-4E83-B9B5-6A50A4A5F477.jpeg?resize=768%2C449 768w, https:\/\/i0.wp.com\/blogdalucianaoliveira.com.br\/blog\/wp-content\/uploads\/2022\/06\/274AE227-29D1-4E83-B9B5-6A50A4A5F477.jpeg?resize=513%2C300 513w\" sizes=\"auto, (max-width: 600px) 100vw, 600px\" \/><\/figure>\n\n\n\n<p>O que aconteceu com o jornalista brit\u00e2nico Dom Phillips e o indigenista brasileiro Bruno Ara\u00fajo Pereira?<\/p>\n\n\n\n<!--more-->\n\n\n\n<p>Jo\u00e3o Biehl, na Revista Piau\u00ed <\/p>\n\n\n\n<p>Ao ouvir a not\u00edcia alarmante de que o jornalista brit\u00e2nico Dom Phillips e o indigenista brasileiro Bruno Ara\u00fajo Pereira desapareceram numa \u00e1rea remota da Floresta Amaz\u00f4nica no domingo, 5 de junho, reabri imediatamente a mensagem de WhatsApp que Dom havia me enviado apenas tr\u00eas semanas antes. Est\u00e1vamos em comunica\u00e7\u00e3o desde o outono de 2019, quando o<a href=\"http:\/\/brazillab.princeton.edu\/\">\u00a0Brazil LAB, uma iniciativa interdisciplinar da Universidade de Princeton<\/a>, organizou<a href=\"https:\/\/www.princeton.edu\/news\/2019\/10\/23\/world-without-amazon-safeguarding-earths-largest-rainforest-focus-princeton\">\u00a0uma confer\u00eancia<\/a>\u00a0explorando uma nova vis\u00e3o para salvaguardar a Amaz\u00f4nia para o Brasil e para o planeta. \u00c9 preciso lembrar sempre que, nos \u00faltimos cinquenta anos, 20% da Floresta Tropical brasileira j\u00e1 foram perdidos para a extra\u00e7\u00e3o ilegal de madeira, para a pecu\u00e1ria e para megainc\u00eandios. Dom ficou intrigado com o<a href=\"https:\/\/piaui.folha.uol.com.br\/o-mundo-sem-amazonia\/\">inovador modelo clim\u00e1tico<\/a>\u00a0que meus colegas Stephen Pacala e Elena Shevliakova desenvolveram, simulando o que aconteceria com o clima do mundo at\u00e9 2050 caso a Amaz\u00f4nia fosse desmatada completamente.<\/p>\n\n\n\n<p><a href=\"https:\/\/piaui.folha.uol.com.br\/o-mundo-sem-amazonia\/\">Nesse cen\u00e1rio terr\u00edvel<\/a>, a elimina\u00e7\u00e3o da Floresta Tropical faria com que a temperatura da regi\u00e3o subisse at\u00e9 4,5 graus Celsius, tornando-a praticamente inabit\u00e1vel, alterando drasticamente os padr\u00f5es de chuva, com consequ\u00eancias catastr\u00f3ficas para a agricultura e a produ\u00e7\u00e3o de energia. Seria imposs\u00edvel impedir o genoc\u00eddio das formas de vida humanas e n\u00e3o humanas incrivelmente ricas que comp\u00f5em a floresta e que s\u00e3o geradas a partir dela. Sem a Amaz\u00f4nia, as temperaturas m\u00e9dias em todo o mundo subiriam um quarto de grau Celsius at\u00e9 2050, tornando imposs\u00edvel alcan\u00e7ar as aspira\u00e7\u00f5es do Acordo de Paris.<\/p>\n\n\n\n<p>Dom queria partir dessa estrutura no livro que estava come\u00e7ando a escrever \u2013&nbsp;<em>Como Salvar a Amaz\u00f4nia<\/em>&nbsp;\u2013 com uma bolsa que havia recebido da Alicia Patterson Foundation. Ele tamb\u00e9m adorou a ideia de um plano ousado que come\u00e7amos a articular com colegas que lideram&nbsp;<a href=\"https:\/\/amazonia2030.org.br\/publicacoes\/\">a iniciativa Amaz\u00f4nia 2030<\/a>, focado em solu\u00e7\u00f5es com base na natureza e em colabora\u00e7\u00f5es multissetoriais.<\/p>\n\n\n\n<p>Na \u00faltima vez que Dom e eu nos comunicamos, em 16 de maio, ele queria saber sobre a segunda confer\u00eancia \u201c<a href=\"https:\/\/www.youtube.com\/watch?v=m_FQ4g1M1ns\">Amazonian Leapfrogging<\/a>\u201d, que t\u00ednhamos acabado de realizar, em Princeton. \u201cEu estava nas profundezas da Floresta Amaz\u00f4nica quando ela aconteceu, mas gostaria de assistir on-line. Espero que tenha sido um grande sucesso.\u201d Imediatamente enviei a ele um link com a grava\u00e7\u00e3o da confer\u00eancia.<\/p>\n\n\n\n<p>Sempre conectado e curioso, Dom considerava um \u201csucesso\u201d identificar novas evid\u00eancias que pudessem ser \u00fateis no combate ao desmatamento, \u00e0s mudan\u00e7as clim\u00e1ticas e \u00e0 desigualdade social. Um desafio ainda mais premente agora que certas partes da Floresta Tropical j\u00e1 est\u00e3o experimentando o que a cientista brasileira&nbsp;Marina Hirota chama de \u201c<a href=\"https:\/\/youtu.be\/m_FQ4g1M1ns?t=4139\">pontos de inflex\u00e3o heterog\u00eaneos<\/a>\u201d,&nbsp;que inclusive \u201cdesestabilizam as temperaturas na Fl\u00f3rida e em pa\u00edses como a Inglaterra e at\u00e9 a Finl\u00e2ndia e a Noruega\u201d.<\/p>\n\n\n\n<p>De fato, ambientalistas, acad\u00eamicos e ativistas brasileiros reunidos em Princeton no in\u00edcio de maio discutiram medidas concretas para uma pol\u00edtica de desmatamento zero. Somaram-se a elas propostas para aumentar a produtividade das \u00e1reas desmatadas e expandir iniciativas agroflorestais e de reflorestamento, com um olhar especial para a melhoria da prec\u00e1ria infraestrutura e os meios de subsist\u00eancia de cerca de 28 milh\u00f5es de amaz\u00f4nidas. No entanto, esse salto vision\u00e1rio depende fundamentalmente do campo pol\u00edtico. E sob a presid\u00eancia de Jair Bolsonaro, a Amaz\u00f4nia e seus protetores n\u00e3o t\u00eam futuro.<\/p>\n\n\n\n<p>Quando reli as \u00faltimas mensagens de Dom, o que me veio \u00e0 mente de forma v\u00edvida e tr\u00e1gica foram as terr\u00edveis e violentas realidades que nossos colegas brasileiros relataram durante a confer\u00eancia. Cerca de 30% do territ\u00f3rio amaz\u00f4nico s\u00e3o terras p\u00fablicas n\u00e3o destinadas e se tornaram um para\u00edso para o desmatamento e a grilagem. O crime ambiental e as economias il\u00edcitas est\u00e3o interligados. A regi\u00e3o onde Dom e Bruno desapareceram \u00e9 conhecida por ser controlada pelo crime organizado. Como nos lembrou Ilona Szab\u00f3, diretora do Instituto Igarap\u00e9, \u201ctr\u00e1fico de drogas, fraudes, corrup\u00e7\u00e3o, lavagem de dinheiro e crimes violentos s\u00e3o a realidade cotidiana de grandes por\u00e7\u00f5es da Amaz\u00f4nia agora\u201d \u2013 tudo isso tendo como pano de fundo um Estado intencionalmente retra\u00eddo e a ilegalidade generalizada. Sem falar na amea\u00e7a \u00e0 vida dos povos ind\u00edgenas, que s\u00e3o quem efetivamente mant\u00e9m a floresta em p\u00e9.<\/p>\n\n\n\n<p>O sumi\u00e7o de Dom e Bruno encarna essas realidades brutais e criminosas intensificadas sob o modus operandi neoextrativista e anti-ind\u00edgena da gest\u00e3o de Bolsonaro. O \u201cpacote da destrui\u00e7\u00e3o\u201d proposto pelo governo encorajou atividades de minera\u00e7\u00e3o ilegal em terras ind\u00edgenas, interrompeu a cria\u00e7\u00e3o de novas \u00e1reas de conserva\u00e7\u00e3o, desmantelou sistemas de vigil\u00e2ncia do uso da terra e enfraqueceu os \u00f3rg\u00e3os de comando e controle. Justamente em um contexto de crescente armamento da sociedade brasileira e de normaliza\u00e7\u00e3o da viol\u00eancia das mil\u00edcias.<\/p>\n\n\n\n<p>A reuni\u00e3o por muito tempo adiada entre o presidente Bolsonaro e o presidente dos Estados Unidos, Joe Biden, finalmente aconteceu em 9 de junho, em Los Angeles, na IX C\u00fapula das Am\u00e9ricas. Tragicamente, o encontro diplom\u00e1tico foi emoldurado pelo desaparecimento de Dom e Bruno no Vale do Javari, o maior ref\u00fagio de grupos ind\u00edgenas auto-isolados, sob crescente amea\u00e7a.<\/p>\n\n\n\n<p>No in\u00edcio daquela semana, o presidente brasileiro disse \u00e0 m\u00eddia que os dois homens&nbsp;deveriam estar cientes e n\u00e3o ter se aventurado em \u201cregi\u00e3o completamente selvagem\u201d. Enquanto Bolsonaro se gabava, dizendo a Biden que ele estava, de fato, protegendo a Floresta Tropical, foi imposs\u00edvel n\u00e3o lembrar a selvageria de seu governo, com seu total desrespeito \u00e0 verdade, aos direitos humanos e ao Estado de Direito. Um governo que \u00e9 c\u00famplice das muitas realidades fora de controle que sustentam a situa\u00e7\u00e3o macabra em que Dom e Bruno se encontram.<\/p>\n\n\n\n<p>Biden aquiesceu e elogiou desajeitadamente as pol\u00edticas de conserva\u00e7\u00e3o de Bolsonaro. Por mais absurdo que esse movimento diplom\u00e1tico tenha sido, o mais impactante foi o n\u00e3o reconhecimento de Biden das realidades brutais encarnadas pelo desaparecimento de Dom e Bruno. Essa omiss\u00e3o no discurso do l\u00edder mais poderoso do mundo n\u00e3o \u00e9 trivial: as mudan\u00e7as clim\u00e1ticas e a Amaz\u00f4nia em particular infelizmente foram relegadas a uma quest\u00e3o secund\u00e1ria nas prioridades do governo de Biden, resultando em uma press\u00e3o internacional muito menor contra as a\u00e7\u00f5es nefastas do governo Bolsonaro sobre o meio ambiente e a viol\u00eancia na regi\u00e3o. N\u00e3o \u00e9 \u00e0 toa que Bolsonaro, um apoiador despudorado e, de certa forma, um imitador de Donald Trump, agora afirma que o encontro com Biden foi \u201cfant\u00e1stico\u201d.<\/p>\n\n\n\n<p><strong>E<\/strong>m sua mensagem de 16 de maio, Dom acrescentou que seu livro amaz\u00f4nico estava \u201cevoluindo bem. Viajei muito no ano passado\u201d.<\/p>\n\n\n\n<p>Dom sabia que tinha que ouvir os guardi\u00f5es e as guardi\u00e3s da floresta, aqueles e aquelas cujo trabalho e cuja vida na floresta s\u00e3o, em geral, considerados sem valor pelos poderosos do Brasil e do mundo. Ele sabia de onde vem o verdadeiro conhecimento sobre como salvar a Amaz\u00f4nia e como redirecionar o campo pol\u00edtico. Conforme bem observou a ativista ind\u00edgena brasileira Txai Suru\u00ed em seu discurso de abertura da COP-26, em Glasgow, os povos ind\u00edgenas e as comunidades locais n\u00e3o est\u00e3o apenas na linha de frente da emerg\u00eancia clim\u00e1tica, eles est\u00e3o \u201couvindo a terra\u201d e \u201cdevem estar no centro das decis\u00f5es que est\u00e3o sendo tomadas\u201d.<\/p>\n\n\n\n<p>Dom&nbsp;\u00e9&nbsp;um contador de hist\u00f3rias e Bruno \u00e9 um aliado de que as comunidades amaz\u00f4nicas amea\u00e7adas precisam para \u201cimpedir que a floresta se torne uma gigantesca fazenda\u201d (palavras de Dom).<\/p>\n\n\n\n<p>Eu me pergunto se Dom teve a chance de assistir \u00e0 grava\u00e7\u00e3o da confer\u00eancia \u201cAmazonian Leapfrogging\u201d que enviei a ele. Se o fez, imagino que as palavras da l\u00edder ind\u00edgena Juma Xipaia devem t\u00ea-lo comovido e lhe encorajado a seguir em sua miss\u00e3o de procurar a verdade: \u201cEstamos defendendo a floresta com nossos corpos, com nossos filhos em nossos bra\u00e7os, sob viol\u00eancia. Os povos da floresta precisam de seguran\u00e7a para que possamos continuar sendo os guardi\u00f5es da floresta, prestando um servi\u00e7o n\u00e3o s\u00f3 \u00e0 Amaz\u00f4nia, mas ao mundo.\u201d<\/p>\n\n\n\n<p>A viol\u00eancia extrema que tem repetidamente atacado os povos ind\u00edgenas est\u00e1 agora engolindo jornalistas e funcion\u00e1rios p\u00fablicos engajados, como Dom e Bruno, que colocam o melhor de si a servi\u00e7o da salvaguarda da Amaz\u00f4nia. Neste momento, \u00e9 fundamental que o presidente Biden pressione Bolsonaro a solucionar esse sumi\u00e7o criminoso, al\u00e9m de proteger a Amaz\u00f4nia e seus povos. \u00c9 preciso compreender que o futuro da Floresta Tropical est\u00e1 na elei\u00e7\u00e3o presidencial de outubro, quando os brasileiros que prezam a Amaz\u00f4nia devem votar retumbantemente pela sa\u00edda de Bolsonaro do comando do pa\u00eds.<\/p>\n\n\n\n<p>*&nbsp;<\/p>\n\n\n\n<p><em>O autor agradece a M<\/em><em>iqueias Mugge, Rodrigo Simon, Adriana Petryna e Denilson Baniwa.&nbsp;<\/em><a href=\"https:\/\/piaui.folha.uol.com.br\/colaborador\/joao-biehl\/\">Jo\u00e3o BiehlJo\u00e3o Biehl \u00e9 professor titular da c\u00e1tedra Susan Dod Brown no Departamento de Antropologia da Universidade de Princeton, onde tamb\u00e9m \u00e9 diretor do Brazil LAB.<\/a><\/p>\n","protected":false},"excerpt":{"rendered":"<p>O que aconteceu com o jornalista brit\u00e2nico Dom Phillips e o indigenista brasileiro Bruno Ara\u00fajo Pereira?<\/p>\n","protected":false},"author":1,"featured_media":0,"comment_status":"closed","ping_status":"open","sticky":false,"template":"","format":"standard","meta":{"_exactmetrics_skip_tracking":false,"_exactmetrics_sitenote_active":false,"_exactmetrics_sitenote_note":"","_exactmetrics_sitenote_category":0,"jetpack_post_was_ever_published":false,"_jetpack_newsletter_access":"","_jetpack_dont_email_post_to_subs":false,"_jetpack_newsletter_tier_id":0,"_jetpack_memberships_contains_paywalled_content":false,"_jetpack_memberships_contains_paid_content":false,"footnotes":"","jetpack_publicize_message":"","jetpack_publicize_feature_enabled":true,"jetpack_social_post_already_shared":true,"jetpack_social_options":{"image_generator_settings":{"template":"highway","enabled":false},"version":2}},"categories":[1],"tags":[],"class_list":["post-33813","post","type-post","status-publish","format-standard","hentry","category-notas"],"jetpack_publicize_connections":[],"jetpack_sharing_enabled":true,"jetpack_featured_media_url":"","jetpack_shortlink":"https:\/\/wp.me\/p7wKYW-8Nn","jetpack-related-posts":[],"_links":{"self":[{"href":"http:\/\/blogdalucianaoliveira.com.br\/blog\/wp-json\/wp\/v2\/posts\/33813","targetHints":{"allow":["GET"]}}],"collection":[{"href":"http:\/\/blogdalucianaoliveira.com.br\/blog\/wp-json\/wp\/v2\/posts"}],"about":[{"href":"http:\/\/blogdalucianaoliveira.com.br\/blog\/wp-json\/wp\/v2\/types\/post"}],"author":[{"embeddable":true,"href":"http:\/\/blogdalucianaoliveira.com.br\/blog\/wp-json\/wp\/v2\/users\/1"}],"replies":[{"embeddable":true,"href":"http:\/\/blogdalucianaoliveira.com.br\/blog\/wp-json\/wp\/v2\/comments?post=33813"}],"version-history":[{"count":1,"href":"http:\/\/blogdalucianaoliveira.com.br\/blog\/wp-json\/wp\/v2\/posts\/33813\/revisions"}],"predecessor-version":[{"id":33815,"href":"http:\/\/blogdalucianaoliveira.com.br\/blog\/wp-json\/wp\/v2\/posts\/33813\/revisions\/33815"}],"wp:attachment":[{"href":"http:\/\/blogdalucianaoliveira.com.br\/blog\/wp-json\/wp\/v2\/media?parent=33813"}],"wp:term":[{"taxonomy":"category","embeddable":true,"href":"http:\/\/blogdalucianaoliveira.com.br\/blog\/wp-json\/wp\/v2\/categories?post=33813"},{"taxonomy":"post_tag","embeddable":true,"href":"http:\/\/blogdalucianaoliveira.com.br\/blog\/wp-json\/wp\/v2\/tags?post=33813"}],"curies":[{"name":"wp","href":"https:\/\/api.w.org\/{rel}","templated":true}]}}