{"id":33816,"date":"2022-06-15T18:43:03","date_gmt":"2022-06-15T22:43:03","guid":{"rendered":"http:\/\/blogdalucianaoliveira.com.br\/blog\/?p=33816"},"modified":"2022-06-15T18:43:09","modified_gmt":"2022-06-15T22:43:09","slug":"7-entre-os-10-paises-com-mais-mortes-de-defensores-ambientais-e-da-terra-estao-na-america-latina-conheca-os-casos-do-brasil","status":"publish","type":"post","link":"http:\/\/blogdalucianaoliveira.com.br\/blog\/2022\/06\/15\/7-entre-os-10-paises-com-mais-mortes-de-defensores-ambientais-e-da-terra-estao-na-america-latina-conheca-os-casos-do-brasil\/","title":{"rendered":"7 entre os 10 pa\u00edses com mais mortes de defensores ambientais e da terra est\u00e3o na Am\u00e9rica Latina; conhe\u00e7a os casos do Brasil"},"content":{"rendered":"\n<figure class=\"wp-block-image size-large\"><img data-recalc-dims=\"1\" loading=\"lazy\" decoding=\"async\" width=\"600\" height=\"284\" data-attachment-id=\"33818\" data-permalink=\"http:\/\/blogdalucianaoliveira.com.br\/blog\/2022\/06\/15\/7-entre-os-10-paises-com-mais-mortes-de-defensores-ambientais-e-da-terra-estao-na-america-latina-conheca-os-casos-do-brasil\/3381f593-984c-4904-b0dc-f587521a1af0\/\" data-orig-file=\"https:\/\/i0.wp.com\/blogdalucianaoliveira.com.br\/blog\/wp-content\/uploads\/2022\/06\/3381F593-984C-4904-B0DC-F587521A1AF0.jpeg?fit=951%2C450\" data-orig-size=\"951,450\" data-comments-opened=\"0\" data-image-meta=\"{&quot;aperture&quot;:&quot;0&quot;,&quot;credit&quot;:&quot;&quot;,&quot;camera&quot;:&quot;&quot;,&quot;caption&quot;:&quot;&quot;,&quot;created_timestamp&quot;:&quot;0&quot;,&quot;copyright&quot;:&quot;&quot;,&quot;focal_length&quot;:&quot;0&quot;,&quot;iso&quot;:&quot;0&quot;,&quot;shutter_speed&quot;:&quot;0&quot;,&quot;title&quot;:&quot;&quot;,&quot;orientation&quot;:&quot;1&quot;}\" data-image-title=\"3381F593-984C-4904-B0DC-F587521A1AF0\" data-image-description=\"\" data-image-caption=\"\" data-medium-file=\"https:\/\/i0.wp.com\/blogdalucianaoliveira.com.br\/blog\/wp-content\/uploads\/2022\/06\/3381F593-984C-4904-B0DC-F587521A1AF0.jpeg?fit=300%2C142\" data-large-file=\"https:\/\/i0.wp.com\/blogdalucianaoliveira.com.br\/blog\/wp-content\/uploads\/2022\/06\/3381F593-984C-4904-B0DC-F587521A1AF0.jpeg?fit=600%2C284\" src=\"https:\/\/i0.wp.com\/blogdalucianaoliveira.com.br\/blog\/wp-content\/uploads\/2022\/06\/3381F593-984C-4904-B0DC-F587521A1AF0.jpeg?resize=600%2C284\" alt=\"\" class=\"wp-image-33818\" srcset=\"https:\/\/i0.wp.com\/blogdalucianaoliveira.com.br\/blog\/wp-content\/uploads\/2022\/06\/3381F593-984C-4904-B0DC-F587521A1AF0.jpeg?w=951 951w, https:\/\/i0.wp.com\/blogdalucianaoliveira.com.br\/blog\/wp-content\/uploads\/2022\/06\/3381F593-984C-4904-B0DC-F587521A1AF0.jpeg?resize=300%2C142 300w, https:\/\/i0.wp.com\/blogdalucianaoliveira.com.br\/blog\/wp-content\/uploads\/2022\/06\/3381F593-984C-4904-B0DC-F587521A1AF0.jpeg?resize=768%2C363 768w, https:\/\/i0.wp.com\/blogdalucianaoliveira.com.br\/blog\/wp-content\/uploads\/2022\/06\/3381F593-984C-4904-B0DC-F587521A1AF0.jpeg?resize=634%2C300 634w\" sizes=\"auto, (max-width: 600px) 100vw, 600px\" \/><\/figure>\n\n\n\n<h4 class=\"wp-block-heading\">Entre os assassinatos do Brasil e do Peru, mais de 70% ocorreram na regi\u00e3o amaz\u00f4nica. Povos tradicionais representam metade das mortes brasileiras.<\/h4>\n\n\n\n<!--more-->\n\n\n\n<p>Por Carolina Dantas, G1<\/p>\n\n\n\n<p><strong>Sete entre os 10 pa\u00edses com o maior n\u00famero de assassinatos de ativistas ambientais em 2020 est\u00e3o na Am\u00e9rica Latina<\/strong>. No Brasil \u2014 4\u00ba na lista do planeta e 3\u00ba na Am\u00e9rica Latina \u2014, foram 20 mortos, sendo que metade deles integram os povos tradicionais, como ind\u00edgenas, quilombolas e ribeirinhos.<em>&nbsp;(Veja a lista das v\u00edtimas brasileiras mais abaixo).&nbsp;<\/em><\/p>\n\n\n\n<p><strong>10 pa\u00edses com mais mortes de ativistas ambientais no mundo:<\/strong><\/p>\n\n\n\n<ol class=\"wp-block-list\"><li>Col\u00f4mbia: 65<\/li><li>M\u00e9xico: 30&nbsp;<\/li><li>Filipinas: 29<\/li><li><strong>Brasil: 20&nbsp;<\/strong><\/li><li>Honduras: 17&nbsp;<\/li><li>Rep\u00fablica Democr\u00e1tica do Congo: 15&nbsp;<\/li><li>Guatemala: 13&nbsp;<\/li><li>Nicar\u00e1gua: 12&nbsp;<\/li><li>Peru: 6&nbsp;<\/li><li>\u00cdndia: 4&nbsp;<\/li><\/ol>\n\n\n\n<p>Os dados s\u00e3o de relat\u00f3rio da organiza\u00e7\u00e3o internacional &#8220;Global Witness&#8221; divulgado neste domingo (12).\u00a0<strong>No mundo, foram 227 pessoas assassinadas<\/strong>\u00a0que estavam ligadas a quest\u00f5es ambientais e direitos da terra no ano passado.\u00a0<a href=\"https:\/\/g1.globo.com\/natureza\/noticia\/2020\/07\/28\/relatorio-de-ong-internacional-aponta-24-assassinatos-de-ativistas-no-brasil-em-2019-10-deles-eram-indigenas.ghtml\">No documento anterior, referente a 2019<\/a>, o n\u00famero era menor: 212 v\u00edtimas.<\/p>\n\n\n\n<h2 class=\"wp-block-heading\">Onde eles estavam?<\/h2>\n\n\n\n<p>No planeta, 165 v\u00edtimas que foram mortas por defenderem suas terras e\/ou o meio ambiente estavam na Am\u00e9rica Latina. O&nbsp;<strong>pa\u00eds que lidera a lista \u00e9 a Col\u00f4mbia<\/strong>, com 65 pessoas assassinadas \u2014 uma pessoa a mais do que em 2019. De acordo com o documento, um ter\u00e7o desses ataques ocorreram contra povos ind\u00edgenas e pessoas negras do pa\u00eds.&nbsp;<strong>Quase metade deles foram contra pequenos produtores agr\u00edcolas.<\/strong><\/p>\n\n\n\n<p>&#8220;Em muitas \u00e1reas remotas, grupos paramilitares e criminosos aumentaram o seu controle por meio da viol\u00eancia contra as comunidades rurais colombianas, e h\u00e1 falta de a\u00e7\u00e3o do estado para proteg\u00ea-las. Ativistas que procuram proteger a terra e o meio ambiente est\u00e3o cada vez mais na mira desses grupos, com um risco particular para aqueles que est\u00e3o em terras ind\u00edgenas&#8221;, aponta o documento.&nbsp;<\/p>\n\n\n\n<p><strong>De acordo com a &#8220;Global Witness&#8221;, a principal motiva\u00e7\u00e3o para as mortes de ativistas no mundo \u00e9 a explora\u00e7\u00e3o madeireira.<\/strong>&nbsp;O relat\u00f3rio conseguiu confirmar 23 casos de assassinatos por disputas relacionadas \u00e0 atividade. Eles ocorreram no Brasil, na Nicar\u00e1gua, no Peru, nas Filipinas e no M\u00e9xico, que cont\u00e9m o maior n\u00famero: 9 v\u00edtimas. Agroneg\u00f3cio e minera\u00e7\u00e3o est\u00e3o ligados a 34 mortes &#8211; 17 cada um.&nbsp;<\/p>\n\n\n\n<p>Entre as 30 pessoas assassinadas no M\u00e9xico, est\u00e1 o defensor dos recursos h\u00eddricos \u00d3scar Eyraud Adams, membro do povo kumiai. Ele foi morto ap\u00f3s se opor \u00e0s ind\u00fastrias que contribuem para a escassez de \u00e1gua na Baixa California, fronteira com o estado que recebe o segundo nome nos Estados Unidos. \u00d3scar est\u00e1 entre os ind\u00edgenas mortos por defender a pr\u00f3pria terra em 2020: 30 pessoas no total, sendo oito no Brasil.<\/p>\n\n\n\n<h2 class=\"wp-block-heading\">Quem s\u00e3o os brasileiros?<\/h2>\n\n\n\n<p>No Peru e no Brasil, mais de 70% dos assassinatos relacionados \u00e0 defesa do meio ambiente e da terra ocorreram na regi\u00e3o amaz\u00f4nica.&nbsp;<strong>Foram 20 brasileiros, sendo oito ind\u00edgenas e dois ribeirinhos.&nbsp;<\/strong>As causas: disputa de terra, defesa da reforma agr\u00e1ria, combate \u00e0 explora\u00e7\u00e3o madeireira e minera\u00e7\u00e3o ilegais, agroneg\u00f3cio, prote\u00e7\u00e3o da \u00e1gua e barragens.&nbsp;<\/p>\n\n\n\n<p><strong>Veja abaixo um resumo de quem s\u00e3o as v\u00edtimas:<\/strong><\/p>\n\n\n\n<ul class=\"wp-block-list\"><li><strong>Celino Fernandes e Wanderson de Jesus Rodrigues Fernandes:<\/strong>&nbsp;pai e filho,&nbsp;<a href=\"https:\/\/g1.globo.com\/ma\/maranhao\/noticia\/2020\/01\/09\/policia-investiga-assassinato-de-camponeses-em-viana-no-maranhao.ghtml\">os camponeses foram atacados dentro de uma resid\u00eancia<\/a>em Arari, a cerca de 120 km de S\u00e3o Lu\u00eds, no Maranh\u00e3o. O governo do estado informou que &#8220;trata-se de uma regi\u00e3o de conflito generalizado, envolvendo disputa de terras e cria\u00e7\u00e3o de animais&#8221;.&nbsp;<\/li><li><strong>Fernando Ferreira da Rocha:&nbsp;<\/strong>o advogado que atuava na \u00e1rea criminalista foi morto em Boca do Acre, munic\u00edpio do Amazonas. A Ordem dos Advogados do Brasil &#8211; Seccional Rond\u00f4nia&nbsp;<a href=\"https:\/\/www.oab-ro.org.br\/nota-de-pesar-fernando-ferreira-da-rocha\/\" target=\"_blank\" rel=\"noreferrer noopener\">divulgou uma nota de pesar<\/a>&nbsp;e confirmou que o caso \u00e9 tratado como assassinato.&nbsp;<\/li><li><strong>Raimundo Paulino da Silva Filho:&nbsp;<\/strong>o&nbsp;<a href=\"https:\/\/g1.globo.com\/pa\/para\/noticia\/2020\/02\/22\/ex-vereador-e-assassinado-com-um-tiro-na-cabeca-em-ourilandia-do-norte.ghtml\">ex-vereador foi assassinado<\/a>&nbsp;em Ouril\u00e2ndia do Norte, sudeste do Par\u00e1. Paulino era trabalhador rural e atuava como lideran\u00e7a comunit\u00e1ria. Era filiado ao Partido Comunista do Brasil (PCdoB).&nbsp;<\/li><li><strong>Virg\u00ednio Tupa Rero Jevy Benites:&nbsp;<\/strong>aos 24 anos, o ind\u00edgena foi assassinado na Vila Ponte Nova, munic\u00edpio de Diamante do Oeste, no Paran\u00e1. Conselho Indigenista Mission\u00e1rio (Cimi) informa que o povo Av\u00e1-Guarani segue recebendo amea\u00e7as e que mais um ind\u00edgena foi agredido com extrema viol\u00eancia.<\/li><\/ul>\n\n\n\n<figure class=\"wp-block-image\"><img data-recalc-dims=\"1\" decoding=\"async\" src=\"https:\/\/i0.wp.com\/s2.glbimg.com\/Kcuuoch7anAVgHvff_IkBvjXrz4%3D\/0x223%3A540x960\/984x0\/smart\/filters%3Astrip_icc%28%29\/i.s3.glbimg.com\/v1\/AUTH_59edd422c0c84a879bd37670ae4f538a\/internal_photos\/bs\/2020\/h\/A\/lJFbHMQ8CG2jDu6UaaIg\/whatsapp-image-2020-03-31-at-15.20.57-1-.jpeg?w=600&#038;ssl=1\" alt=\"L\u00edder ind\u00edgena Zezico Guajajara foi encontrado morto na Terra Ind\u00edgena Ararib\u00f3ia em Arame, no Maranh\u00e3o. \u2014 Foto: Divulga\u00e7\u00e3o\/Cimi\"\/><\/figure>\n\n\n\n<p>L\u00edder ind\u00edgena Zezico Guajajara foi encontrado morto na Terra Ind\u00edgena Ararib\u00f3ia em Arame, no Maranh\u00e3o. \u2014 Foto: Divulga\u00e7\u00e3o\/Cimi&nbsp;<\/p>\n\n\n\n<ul class=\"wp-block-list\"><li><strong>Zezico Rodrigues Guajajara:&nbsp;<\/strong><a href=\"https:\/\/g1.globo.com\/ma\/maranhao\/noticia\/2020\/03\/31\/lider-indigena-guajajara-e-encontrado-morto-no-maranhao.ghtml\">morto a tiros<\/a>, ele tinha forte atua\u00e7\u00e3o em defesa do territ\u00f3rio tradicional do povo ind\u00edgena Guajajara. Como lideran\u00e7a, se posicionava contra a derrubada da floresta e vinha denunciando a crescente presen\u00e7a de invasores e o roubo de madeira.<\/li><li><strong>Ari Uru-Eu-Wau-Wau:&nbsp;<\/strong><a href=\"https:\/\/g1.globo.com\/ro\/rondonia\/noticia\/2020\/04\/18\/indigena-uru-eu-wau-wau-assassinado-em-rondonia-sofreu-hemorragia-aguda-diz-iml.ghtml\">morto ap\u00f3s diversas amea\u00e7as de morte<\/a>,<strong>&nbsp;<\/strong>Ari trabalhava no grupo de vigil\u00e2ncia do povo ind\u00edgena Uru-eu-wau-wau, em Rond\u00f4nia. A fun\u00e7\u00e3o consistia em registrar e denunciar extra\u00e7\u00f5es ilegais de madeira dentro da aldeia.<\/li><\/ul>\n\n\n\n<figure class=\"wp-block-image size-large\"><img data-recalc-dims=\"1\" loading=\"lazy\" decoding=\"async\" width=\"600\" height=\"453\" data-attachment-id=\"33817\" data-permalink=\"http:\/\/blogdalucianaoliveira.com.br\/blog\/2022\/06\/15\/7-entre-os-10-paises-com-mais-mortes-de-defensores-ambientais-e-da-terra-estao-na-america-latina-conheca-os-casos-do-brasil\/79ad612e-f1a8-46d8-be3c-5ca7cbda2eb3\/\" data-orig-file=\"https:\/\/i0.wp.com\/blogdalucianaoliveira.com.br\/blog\/wp-content\/uploads\/2022\/06\/79AD612E-F1A8-46D8-BE3C-5CA7CBDA2EB3.jpeg?fit=958%2C723\" data-orig-size=\"958,723\" data-comments-opened=\"0\" data-image-meta=\"{&quot;aperture&quot;:&quot;0&quot;,&quot;credit&quot;:&quot;&quot;,&quot;camera&quot;:&quot;&quot;,&quot;caption&quot;:&quot;&quot;,&quot;created_timestamp&quot;:&quot;0&quot;,&quot;copyright&quot;:&quot;&quot;,&quot;focal_length&quot;:&quot;0&quot;,&quot;iso&quot;:&quot;0&quot;,&quot;shutter_speed&quot;:&quot;0&quot;,&quot;title&quot;:&quot;&quot;,&quot;orientation&quot;:&quot;0&quot;}\" data-image-title=\"79AD612E-F1A8-46D8-BE3C-5CA7CBDA2EB3\" data-image-description=\"\" data-image-caption=\"\" data-medium-file=\"https:\/\/i0.wp.com\/blogdalucianaoliveira.com.br\/blog\/wp-content\/uploads\/2022\/06\/79AD612E-F1A8-46D8-BE3C-5CA7CBDA2EB3.jpeg?fit=300%2C226\" data-large-file=\"https:\/\/i0.wp.com\/blogdalucianaoliveira.com.br\/blog\/wp-content\/uploads\/2022\/06\/79AD612E-F1A8-46D8-BE3C-5CA7CBDA2EB3.jpeg?fit=600%2C453\" src=\"https:\/\/i0.wp.com\/blogdalucianaoliveira.com.br\/blog\/wp-content\/uploads\/2022\/06\/79AD612E-F1A8-46D8-BE3C-5CA7CBDA2EB3.jpeg?resize=600%2C453\" alt=\"\" class=\"wp-image-33817\" srcset=\"https:\/\/i0.wp.com\/blogdalucianaoliveira.com.br\/blog\/wp-content\/uploads\/2022\/06\/79AD612E-F1A8-46D8-BE3C-5CA7CBDA2EB3.jpeg?w=958 958w, https:\/\/i0.wp.com\/blogdalucianaoliveira.com.br\/blog\/wp-content\/uploads\/2022\/06\/79AD612E-F1A8-46D8-BE3C-5CA7CBDA2EB3.jpeg?resize=300%2C226 300w, https:\/\/i0.wp.com\/blogdalucianaoliveira.com.br\/blog\/wp-content\/uploads\/2022\/06\/79AD612E-F1A8-46D8-BE3C-5CA7CBDA2EB3.jpeg?resize=768%2C580 768w, https:\/\/i0.wp.com\/blogdalucianaoliveira.com.br\/blog\/wp-content\/uploads\/2022\/06\/79AD612E-F1A8-46D8-BE3C-5CA7CBDA2EB3.jpeg?resize=398%2C300 398w\" sizes=\"auto, (max-width: 600px) 100vw, 600px\" \/><\/figure>\n\n\n\n<p>Ari Uru-eu-wau-wau foi encontrado morto em RO \u2014 Foto: Reprodu\u00e7\u00e3o\/Kanind\u00e9<\/p>\n\n\n\n<ul class=\"wp-block-list\"><li><strong>Dami\u00e3o Cristino de Carvalho Junior:<\/strong>&nbsp;vigilante do Parque Estadual Intervales, em Sete Barras, no interior de S\u00e3o Paulo,&nbsp;<a href=\"https:\/\/g1.globo.com\/sp\/santos-regiao\/noticia\/2020\/05\/03\/vigilante-e-morto-em-operacao-para-destruir-garimpo-ilegal-de-ouro-em-sp.ghtml\">morreu em confronto entre a Pol\u00edcia Ambiental e garimpeiros<\/a>. O assassinato ocorreu durante opera\u00e7\u00e3o para encontrar e destruir o garimpo clandestino de ouro.&nbsp;<\/li><li><strong>Ant\u00f4nio Correia dos Santos:&nbsp;<\/strong>o l\u00edder quilombola foi atingido com tr\u00eas tiros em casa, na regi\u00e3o sul da Bahia. Segundo a Defensoria P\u00fablica do estado, &#8220;desde 2014, a comunidade quilombola do Barroso vive um conflito quanto \u00e0 posse de terras com a comunidade do Varj\u00e3o, formada por pequenos agricultores da \u00e1rea&#8221;.&nbsp;<\/li><li><strong>Marcos Yanomami e Original Yanomami:&nbsp;<\/strong>os dois jovens ind\u00edgenas, de 20 e 24 anos,&nbsp;<a href=\"https:\/\/g1.globo.com\/rr\/roraima\/noticia\/2020\/06\/26\/jovens-indigenas-sao-mortos-por-garimpeiros-em-conflito-na-terra-yanomami-em-roraima.ghtml\">foram assassinados em Roraima.<\/a>&nbsp;As v\u00edtimas foram atacadas a tiros no meio da floresta por garimpeiros armados.<\/li><li><strong>Carlos Augusto Gomes:&nbsp;<\/strong>o<a href=\"https:\/\/g1.globo.com\/rj\/regiao-dos-lagos\/noticia\/2020\/07\/09\/trabalhador-rural-e-morto-a-tiros-em-area-onde-policiais-de-folga-foram-baleados-em-sao-pedro-da-aldeia-policia-acredita-em-disputa-por-terras.ghtml\">trabalhador rural foi morto a tiros no acampamento<\/a>&nbsp;Em\u00edlio Zapata em S\u00e3o Pedro da Aldeia, na Regi\u00e3o dos Lagos, no Rio de Janeiro. A principal linha de investiga\u00e7\u00e3o da Pol\u00edcia Civil \u00e9 de que o conflito tenha sido motivado por uma disputa por terras na \u00e1rea.<\/li><li><strong>Kwaxipuru Kaapor:<\/strong>&nbsp;<a href=\"https:\/\/g1.globo.com\/ma\/maranhao\/noticia\/2020\/08\/06\/indio-kaapor-e-morto-a-tiros-proximo-a-terra-indigena-alto-turiacu-no-maranhao.ghtml\">ind\u00edgena de 32 anos foi encontrado morto<\/a>&nbsp;\u00e0 beira de uma estrada perto do limite entre a Terra Ind\u00edgena Alto Turia\u00e7u e a cidade de Centro do Guilherme, no noroeste do Maranh\u00e3o. Lideran\u00e7as da etnia Ka&#8217;apor acreditam que o assassinato foi uma vingan\u00e7a de traficantes de drogas porque uma planta\u00e7\u00e3o de maconha havia sido destru\u00edda durante uma ronda realizada pelos ind\u00edgenas.<\/li><li><strong>Josimar Moraes Lopes e Josivan Moraes Lopes:&nbsp;<\/strong>v\u00edtimas de uma&nbsp;<a href=\"https:\/\/g1.globo.com\/am\/amazonas\/noticia\/2020\/08\/17\/quem-sao-os-mortos-da-onda-de-violencia-na-regiao-do-rio-abacaxis-no-amazonas.ghtml\">onda de viol\u00eancia e confrontos na regi\u00e3o do Rio Abacaxis<\/a>, em Nova Olinda do Norte, a 134 Km de Manaus. S\u00e3o dois ind\u00edgenas Munduruku.<\/li><li><strong>Mateus Cristiano Ara\u00fajo, Anderson Barbosa Monteiro e Vanderl\u00e2nia de Souza Ara\u00fajo:&nbsp;<\/strong>Vanderl\u00e2nia e Anderson eram um casal e estavam com filho, Mateus, quando ocorreu o crime. Os tr\u00eas ribeirinhos<a href=\"https:\/\/g1.globo.com\/am\/amazonas\/noticia\/2020\/08\/17\/quem-sao-os-mortos-da-onda-de-violencia-na-regiao-do-rio-abacaxis-no-amazonas.ghtml\">&nbsp;s\u00e3o v\u00edtimas da onda de viol\u00eancia em Rio Abacaxis<\/a>.&nbsp;<\/li><li><strong>Raimundo Nonato Batista Costa:<\/strong>segundo a Comiss\u00e3o Pastoral da Terra (CPT), o trabalhador rural foi encontrado morto em Gleba Campina, povoado do munic\u00edpio de Junco do Maranh\u00e3o (MA). A terra \u00e9 alvo de grilagem e os registros de conflitos agr\u00e1rios s\u00e3o recorrentes.<\/li><li><strong>Claudomir Bezerra de Freitas:<\/strong>&nbsp;Ele era dono de uma \u00e1rea na zona rural de Rio Branco. A cerca que fazia a divis\u00e3o das terras acabou queimando durante um inc\u00eandio. Ap\u00f3s a reconstru\u00e7\u00e3o do limite,&nbsp;<a href=\"https:\/\/g1.globo.com\/ac\/acre\/noticia\/2020\/10\/27\/apos-discussao-com-vizinho-por-limite-de-terra-homem-e-morto-na-zona-rural-de-rio-branco.ghtml\">o vizinho n\u00e3o teria concordado e acabou discutindo<\/a>&nbsp;e, em sequ\u00eancia, atirando contra Freitas.<\/li><\/ul>\n","protected":false},"excerpt":{"rendered":"<p>Entre os assassinatos do Brasil e do Peru, mais de 70% ocorreram na regi\u00e3o amaz\u00f4nica. Povos tradicionais representam metade das mortes brasileiras.<\/p>\n","protected":false},"author":1,"featured_media":0,"comment_status":"closed","ping_status":"open","sticky":false,"template":"","format":"standard","meta":{"_exactmetrics_skip_tracking":false,"_exactmetrics_sitenote_active":false,"_exactmetrics_sitenote_note":"","_exactmetrics_sitenote_category":0,"jetpack_post_was_ever_published":false,"_jetpack_newsletter_access":"","_jetpack_dont_email_post_to_subs":false,"_jetpack_newsletter_tier_id":0,"_jetpack_memberships_contains_paywalled_content":false,"_jetpack_memberships_contains_paid_content":false,"footnotes":"","jetpack_publicize_message":"","jetpack_publicize_feature_enabled":true,"jetpack_social_post_already_shared":true,"jetpack_social_options":{"image_generator_settings":{"template":"highway","enabled":false},"version":2}},"categories":[1],"tags":[],"class_list":["post-33816","post","type-post","status-publish","format-standard","hentry","category-notas"],"jetpack_publicize_connections":[],"jetpack_sharing_enabled":true,"jetpack_featured_media_url":"","jetpack_shortlink":"https:\/\/wp.me\/p7wKYW-8Nq","jetpack-related-posts":[],"_links":{"self":[{"href":"http:\/\/blogdalucianaoliveira.com.br\/blog\/wp-json\/wp\/v2\/posts\/33816","targetHints":{"allow":["GET"]}}],"collection":[{"href":"http:\/\/blogdalucianaoliveira.com.br\/blog\/wp-json\/wp\/v2\/posts"}],"about":[{"href":"http:\/\/blogdalucianaoliveira.com.br\/blog\/wp-json\/wp\/v2\/types\/post"}],"author":[{"embeddable":true,"href":"http:\/\/blogdalucianaoliveira.com.br\/blog\/wp-json\/wp\/v2\/users\/1"}],"replies":[{"embeddable":true,"href":"http:\/\/blogdalucianaoliveira.com.br\/blog\/wp-json\/wp\/v2\/comments?post=33816"}],"version-history":[{"count":1,"href":"http:\/\/blogdalucianaoliveira.com.br\/blog\/wp-json\/wp\/v2\/posts\/33816\/revisions"}],"predecessor-version":[{"id":33819,"href":"http:\/\/blogdalucianaoliveira.com.br\/blog\/wp-json\/wp\/v2\/posts\/33816\/revisions\/33819"}],"wp:attachment":[{"href":"http:\/\/blogdalucianaoliveira.com.br\/blog\/wp-json\/wp\/v2\/media?parent=33816"}],"wp:term":[{"taxonomy":"category","embeddable":true,"href":"http:\/\/blogdalucianaoliveira.com.br\/blog\/wp-json\/wp\/v2\/categories?post=33816"},{"taxonomy":"post_tag","embeddable":true,"href":"http:\/\/blogdalucianaoliveira.com.br\/blog\/wp-json\/wp\/v2\/tags?post=33816"}],"curies":[{"name":"wp","href":"https:\/\/api.w.org\/{rel}","templated":true}]}}