{"id":33824,"date":"2022-06-16T09:21:45","date_gmt":"2022-06-16T13:21:45","guid":{"rendered":"http:\/\/blogdalucianaoliveira.com.br\/blog\/?p=33824"},"modified":"2022-06-16T09:21:50","modified_gmt":"2022-06-16T13:21:50","slug":"do-luto-a-luta","status":"publish","type":"post","link":"http:\/\/blogdalucianaoliveira.com.br\/blog\/2022\/06\/16\/do-luto-a-luta\/","title":{"rendered":"Do luto \u00e0 luta"},"content":{"rendered":"\n<figure class=\"wp-block-image size-large\"><img loading=\"lazy\" decoding=\"async\" width=\"1078\" height=\"1209\" data-attachment-id=\"33825\" data-permalink=\"http:\/\/blogdalucianaoliveira.com.br\/blog\/2022\/06\/16\/do-luto-a-luta\/fa1351f9-cb7c-47c8-8a47-28025ae0f86c\/\" data-orig-file=\"https:\/\/i0.wp.com\/blogdalucianaoliveira.com.br\/blog\/wp-content\/uploads\/2022\/06\/FA1351F9-CB7C-47C8-8A47-28025AE0F86C.jpeg?fit=1078%2C1209\" data-orig-size=\"1078,1209\" data-comments-opened=\"0\" data-image-meta=\"{&quot;aperture&quot;:&quot;0&quot;,&quot;credit&quot;:&quot;&quot;,&quot;camera&quot;:&quot;&quot;,&quot;caption&quot;:&quot;&quot;,&quot;created_timestamp&quot;:&quot;0&quot;,&quot;copyright&quot;:&quot;&quot;,&quot;focal_length&quot;:&quot;0&quot;,&quot;iso&quot;:&quot;0&quot;,&quot;shutter_speed&quot;:&quot;0&quot;,&quot;title&quot;:&quot;&quot;,&quot;orientation&quot;:&quot;0&quot;}\" data-image-title=\"FA1351F9-CB7C-47C8-8A47-28025AE0F86C\" data-image-description=\"\" data-image-caption=\"\" data-medium-file=\"https:\/\/i0.wp.com\/blogdalucianaoliveira.com.br\/blog\/wp-content\/uploads\/2022\/06\/FA1351F9-CB7C-47C8-8A47-28025AE0F86C.jpeg?fit=267%2C300\" data-large-file=\"https:\/\/i0.wp.com\/blogdalucianaoliveira.com.br\/blog\/wp-content\/uploads\/2022\/06\/FA1351F9-CB7C-47C8-8A47-28025AE0F86C.jpeg?fit=600%2C673\" src=\"https:\/\/i1.wp.com\/blogdalucianaoliveira.com.br\/blog\/wp-content\/uploads\/2022\/06\/FA1351F9-CB7C-47C8-8A47-28025AE0F86C.jpeg?fit=600%2C673\" alt=\"\" class=\"wp-image-33825\" srcset=\"https:\/\/i0.wp.com\/blogdalucianaoliveira.com.br\/blog\/wp-content\/uploads\/2022\/06\/FA1351F9-CB7C-47C8-8A47-28025AE0F86C.jpeg?w=1078 1078w, https:\/\/i0.wp.com\/blogdalucianaoliveira.com.br\/blog\/wp-content\/uploads\/2022\/06\/FA1351F9-CB7C-47C8-8A47-28025AE0F86C.jpeg?resize=267%2C300 267w, https:\/\/i0.wp.com\/blogdalucianaoliveira.com.br\/blog\/wp-content\/uploads\/2022\/06\/FA1351F9-CB7C-47C8-8A47-28025AE0F86C.jpeg?resize=913%2C1024 913w, https:\/\/i0.wp.com\/blogdalucianaoliveira.com.br\/blog\/wp-content\/uploads\/2022\/06\/FA1351F9-CB7C-47C8-8A47-28025AE0F86C.jpeg?resize=768%2C861 768w\" sizes=\"auto, (max-width: 600px) 100vw, 600px\" \/><\/figure>\n\n\n\n<p>Quanto tempo pra nascerem mais dois seres humanos como Dom e Bruno?<br>\nOs muitos como eles s\u00e3o poucos para enfrentar os inimigos.<br>\nEu, que aqui me sinto t\u00e3o sozinha pra denunciar, sei como \u00e9 perigosa, cansativa e frustrante a luta pelos direitos humanos, para proteger a floresta e seus povos. <br>\nAgora a press\u00e3o de criminosos no Vale do Javari incentivados pelo presidente da rep\u00fablica \u00e9 not\u00edcia no mundo todo. At\u00e9 parece que indigenista e jornalista descobriram o esquema dos criminosos e denunciaram s\u00f3 agora. Que a grande imprensa descobriu s\u00f3 agora. <\/p>\n\n\n\n<!--more-->\n\n\n\n<p>\u201cse a floresta meu amigo, tivesse p\u00e9 pr\u00e1 andar, eu garanto meu amigo, com o perigo, n\u00e3o tinha ficado l\u00e1\u201d<\/p>\n\n\n\n<p>Estou muito triste \u2026 mas enviando mensagens para ativistas do mundo todo com quem mantenho contato. N\u00e3o se deixem matar! <br>\nCerto \u00e9 que os assassinatos de Dom e Bruno jogaram holofote \u00e0s amea\u00e7as no Vale do Javari e demais territ\u00f3rios ind\u00edgenas.<br>\nN\u00e3o h\u00e1 beleza em morte na luta.<br>\nMas nunca \u00e9 em v\u00e3o.<\/p>\n\n\n\n<h1 class=\"wp-block-heading\">#justicapordomebruno<\/h1>\n","protected":false},"excerpt":{"rendered":"<p>Quanto tempo pra nascerem mais dois seres humanos como Dom e Bruno? Os muitos como eles s\u00e3o poucos para enfrentar os inimigos. Eu, que aqui me sinto t\u00e3o sozinha pra denunciar, sei como \u00e9 perigosa, cansativa e frustrante a luta pelos direitos humanos, para proteger a floresta e seus povos. Agora a press\u00e3o de criminosos&#8230;<a class=\"more-link\" href=\"http:\/\/blogdalucianaoliveira.com.br\/blog\/2022\/06\/16\/do-luto-a-luta\/\">Continue a leitura <span class=\"meta-nav\">&raquo;<\/span><\/a><\/p>\n","protected":false},"author":1,"featured_media":0,"comment_status":"closed","ping_status":"open","sticky":false,"template":"","format":"standard","meta":{"_exactmetrics_skip_tracking":false,"_exactmetrics_sitenote_active":false,"_exactmetrics_sitenote_note":"","_exactmetrics_sitenote_category":0,"jetpack_post_was_ever_published":false,"_jetpack_newsletter_access":"","_jetpack_dont_email_post_to_subs":false,"_jetpack_newsletter_tier_id":0,"_jetpack_memberships_contains_paywalled_content":false,"_jetpack_memberships_contains_paid_content":false,"footnotes":"","jetpack_publicize_message":"","jetpack_publicize_feature_enabled":true,"jetpack_social_post_already_shared":true,"jetpack_social_options":{"image_generator_settings":{"template":"highway","enabled":false},"version":2}},"categories":[1],"tags":[],"class_list":["post-33824","post","type-post","status-publish","format-standard","hentry","category-notas"],"jetpack_publicize_connections":[],"jetpack_sharing_enabled":true,"jetpack_featured_media_url":"","jetpack_shortlink":"https:\/\/wp.me\/p7wKYW-8Ny","jetpack-related-posts":[],"_links":{"self":[{"href":"http:\/\/blogdalucianaoliveira.com.br\/blog\/wp-json\/wp\/v2\/posts\/33824","targetHints":{"allow":["GET"]}}],"collection":[{"href":"http:\/\/blogdalucianaoliveira.com.br\/blog\/wp-json\/wp\/v2\/posts"}],"about":[{"href":"http:\/\/blogdalucianaoliveira.com.br\/blog\/wp-json\/wp\/v2\/types\/post"}],"author":[{"embeddable":true,"href":"http:\/\/blogdalucianaoliveira.com.br\/blog\/wp-json\/wp\/v2\/users\/1"}],"replies":[{"embeddable":true,"href":"http:\/\/blogdalucianaoliveira.com.br\/blog\/wp-json\/wp\/v2\/comments?post=33824"}],"version-history":[{"count":1,"href":"http:\/\/blogdalucianaoliveira.com.br\/blog\/wp-json\/wp\/v2\/posts\/33824\/revisions"}],"predecessor-version":[{"id":33826,"href":"http:\/\/blogdalucianaoliveira.com.br\/blog\/wp-json\/wp\/v2\/posts\/33824\/revisions\/33826"}],"wp:attachment":[{"href":"http:\/\/blogdalucianaoliveira.com.br\/blog\/wp-json\/wp\/v2\/media?parent=33824"}],"wp:term":[{"taxonomy":"category","embeddable":true,"href":"http:\/\/blogdalucianaoliveira.com.br\/blog\/wp-json\/wp\/v2\/categories?post=33824"},{"taxonomy":"post_tag","embeddable":true,"href":"http:\/\/blogdalucianaoliveira.com.br\/blog\/wp-json\/wp\/v2\/tags?post=33824"}],"curies":[{"name":"wp","href":"https:\/\/api.w.org\/{rel}","templated":true}]}}