{"id":33828,"date":"2022-06-17T11:14:57","date_gmt":"2022-06-17T15:14:57","guid":{"rendered":"http:\/\/blogdalucianaoliveira.com.br\/blog\/?p=33828"},"modified":"2022-06-17T11:21:26","modified_gmt":"2022-06-17T15:21:26","slug":"cpt-lanca-caderno-de-conflitos-no-campo-e-mostra-o-avanco-da-violencia-sob-o-governo-bolsonaro","status":"publish","type":"post","link":"http:\/\/blogdalucianaoliveira.com.br\/blog\/2022\/06\/17\/cpt-lanca-caderno-de-conflitos-no-campo-e-mostra-o-avanco-da-violencia-sob-o-governo-bolsonaro\/","title":{"rendered":"CPT lan\u00e7a Caderno de Conflitos no Campo e mostra o avan\u00e7o da viol\u00eancia sob o governo Bolsonaro"},"content":{"rendered":"\n<figure class=\"wp-block-image size-large\"><img loading=\"lazy\" decoding=\"async\" width=\"1032\" height=\"502\" data-attachment-id=\"33829\" data-permalink=\"http:\/\/blogdalucianaoliveira.com.br\/blog\/2022\/06\/17\/cpt-lanca-caderno-de-conflitos-no-campo-e-mostra-o-avanco-da-violencia-sob-o-governo-bolsonaro\/whatsapp-image-2022-06-17-at-10-54-08\/\" data-orig-file=\"https:\/\/i0.wp.com\/blogdalucianaoliveira.com.br\/blog\/wp-content\/uploads\/2022\/06\/WhatsApp-Image-2022-06-17-at-10.54.08.jpeg?fit=1032%2C502\" data-orig-size=\"1032,502\" data-comments-opened=\"0\" data-image-meta=\"{&quot;aperture&quot;:&quot;0&quot;,&quot;credit&quot;:&quot;&quot;,&quot;camera&quot;:&quot;&quot;,&quot;caption&quot;:&quot;&quot;,&quot;created_timestamp&quot;:&quot;0&quot;,&quot;copyright&quot;:&quot;&quot;,&quot;focal_length&quot;:&quot;0&quot;,&quot;iso&quot;:&quot;0&quot;,&quot;shutter_speed&quot;:&quot;0&quot;,&quot;title&quot;:&quot;&quot;,&quot;orientation&quot;:&quot;0&quot;}\" data-image-title=\"WhatsApp-Image-2022-06-17-at-10.54.08\" data-image-description=\"\" data-image-caption=\"\" data-medium-file=\"https:\/\/i0.wp.com\/blogdalucianaoliveira.com.br\/blog\/wp-content\/uploads\/2022\/06\/WhatsApp-Image-2022-06-17-at-10.54.08.jpeg?fit=300%2C146\" data-large-file=\"https:\/\/i0.wp.com\/blogdalucianaoliveira.com.br\/blog\/wp-content\/uploads\/2022\/06\/WhatsApp-Image-2022-06-17-at-10.54.08.jpeg?fit=600%2C292\" src=\"https:\/\/i0.wp.com\/blogdalucianaoliveira.com.br\/blog\/wp-content\/uploads\/2022\/06\/WhatsApp-Image-2022-06-17-at-10.54.08.jpeg?fit=600%2C292\" alt=\"\" class=\"wp-image-33829\" srcset=\"https:\/\/i0.wp.com\/blogdalucianaoliveira.com.br\/blog\/wp-content\/uploads\/2022\/06\/WhatsApp-Image-2022-06-17-at-10.54.08.jpeg?w=1032 1032w, https:\/\/i0.wp.com\/blogdalucianaoliveira.com.br\/blog\/wp-content\/uploads\/2022\/06\/WhatsApp-Image-2022-06-17-at-10.54.08.jpeg?resize=300%2C146 300w, https:\/\/i0.wp.com\/blogdalucianaoliveira.com.br\/blog\/wp-content\/uploads\/2022\/06\/WhatsApp-Image-2022-06-17-at-10.54.08.jpeg?resize=1024%2C498 1024w, https:\/\/i0.wp.com\/blogdalucianaoliveira.com.br\/blog\/wp-content\/uploads\/2022\/06\/WhatsApp-Image-2022-06-17-at-10.54.08.jpeg?resize=768%2C374 768w, https:\/\/i0.wp.com\/blogdalucianaoliveira.com.br\/blog\/wp-content\/uploads\/2022\/06\/WhatsApp-Image-2022-06-17-at-10.54.08.jpeg?resize=617%2C300 617w\" sizes=\"auto, (max-width: 600px) 100vw, 600px\" \/><\/figure>\n\n\n\n<p>O dram\u00e1tico levantamento foi apresentado nesta sexta-feira, 17, na Arquidiocese de Porto Velho, com a presen\u00e7a de movimentos sociais, de trabalhadores e trabalhadoras que sofreram viola\u00e7\u00f5es de direitos, de membros da comunidade cient\u00edfica, autoridades p\u00fablicas, de \u00f3rg\u00e3os da justi\u00e7a e representante nacional do programa de prote\u00e7\u00e3o a defensores.<\/p>\n\n\n\n<!--more-->\n\n\n\n<p>A 37\u00aa edi\u00e7\u00e3o do Caderno de Conflitos no Campo Brasil exp\u00f5e a viol\u00eancia no campo no pa\u00eds e, sobretudo, na Amaz\u00f4nia, regi\u00e3o mais afetada pela necropol\u00edtica imposta pelo governo Bolsonaro, que estimula conflitos e criminaliza a luta pela terra.<\/p>\n\n\n\n<p>Com o desmantelamento dos \u00f3rg\u00e3os e institui\u00e7\u00f5es p\u00fablicas voltadas \u00e0 quest\u00e3o socioambiental e agr\u00e1ria brasileira, foi registrado um aumento da viol\u00eancia em 418 territ\u00f3rios, sendo 23% de terras ind\u00edgenas, 23% de quilombolas e 14% de posseiros.<\/p>\n\n\n\n<p>S\u00f3 em 2022, 19 pessoas foram assassinadas em conflitos no pa\u00eds.<\/p>\n\n\n\n<p>Os dados preliminares revelam que, at\u00e9 maio deste ano, cinco ind\u00edgenas e tr\u00eas ambientalistas foram assassinados. E n\u00e3o est\u00e3o inclu\u00eddos os recentes assassinatos do indigenista Bruno Pereira e do jornalista brit\u00e2nico Dom Phillips no Vale do Javari, no Amazonas.<\/p>\n\n\n\n<p><br> Em rela\u00e7\u00e3o ao percentual de aumento da viol\u00eancia foi registrada 94% de amplia\u00e7\u00e3o na compara\u00e7\u00e3o entre 2020 e 2021. &nbsp;<\/p>\n\n\n\n<p><br> Na verticaliza\u00e7\u00e3o das informa\u00e7\u00f5es em rela\u00e7\u00e3o aos estados da Amaz\u00f4nia, Rond\u00f4nia novamente, aparece com maior n\u00famero de assassinatos em decorr\u00eancia de conflitos no campo. Dos 35 assassinatos registrados em todo pa\u00eds, 11 ocorreram em Rond\u00f4nia.<\/p>\n\n\n\n<figure class=\"wp-block-image\"><img decoding=\"async\" src=\"https:\/\/i0.wp.com\/blogdalucianaoliveira.com.br\/blog\/wp-content\/uploads\/2022\/06\/2DBF1EE8-C96C-4333-AACB-E6F921427240.jpeg?fit=600%2C315\" alt=\"\"\/><\/figure>\n\n\n\n<p>Este \u00e9 o cen\u00e1rio que as din\u00e2micas agr\u00e1rias brasileiras movidas pela bancada ruralista atreladas \u00e0 economia da destrui\u00e7\u00e3o que leva morte a camponeses e camponesas, povos ind\u00edgenas e comunidades quilombolas.<\/p>\n\n\n\n<p>Desde 1985 a Comiss\u00e3o Pastoral da Terra publica o Caderno de Conflitos no Campo, movida por seu car\u00e1ter pastoral para estimular o protagonismo dos povos e comunidades em permanente luta pelo direito \u00e0 terra e trabalho.<br><\/p>\n\n\n\n<p>Confira fotos:<\/p>\n\n\n\n<figure class=\"wp-block-image size-large\"><img data-recalc-dims=\"1\" loading=\"lazy\" decoding=\"async\" width=\"600\" height=\"450\" data-attachment-id=\"33830\" data-permalink=\"http:\/\/blogdalucianaoliveira.com.br\/blog\/2022\/06\/17\/cpt-lanca-caderno-de-conflitos-no-campo-e-mostra-o-avanco-da-violencia-sob-o-governo-bolsonaro\/whatsapp-image-2022-06-17-at-10-52-22\/\" data-orig-file=\"https:\/\/i0.wp.com\/blogdalucianaoliveira.com.br\/blog\/wp-content\/uploads\/2022\/06\/WhatsApp-Image-2022-06-17-at-10.52.22.jpeg?fit=1024%2C768\" data-orig-size=\"1024,768\" data-comments-opened=\"0\" data-image-meta=\"{&quot;aperture&quot;:&quot;0&quot;,&quot;credit&quot;:&quot;&quot;,&quot;camera&quot;:&quot;&quot;,&quot;caption&quot;:&quot;&quot;,&quot;created_timestamp&quot;:&quot;0&quot;,&quot;copyright&quot;:&quot;&quot;,&quot;focal_length&quot;:&quot;0&quot;,&quot;iso&quot;:&quot;0&quot;,&quot;shutter_speed&quot;:&quot;0&quot;,&quot;title&quot;:&quot;&quot;,&quot;orientation&quot;:&quot;0&quot;}\" data-image-title=\"WhatsApp-Image-2022-06-17-at-10.52.22\" data-image-description=\"\" data-image-caption=\"\" data-medium-file=\"https:\/\/i0.wp.com\/blogdalucianaoliveira.com.br\/blog\/wp-content\/uploads\/2022\/06\/WhatsApp-Image-2022-06-17-at-10.52.22.jpeg?fit=300%2C225\" data-large-file=\"https:\/\/i0.wp.com\/blogdalucianaoliveira.com.br\/blog\/wp-content\/uploads\/2022\/06\/WhatsApp-Image-2022-06-17-at-10.52.22.jpeg?fit=600%2C450\" src=\"https:\/\/i0.wp.com\/blogdalucianaoliveira.com.br\/blog\/wp-content\/uploads\/2022\/06\/WhatsApp-Image-2022-06-17-at-10.52.22.jpeg?resize=600%2C450\" alt=\"\" class=\"wp-image-33830\" srcset=\"https:\/\/i0.wp.com\/blogdalucianaoliveira.com.br\/blog\/wp-content\/uploads\/2022\/06\/WhatsApp-Image-2022-06-17-at-10.52.22.jpeg?w=1024 1024w, https:\/\/i0.wp.com\/blogdalucianaoliveira.com.br\/blog\/wp-content\/uploads\/2022\/06\/WhatsApp-Image-2022-06-17-at-10.52.22.jpeg?resize=300%2C225 300w, https:\/\/i0.wp.com\/blogdalucianaoliveira.com.br\/blog\/wp-content\/uploads\/2022\/06\/WhatsApp-Image-2022-06-17-at-10.52.22.jpeg?resize=768%2C576 768w, https:\/\/i0.wp.com\/blogdalucianaoliveira.com.br\/blog\/wp-content\/uploads\/2022\/06\/WhatsApp-Image-2022-06-17-at-10.52.22.jpeg?resize=400%2C300 400w\" sizes=\"auto, (max-width: 600px) 100vw, 600px\" \/><\/figure>\n\n\n\n<figure class=\"wp-block-image size-large\"><img data-recalc-dims=\"1\" loading=\"lazy\" decoding=\"async\" width=\"600\" height=\"800\" data-attachment-id=\"33831\" data-permalink=\"http:\/\/blogdalucianaoliveira.com.br\/blog\/2022\/06\/17\/cpt-lanca-caderno-de-conflitos-no-campo-e-mostra-o-avanco-da-violencia-sob-o-governo-bolsonaro\/whatsapp-image-2022-06-17-at-10-52-21\/\" data-orig-file=\"https:\/\/i0.wp.com\/blogdalucianaoliveira.com.br\/blog\/wp-content\/uploads\/2022\/06\/WhatsApp-Image-2022-06-17-at-10.52.21.jpeg?fit=768%2C1024\" data-orig-size=\"768,1024\" data-comments-opened=\"0\" data-image-meta=\"{&quot;aperture&quot;:&quot;0&quot;,&quot;credit&quot;:&quot;&quot;,&quot;camera&quot;:&quot;&quot;,&quot;caption&quot;:&quot;&quot;,&quot;created_timestamp&quot;:&quot;0&quot;,&quot;copyright&quot;:&quot;&quot;,&quot;focal_length&quot;:&quot;0&quot;,&quot;iso&quot;:&quot;0&quot;,&quot;shutter_speed&quot;:&quot;0&quot;,&quot;title&quot;:&quot;&quot;,&quot;orientation&quot;:&quot;0&quot;}\" data-image-title=\"WhatsApp-Image-2022-06-17-at-10.52.21\" data-image-description=\"\" data-image-caption=\"\" data-medium-file=\"https:\/\/i0.wp.com\/blogdalucianaoliveira.com.br\/blog\/wp-content\/uploads\/2022\/06\/WhatsApp-Image-2022-06-17-at-10.52.21.jpeg?fit=225%2C300\" data-large-file=\"https:\/\/i0.wp.com\/blogdalucianaoliveira.com.br\/blog\/wp-content\/uploads\/2022\/06\/WhatsApp-Image-2022-06-17-at-10.52.21.jpeg?fit=600%2C800\" src=\"https:\/\/i0.wp.com\/blogdalucianaoliveira.com.br\/blog\/wp-content\/uploads\/2022\/06\/WhatsApp-Image-2022-06-17-at-10.52.21.jpeg?resize=600%2C800\" alt=\"\" class=\"wp-image-33831\" srcset=\"https:\/\/i0.wp.com\/blogdalucianaoliveira.com.br\/blog\/wp-content\/uploads\/2022\/06\/WhatsApp-Image-2022-06-17-at-10.52.21.jpeg?w=768 768w, https:\/\/i0.wp.com\/blogdalucianaoliveira.com.br\/blog\/wp-content\/uploads\/2022\/06\/WhatsApp-Image-2022-06-17-at-10.52.21.jpeg?resize=225%2C300 225w\" sizes=\"auto, (max-width: 600px) 100vw, 600px\" \/><\/figure>\n\n\n\n<figure class=\"wp-block-image size-large\"><img data-recalc-dims=\"1\" loading=\"lazy\" decoding=\"async\" width=\"600\" height=\"450\" data-attachment-id=\"33832\" data-permalink=\"http:\/\/blogdalucianaoliveira.com.br\/blog\/2022\/06\/17\/cpt-lanca-caderno-de-conflitos-no-campo-e-mostra-o-avanco-da-violencia-sob-o-governo-bolsonaro\/whatsapp-image-2022-06-17-at-10-52-21-1\/\" data-orig-file=\"https:\/\/i0.wp.com\/blogdalucianaoliveira.com.br\/blog\/wp-content\/uploads\/2022\/06\/WhatsApp-Image-2022-06-17-at-10.52.21-1.jpeg?fit=1024%2C768\" data-orig-size=\"1024,768\" data-comments-opened=\"0\" data-image-meta=\"{&quot;aperture&quot;:&quot;0&quot;,&quot;credit&quot;:&quot;&quot;,&quot;camera&quot;:&quot;&quot;,&quot;caption&quot;:&quot;&quot;,&quot;created_timestamp&quot;:&quot;0&quot;,&quot;copyright&quot;:&quot;&quot;,&quot;focal_length&quot;:&quot;0&quot;,&quot;iso&quot;:&quot;0&quot;,&quot;shutter_speed&quot;:&quot;0&quot;,&quot;title&quot;:&quot;&quot;,&quot;orientation&quot;:&quot;0&quot;}\" data-image-title=\"WhatsApp-Image-2022-06-17-at-10.52.21-1\" data-image-description=\"\" data-image-caption=\"\" data-medium-file=\"https:\/\/i0.wp.com\/blogdalucianaoliveira.com.br\/blog\/wp-content\/uploads\/2022\/06\/WhatsApp-Image-2022-06-17-at-10.52.21-1.jpeg?fit=300%2C225\" data-large-file=\"https:\/\/i0.wp.com\/blogdalucianaoliveira.com.br\/blog\/wp-content\/uploads\/2022\/06\/WhatsApp-Image-2022-06-17-at-10.52.21-1.jpeg?fit=600%2C450\" src=\"https:\/\/i0.wp.com\/blogdalucianaoliveira.com.br\/blog\/wp-content\/uploads\/2022\/06\/WhatsApp-Image-2022-06-17-at-10.52.21-1.jpeg?resize=600%2C450\" alt=\"\" class=\"wp-image-33832\" srcset=\"https:\/\/i0.wp.com\/blogdalucianaoliveira.com.br\/blog\/wp-content\/uploads\/2022\/06\/WhatsApp-Image-2022-06-17-at-10.52.21-1.jpeg?w=1024 1024w, https:\/\/i0.wp.com\/blogdalucianaoliveira.com.br\/blog\/wp-content\/uploads\/2022\/06\/WhatsApp-Image-2022-06-17-at-10.52.21-1.jpeg?resize=300%2C225 300w, https:\/\/i0.wp.com\/blogdalucianaoliveira.com.br\/blog\/wp-content\/uploads\/2022\/06\/WhatsApp-Image-2022-06-17-at-10.52.21-1.jpeg?resize=768%2C576 768w, https:\/\/i0.wp.com\/blogdalucianaoliveira.com.br\/blog\/wp-content\/uploads\/2022\/06\/WhatsApp-Image-2022-06-17-at-10.52.21-1.jpeg?resize=400%2C300 400w\" sizes=\"auto, (max-width: 600px) 100vw, 600px\" \/><\/figure>\n\n\n\n<figure class=\"wp-block-image size-large\"><img loading=\"lazy\" decoding=\"async\" width=\"1920\" height=\"2560\" data-attachment-id=\"33834\" data-permalink=\"http:\/\/blogdalucianaoliveira.com.br\/blog\/2022\/06\/17\/cpt-lanca-caderno-de-conflitos-no-campo-e-mostra-o-avanco-da-violencia-sob-o-governo-bolsonaro\/9eab44ad-2886-4bce-af9d-85f1d34e5a90\/\" data-orig-file=\"https:\/\/i0.wp.com\/blogdalucianaoliveira.com.br\/blog\/wp-content\/uploads\/2022\/06\/9EAB44AD-2886-4BCE-AF9D-85F1D34E5A90-scaled.jpeg?fit=1920%2C2560\" data-orig-size=\"1920,2560\" data-comments-opened=\"0\" data-image-meta=\"{&quot;aperture&quot;:&quot;0&quot;,&quot;credit&quot;:&quot;&quot;,&quot;camera&quot;:&quot;&quot;,&quot;caption&quot;:&quot;&quot;,&quot;created_timestamp&quot;:&quot;0&quot;,&quot;copyright&quot;:&quot;&quot;,&quot;focal_length&quot;:&quot;0&quot;,&quot;iso&quot;:&quot;0&quot;,&quot;shutter_speed&quot;:&quot;0&quot;,&quot;title&quot;:&quot;&quot;,&quot;orientation&quot;:&quot;1&quot;}\" data-image-title=\"9EAB44AD-2886-4BCE-AF9D-85F1D34E5A90\" data-image-description=\"\" data-image-caption=\"\" data-medium-file=\"https:\/\/i0.wp.com\/blogdalucianaoliveira.com.br\/blog\/wp-content\/uploads\/2022\/06\/9EAB44AD-2886-4BCE-AF9D-85F1D34E5A90-scaled.jpeg?fit=225%2C300\" data-large-file=\"https:\/\/i0.wp.com\/blogdalucianaoliveira.com.br\/blog\/wp-content\/uploads\/2022\/06\/9EAB44AD-2886-4BCE-AF9D-85F1D34E5A90-scaled.jpeg?fit=600%2C800\" src=\"https:\/\/i1.wp.com\/blogdalucianaoliveira.com.br\/blog\/wp-content\/uploads\/2022\/06\/9EAB44AD-2886-4BCE-AF9D-85F1D34E5A90-scaled.jpeg?fit=600%2C800\" alt=\"\" class=\"wp-image-33834\" srcset=\"https:\/\/i0.wp.com\/blogdalucianaoliveira.com.br\/blog\/wp-content\/uploads\/2022\/06\/9EAB44AD-2886-4BCE-AF9D-85F1D34E5A90-scaled.jpeg?w=1920 1920w, https:\/\/i0.wp.com\/blogdalucianaoliveira.com.br\/blog\/wp-content\/uploads\/2022\/06\/9EAB44AD-2886-4BCE-AF9D-85F1D34E5A90-scaled.jpeg?resize=225%2C300 225w, https:\/\/i0.wp.com\/blogdalucianaoliveira.com.br\/blog\/wp-content\/uploads\/2022\/06\/9EAB44AD-2886-4BCE-AF9D-85F1D34E5A90-scaled.jpeg?resize=768%2C1024 768w, https:\/\/i0.wp.com\/blogdalucianaoliveira.com.br\/blog\/wp-content\/uploads\/2022\/06\/9EAB44AD-2886-4BCE-AF9D-85F1D34E5A90-scaled.jpeg?resize=1152%2C1536 1152w, https:\/\/i0.wp.com\/blogdalucianaoliveira.com.br\/blog\/wp-content\/uploads\/2022\/06\/9EAB44AD-2886-4BCE-AF9D-85F1D34E5A90-scaled.jpeg?resize=1536%2C2048 1536w, https:\/\/i0.wp.com\/blogdalucianaoliveira.com.br\/blog\/wp-content\/uploads\/2022\/06\/9EAB44AD-2886-4BCE-AF9D-85F1D34E5A90-scaled.jpeg?w=1800 1800w\" sizes=\"auto, (max-width: 600px) 100vw, 600px\" \/><\/figure>\n\n\n\n<figure class=\"wp-block-image size-large\"><img data-recalc-dims=\"1\" loading=\"lazy\" decoding=\"async\" width=\"600\" height=\"495\" data-attachment-id=\"33838\" data-permalink=\"http:\/\/blogdalucianaoliveira.com.br\/blog\/2022\/06\/17\/cpt-lanca-caderno-de-conflitos-no-campo-e-mostra-o-avanco-da-violencia-sob-o-governo-bolsonaro\/a307e163-61bb-4cfb-b490-c8d12cd4944e\/\" data-orig-file=\"https:\/\/i0.wp.com\/blogdalucianaoliveira.com.br\/blog\/wp-content\/uploads\/2022\/06\/A307E163-61BB-4CFB-B490-C8D12CD4944E.jpeg?fit=640%2C528\" data-orig-size=\"640,528\" data-comments-opened=\"0\" data-image-meta=\"{&quot;aperture&quot;:&quot;0&quot;,&quot;credit&quot;:&quot;&quot;,&quot;camera&quot;:&quot;&quot;,&quot;caption&quot;:&quot;&quot;,&quot;created_timestamp&quot;:&quot;0&quot;,&quot;copyright&quot;:&quot;&quot;,&quot;focal_length&quot;:&quot;0&quot;,&quot;iso&quot;:&quot;0&quot;,&quot;shutter_speed&quot;:&quot;0&quot;,&quot;title&quot;:&quot;&quot;,&quot;orientation&quot;:&quot;1&quot;}\" data-image-title=\"A307E163-61BB-4CFB-B490-C8D12CD4944E\" data-image-description=\"\" data-image-caption=\"\" data-medium-file=\"https:\/\/i0.wp.com\/blogdalucianaoliveira.com.br\/blog\/wp-content\/uploads\/2022\/06\/A307E163-61BB-4CFB-B490-C8D12CD4944E.jpeg?fit=300%2C248\" data-large-file=\"https:\/\/i0.wp.com\/blogdalucianaoliveira.com.br\/blog\/wp-content\/uploads\/2022\/06\/A307E163-61BB-4CFB-B490-C8D12CD4944E.jpeg?fit=600%2C495\" src=\"https:\/\/i0.wp.com\/blogdalucianaoliveira.com.br\/blog\/wp-content\/uploads\/2022\/06\/A307E163-61BB-4CFB-B490-C8D12CD4944E.jpeg?resize=600%2C495\" alt=\"\" class=\"wp-image-33838\" srcset=\"https:\/\/i0.wp.com\/blogdalucianaoliveira.com.br\/blog\/wp-content\/uploads\/2022\/06\/A307E163-61BB-4CFB-B490-C8D12CD4944E.jpeg?w=640 640w, https:\/\/i0.wp.com\/blogdalucianaoliveira.com.br\/blog\/wp-content\/uploads\/2022\/06\/A307E163-61BB-4CFB-B490-C8D12CD4944E.jpeg?resize=300%2C248 300w, https:\/\/i0.wp.com\/blogdalucianaoliveira.com.br\/blog\/wp-content\/uploads\/2022\/06\/A307E163-61BB-4CFB-B490-C8D12CD4944E.jpeg?resize=364%2C300 364w\" sizes=\"auto, (max-width: 600px) 100vw, 600px\" \/><\/figure>\n\n\n\n<figure class=\"wp-block-image size-large\"><img data-recalc-dims=\"1\" loading=\"lazy\" decoding=\"async\" width=\"600\" height=\"450\" data-attachment-id=\"33840\" data-permalink=\"http:\/\/blogdalucianaoliveira.com.br\/blog\/2022\/06\/17\/cpt-lanca-caderno-de-conflitos-no-campo-e-mostra-o-avanco-da-violencia-sob-o-governo-bolsonaro\/f1ee9653-5e13-4faf-8a94-e31cd465c714\/\" data-orig-file=\"https:\/\/i0.wp.com\/blogdalucianaoliveira.com.br\/blog\/wp-content\/uploads\/2022\/06\/F1EE9653-5E13-4FAF-8A94-E31CD465C714.jpeg?fit=640%2C480\" data-orig-size=\"640,480\" data-comments-opened=\"0\" data-image-meta=\"{&quot;aperture&quot;:&quot;0&quot;,&quot;credit&quot;:&quot;&quot;,&quot;camera&quot;:&quot;&quot;,&quot;caption&quot;:&quot;&quot;,&quot;created_timestamp&quot;:&quot;0&quot;,&quot;copyright&quot;:&quot;&quot;,&quot;focal_length&quot;:&quot;0&quot;,&quot;iso&quot;:&quot;0&quot;,&quot;shutter_speed&quot;:&quot;0&quot;,&quot;title&quot;:&quot;&quot;,&quot;orientation&quot;:&quot;1&quot;}\" data-image-title=\"F1EE9653-5E13-4FAF-8A94-E31CD465C714\" data-image-description=\"\" data-image-caption=\"\" data-medium-file=\"https:\/\/i0.wp.com\/blogdalucianaoliveira.com.br\/blog\/wp-content\/uploads\/2022\/06\/F1EE9653-5E13-4FAF-8A94-E31CD465C714.jpeg?fit=300%2C225\" data-large-file=\"https:\/\/i0.wp.com\/blogdalucianaoliveira.com.br\/blog\/wp-content\/uploads\/2022\/06\/F1EE9653-5E13-4FAF-8A94-E31CD465C714.jpeg?fit=600%2C450\" src=\"https:\/\/i0.wp.com\/blogdalucianaoliveira.com.br\/blog\/wp-content\/uploads\/2022\/06\/F1EE9653-5E13-4FAF-8A94-E31CD465C714.jpeg?resize=600%2C450\" alt=\"\" class=\"wp-image-33840\" srcset=\"https:\/\/i0.wp.com\/blogdalucianaoliveira.com.br\/blog\/wp-content\/uploads\/2022\/06\/F1EE9653-5E13-4FAF-8A94-E31CD465C714.jpeg?w=640 640w, https:\/\/i0.wp.com\/blogdalucianaoliveira.com.br\/blog\/wp-content\/uploads\/2022\/06\/F1EE9653-5E13-4FAF-8A94-E31CD465C714.jpeg?resize=300%2C225 300w, https:\/\/i0.wp.com\/blogdalucianaoliveira.com.br\/blog\/wp-content\/uploads\/2022\/06\/F1EE9653-5E13-4FAF-8A94-E31CD465C714.jpeg?resize=400%2C300 400w\" sizes=\"auto, (max-width: 600px) 100vw, 600px\" \/><\/figure>\n","protected":false},"excerpt":{"rendered":"<p>O dram\u00e1tico levantamento foi apresentado nesta sexta-feira, 17, na Arquidiocese de Porto Velho, com a presen\u00e7a de movimentos sociais, de trabalhadores e trabalhadoras que sofreram viola\u00e7\u00f5es de direitos, de membros da comunidade cient\u00edfica, autoridades p\u00fablicas, de \u00f3rg\u00e3os da justi\u00e7a e representante nacional do programa de prote\u00e7\u00e3o a defensores.<\/p>\n","protected":false},"author":1,"featured_media":0,"comment_status":"closed","ping_status":"open","sticky":false,"template":"","format":"standard","meta":{"_exactmetrics_skip_tracking":false,"_exactmetrics_sitenote_active":false,"_exactmetrics_sitenote_note":"","_exactmetrics_sitenote_category":0,"jetpack_post_was_ever_published":false,"_jetpack_newsletter_access":"","_jetpack_dont_email_post_to_subs":false,"_jetpack_newsletter_tier_id":0,"_jetpack_memberships_contains_paywalled_content":false,"_jetpack_memberships_contains_paid_content":false,"footnotes":"","jetpack_publicize_message":"","jetpack_publicize_feature_enabled":true,"jetpack_social_post_already_shared":true,"jetpack_social_options":{"image_generator_settings":{"template":"highway","enabled":false},"version":2}},"categories":[1],"tags":[742,728,705,619,7,34],"class_list":["post-33828","post","type-post","status-publish","format-standard","hentry","category-notas","tag-agrarios","tag-comissao-pastoral-da-terra","tag-conflitos","tag-cpt","tag-rondonia","tag-violencia"],"jetpack_publicize_connections":[],"jetpack_sharing_enabled":true,"jetpack_featured_media_url":"","jetpack_shortlink":"https:\/\/wp.me\/p7wKYW-8NC","jetpack-related-posts":[],"_links":{"self":[{"href":"http:\/\/blogdalucianaoliveira.com.br\/blog\/wp-json\/wp\/v2\/posts\/33828","targetHints":{"allow":["GET"]}}],"collection":[{"href":"http:\/\/blogdalucianaoliveira.com.br\/blog\/wp-json\/wp\/v2\/posts"}],"about":[{"href":"http:\/\/blogdalucianaoliveira.com.br\/blog\/wp-json\/wp\/v2\/types\/post"}],"author":[{"embeddable":true,"href":"http:\/\/blogdalucianaoliveira.com.br\/blog\/wp-json\/wp\/v2\/users\/1"}],"replies":[{"embeddable":true,"href":"http:\/\/blogdalucianaoliveira.com.br\/blog\/wp-json\/wp\/v2\/comments?post=33828"}],"version-history":[{"count":2,"href":"http:\/\/blogdalucianaoliveira.com.br\/blog\/wp-json\/wp\/v2\/posts\/33828\/revisions"}],"predecessor-version":[{"id":33843,"href":"http:\/\/blogdalucianaoliveira.com.br\/blog\/wp-json\/wp\/v2\/posts\/33828\/revisions\/33843"}],"wp:attachment":[{"href":"http:\/\/blogdalucianaoliveira.com.br\/blog\/wp-json\/wp\/v2\/media?parent=33828"}],"wp:term":[{"taxonomy":"category","embeddable":true,"href":"http:\/\/blogdalucianaoliveira.com.br\/blog\/wp-json\/wp\/v2\/categories?post=33828"},{"taxonomy":"post_tag","embeddable":true,"href":"http:\/\/blogdalucianaoliveira.com.br\/blog\/wp-json\/wp\/v2\/tags?post=33828"}],"curies":[{"name":"wp","href":"https:\/\/api.w.org\/{rel}","templated":true}]}}