{"id":3384,"date":"2016-08-23T20:40:47","date_gmt":"2016-08-24T00:40:47","guid":{"rendered":"http:\/\/blogdalucianaoliveira.com.br\/blog\/?p=3384"},"modified":"2016-08-23T20:40:47","modified_gmt":"2016-08-24T00:40:47","slug":"nao-nao-e-temer-o-vampiro-escolhido","status":"publish","type":"post","link":"http:\/\/blogdalucianaoliveira.com.br\/blog\/2016\/08\/23\/nao-nao-e-temer-o-vampiro-escolhido\/","title":{"rendered":"N\u00e3o, n\u00e3o \u00e9 Temer o vampiro escolhido!"},"content":{"rendered":"<p><img data-recalc-dims=\"1\" loading=\"lazy\" decoding=\"async\" data-attachment-id=\"3385\" data-permalink=\"http:\/\/blogdalucianaoliveira.com.br\/blog\/2016\/08\/23\/nao-nao-e-temer-o-vampiro-escolhido\/davi\/\" data-orig-file=\"https:\/\/i0.wp.com\/blogdalucianaoliveira.com.br\/blog\/wp-content\/uploads\/2016\/08\/davi.jpg?fit=480%2C270\" data-orig-size=\"480,270\" data-comments-opened=\"0\" data-image-meta=\"{&quot;aperture&quot;:&quot;5.6&quot;,&quot;credit&quot;:&quot;&quot;,&quot;camera&quot;:&quot;NIKON D50&quot;,&quot;caption&quot;:&quot;&quot;,&quot;created_timestamp&quot;:&quot;1414775400&quot;,&quot;copyright&quot;:&quot;&quot;,&quot;focal_length&quot;:&quot;48&quot;,&quot;iso&quot;:&quot;0&quot;,&quot;shutter_speed&quot;:&quot;0.0166666666667&quot;,&quot;title&quot;:&quot;&quot;,&quot;orientation&quot;:&quot;1&quot;}\" data-image-title=\"davi\" data-image-description=\"\" data-image-caption=\"\" data-medium-file=\"https:\/\/i0.wp.com\/blogdalucianaoliveira.com.br\/blog\/wp-content\/uploads\/2016\/08\/davi.jpg?fit=300%2C169\" data-large-file=\"https:\/\/i0.wp.com\/blogdalucianaoliveira.com.br\/blog\/wp-content\/uploads\/2016\/08\/davi.jpg?fit=480%2C270\" src=\"https:\/\/i0.wp.com\/blogdalucianaoliveira.com.br\/blog\/wp-content\/uploads\/2016\/08\/davi.jpg?resize=480%2C270\" alt=\"davi\" width=\"480\" height=\"270\" class=\"alignnone size-full wp-image-3385\" srcset=\"https:\/\/i0.wp.com\/blogdalucianaoliveira.com.br\/blog\/wp-content\/uploads\/2016\/08\/davi.jpg?w=480 480w, https:\/\/i0.wp.com\/blogdalucianaoliveira.com.br\/blog\/wp-content\/uploads\/2016\/08\/davi.jpg?resize=300%2C169 300w\" sizes=\"auto, (max-width: 480px) 100vw, 480px\" \/><\/p>\n<p>No Brasil 247<br \/>\nPor David Nogueira<!--more--><\/p>\n<p>1. N\u00e3o, n\u00e3o \u00e9 Temer o vampiro escolhido!<\/p>\n<p>H\u00e1 um princ\u00edpio no ilusionismo que ensina o seguinte: quanto mais voc\u00ea olha para as m\u00e3os do m\u00e1gico, menor ser\u00e1 a tua capacidade em ver algo. Quanto mais perto estiveres, menor tua habilidade de percep\u00e7\u00e3o da realidade. Ao ser direcionado para a posi\u00e7\u00e3o pr\u00f3xima ao objeto, voc\u00ea estar\u00e1 olhando exatamente para onde o ilusionista quer que voc\u00ea fixe a &#8220;atenta&#8221; vis\u00e3o. Nesse momento, com a outra m\u00e3o livre para agir, o m\u00e1gico executa, com tranquilidade e perfei\u00e7\u00e3o, aquilo que realmente quer fazer. O resultado, na maioria das vezes, \u00e9 a surpresa&#8230; o inusitado. Algo n\u00e3o previsto pelo cidad\u00e3o.<\/p>\n<p>2. Poder aparente e Poder real<\/p>\n<p>Onde est\u00e1 historicamente estacionado o Poder no Estado Brasileiro? \u00c9 muita ingenuidade e ilus\u00e3o nossa pensar que ele (o poder) esteja no Congresso, no Executivo ou, muito menos, no Judici\u00e1rio. O poder est\u00e1 onde circula o grande capital (nacional e internacional). \u00c9 ele quem direciona as pol\u00edticas importantes do pa\u00eds, por mais que a figura A ou B tente implementar caminhos diferentes. Alguns avan\u00e7os, certamente, podem ser articulados, no entanto, isso depende de muitos fatores. Entre os mais importantes, destacamos a capacidade do setor rentista em amealhar dinheiro.<\/p>\n<p>3. O financiamento da pol\u00edtica gera novos patr\u00f5es<\/p>\n<p>Hoje, o comando do Golpe Institucional no Brasil tem como pano de fundo motiva\u00e7\u00f5es externas. Ele se consolida mediante uma classe pol\u00edtica med\u00edocre, subserviente aos interesses americanos, corrupta por forma\u00e7\u00e3o e entreguista por voca\u00e7\u00e3o. Apoia-se num Judici\u00e1rio covarde, politicamente comprometido com esse nebuloso setor e, simultaneamente, articulado com uma m\u00eddia servi\u00e7al e dependente.<\/p>\n<p>4. Pr\u00e9-Sal, PCL&#8230;<\/p>\n<p>O Sistema de Partilhas na explora\u00e7\u00e3o do Pr\u00e9-Sal da bacia mar\u00edtima brasileira foi a gota de \u00e1gua que faltava para o &#8220;Poder&#8221; exigir novos caminhos no &#8220;quintal&#8221; tupiniquim. Ali est\u00e1 a maior reserva de petr\u00f3leo descoberta no mundo neste s\u00e9culo (centenas de bilh\u00f5es de d\u00f3lares). As grandes corpora\u00e7\u00f5es americanas ficaram de fora desse processo e querem o que &#8220;lhes pertence&#8221;!!! \u00c9 s\u00f3 ver a lamban\u00e7a causada pelas disputas do &#8220;ouro negro&#8221; pelo mundo para imaginar a capacidade de rea\u00e7\u00e3o dessa gente diante de nossa ousadia em querer tal riqueza a servi\u00e7o de um projeto novo de na\u00e7\u00e3o. Segundo a FGV, nos pr\u00f3ximos 30 anos, de forma direta, indireta e informal, mais de 80 milh\u00f5es de empregos ter\u00e3o como causa o setor petrol\u00edfero. A Pol\u00edtica de Conte\u00fado Local (PCL), por outro lado, \u00e9 uma revolu\u00e7\u00e3o dentro do pa\u00eds em sua capacidade em produzir tecnologia, gerar empregos especializados e aumentar a arrecada\u00e7\u00e3o de impostos. Os imensos recursos advindos dessa atividade econ\u00f4mica (com altos e baixos) permitir\u00e3o, prioritariamente, melhorias significativas nas \u00e1reas da educa\u00e7\u00e3o e da sa\u00fade. Em outras palavras, o Brasil estava em um processo revolucion\u00e1rio de expans\u00e3o, com significativa e paulatina distribui\u00e7\u00e3o de renda. Isso se tornou algo inaceit\u00e1vel para a nossa burguesia burra e subserviente, al\u00e9m de intoler\u00e1vel para o capital internacional.<\/p>\n<p>5. A elei\u00e7\u00e3o indireta por um Congresso reconhecidamente corrupto<\/p>\n<p>Vivemos sob a \u00e9gide do mais conservador, tolo, incompetente e despreparado Congresso de nossa hist\u00f3ria. Ele \u00e9 manipul\u00e1vel com imensa facilidade (alguns membros nem escondem isso), pelas for\u00e7as sedutoras do grande capital. Afastar Dilma do Poder (e o projeto pol\u00edtico representado por ela) exige dois passos importantes neste momento, a saber: a) consolidar o Golpe dentro do Congresso; b) construir uma sa\u00edda mais palat\u00e1vel para o mundo exterior. Deposta a Presidenta, criam-se as condi\u00e7\u00f5es objetivas para a degola de Temer por falta de representatividade, prest\u00edgio, incompet\u00eancia e rejei\u00e7\u00e3o social. Na virada do ano, com menos de dois anos para o t\u00e9rmino do atual mandato, o Congresso \u00e9 chamado a eleger um novo presidente&#8230; Ep\u00edlogo de uma novela pat\u00e9tica. Surge, ent\u00e3o, um novo &#8220;Salvador da P\u00e1tria&#8221;. Com a miss\u00e3o de agregar o pa\u00eds, num grande esfor\u00e7o de uni\u00e3o nacional, a solu\u00e7\u00e3o emergir\u00e1 do Legislativo Nacional Brasiliense (amplamente financiando por essas empresas&#8230;). Imaginem quem um Congresso com aquele perfil bandido e corrupto eleger\u00e1 para tal miss\u00e3o e a servi\u00e7o de quais interesses???<\/p>\n","protected":false},"excerpt":{"rendered":"<p>No Brasil 247 Por David Nogueira<\/p>\n","protected":false},"author":1,"featured_media":0,"comment_status":"closed","ping_status":"open","sticky":false,"template":"","format":"standard","meta":{"_exactmetrics_skip_tracking":false,"_exactmetrics_sitenote_active":false,"_exactmetrics_sitenote_note":"","_exactmetrics_sitenote_category":0,"jetpack_post_was_ever_published":false,"_jetpack_newsletter_access":"","_jetpack_dont_email_post_to_subs":false,"_jetpack_newsletter_tier_id":0,"_jetpack_memberships_contains_paywalled_content":false,"_jetpack_memberships_contains_paid_content":false,"footnotes":"","jetpack_publicize_message":"","jetpack_publicize_feature_enabled":true,"jetpack_social_post_already_shared":true,"jetpack_social_options":{"image_generator_settings":{"template":"highway","enabled":false},"version":2}},"categories":[1],"tags":[],"class_list":["post-3384","post","type-post","status-publish","format-standard","hentry","category-notas"],"jetpack_publicize_connections":[],"jetpack_sharing_enabled":true,"jetpack_featured_media_url":"","jetpack_shortlink":"https:\/\/wp.me\/p7wKYW-SA","jetpack-related-posts":[],"_links":{"self":[{"href":"http:\/\/blogdalucianaoliveira.com.br\/blog\/wp-json\/wp\/v2\/posts\/3384","targetHints":{"allow":["GET"]}}],"collection":[{"href":"http:\/\/blogdalucianaoliveira.com.br\/blog\/wp-json\/wp\/v2\/posts"}],"about":[{"href":"http:\/\/blogdalucianaoliveira.com.br\/blog\/wp-json\/wp\/v2\/types\/post"}],"author":[{"embeddable":true,"href":"http:\/\/blogdalucianaoliveira.com.br\/blog\/wp-json\/wp\/v2\/users\/1"}],"replies":[{"embeddable":true,"href":"http:\/\/blogdalucianaoliveira.com.br\/blog\/wp-json\/wp\/v2\/comments?post=3384"}],"version-history":[{"count":1,"href":"http:\/\/blogdalucianaoliveira.com.br\/blog\/wp-json\/wp\/v2\/posts\/3384\/revisions"}],"predecessor-version":[{"id":3386,"href":"http:\/\/blogdalucianaoliveira.com.br\/blog\/wp-json\/wp\/v2\/posts\/3384\/revisions\/3386"}],"wp:attachment":[{"href":"http:\/\/blogdalucianaoliveira.com.br\/blog\/wp-json\/wp\/v2\/media?parent=3384"}],"wp:term":[{"taxonomy":"category","embeddable":true,"href":"http:\/\/blogdalucianaoliveira.com.br\/blog\/wp-json\/wp\/v2\/categories?post=3384"},{"taxonomy":"post_tag","embeddable":true,"href":"http:\/\/blogdalucianaoliveira.com.br\/blog\/wp-json\/wp\/v2\/tags?post=3384"}],"curies":[{"name":"wp","href":"https:\/\/api.w.org\/{rel}","templated":true}]}}