{"id":33844,"date":"2022-06-19T18:22:01","date_gmt":"2022-06-19T22:22:01","guid":{"rendered":"http:\/\/blogdalucianaoliveira.com.br\/blog\/?p=33844"},"modified":"2022-06-19T18:22:06","modified_gmt":"2022-06-19T22:22:06","slug":"com-coro-de-fora-bolsonaro-cerca-de-3-milhoes-de-pessoas-participam-da-26a-parada-lgbtqia","status":"publish","type":"post","link":"http:\/\/blogdalucianaoliveira.com.br\/blog\/2022\/06\/19\/com-coro-de-fora-bolsonaro-cerca-de-3-milhoes-de-pessoas-participam-da-26a-parada-lgbtqia\/","title":{"rendered":"Com coro de &#8220;fora Bolsonaro&#8221;, cerca de 3 milh\u00f5es de pessoas participam da 26\u00aa Parada LGBTQIA+"},"content":{"rendered":"\n<figure class=\"wp-block-image size-large\"><img data-recalc-dims=\"1\" loading=\"lazy\" decoding=\"async\" width=\"600\" height=\"400\" data-attachment-id=\"33845\" data-permalink=\"http:\/\/blogdalucianaoliveira.com.br\/blog\/2022\/06\/19\/com-coro-de-fora-bolsonaro-cerca-de-3-milhoes-de-pessoas-participam-da-26a-parada-lgbtqia\/89d0c411-685a-4d44-842a-37eedc89add6\/\" data-orig-file=\"https:\/\/i0.wp.com\/blogdalucianaoliveira.com.br\/blog\/wp-content\/uploads\/2022\/06\/89D0C411-685A-4D44-842A-37EEDC89ADD6.jpeg?fit=800%2C533\" data-orig-size=\"800,533\" data-comments-opened=\"0\" data-image-meta=\"{&quot;aperture&quot;:&quot;0&quot;,&quot;credit&quot;:&quot;&quot;,&quot;camera&quot;:&quot;&quot;,&quot;caption&quot;:&quot;&quot;,&quot;created_timestamp&quot;:&quot;0&quot;,&quot;copyright&quot;:&quot;&quot;,&quot;focal_length&quot;:&quot;0&quot;,&quot;iso&quot;:&quot;0&quot;,&quot;shutter_speed&quot;:&quot;0&quot;,&quot;title&quot;:&quot;&quot;,&quot;orientation&quot;:&quot;0&quot;}\" data-image-title=\"89D0C411-685A-4D44-842A-37EEDC89ADD6\" data-image-description=\"\" data-image-caption=\"\" data-medium-file=\"https:\/\/i0.wp.com\/blogdalucianaoliveira.com.br\/blog\/wp-content\/uploads\/2022\/06\/89D0C411-685A-4D44-842A-37EEDC89ADD6.jpeg?fit=300%2C200\" data-large-file=\"https:\/\/i0.wp.com\/blogdalucianaoliveira.com.br\/blog\/wp-content\/uploads\/2022\/06\/89D0C411-685A-4D44-842A-37EEDC89ADD6.jpeg?fit=600%2C400\" src=\"https:\/\/i0.wp.com\/blogdalucianaoliveira.com.br\/blog\/wp-content\/uploads\/2022\/06\/89D0C411-685A-4D44-842A-37EEDC89ADD6.jpeg?resize=600%2C400\" alt=\"\" class=\"wp-image-33845\" srcset=\"https:\/\/i0.wp.com\/blogdalucianaoliveira.com.br\/blog\/wp-content\/uploads\/2022\/06\/89D0C411-685A-4D44-842A-37EEDC89ADD6.jpeg?w=800 800w, https:\/\/i0.wp.com\/blogdalucianaoliveira.com.br\/blog\/wp-content\/uploads\/2022\/06\/89D0C411-685A-4D44-842A-37EEDC89ADD6.jpeg?resize=300%2C200 300w, https:\/\/i0.wp.com\/blogdalucianaoliveira.com.br\/blog\/wp-content\/uploads\/2022\/06\/89D0C411-685A-4D44-842A-37EEDC89ADD6.jpeg?resize=768%2C512 768w, https:\/\/i0.wp.com\/blogdalucianaoliveira.com.br\/blog\/wp-content\/uploads\/2022\/06\/89D0C411-685A-4D44-842A-37EEDC89ADD6.jpeg?resize=450%2C300 450w\" sizes=\"auto, (max-width: 600px) 100vw, 600px\" \/><\/figure>\n\n\n\n<h4 class=\"wp-block-heading\">Ap\u00f3s 2 anos de pandemia e de suspens\u00e3o, evento volta a ocupar Avenida Paulista com 19 trios el\u00e9tricos<\/h4>\n\n\n\n<!--more-->\n\n\n\n<p>Michele de Mello &#8211; Brasil de Fato | S\u00e3o Paulo (SP)\u00a0<\/p>\n\n\n\n<p>A 26\u00aa Parada do Orgulho LGBTQIA+ de S\u00e3o Paulo acontece neste domingo (19) na Avenida Paulista com a participa\u00e7\u00e3o de cerca de 3 milh\u00f5es de pessoas. Ap\u00f3s dois anos suspensa pela pandemia, a Parada volta \u00e0s ruas com o tema &#8220;Vote com Orulho por Pol\u00edticas que te representam&#8221; e 19 trios el\u00e9tricos.&nbsp;<\/p>\n\n\n\n<p>&#8220;Nossa identidade visual tem, inclusive, uma urna, para dizer que confiamos na urna e que ela \u00e9 uma ferramenta pela democracia&#8221;, diz Luiz de Fran\u00e7a, um dos diretores da maior parada LGBTQIA+ do mundo.<\/p>\n\n\n\n<p>Com faixas e gritos de &#8220;Fora, Bolsonaro&#8221;, a Parada&nbsp;foi repleta de manifesta\u00e7\u00f5es pol\u00edticas.&nbsp;<\/p>\n\n\n\n<figure><iframe allowfullscreen=\"true\" class=\"\" src=\"https:\/\/platform.twitter.com\/embed\/Tweet.html?creatorScreenName=Brasil_de_Fato&amp;dnt=true&amp;embedId=twitter-widget-0&amp;features=eyJ0ZndfZXhwZXJpbWVudHNfY29va2llX2V4cGlyYXRpb24iOnsiYnVja2V0IjoxMjA5NjAwLCJ2ZXJzaW9uIjpudWxsfSwidGZ3X3JlZnNyY19zZXNzaW9uIjp7ImJ1Y2tldCI6Im9mZiIsInZlcnNpb24iOm51bGx9LCJ0Zndfc2Vuc2l0aXZlX21lZGlhX2ludGVyc3RpdGlhbF8xMzk2MyI6eyJidWNrZXQiOiJpbnRlcnN0aXRpYWwiLCJ2ZXJzaW9uIjpudWxsfSwidGZ3X3R3ZWV0X3Jlc3VsdF9taWdyYXRpb25fMTM5NzkiOnsiYnVja2V0IjoidHdlZXRfcmVzdWx0IiwidmVyc2lvbiI6bnVsbH19&amp;frame=false&amp;hideCard=false&amp;hideThread=false&amp;id=1538593914260684801&amp;lang=pt&amp;origin=https%3A%2F%2Fwww.brasildefato.com.br%2F2022%2F06%2F19%2Fcom-coro-de-fora-bolsonaro-cerca-de-3-milhoes-de-pessoas-participam-da-26-parada-lgbtqia&amp;sessionId=ed9f66eaf3084f1c3820bedda2b4e6a45ea124e0&amp;siteScreenName=Brasil_de_Fato&amp;theme=light&amp;widgetsVersion=b45a03c79d4c1%3A1654150928467&amp;width=550px\"><\/iframe><\/figure>\n\n\n\n<p>O prefeito Ricardo Nunes (MDB) e o governador Rodrigo Garcia (PSDB) n\u00e3o compareceram ao evento. Antes de disputar a Prefeitura de S\u00e3o Paulo como vice de Bruno Covas (PSDB), Nunes integrava a chamada bancada religiosa na C\u00e2mara Municipal durante os dois mandatos como vereador.<\/p>\n\n\n\n<p>&#8220;N\u00e3o \u00e9 um momento qualquer da nossa hist\u00f3ria. N\u00f3s estamos num retrocesso civilizat\u00f3rio. Tudo o que faz com que tenhamos respeito uns com os outros \u00e9 o que estamos perdendo nesses anos&#8221;,&nbsp;<a href=\"https:\/\/twitter.com\/martasuplicy_\/status\/1538577325108903939\" target=\"_blank\" rel=\"noreferrer noopener\">disse&nbsp;<\/a>a secretaria municipal de Rela\u00e7\u00f5es Internacionais, Marta Suplicy (MDB).<\/p>\n\n\n\n<p>A l\u00edder da bancada do PSOl na Assembleia Legislativa de S\u00e3o Paulo, S\u00e2mia Bonfim esteve na Parada, &#8220;pelo direito de ser e amar, vamos derrotar Bolsonaro&#8221;, disse.<\/p>\n\n\n\n<p>A deputada estadual Erica Malunguinho (PSOL) tamb\u00e9m esteve na Parada, apesar de sofrer amea\u00e7as antes do evento.<\/p>\n\n\n\n<p>&#8220;Recebi amea\u00e7a, via email, sobre minha participa\u00e7\u00e3o na Parada LGBTQIA+. Outras parlamentares foram citadas nesta comunica\u00e7\u00e3o. Juntas lavramos B.O e abrimos procedimento junto \u00e0 Sec. De Justi\u00e7a para averigua\u00e7\u00e3o imediata&#8221;,&nbsp;<a href=\"https:\/\/twitter.com\/malunguinho\/status\/1536721570781179905\" target=\"_blank\" rel=\"noreferrer noopener\">denunciou&nbsp;<\/a>em suas redes sociais, na \u00faltima quinta-feira (14).<\/p>\n\n\n\n<figure><iframe allowfullscreen=\"true\" class=\"\" src=\"https:\/\/platform.twitter.com\/embed\/Tweet.html?creatorScreenName=Brasil_de_Fato&amp;dnt=true&amp;embedId=twitter-widget-1&amp;features=eyJ0ZndfZXhwZXJpbWVudHNfY29va2llX2V4cGlyYXRpb24iOnsiYnVja2V0IjoxMjA5NjAwLCJ2ZXJzaW9uIjpudWxsfSwidGZ3X3JlZnNyY19zZXNzaW9uIjp7ImJ1Y2tldCI6Im9mZiIsInZlcnNpb24iOm51bGx9LCJ0Zndfc2Vuc2l0aXZlX21lZGlhX2ludGVyc3RpdGlhbF8xMzk2MyI6eyJidWNrZXQiOiJpbnRlcnN0aXRpYWwiLCJ2ZXJzaW9uIjpudWxsfSwidGZ3X3R3ZWV0X3Jlc3VsdF9taWdyYXRpb25fMTM5NzkiOnsiYnVja2V0IjoidHdlZXRfcmVzdWx0IiwidmVyc2lvbiI6bnVsbH19&amp;frame=false&amp;hideCard=false&amp;hideThread=true&amp;id=1538585764761587716&amp;lang=pt&amp;origin=https%3A%2F%2Fwww.brasildefato.com.br%2F2022%2F06%2F19%2Fcom-coro-de-fora-bolsonaro-cerca-de-3-milhoes-de-pessoas-participam-da-26-parada-lgbtqia&amp;sessionId=ed9f66eaf3084f1c3820bedda2b4e6a45ea124e0&amp;siteScreenName=Brasil_de_Fato&amp;theme=light&amp;widgetsVersion=b45a03c79d4c1%3A1654150928467&amp;width=550px\"><\/iframe><\/figure>\n\n\n\n<p>A vereadora e presidenta&nbsp;da Comiss\u00e3o de Direitos Humanos da C\u00e2mara de S\u00e3o Paulo, Erika Hilton (PSOL) tamb\u00e9m marcou presen\u00e7a.&nbsp;<\/p>\n\n\n\n<figure><iframe allowfullscreen=\"true\" class=\"\" src=\"https:\/\/platform.twitter.com\/embed\/Tweet.html?creatorScreenName=Brasil_de_Fato&amp;dnt=true&amp;embedId=twitter-widget-2&amp;features=eyJ0ZndfZXhwZXJpbWVudHNfY29va2llX2V4cGlyYXRpb24iOnsiYnVja2V0IjoxMjA5NjAwLCJ2ZXJzaW9uIjpudWxsfSwidGZ3X3JlZnNyY19zZXNzaW9uIjp7ImJ1Y2tldCI6Im9mZiIsInZlcnNpb24iOm51bGx9LCJ0Zndfc2Vuc2l0aXZlX21lZGlhX2ludGVyc3RpdGlhbF8xMzk2MyI6eyJidWNrZXQiOiJpbnRlcnN0aXRpYWwiLCJ2ZXJzaW9uIjpudWxsfSwidGZ3X3R3ZWV0X3Jlc3VsdF9taWdyYXRpb25fMTM5NzkiOnsiYnVja2V0IjoidHdlZXRfcmVzdWx0IiwidmVyc2lvbiI6bnVsbH19&amp;frame=false&amp;hideCard=false&amp;hideThread=true&amp;id=1538597174669455361&amp;lang=pt&amp;origin=https%3A%2F%2Fwww.brasildefato.com.br%2F2022%2F06%2F19%2Fcom-coro-de-fora-bolsonaro-cerca-de-3-milhoes-de-pessoas-participam-da-26-parada-lgbtqia&amp;sessionId=ed9f66eaf3084f1c3820bedda2b4e6a45ea124e0&amp;siteScreenName=Brasil_de_Fato&amp;theme=light&amp;widgetsVersion=b45a03c79d4c1%3A1654150928467&amp;width=550px\"><\/iframe><\/figure>\n\n\n\n<p>O deputado federal David Miranda (PDT)&nbsp;<a href=\"https:\/\/twitter.com\/davidmirandario\/status\/1538592212774174726\" target=\"_blank\" rel=\"noreferrer noopener\">disse&nbsp;<\/a>&#8220;vamos derrotar esse conservadorismo assustador que assola nosso pa\u00eds! Deixem a gente amar em paz!&#8221;.<\/p>\n\n\n\n<p>Por mais direitos<\/p>\n\n\n\n<p>A Parada acontece anualmente para exigir visibilidade, representatividade e direitos \u00e0 popula\u00e7\u00e3o LGBTQIA+. Somente no ano passado, o n\u00famero de mortes violentas de LGBTI+ subiu 33,3% no Brasil, com 316 mortes registradas, segundo o<a href=\"http:\/\/https\/\/observatoriomorteseviolenciaslgbtibrasil.org\/wp-content\/uploads\/2022\/05\/Dossie-de-Mortes-e-Violencias-Contra-LGBTI-no-Brasil-2021-ACONTECE-ANTRA-ABGLT-1.pdf\" target=\"_blank\" rel=\"noreferrer noopener\">&nbsp;Observat\u00f3rio de Mortes e Viol\u00eancias contra LGBTQIA+<\/a>. Cerca de 30% dos casos s\u00e3o jovens de 20 a 29 anos.<\/p>\n\n\n\n<p>&#8220;N\u00e3o \u00e9 s\u00f3 mais um discurso de milit\u00e2ncia, \u00e9 uma quest\u00e3o de sobreviv\u00eancia&#8221;,&nbsp;<a href=\"https:\/\/twitter.com\/carlaayres\/status\/1538523426452819968\" target=\"_blank\" rel=\"noreferrer noopener\">afirmou&nbsp;<\/a>a vereadora do PT, Carla Ayres.&nbsp;<\/p>\n\n\n\n<p>O<a href=\"https:\/\/www.brasildefato.com.br\/2022\/01\/23\/ha-13-anos-no-topo-da-lista-brasil-continua-sendo-o-pais-que-mais-mata-pessoas-trans-no-mundo\" target=\"_blank\" rel=\"noreferrer noopener\">&nbsp;Brasil continua sendo o pa\u00eds mais perigoso do mundo para as pessoas trans<\/a>, cuja expectativa de vida \u00e9 de 35 anos. Pelo menos 4.042 pessoas trans e de g\u00eaneros diversos foram assassinadas entre janeiro de 2008 e setembro de 2021.<\/p>\n\n\n\n<p>H\u00e1 quatro anos, a Organiza\u00e7\u00e3o Mundial da Sa\u00fade (OMS) anunciou retirada dos &#8220;transtornos&#8221; de identidade de g\u00eanero da sua lista de enfermidades de sa\u00fade mental. A mudan\u00e7a aconteceu 28 anos depois da decis\u00e3o de retirar o termo homossexualidade da lista de doen\u00e7as.<\/p>\n\n\n\n<p>Edi\u00e7\u00e3o: Thales Schmidt<\/p>\n\n\n\n<p><\/p>\n","protected":false},"excerpt":{"rendered":"<p>Ap\u00f3s 2 anos de pandemia e de suspens\u00e3o, evento volta a ocupar Avenida Paulista com 19 trios el\u00e9tricos<\/p>\n","protected":false},"author":1,"featured_media":0,"comment_status":"closed","ping_status":"open","sticky":false,"template":"","format":"standard","meta":{"_exactmetrics_skip_tracking":false,"_exactmetrics_sitenote_active":false,"_exactmetrics_sitenote_note":"","_exactmetrics_sitenote_category":0,"jetpack_post_was_ever_published":false,"_jetpack_newsletter_access":"","_jetpack_dont_email_post_to_subs":false,"_jetpack_newsletter_tier_id":0,"_jetpack_memberships_contains_paywalled_content":false,"_jetpack_memberships_contains_paid_content":false,"footnotes":"","jetpack_publicize_message":"","jetpack_publicize_feature_enabled":true,"jetpack_social_post_already_shared":true,"jetpack_social_options":{"image_generator_settings":{"template":"highway","enabled":false},"version":2}},"categories":[1],"tags":[743],"class_list":["post-33844","post","type-post","status-publish","format-standard","hentry","category-notas","tag-parada-lgbtqi"],"jetpack_publicize_connections":[],"jetpack_sharing_enabled":true,"jetpack_featured_media_url":"","jetpack_shortlink":"https:\/\/wp.me\/p7wKYW-8NS","jetpack-related-posts":[],"_links":{"self":[{"href":"http:\/\/blogdalucianaoliveira.com.br\/blog\/wp-json\/wp\/v2\/posts\/33844","targetHints":{"allow":["GET"]}}],"collection":[{"href":"http:\/\/blogdalucianaoliveira.com.br\/blog\/wp-json\/wp\/v2\/posts"}],"about":[{"href":"http:\/\/blogdalucianaoliveira.com.br\/blog\/wp-json\/wp\/v2\/types\/post"}],"author":[{"embeddable":true,"href":"http:\/\/blogdalucianaoliveira.com.br\/blog\/wp-json\/wp\/v2\/users\/1"}],"replies":[{"embeddable":true,"href":"http:\/\/blogdalucianaoliveira.com.br\/blog\/wp-json\/wp\/v2\/comments?post=33844"}],"version-history":[{"count":1,"href":"http:\/\/blogdalucianaoliveira.com.br\/blog\/wp-json\/wp\/v2\/posts\/33844\/revisions"}],"predecessor-version":[{"id":33846,"href":"http:\/\/blogdalucianaoliveira.com.br\/blog\/wp-json\/wp\/v2\/posts\/33844\/revisions\/33846"}],"wp:attachment":[{"href":"http:\/\/blogdalucianaoliveira.com.br\/blog\/wp-json\/wp\/v2\/media?parent=33844"}],"wp:term":[{"taxonomy":"category","embeddable":true,"href":"http:\/\/blogdalucianaoliveira.com.br\/blog\/wp-json\/wp\/v2\/categories?post=33844"},{"taxonomy":"post_tag","embeddable":true,"href":"http:\/\/blogdalucianaoliveira.com.br\/blog\/wp-json\/wp\/v2\/tags?post=33844"}],"curies":[{"name":"wp","href":"https:\/\/api.w.org\/{rel}","templated":true}]}}