{"id":33849,"date":"2022-06-20T11:28:24","date_gmt":"2022-06-20T15:28:24","guid":{"rendered":"http:\/\/blogdalucianaoliveira.com.br\/blog\/?p=33849"},"modified":"2022-06-20T11:28:26","modified_gmt":"2022-06-20T15:28:26","slug":"tres-filmes-essenciais","status":"publish","type":"post","link":"http:\/\/blogdalucianaoliveira.com.br\/blog\/2022\/06\/20\/tres-filmes-essenciais\/","title":{"rendered":"TR\u00caS FILMES ESSENCIAIS"},"content":{"rendered":"\n<figure class=\"wp-block-image size-large\"><img data-recalc-dims=\"1\" loading=\"lazy\" decoding=\"async\" width=\"600\" height=\"404\" data-attachment-id=\"33850\" data-permalink=\"http:\/\/blogdalucianaoliveira.com.br\/blog\/2022\/06\/20\/tres-filmes-essenciais\/f8a21a61-077f-4be6-a0ef-3b33bd58c7df\/\" data-orig-file=\"https:\/\/i0.wp.com\/blogdalucianaoliveira.com.br\/blog\/wp-content\/uploads\/2022\/06\/F8A21A61-077F-4BE6-A0EF-3B33BD58C7DF.jpeg?fit=860%2C579\" data-orig-size=\"860,579\" data-comments-opened=\"0\" data-image-meta=\"{&quot;aperture&quot;:&quot;0&quot;,&quot;credit&quot;:&quot;&quot;,&quot;camera&quot;:&quot;&quot;,&quot;caption&quot;:&quot;&quot;,&quot;created_timestamp&quot;:&quot;0&quot;,&quot;copyright&quot;:&quot;&quot;,&quot;focal_length&quot;:&quot;0&quot;,&quot;iso&quot;:&quot;0&quot;,&quot;shutter_speed&quot;:&quot;0&quot;,&quot;title&quot;:&quot;&quot;,&quot;orientation&quot;:&quot;0&quot;}\" data-image-title=\"F8A21A61-077F-4BE6-A0EF-3B33BD58C7DF\" data-image-description=\"\" data-image-caption=\"\" data-medium-file=\"https:\/\/i0.wp.com\/blogdalucianaoliveira.com.br\/blog\/wp-content\/uploads\/2022\/06\/F8A21A61-077F-4BE6-A0EF-3B33BD58C7DF.jpeg?fit=300%2C202\" data-large-file=\"https:\/\/i0.wp.com\/blogdalucianaoliveira.com.br\/blog\/wp-content\/uploads\/2022\/06\/F8A21A61-077F-4BE6-A0EF-3B33BD58C7DF.jpeg?fit=600%2C404\" src=\"https:\/\/i0.wp.com\/blogdalucianaoliveira.com.br\/blog\/wp-content\/uploads\/2022\/06\/F8A21A61-077F-4BE6-A0EF-3B33BD58C7DF.jpeg?resize=600%2C404\" alt=\"\" class=\"wp-image-33850\" srcset=\"https:\/\/i0.wp.com\/blogdalucianaoliveira.com.br\/blog\/wp-content\/uploads\/2022\/06\/F8A21A61-077F-4BE6-A0EF-3B33BD58C7DF.jpeg?w=860 860w, https:\/\/i0.wp.com\/blogdalucianaoliveira.com.br\/blog\/wp-content\/uploads\/2022\/06\/F8A21A61-077F-4BE6-A0EF-3B33BD58C7DF.jpeg?resize=300%2C202 300w, https:\/\/i0.wp.com\/blogdalucianaoliveira.com.br\/blog\/wp-content\/uploads\/2022\/06\/F8A21A61-077F-4BE6-A0EF-3B33BD58C7DF.jpeg?resize=768%2C517 768w, https:\/\/i0.wp.com\/blogdalucianaoliveira.com.br\/blog\/wp-content\/uploads\/2022\/06\/F8A21A61-077F-4BE6-A0EF-3B33BD58C7DF.jpeg?resize=446%2C300 446w\" sizes=\"auto, (max-width: 600px) 100vw, 600px\" \/><\/figure>\n\n\n\n<p><br>Crimes na Amaz\u00f4nia, exterm\u00ednio judeu e meandros da Lava Jato s\u00e3o abordados em document\u00e1rios.<\/p>\n\n\n\n<!--more-->\n\n\n\n<p>Eduardo Escorel, Revista Piau\u00ed <\/p>\n\n\n\n<p><br>Document\u00e1rios podem se tornar imprescind\u00edveis de diversas maneiras \u2013 alguns, ao estrearem, gra\u00e7as \u00e0 atualidade de seu tema, vencendo a sina usual desse g\u00eanero de cinema ser a celebra\u00e7\u00e3o de um r\u00e9quiem, conforme se tornou corriqueiro dizer. Exemplos recentes de filmes relevantes s\u00e3o\u00a0<em>O Territ\u00f3rio<\/em>(2022), de Alex Pritz, exibido em abril no encerramento do Festival \u00c9 Tudo Verdade, e\u00a0<em>Babi Yar. Contexto<\/em>\u00a0(2021), de Sergei Loznitsa, exibido no 11\u00ba Olhar de Cinema, em Curitiba, entre 1 e 9 de junho, com sess\u00f5es presenciais e transmiss\u00e3o via streaming.<\/p>\n\n\n\n<p>Quanto ao cinema brasileiro recente, pobre em mat\u00e9ria de filmes essenciais, estrear\u00e1 amanh\u00e3 (16\/6)&nbsp;<em>Amigo Secreto<\/em>&nbsp;(2022). Coprodu\u00e7\u00e3o Brasil, Alemanha e Holanda, o document\u00e1rio aborda o per\u00edodo de 2014 a 2022, concentrando-se em eventos pol\u00edticos ocorridos entre 2017 e 2020. Levando em conta os entraves burocr\u00e1ticos e a restri\u00e7\u00e3o de&nbsp;recursos&nbsp;no Brasil, tamanha atualidade s\u00f3 pode ter sido poss\u00edvel por ser coproduzido com outros pa\u00edses, sem esquecer a convic\u00e7\u00e3o da roteirista e diretora, al\u00e9m de produtora, Maria Augusta Ramos.&nbsp;&nbsp;<\/p>\n\n\n\n<p>Os oito anos abordados em\u00a0<em>Amigo Secreto<\/em>\u00a0t\u00eam in\u00edcio com uma legenda sobre a investiga\u00e7\u00e3o do Minist\u00e9rio P\u00fablico e da Pol\u00edcia Federal que revelou o esquema de corrup\u00e7\u00e3o envolvendo altos funcion\u00e1rios da Petrobras e pol\u00edticos, opera\u00e7\u00e3o que se tornou c\u00e9lebre com o nome de Lava Jato. E o filme chega ao fim com a declara\u00e7\u00e3o do Comit\u00ea de Direitos Humanos das Na\u00e7\u00f5es Unidas feita este ano, segundo a qual o ex-presidente Luiz In\u00e1cio Lula da Silva foi v\u00edtima de julgamento parcial e teve violados seus direitos pol\u00edticos, civis e a privacidade. Tamb\u00e9m em forma de legendas, constam no final de\u00a0<em>Amigo Secreto<\/em>\u00a0as informa\u00e7\u00f5es de que \u201ctodos os processos movidos pela Lava Jato contra Lula foram arquivados pela justi\u00e7a\u201d e o resultado da pesquisa Datafolha de 26 de maio passado em que Lula lidera com 48% as inten\u00e7\u00f5es de voto para a elei\u00e7\u00e3o presidencial de outubro. Faltando um m\u00eas e meio para o in\u00edcio oficial da campanha, \u00e9 dif\u00edcil imaginar um filme com maior potencial de impacto do que\u00a0<em>Amigo Secreto<\/em>, ao recuperar, em\u00a02h11, a trama que levou ao resultado tr\u00e1gico da elei\u00e7\u00e3o presidencial de 2018 e os desdobramentos pol\u00edticos nos anos subsequentes.\u00a0<br><\/p>\n\n\n\n<p>O\u00a0desaparecimento\u00a0do jornalista Dom Phillips e do indigenista Bruno Ara\u00fajo Pereira no Oeste do estado do Amazonas,\u00a0em 5 de junho,\u00a0n\u00e3o pode ter deixado de abalar de modo profundo quem j\u00e1 assistiu a\u00a0<em>O Territ\u00f3rio<\/em>. Embora situado em Rond\u00f4nia, distante do Vale do Javari onde Phillips e Pereira\u00a0continuavam sumidos at\u00e9 ontem (14\/6), o document\u00e1rio de Pritz aborda uma situa\u00e7\u00e3o recorrente em toda a Regi\u00e3o Amaz\u00f4nica \u2013 serras el\u00e9tricas derrubando a floresta, madeireiros amea\u00e7ando menos de duzentos Uru-eu-wau-wau que sobrevivem rodeados por fazendas e o assassinato de Ari Uru-eu-wau-wau, encontrado morto, em abril de 2020, no distrito de Jaru. Apresenta ainda o trabalho heroico e a coragem da ativista ambiental Ivaneide Bandeira, a Neidinha. Os primeiros vinte minutos de\u00a0<em>O Territ\u00f3rio<\/em>\u00a0s\u00e3o narrados enquanto decorre a campanha presidencial de 2018. O ent\u00e3o candidato que veio a ser eleito \u00e9 visto em um celular declarando: \u201cPodem ter certeza, se eu chegar l\u00e1, n\u00e3o vai ter dinheiro para ONG. Todo cidad\u00e3o vai ter uma arma de fogo dentro de casa. N\u00e3o vai ter um cent\u00edmetro demarcado para reserva ind\u00edgena e quilombola.\u201d Aos dezessete minutos, quando o\u00a0<em>Jornal Nacional<\/em>\u00a0anuncia o candidato eleito, Neidinha levanta bruscamente do sof\u00e1 diante da televis\u00e3o e, apoiada em um carro na frente de sua casa, de costas para a c\u00e2mera, parece estar chorando.<\/p>\n\n\n\n<p><em>Babi Yar. Contexto<\/em>&nbsp;remete de modo direto, por sua vez, \u00e0 invas\u00e3o da Ucr\u00e2nia iniciada em fevereiro, \u00e0 guerra que n\u00e3o se sabe quando e como terminar\u00e1, \u00e0s mortes e \u00e0 destrui\u00e7\u00e3o deliberada das cidades pela artilharia russa. Isso, apesar do document\u00e1rio tratar da ocupa\u00e7\u00e3o alem\u00e3, durante a Segunda Guerra Mundial, da chamada Ucr\u00e2nia sovi\u00e9tica, ocorrida em 1941, al\u00e9m de incluir tamb\u00e9m a tomada posterior de Kiev pela tropa sovi\u00e9tica, no final de 1943. Fiel ao seu procedimento usual, Loznitsa dispensa narra\u00e7\u00e3o em voz&nbsp;<em>off<\/em>. Opta, neste filme, por legendas informativas. Feito com filmagens e fotografias de arquivo restauradas com esmero e muito bem sonorizadas com ru\u00eddos, ambientes e vozes,&nbsp;<em>Babi Yar. Contexto<\/em>&nbsp;deixa claro semelhan\u00e7as existentes entre a ocupa\u00e7\u00e3o alem\u00e3 e a posterior liberta\u00e7\u00e3o sovi\u00e9tica, sendo, al\u00e9m disso, premonit\u00f3rio quanto \u00e0 invas\u00e3o russa deste ano. O tema central, por\u00e9m, \u00e9 o exterm\u00ednio da popula\u00e7\u00e3o judia. Em setembro de 1941, os ocupantes alem\u00e3es, segundo uma legenda ajudados pela \u201cPol\u00edcia Auxiliar ucraniana e o Regimento de Pol\u00edcia do Sul, sem qualquer resist\u00eancia da popula\u00e7\u00e3o local, mataram a tiros 33.771 judeus na ravina de&nbsp;Babi Yar, no noroeste de Kiev.\u201d<\/p>\n\n\n\n<p>\u201cParece&nbsp;<em>slasher movie<\/em>, tal o horror\u201d, escreve a jornalista Ivonete Pinto: \u201c<em>Babi Yar. Contexto<\/em>consegue a proeza de nublar tudo o que j\u00e1 vimos em torno de imagens documentais de guerra, incluindo o Holocausto [\u2026] este mais recente invent\u00e1rio de horrores nos prova que ainda \u00e9 poss\u00edvel o choque diante de corpos em putrefa\u00e7\u00e3o, pertencentes ao que foram um dia pessoas e que acabaram assim por uma decis\u00e3o de gabinete.\u201d (Artigo dispon\u00edvel em<a href=\"https:\/\/www.cinemaescrito.com\/2022\/06\/11o-olhar-2022-babi-yar-contexto\/\">https:\/\/www.cinemaescrito.com\/2022\/06\/11o-olhar-2022-babi-yar-contexto\/<\/a>.)<\/p>\n\n\n\n<figure class=\"wp-block-image\"><img data-recalc-dims=\"1\" decoding=\"async\" src=\"https:\/\/i0.wp.com\/piaui.folha.uol.com.br\/wp-content\/uploads\/2022\/06\/escorel2_150622_interna.jpg?w=600&#038;ssl=1\" alt=\"\" class=\"wp-image-416888\"\/><\/figure>\n\n\n\n<p>Cena do filme \u2018Baby Yar\u2019 \u2013 Foto: Divulga\u00e7\u00e3o<\/p>\n\n\n\n<p>&nbsp;Com Leandro Demori, Carla Jim\u00e9nez, Regiane Oliveira e Marina Rossi, jornalistas do&nbsp;<em>The Intercept Brasil<\/em>&nbsp;e,&nbsp;na \u00e9poca, do&nbsp;<em>El Pa\u00eds Brasil<\/em>,&nbsp;<em>Amigo Secreto<\/em>rememora a investiga\u00e7\u00e3o sobre a trama jur\u00eddica e pol\u00edtica que teve, entre outras consequ\u00eancias a pris\u00e3o de Lula em 7 de abril de 2018, levando sua candidatura a presidente da Rep\u00fablica a ser barrada pelo TSE com base na Lei da Ficha Limpa. At\u00e9 esse momento, o ex-presidente aparecia como favorito para a elei\u00e7\u00e3o presidencial a ser realizada naquele ano, segundo pesquisa de inten\u00e7\u00e3o de voto do Datafolha, divulgada em 2 de dezembro de 2017.<\/p>\n\n\n\n<p>Um dos personagens principais desse processo, Sergio Moro, ex-ministro da Justi\u00e7a, vem se tornando cada dia mais irrelevante, o que tornou meio ociosa a aten\u00e7\u00e3o dedicada a ele em&nbsp;<em>Amigo Secreto<\/em>. Os verdadeiros protagonistas, por\u00e9m, permanecem em cena \u2013 Lula e o atual presidente da Rep\u00fablica.<\/p>\n\n\n\n<p>Os diferentes percursos de ambos est\u00e3o bem representados \u2013 no caso de Lula, a partir do pr\u00f3logo que inclui cerca de 5 minutos do seu depoimento ao ent\u00e3o juiz federal Sergio Moro, dado em maio de 2017, no qual nega ter \u201csido beneficiado pelo grupo OAS com vantagem indevida de cerca de 2 milh\u00f5es e 424 mil reais, propinas que seriam constitu\u00eddas de um repasse\u201d a ele \u201cde um im\u00f3vel consistente em um apartamento tr\u00edplex [\u2026] e \u00e0 realiza\u00e7\u00e3o de reformas nesse apartamento\u201d. Segundo o Minist\u00e9rio P\u00fablico, essa vantagem indevida estaria relacionada \u201ca acertos de corrup\u00e7\u00e3o em contratos p\u00fablicos, inclusive da OAS com a Petrobras\u201d. Em seguida, Lula afirma no document\u00e1rio que \u201cnunca, nunca foi me oferecido antes da data que eu fui l\u00e1 ver e quando eu fui eu n\u00e3o gostei. \u00c9 isso. [\u2026]\u201d.<\/p>\n\n\n\n<figure class=\"wp-block-image\"><img data-recalc-dims=\"1\" decoding=\"async\" src=\"https:\/\/i0.wp.com\/piaui.folha.uol.com.br\/wp-content\/uploads\/2022\/06\/escorel3_150622_interna.jpg?w=600&#038;ssl=1\" alt=\"\" class=\"wp-image-416887\"\/><\/figure>\n\n\n\n<p>Lula diante de S\u00e9rgio Moro durante julgamento \u2013 Foto: Divulga\u00e7\u00e3o<\/p>\n\n\n\n<p>Esse mesmo depoimento a Moro \u00e9 retomado adiante, aos 26 minutos e 36 segundos de&nbsp;<em>Amigo Secreto<\/em>, por 3 minutos. Nesse trecho Lula nega que por ter \u201cnomeado, ou indicado, ou pelo menos dado a palavra final para indica\u00e7\u00e3o ao Conselho de Administra\u00e7\u00e3o da Petrobras de Paulo Roberto Costa,&nbsp;Renato de Souza Duque, Nestor Cu\u00f1at Cerver\u00f3 e Jorge Luiz Zelada\u201d tenha tido \u201cconhecimento dos crimes por eles praticados ou desse esquema criminoso\u201d: \u201cN\u00e3o. Nem eu, nem o senhor, nem o Minist\u00e9rio P\u00fablico, nem a Petrobras, nem a Imprensa, nem a Pol\u00edcia Federal. Todos n\u00f3s s\u00f3 ficamos sabendo quando foi pego no grampo a conversa do [<em>doleiro, Alberto<\/em>] Youssef com o Paulo Roberto\u201d, responde Lula.<\/p>\n\n\n\n<p>Ainda segundo Lula declara por sua pr\u00f3pria iniciativa a Moro logo a seguir: \u201cO que eu estou percebendo desde que foi criado o tal do \u2018contexto\u2019, sabe, da ca\u00e7amba feita pelo Minist\u00e9rio P\u00fablico na quest\u00e3o do Power Point, quem est\u00e1 sendo julgado \u00e9 o estilo de governar, \u00e9 um jeito de governar. Se as pessoas que est\u00e3o fazendo essa den\u00fancia querem saber como \u00e9 que se governa, elas t\u00eam que sair do Minist\u00e9rio P\u00fablico, entrar em um partido pol\u00edtico, disputar as elei\u00e7\u00f5es e ganhar para elas saberem como \u00e9 que se governa. Governar democraticamente, com oposi\u00e7\u00e3o da imprensa, com oposi\u00e7\u00e3o dos sindicatos, com direito de greve, fortalecendo o Minist\u00e9rio P\u00fablico, fortalecendo a Pol\u00edcia Federal, fortalecendo todas as institui\u00e7\u00f5es de fiscaliza\u00e7\u00e3o deste pa\u00eds. Ent\u00e3o, essas perguntas, todas, elas est\u00e3o questionando um jeito de governar [\u2026].\u201d<\/p>\n\n\n\n<p>Ironia a registrar \u00e9 Moro ter seguido, aparentemente, a orienta\u00e7\u00e3o de Lula ao abandonar a magistratura para ser ministro da Justi\u00e7a e ter tentado sem sucesso, ao menos por enquanto, ser candidato a um cargo eletivo.<\/p>\n\n\n\n<p>Aos 58 minutos e 11 segundos,&nbsp;<em>Amigo Secreto<\/em>retoma a palavra de Lula, desta vez durante 4 minutos e 39 segundos extra\u00eddos das mais de duas horas de sua primeira entrevista \u00e0 imprensa ap\u00f3s estar preso h\u00e1 384 dias, dada a Florestan Fernandes J\u00fanior, de&nbsp;<em>El Pa\u00eds<\/em>, e M\u00f4nica Bergamo, da<em>&nbsp;Folha de S.Paulo<\/em>, em 26 de abril de 2019. Resulta desconcertante, nesse caso, que as duas \u00fanicas perguntas inclu\u00eddas na edi\u00e7\u00e3o do document\u00e1rio se refiram a sentimentos pessoais do ex-presidente, levando-o a chorar ao falar da morte do seu neto. Em suas respostas, por\u00e9m, ele n\u00e3o perde a oportunidade de falar do que lhe parece mais conveniente: \u201c[\u2026] Eu tenho tanta obsess\u00e3o de desmascarar o Moro, desmascarar o [<em>Deltan<\/em>] Dallagnol e a sua turma, e desmascarar aqueles que me condenaram que eu ficarei preso cem anos, mas eu n\u00e3o trocarei a minha dignidade pela minha liberdade. Eu quero provar a farsa montada. [\u2026] Eu n\u00e3o tenho \u00f3dio. N\u00e3o guardo m\u00e1goa porque na minha idade quando a gente fica com \u00f3dio a gente morre antes. [\u2026]\u201d; e ainda: \u201c[\u2026] ent\u00e3o, eu lamento, lamento o desastre que est\u00e1 acontecendo neste pa\u00eds e \u00e9 por isso que eu me mantenho em p\u00e9. O dia que eu sair daqui eles sabem que eu estarei com o p\u00e9 na estrada para junto com esse povo levantar a cabe\u00e7a e n\u00e3o deixar entregar o Brasil aos americanos. Acabar com esse complexo de vira-lata. Eu nunca vi um presidente bater contin\u00eancia para a bandeira americana. [\u2026]\u201d.<\/p>\n\n\n\n<p>\u00c9 inequ\u00edvoca a falta de uma conversa in\u00e9dita com Lula em&nbsp;<em>Amigo Secreto<\/em>. Mas, como o pedido de uma entrevista foi feito e negado, s\u00f3 nos resta lamentar.<\/p>\n\n\n\n<p>Maria Augusta n\u00e3o p\u00f5e em quest\u00e3o as declara\u00e7\u00f5es de Lula colhidas no material de arquivo. Acata o que ele diz, deixando escapar a oportunidade de aprofundar um debate de ideias que poderia engrandecer o document\u00e1rio e torn\u00e1-lo ainda mais relevante. Por fidelidade estrita ao seu m\u00e9todo pessoal, elaborado em preciosa filmografia, Maria Augusta se imp\u00f5e permanecer na posi\u00e7\u00e3o de observadora, sem interagir com seus personagens, tomando imagens e declara\u00e7\u00f5es por seu valor de face, confiando&nbsp;em a que&nbsp;maneira de serem articuladas ser\u00e1 capaz por si s\u00f3 de produzir os significados que ela deseja.<\/p>\n\n\n\n<p>Esse m\u00e9todo resulta trai\u00e7oeiro, por vezes, deixando armadilhas pelo caminho, das quais&nbsp;<em>Amigo Secreto<\/em>&nbsp;nem sempre escapa. Um momento em que isso ocorre \u00e9 quando o advogado criminal Tofic Simantob diz, aos 44 minutos e 22 segundos, ser \u201cevidente que j\u00e1 havia um esquema de corrup\u00e7\u00e3o que remonta talvez \u00e0 pr\u00f3pria cria\u00e7\u00e3o da Petrobras, na d\u00e9cada de 1950. \u00c9 um esquema de corrup\u00e7\u00e3o que envolvia o pagamento de propina para funcion\u00e1rios da estatal e uma parte para partidos pol\u00edticos financiarem suas campanhas. Isso n\u00e3o foi o PT que inventou, isso vinha de todos os governos anteriores\u201d. Por n\u00e3o serem arguidas, a impress\u00e3o que resulta das palavras de Simantob \u00e9 que o document\u00e1rio n\u00e3o s\u00f3 admite, mas justifica a corrup\u00e7\u00e3o na Petrobras durante o governo Lula.<\/p>\n\n\n\n<p>Outro exemplo dos riscos resultantes da postura de quem observa sem comentar est\u00e1 em uma das legendas finais, citada acima. Caberia ser mais preciso ao informar que \u201ctodos os processos movidos pela Lava Jato contra Lula foram arquivados pela justi\u00e7a.\u201d Na verdade, depois de as duas condena\u00e7\u00f5es em primeira inst\u00e2ncia, decididas por Moro em Curitiba, terem sido anuladas pelo Supremo Tribunal Federal e Lula ter recuperado seus direitos pol\u00edticos, os processos enviados ao Distrito Federal prescreveram.<\/p>\n\n\n\n<figure class=\"wp-block-image\"><img data-recalc-dims=\"1\" decoding=\"async\" src=\"https:\/\/i0.wp.com\/piaui.folha.uol.com.br\/wp-content\/uploads\/2022\/06\/escorel4_150622_interna.jpg?w=600&#038;ssl=1\" alt=\"\" class=\"wp-image-416886\"\/><\/figure>\n\n\n\n<p>Lula ap\u00f3s sair da pris\u00e3o \u2013 Foto: Divulga\u00e7\u00e3o<\/p>\n\n\n\n<p>Quanto aos outros dois processos aos quais o ex-presidente respondia, ambos foram suspensos em 2021 pelo ministro Ricardo Lewandowski, o que \u00e9 diferente de terem sido arquivados.&nbsp;<\/p>\n\n\n\n<p>A presen\u00e7a do atual presidente em&nbsp;<em>Amigo Secreto<\/em>se limita \u00e0 habitual sucess\u00e3o de afirma\u00e7\u00f5es deplor\u00e1veis que deixam no ar a pergunta para a qual nem o document\u00e1rio, nem ningu\u00e9m at\u00e9 agora deu resposta satisfat\u00f3ria: como foi poss\u00edvel 57.797.847&nbsp;brasileiros e brasileiras elegerem para presidente da Rep\u00fablica, em 2018, um indiv\u00edduo t\u00e3o desqualificado, para dizer o m\u00ednimo? A outra interroga\u00e7\u00e3o que atormenta diz respeito ao resultado da elei\u00e7\u00e3o de outubro pr\u00f3ximo.<\/p>\n\n\n\n<p>Resta saber se&nbsp;<em>Amigo Secreto<\/em>&nbsp;ter\u00e1 a repercuss\u00e3o que merece, vencendo as barreiras do mercado exibidor e contribuindo para reduzir a incerteza predominante.<\/p>\n\n\n\n<p><em>Amigo Secreto&nbsp;<\/em>estrear\u00e1 amanh\u00e3 (16\/6) conforme informado acima, em 49 cinemas de 24 cidades, com 85 sess\u00f5es di\u00e1rias, em 19 estados do pa\u00eds, nas principais capitais do mercado exibidor, incluindo S\u00e3o Paulo, Rio de Janeiro, Bras\u00edlia, Belo Horizonte, Porto Alegre, Recife, Salvador, Curitiba, Vit\u00f3ria, entre outras. Quanto ao circuito, nada a reclamar. Aguardemos qual ser\u00e1 o p\u00fablico atra\u00eddo.<\/p>\n","protected":false},"excerpt":{"rendered":"<p>Crimes na Amaz\u00f4nia, exterm\u00ednio judeu e meandros da Lava Jato s\u00e3o abordados em document\u00e1rios.<\/p>\n","protected":false},"author":1,"featured_media":0,"comment_status":"closed","ping_status":"open","sticky":false,"template":"","format":"standard","meta":{"_exactmetrics_skip_tracking":false,"_exactmetrics_sitenote_active":false,"_exactmetrics_sitenote_note":"","_exactmetrics_sitenote_category":0,"jetpack_post_was_ever_published":false,"_jetpack_newsletter_access":"","_jetpack_dont_email_post_to_subs":false,"_jetpack_newsletter_tier_id":0,"_jetpack_memberships_contains_paywalled_content":false,"_jetpack_memberships_contains_paid_content":false,"footnotes":"","jetpack_publicize_message":"","jetpack_publicize_feature_enabled":true,"jetpack_social_post_already_shared":true,"jetpack_social_options":{"image_generator_settings":{"template":"highway","enabled":false},"version":2}},"categories":[1],"tags":[745,744],"class_list":["post-33849","post","type-post","status-publish","format-standard","hentry","category-notas","tag-crimes","tag-filme-o-territorio"],"jetpack_publicize_connections":[],"jetpack_sharing_enabled":true,"jetpack_featured_media_url":"","jetpack_shortlink":"https:\/\/wp.me\/p7wKYW-8NX","jetpack-related-posts":[],"_links":{"self":[{"href":"http:\/\/blogdalucianaoliveira.com.br\/blog\/wp-json\/wp\/v2\/posts\/33849","targetHints":{"allow":["GET"]}}],"collection":[{"href":"http:\/\/blogdalucianaoliveira.com.br\/blog\/wp-json\/wp\/v2\/posts"}],"about":[{"href":"http:\/\/blogdalucianaoliveira.com.br\/blog\/wp-json\/wp\/v2\/types\/post"}],"author":[{"embeddable":true,"href":"http:\/\/blogdalucianaoliveira.com.br\/blog\/wp-json\/wp\/v2\/users\/1"}],"replies":[{"embeddable":true,"href":"http:\/\/blogdalucianaoliveira.com.br\/blog\/wp-json\/wp\/v2\/comments?post=33849"}],"version-history":[{"count":1,"href":"http:\/\/blogdalucianaoliveira.com.br\/blog\/wp-json\/wp\/v2\/posts\/33849\/revisions"}],"predecessor-version":[{"id":33851,"href":"http:\/\/blogdalucianaoliveira.com.br\/blog\/wp-json\/wp\/v2\/posts\/33849\/revisions\/33851"}],"wp:attachment":[{"href":"http:\/\/blogdalucianaoliveira.com.br\/blog\/wp-json\/wp\/v2\/media?parent=33849"}],"wp:term":[{"taxonomy":"category","embeddable":true,"href":"http:\/\/blogdalucianaoliveira.com.br\/blog\/wp-json\/wp\/v2\/categories?post=33849"},{"taxonomy":"post_tag","embeddable":true,"href":"http:\/\/blogdalucianaoliveira.com.br\/blog\/wp-json\/wp\/v2\/tags?post=33849"}],"curies":[{"name":"wp","href":"https:\/\/api.w.org\/{rel}","templated":true}]}}