{"id":33852,"date":"2022-06-20T17:57:43","date_gmt":"2022-06-20T21:57:43","guid":{"rendered":"http:\/\/blogdalucianaoliveira.com.br\/blog\/?p=33852"},"modified":"2022-06-20T17:57:50","modified_gmt":"2022-06-20T21:57:50","slug":"cpt-ro-basta-de-impunidade-e-de-assassinatos-no-campo-de-rondonia","status":"publish","type":"post","link":"http:\/\/blogdalucianaoliveira.com.br\/blog\/2022\/06\/20\/cpt-ro-basta-de-impunidade-e-de-assassinatos-no-campo-de-rondonia\/","title":{"rendered":"CPT-RO: Basta de impunidade e de assassinatos no campo de Rond\u00f4nia!"},"content":{"rendered":"\n<figure class=\"wp-block-image size-large\"><img loading=\"lazy\" decoding=\"async\" width=\"1080\" height=\"1080\" data-attachment-id=\"33853\" data-permalink=\"http:\/\/blogdalucianaoliveira.com.br\/blog\/2022\/06\/20\/cpt-ro-basta-de-impunidade-e-de-assassinatos-no-campo-de-rondonia\/c45b3874-31db-4c89-82db-3ff62079edcd\/\" data-orig-file=\"https:\/\/i0.wp.com\/blogdalucianaoliveira.com.br\/blog\/wp-content\/uploads\/2022\/06\/C45B3874-31DB-4C89-82DB-3FF62079EDCD.jpeg?fit=1080%2C1080\" data-orig-size=\"1080,1080\" data-comments-opened=\"0\" data-image-meta=\"{&quot;aperture&quot;:&quot;0&quot;,&quot;credit&quot;:&quot;&quot;,&quot;camera&quot;:&quot;&quot;,&quot;caption&quot;:&quot;&quot;,&quot;created_timestamp&quot;:&quot;0&quot;,&quot;copyright&quot;:&quot;&quot;,&quot;focal_length&quot;:&quot;0&quot;,&quot;iso&quot;:&quot;0&quot;,&quot;shutter_speed&quot;:&quot;0&quot;,&quot;title&quot;:&quot;&quot;,&quot;orientation&quot;:&quot;0&quot;}\" data-image-title=\"C45B3874-31DB-4C89-82DB-3FF62079EDCD\" data-image-description=\"\" data-image-caption=\"\" data-medium-file=\"https:\/\/i0.wp.com\/blogdalucianaoliveira.com.br\/blog\/wp-content\/uploads\/2022\/06\/C45B3874-31DB-4C89-82DB-3FF62079EDCD.jpeg?fit=300%2C300\" data-large-file=\"https:\/\/i0.wp.com\/blogdalucianaoliveira.com.br\/blog\/wp-content\/uploads\/2022\/06\/C45B3874-31DB-4C89-82DB-3FF62079EDCD.jpeg?fit=600%2C600\" src=\"https:\/\/i2.wp.com\/blogdalucianaoliveira.com.br\/blog\/wp-content\/uploads\/2022\/06\/C45B3874-31DB-4C89-82DB-3FF62079EDCD.jpeg?fit=600%2C600\" alt=\"\" class=\"wp-image-33853\" srcset=\"https:\/\/i0.wp.com\/blogdalucianaoliveira.com.br\/blog\/wp-content\/uploads\/2022\/06\/C45B3874-31DB-4C89-82DB-3FF62079EDCD.jpeg?w=1080 1080w, https:\/\/i0.wp.com\/blogdalucianaoliveira.com.br\/blog\/wp-content\/uploads\/2022\/06\/C45B3874-31DB-4C89-82DB-3FF62079EDCD.jpeg?resize=300%2C300 300w, https:\/\/i0.wp.com\/blogdalucianaoliveira.com.br\/blog\/wp-content\/uploads\/2022\/06\/C45B3874-31DB-4C89-82DB-3FF62079EDCD.jpeg?resize=1024%2C1024 1024w, https:\/\/i0.wp.com\/blogdalucianaoliveira.com.br\/blog\/wp-content\/uploads\/2022\/06\/C45B3874-31DB-4C89-82DB-3FF62079EDCD.jpeg?resize=150%2C150 150w, https:\/\/i0.wp.com\/blogdalucianaoliveira.com.br\/blog\/wp-content\/uploads\/2022\/06\/C45B3874-31DB-4C89-82DB-3FF62079EDCD.jpeg?resize=768%2C768 768w\" sizes=\"auto, (max-width: 600px) 100vw, 600px\" \/><\/figure>\n\n\n\n<p>Nota: Reunidos em Conselho Estadual da Comiss\u00e3o Pastoral da Terra Regional Rond\u00f4nia (CPT RO), junto com representantes da Organiza\u00e7\u00e3o dos Seringueiros de Rond\u00f4nia (OSR), da Organiza\u00e7\u00e3o Vida e Juventude, do Movimento dos Atingidos por Barragens (MAB) e da Federa\u00e7\u00e3o dos Trabalhadores da Agricultura de Rond\u00f4nia (Fetagro), assim como diversas associa\u00e7\u00f5es de pequenos agricultores, no dia 17 de junho de 2022, em Porto Velho, durante a apresenta\u00e7\u00e3o do Caderno de Conflitos de 2021, nos chegou a triste not\u00edcia do crime que vitimou Wesley Fl\u00e1vio da Silva, de 37 anos, casado, pai do um casal de filhos, e presidente da Associa\u00e7\u00e3o Nova Esperan\u00e7a, em Campo Novo de Rond\u00f4nia.<\/p>\n\n\n\n<!--more-->\n\n\n\n<p>Este grupo de 280 fam\u00edlias de posseiros reivindica uma \u00e1rea grilada pelo ex-senador Ernandes Amorim, uma terra p\u00fablica da Uni\u00e3o que j\u00e1 tinha sido expropriada pelo Incra para cria\u00e7\u00e3o do Projeto de Assentamento Alta Floresta.&nbsp;<\/p>\n\n\n\n<p>Unindo nossas vozes \u00e0queles que repudiam as mortes de Bruno Pereira e Dom Phillips em toda a Amaz\u00f4nia, nos deparamos em Rond\u00f4nia com mais uma morte que se soma \u00e0 de Ari Uru Eu Au Au em 2020, numa regi\u00e3o pr\u00f3xima. Mais uma morte, entre as quatro j\u00e1 registradas neste ano de 2022, depois das 11 de 2021, que fez de Rond\u00f4nia o estado do Brasil com mais mortes no campo.<\/p>\n\n\n\n<p>Todos estes registros de camponesas e camponeses mortos em conflitos no campo de Rond\u00f4nia permanecem sem esclarecimentos, sem apura\u00e7\u00e3o rigorosa dos fatos, sem puni\u00e7\u00e3o dos autores e muito menos dos mandantes. Com o agravante que, das 11 mortes registradas no ano passado, oito&nbsp; foram atribu\u00eddas \u00e0 atua\u00e7\u00e3o das for\u00e7as policiais.&nbsp;<\/p>\n\n\n\n<p>Em contraste com outros atos atribu\u00eddos aos grupos de pequenos agricultores, nos quais rapidamente s\u00e3o acusados os supostos autores. Alguns recebem um trato totalmente diferente em unidades de conserva\u00e7\u00e3o, reservas extrativistas e terras ind\u00edgenas, em lugares como Cujubim ou o Parque de Guajar\u00e1 Mirim, diante das infra\u00e7\u00f5es de madeireiros, grileiros e garimpeiros.<\/p>\n\n\n\n<p>Wesley j\u00e1 tinha recebido amea\u00e7as e mudado do munic\u00edpio de Governador Teixeira para o de Campo Novo de Rond\u00f4nia. Porque os crimes de amea\u00e7as n\u00e3o s\u00e3o investigados e punidos antes que o pior aconte\u00e7a? Com isto, a morte da lideran\u00e7a da Associa\u00e7\u00e3o Nova Esperan\u00e7a pode somar-se a esta triste estat\u00edstica de impunidade dos crimes no campo em Rond\u00f4nia, que apenas estimula o crescimento de um espiral de viol\u00eancia e abona aqueles que n\u00e3o acreditam mais na capacidade do sistema de justi\u00e7a do Estado para reduzir os conflitos e atender as fam\u00edlias mais vulner\u00e1veis.<\/p>\n\n\n\n<p>Viemos somar nossas vozes em solidariedade, especialmente \u00e0 fam\u00edlia de Wesley, aos posseiros da Associa\u00e7\u00e3o Nova Esperan\u00e7a e a todas as defensoras e defensores de direitos humanos amea\u00e7adas e perseguidas em todo o pa\u00eds, especialmente na Amaz\u00f4nia.&nbsp;<\/p>\n\n\n\n<p>Exigimos que este crime seja investigado e esclarecido com a maior rapidez poss\u00edvel, assim como seus autores e mandantes punidos. Da mesma forma para os crimes cometidos no campo contra todos aqueles homens e mulheres que nos deixaram de forma prematura pela viol\u00eancia, sendo necess\u00e1ria uma For\u00e7a Tarefa que investigue de forma imparcial todas as mortes de camponesas e camponeses registradas em Rond\u00f4nia nos \u00faltimos anos.<\/p>\n\n\n\n<p><strong>Wesley da Silva, presente!<\/strong><\/p>\n\n\n\n<p>Porto Velho, 19 de junho de 2022.<\/p>\n\n\n\n<p><strong>Conselho Regional da Comiss\u00e3o Pastoral da Terra de Rond\u00f4nia (CPT RO)<\/strong><\/p>\n\n\n\n<p><strong>Organiza\u00e7\u00e3o dos Seringueiros de Rond\u00f4nia (OSR)<\/strong><\/p>\n\n\n\n<p><strong>Organiza\u00e7\u00e3o Vida e Juventude<\/strong><\/p>\n\n\n\n<p><strong>Movimento dos Atingidos por Barragens (MAB)&nbsp;<\/strong><\/p>\n\n\n\n<p><strong>Federa\u00e7\u00e3o dos Trabalhadores da Agricultura de Rond\u00f4nia (Fetagro)<\/strong><\/p>\n","protected":false},"excerpt":{"rendered":"<p>Nota: Reunidos em Conselho Estadual da Comiss\u00e3o Pastoral da Terra Regional Rond\u00f4nia (CPT RO), junto com representantes da Organiza\u00e7\u00e3o dos Seringueiros de Rond\u00f4nia (OSR), da Organiza\u00e7\u00e3o Vida e Juventude, do Movimento dos Atingidos por Barragens (MAB) e da Federa\u00e7\u00e3o dos Trabalhadores da Agricultura de Rond\u00f4nia (Fetagro), assim como diversas associa\u00e7\u00f5es de pequenos agricultores, no dia&#8230;<a class=\"more-link\" href=\"http:\/\/blogdalucianaoliveira.com.br\/blog\/2022\/06\/20\/cpt-ro-basta-de-impunidade-e-de-assassinatos-no-campo-de-rondonia\/\">Continue a leitura <span class=\"meta-nav\">&raquo;<\/span><\/a><\/p>\n","protected":false},"author":1,"featured_media":0,"comment_status":"closed","ping_status":"open","sticky":false,"template":"","format":"standard","meta":{"_exactmetrics_skip_tracking":false,"_exactmetrics_sitenote_active":false,"_exactmetrics_sitenote_note":"","_exactmetrics_sitenote_category":0,"jetpack_post_was_ever_published":false,"_jetpack_newsletter_access":"","_jetpack_dont_email_post_to_subs":false,"_jetpack_newsletter_tier_id":0,"_jetpack_memberships_contains_paywalled_content":false,"_jetpack_memberships_contains_paid_content":false,"footnotes":"","jetpack_publicize_message":"","jetpack_publicize_feature_enabled":true,"jetpack_social_post_already_shared":true,"jetpack_social_options":{"image_generator_settings":{"template":"highway","enabled":false},"version":2}},"categories":[1],"tags":[747,564],"class_list":["post-33852","post","type-post","status-publish","format-standard","hentry","category-notas","tag-assassinato","tag-cpt-ro"],"jetpack_publicize_connections":[],"jetpack_sharing_enabled":true,"jetpack_featured_media_url":"","jetpack_shortlink":"https:\/\/wp.me\/p7wKYW-8O0","jetpack-related-posts":[],"_links":{"self":[{"href":"http:\/\/blogdalucianaoliveira.com.br\/blog\/wp-json\/wp\/v2\/posts\/33852","targetHints":{"allow":["GET"]}}],"collection":[{"href":"http:\/\/blogdalucianaoliveira.com.br\/blog\/wp-json\/wp\/v2\/posts"}],"about":[{"href":"http:\/\/blogdalucianaoliveira.com.br\/blog\/wp-json\/wp\/v2\/types\/post"}],"author":[{"embeddable":true,"href":"http:\/\/blogdalucianaoliveira.com.br\/blog\/wp-json\/wp\/v2\/users\/1"}],"replies":[{"embeddable":true,"href":"http:\/\/blogdalucianaoliveira.com.br\/blog\/wp-json\/wp\/v2\/comments?post=33852"}],"version-history":[{"count":1,"href":"http:\/\/blogdalucianaoliveira.com.br\/blog\/wp-json\/wp\/v2\/posts\/33852\/revisions"}],"predecessor-version":[{"id":33854,"href":"http:\/\/blogdalucianaoliveira.com.br\/blog\/wp-json\/wp\/v2\/posts\/33852\/revisions\/33854"}],"wp:attachment":[{"href":"http:\/\/blogdalucianaoliveira.com.br\/blog\/wp-json\/wp\/v2\/media?parent=33852"}],"wp:term":[{"taxonomy":"category","embeddable":true,"href":"http:\/\/blogdalucianaoliveira.com.br\/blog\/wp-json\/wp\/v2\/categories?post=33852"},{"taxonomy":"post_tag","embeddable":true,"href":"http:\/\/blogdalucianaoliveira.com.br\/blog\/wp-json\/wp\/v2\/tags?post=33852"}],"curies":[{"name":"wp","href":"https:\/\/api.w.org\/{rel}","templated":true}]}}