{"id":33855,"date":"2022-06-20T18:28:26","date_gmt":"2022-06-20T22:28:26","guid":{"rendered":"http:\/\/blogdalucianaoliveira.com.br\/blog\/?p=33855"},"modified":"2022-06-20T18:40:35","modified_gmt":"2022-06-20T22:40:35","slug":"registros-irregulares-inflam-numero-de-negros-na-camara-dos-deputados","status":"publish","type":"post","link":"http:\/\/blogdalucianaoliveira.com.br\/blog\/2022\/06\/20\/registros-irregulares-inflam-numero-de-negros-na-camara-dos-deputados\/","title":{"rendered":"Registros irregulares inflam n\u00famero de negros na C\u00e2mara dos Deputados"},"content":{"rendered":"\n<figure class=\"wp-block-image size-large\"><img data-recalc-dims=\"1\" loading=\"lazy\" decoding=\"async\" width=\"600\" height=\"400\" data-attachment-id=\"33856\" data-permalink=\"http:\/\/blogdalucianaoliveira.com.br\/blog\/2022\/06\/20\/registros-irregulares-inflam-numero-de-negros-na-camara-dos-deputados\/1382c8fe-648a-477b-bd95-76af27d5b8fa\/\" data-orig-file=\"https:\/\/i0.wp.com\/blogdalucianaoliveira.com.br\/blog\/wp-content\/uploads\/2022\/06\/1382C8FE-648A-477B-BD95-76AF27D5B8FA.jpeg?fit=768%2C512\" data-orig-size=\"768,512\" data-comments-opened=\"0\" data-image-meta=\"{&quot;aperture&quot;:&quot;0&quot;,&quot;credit&quot;:&quot;&quot;,&quot;camera&quot;:&quot;&quot;,&quot;caption&quot;:&quot;&quot;,&quot;created_timestamp&quot;:&quot;0&quot;,&quot;copyright&quot;:&quot;&quot;,&quot;focal_length&quot;:&quot;0&quot;,&quot;iso&quot;:&quot;0&quot;,&quot;shutter_speed&quot;:&quot;0&quot;,&quot;title&quot;:&quot;&quot;,&quot;orientation&quot;:&quot;0&quot;}\" data-image-title=\"1382C8FE-648A-477B-BD95-76AF27D5B8FA\" data-image-description=\"\" data-image-caption=\"\" data-medium-file=\"https:\/\/i0.wp.com\/blogdalucianaoliveira.com.br\/blog\/wp-content\/uploads\/2022\/06\/1382C8FE-648A-477B-BD95-76AF27D5B8FA.jpeg?fit=300%2C200\" data-large-file=\"https:\/\/i0.wp.com\/blogdalucianaoliveira.com.br\/blog\/wp-content\/uploads\/2022\/06\/1382C8FE-648A-477B-BD95-76AF27D5B8FA.jpeg?fit=600%2C400\" src=\"https:\/\/i0.wp.com\/blogdalucianaoliveira.com.br\/blog\/wp-content\/uploads\/2022\/06\/1382C8FE-648A-477B-BD95-76AF27D5B8FA.jpeg?resize=600%2C400\" alt=\"\" class=\"wp-image-33856\" srcset=\"https:\/\/i0.wp.com\/blogdalucianaoliveira.com.br\/blog\/wp-content\/uploads\/2022\/06\/1382C8FE-648A-477B-BD95-76AF27D5B8FA.jpeg?w=768 768w, https:\/\/i0.wp.com\/blogdalucianaoliveira.com.br\/blog\/wp-content\/uploads\/2022\/06\/1382C8FE-648A-477B-BD95-76AF27D5B8FA.jpeg?resize=300%2C200 300w, https:\/\/i0.wp.com\/blogdalucianaoliveira.com.br\/blog\/wp-content\/uploads\/2022\/06\/1382C8FE-648A-477B-BD95-76AF27D5B8FA.jpeg?resize=450%2C300 450w\" sizes=\"auto, (max-width: 600px) 100vw, 600px\" \/><\/figure>\n\n\n\n<p>Folha de S\u00e3o Paulo &#8211; Parlamentares brancos que se declaram negros podem se beneficiar de a\u00e7\u00f5es afirmativas.<\/p>\n\n\n\n<!--more-->\n\n\n\n<p><strong><a href=\"https:\/\/www1.folha.uol.com.br\/autores\/tayguara-ribeiro.shtml\">Tayguara Ribeiro<\/a><a href=\"https:\/\/www1.folha.uol.com.br\/autores\/uira-machado.shtml\">, <\/a><a href=\"https:\/\/www1.folha.uol.com.br\/autores\/uira-machado.shtml\">Uir\u00e1 Machado<\/a><\/strong><\/p>\n\n\n\n<p>Registros irregulares na identifica\u00e7\u00e3o racial de pol\u00edticos&nbsp;<a href=\"https:\/\/www1.folha.uol.com.br\/poder\/2022\/05\/branco-tem-o-dobro-de-chance-de-se-eleger-deputado-em-relacao-a-candidato-negro.shtml\">inflam de maneira artificial a quantidade de negros<\/a>entre os 513 membros da&nbsp;<a href=\"https:\/\/www1.folha.uol.com.br\/folha-topicos\/camara-dos-deputados\/\">C\u00e2mara dos Deputados<\/a>.<\/p>\n\n\n\n<p>Segundo dados oficiais do&nbsp;<a href=\"https:\/\/www1.folha.uol.com.br\/folha-topicos\/tse\/\">TSE (Tribunal Superior Eleitoral)<\/a>, foram&nbsp;<a href=\"https:\/\/www1.folha.uol.com.br\/poder\/2022\/06\/coalizao-negra-quer-compor-bancadas-antirracistas-no-congresso-e-em-assembleias.shtml\">eleitos 124 deputados negros em 2018<\/a>, classifica\u00e7\u00e3o que inclui pretos e pardos. Levantamento da&nbsp;<strong>Folha<\/strong>, contudo, mostra que esse n\u00famero \u00e9 menor.<\/p>\n\n\n\n<figure class=\"wp-block-image\"><img data-recalc-dims=\"1\" decoding=\"async\" src=\"https:\/\/i0.wp.com\/f.i.uol.com.br\/fotografia\/2022\/06\/09\/165479004862a217a062570_1654790048_3x2_md.jpg?w=600&#038;ssl=1\" alt=\"Mosaico com 5 fotos de rosto de deputados brancos que foram registrados como negros no TSE\"\/><\/figure>\n\n\n\n<p>A partir do alto, \u00e0 esquerda, em sentido hor\u00e1rio, os deputados Jorge Solla (PT-BA), F\u00e1bio Mitidieri (PSD-SE), Luiz Lima (PL-RJ), Mariana Carvalho (Republicanos-RO) e L\u00e9o de Brito (PT-AC), que se autodeclaram brancos, mas foram registrados como negros no TSE &#8211;&nbsp;Jorge Solla no Flickr &#8211; Billy Boss\/C\u00e2mara dos Deputados &#8211; Paulo S\u00e9rgio\/C\u00e2mara dos Deputados &#8211; Reila Maria\/C\u00e2mara dos Deputados &#8211; Gabriel Paiva \/C\u00e2mara dos Deputados<\/p>\n\n\n\n<p>A reportagem procurou 38 deputados que se autodeclararam negros (como pretos ou pardos) mas que teriam dificuldade de passar por uma&nbsp;<a href=\"https:\/\/www1.folha.uol.com.br\/blogs\/sou-ciencia\/2022\/04\/coibir-fraudes-e-garantir-direitos-da-lei-de-cotas.shtml\">banca de&nbsp;heteroidentifica\u00e7\u00e3o<\/a>, como as que avaliam se uma pessoa pode se inscrever como cotista num vestibular.<\/p>\n\n\n\n<p>Oito deles afirmaram que s\u00e3o brancos e que houve erro no registro da candidatura. Os demais n\u00e3o se manifestaram. Ou seja, de acordo com essas respostas, o total de negros diminui no m\u00ednimo para 116, mas pode cair pelo menos at\u00e9 86.<\/p>\n\n\n\n<p>Para o deputado federal Orlando Silva (PC do B-SP), que \u00e9 negro, mesmo essa estimativa seria conservadora.<\/p>\n\n\n\n<p>&#8220;Evidente que na C\u00e2mara dos Deputados n\u00e3o tem 124 negros&#8221;, afirma. &#8220;Na minha impress\u00e3o de quem convive ali todo dia, pelo menos 70% [dos deputados registrados negros] n\u00e3o s\u00e3o.&#8221;<\/p>\n\n\n\n<p>Se ele estiver certo, o total de pretos e pardos eleitos para a C\u00e2mara em 2018 cai dos 124 registrados no TSE para cerca de 35.<\/p>\n\n\n\n<p>Essa disparidade entre a realidade e os dados oficiais existe porque a identifica\u00e7\u00e3o racial ocorre por&nbsp;<a href=\"https:\/\/www1.folha.uol.com.br\/poder\/2020\/09\/entidades-afro-e-especialistas-defendem-mecanismos-de-fiscalizacao-de-autodeclaracao-de-cor.shtml\">autodeclara\u00e7\u00e3o<\/a>. Muitas vezes, contudo, o candidato n\u00e3o cuida da papelada para se registrar; isso fica a cargo da burocracia partid\u00e1ria,&nbsp;<a href=\"https:\/\/www1.folha.uol.com.br\/poder\/2020\/09\/nucleos-afros-de-partidos-se-unem-contra-falsos-negros-em-estreia-de-cota-na-eleicao.shtml\">que pode cometer erros<\/a>ao preencher a ficha no TSE.<\/p>\n\n\n\n<p>A autodeclara\u00e7\u00e3o tamb\u00e9m abre espa\u00e7o para&nbsp;<a href=\"https:\/\/www1.folha.uol.com.br\/poder\/2020\/09\/entidades-afro-e-especialistas-defendem-mecanismos-de-fiscalizacao-de-autodeclaracao-de-cor.shtml\">fraudes em cima de a\u00e7\u00f5es afirmativas<\/a>. A emenda \u00e0 Constitui\u00e7\u00e3o 111\/2019 determina que, at\u00e9 2030, os votos dados a candidatos negros dever\u00e3o ser contados em dobro para fins de&nbsp;<a href=\"https:\/\/www1.folha.uol.com.br\/poder\/2022\/06\/financiamento-de-campanha-e-gargalo-para-negros-e-mulheres-na-politica.shtml\">distribui\u00e7\u00e3o do fundo partid\u00e1rio e do fundo eleitoral<\/a>.<\/p>\n\n\n\n<p>&#8220;Pessoas podem se declarar negras para receber recursos de campanha. S\u00e3o recursos p\u00fablicos e, neste caso, v\u00e3o estar sendo mal distribu\u00eddos se a gente n\u00e3o pensar em coibir essas fraudes&#8221;, afirma Sabrina de Paula Braga, mestre em direito pela UFMG (Universidade Federal de Minas Gerais).<\/p>\n\n\n\n<p>De acordo com Paulo Henrique dos Santos Lucon, professor da Faculdade de Direito da USP, a legisla\u00e7\u00e3o prev\u00ea medidas contra a desonestidade na classifica\u00e7\u00e3o racial.<\/p>\n\n\n\n<p>&#8220;Se for verificado que um candidato, de maneira abusiva ou fraudulenta, se declarou como negro, os seus votos podem ser desconsiderados para fins de distribui\u00e7\u00e3o dos recursos do fundo partid\u00e1rio e do fundo eleitoral&#8221;, diz.<\/p>\n\n\n\n<figure class=\"wp-block-image size-large\"><img loading=\"lazy\" decoding=\"async\" width=\"1170\" height=\"1627\" data-attachment-id=\"33861\" data-permalink=\"http:\/\/blogdalucianaoliveira.com.br\/blog\/2022\/06\/20\/registros-irregulares-inflam-numero-de-negros-na-camara-dos-deputados\/66b9c643-bbb3-48dd-ba32-9b9eb87b4683\/\" data-orig-file=\"https:\/\/i0.wp.com\/blogdalucianaoliveira.com.br\/blog\/wp-content\/uploads\/2022\/06\/66B9C643-BBB3-48DD-BA32-9B9EB87B4683.jpeg?fit=1170%2C1627\" data-orig-size=\"1170,1627\" data-comments-opened=\"0\" data-image-meta=\"{&quot;aperture&quot;:&quot;0&quot;,&quot;credit&quot;:&quot;&quot;,&quot;camera&quot;:&quot;&quot;,&quot;caption&quot;:&quot;&quot;,&quot;created_timestamp&quot;:&quot;0&quot;,&quot;copyright&quot;:&quot;&quot;,&quot;focal_length&quot;:&quot;0&quot;,&quot;iso&quot;:&quot;0&quot;,&quot;shutter_speed&quot;:&quot;0&quot;,&quot;title&quot;:&quot;&quot;,&quot;orientation&quot;:&quot;1&quot;}\" data-image-title=\"66B9C643-BBB3-48DD-BA32-9B9EB87B4683\" data-image-description=\"\" data-image-caption=\"\" data-medium-file=\"https:\/\/i0.wp.com\/blogdalucianaoliveira.com.br\/blog\/wp-content\/uploads\/2022\/06\/66B9C643-BBB3-48DD-BA32-9B9EB87B4683.jpeg?fit=216%2C300\" data-large-file=\"https:\/\/i0.wp.com\/blogdalucianaoliveira.com.br\/blog\/wp-content\/uploads\/2022\/06\/66B9C643-BBB3-48DD-BA32-9B9EB87B4683.jpeg?fit=600%2C835\" src=\"https:\/\/i1.wp.com\/blogdalucianaoliveira.com.br\/blog\/wp-content\/uploads\/2022\/06\/66B9C643-BBB3-48DD-BA32-9B9EB87B4683.jpeg?fit=600%2C835\" alt=\"\" class=\"wp-image-33861\" srcset=\"https:\/\/i0.wp.com\/blogdalucianaoliveira.com.br\/blog\/wp-content\/uploads\/2022\/06\/66B9C643-BBB3-48DD-BA32-9B9EB87B4683.jpeg?w=1170 1170w, https:\/\/i0.wp.com\/blogdalucianaoliveira.com.br\/blog\/wp-content\/uploads\/2022\/06\/66B9C643-BBB3-48DD-BA32-9B9EB87B4683.jpeg?resize=216%2C300 216w, https:\/\/i0.wp.com\/blogdalucianaoliveira.com.br\/blog\/wp-content\/uploads\/2022\/06\/66B9C643-BBB3-48DD-BA32-9B9EB87B4683.jpeg?resize=736%2C1024 736w, https:\/\/i0.wp.com\/blogdalucianaoliveira.com.br\/blog\/wp-content\/uploads\/2022\/06\/66B9C643-BBB3-48DD-BA32-9B9EB87B4683.jpeg?resize=768%2C1068 768w, https:\/\/i0.wp.com\/blogdalucianaoliveira.com.br\/blog\/wp-content\/uploads\/2022\/06\/66B9C643-BBB3-48DD-BA32-9B9EB87B4683.jpeg?resize=1105%2C1536 1105w\" sizes=\"auto, (max-width: 600px) 100vw, 600px\" \/><\/figure>\n\n\n\n<p><br><\/p>\n\n\n\n<figure class=\"wp-block-image size-large\"><img loading=\"lazy\" decoding=\"async\" width=\"1170\" height=\"1757\" data-attachment-id=\"33862\" data-permalink=\"http:\/\/blogdalucianaoliveira.com.br\/blog\/2022\/06\/20\/registros-irregulares-inflam-numero-de-negros-na-camara-dos-deputados\/4cbc1a4d-313e-42ec-b13c-b934f3521800\/\" data-orig-file=\"https:\/\/i0.wp.com\/blogdalucianaoliveira.com.br\/blog\/wp-content\/uploads\/2022\/06\/4CBC1A4D-313E-42EC-B13C-B934F3521800.jpeg?fit=1170%2C1757\" data-orig-size=\"1170,1757\" data-comments-opened=\"0\" data-image-meta=\"{&quot;aperture&quot;:&quot;0&quot;,&quot;credit&quot;:&quot;&quot;,&quot;camera&quot;:&quot;&quot;,&quot;caption&quot;:&quot;&quot;,&quot;created_timestamp&quot;:&quot;0&quot;,&quot;copyright&quot;:&quot;&quot;,&quot;focal_length&quot;:&quot;0&quot;,&quot;iso&quot;:&quot;0&quot;,&quot;shutter_speed&quot;:&quot;0&quot;,&quot;title&quot;:&quot;&quot;,&quot;orientation&quot;:&quot;1&quot;}\" data-image-title=\"4CBC1A4D-313E-42EC-B13C-B934F3521800\" data-image-description=\"\" data-image-caption=\"\" data-medium-file=\"https:\/\/i0.wp.com\/blogdalucianaoliveira.com.br\/blog\/wp-content\/uploads\/2022\/06\/4CBC1A4D-313E-42EC-B13C-B934F3521800.jpeg?fit=200%2C300\" data-large-file=\"https:\/\/i0.wp.com\/blogdalucianaoliveira.com.br\/blog\/wp-content\/uploads\/2022\/06\/4CBC1A4D-313E-42EC-B13C-B934F3521800.jpeg?fit=600%2C901\" src=\"https:\/\/i0.wp.com\/blogdalucianaoliveira.com.br\/blog\/wp-content\/uploads\/2022\/06\/4CBC1A4D-313E-42EC-B13C-B934F3521800.jpeg?fit=600%2C901\" alt=\"\" class=\"wp-image-33862\" srcset=\"https:\/\/i0.wp.com\/blogdalucianaoliveira.com.br\/blog\/wp-content\/uploads\/2022\/06\/4CBC1A4D-313E-42EC-B13C-B934F3521800.jpeg?w=1170 1170w, https:\/\/i0.wp.com\/blogdalucianaoliveira.com.br\/blog\/wp-content\/uploads\/2022\/06\/4CBC1A4D-313E-42EC-B13C-B934F3521800.jpeg?resize=200%2C300 200w, https:\/\/i0.wp.com\/blogdalucianaoliveira.com.br\/blog\/wp-content\/uploads\/2022\/06\/4CBC1A4D-313E-42EC-B13C-B934F3521800.jpeg?resize=682%2C1024 682w, https:\/\/i0.wp.com\/blogdalucianaoliveira.com.br\/blog\/wp-content\/uploads\/2022\/06\/4CBC1A4D-313E-42EC-B13C-B934F3521800.jpeg?resize=768%2C1153 768w, https:\/\/i0.wp.com\/blogdalucianaoliveira.com.br\/blog\/wp-content\/uploads\/2022\/06\/4CBC1A4D-313E-42EC-B13C-B934F3521800.jpeg?resize=1023%2C1536 1023w\" sizes=\"auto, (max-width: 600px) 100vw, 600px\" \/><\/figure>\n\n\n\n<p>A quest\u00e3o, na pr\u00e1tica, \u00e9\u00a0<a href=\"https:\/\/www1.folha.uol.com.br\/poder\/2019\/02\/potenciais-laranjas-receberam-r-15-mi-de-verba-publica-de-14-partidos.shtml\">conseguir comprovar a eventual fraude<\/a>. O TSE diz que cabe \u00e0 Justi\u00e7a Eleitoral punir irregularidades e que a an\u00e1lise sobre a correta destina\u00e7\u00e3o dos recursos para candidaturas de pessoas negras \u00e9 feita no momento da presta\u00e7\u00e3o de contas.<\/p>\n\n\n\n<p>Especialistas ouvidos pela reportagem sugerem que a autodeclara\u00e7\u00e3o racial seja escrita de pr\u00f3prio punho, de modo a eliminar a terceiriza\u00e7\u00e3o da responsabilidade pelos erros.<\/p>\n\n\n\n<p>Outra proposta \u00e9 expor nos materiais de campanha (como santinhos e propaganda na TV) a informa\u00e7\u00e3o sobre o est\u00edmulo a candidatos negros, para que o pr\u00f3prio eleitor ajude a denunciar fraudes.<\/p>\n\n\n\n<p>Uma terceira medida seria a banca de heteroidentifica\u00e7\u00e3o, mas pesa contra ela a dificuldade pr\u00e1tica diante do tamanho da elei\u00e7\u00e3o no Brasil e do grande n\u00famero de candidatos.<\/p>\n\n\n\n<h3 class=\"wp-block-heading\" id=\"distorcoes-nas-pesquisas-raciais\">DISTOR\u00c7\u00d5ES NAS PESQUISAS RACIAIS<\/h3>\n\n\n\n<p>O tamanho da fatia do fundo partid\u00e1rio e do fundo eleitoral n\u00e3o \u00e9 o \u00fanico problema decorrente de distor\u00e7\u00f5es na base do TSE. A reparti\u00e7\u00e3o do dinheiro dentro das pr\u00f3prias agremia\u00e7\u00f5es termina afetada, j\u00e1 que a lei estabelece distribui\u00e7\u00e3o proporcional \u00e0 quantidade de candidaturas de pessoas negras e brancas.<\/p>\n\n\n\n<p>Al\u00e9m disso, os dados oficiais inflados afetam a percep\u00e7\u00e3o sobre a representatividade pol\u00edtica de pessoas negras e atrapalham estudos sobre o tema, dando a impress\u00e3o de que a corre\u00e7\u00e3o dos desequil\u00edbrios raciais avan\u00e7ou mais do que a realidade mostra.<\/p>\n\n\n\n<p>&#8220;[O dado do TSE] \u00e9 um documento oficial, pouco importa se foi o partido ou o candidato que fez o registro&#8221;, diz o deputado Orlando Silva. &#8220;No Brasil, o racismo \u00e9 crom\u00e1tico. Quanto mais retinta for sua pele, mais duro \u00e9 o racismo.&#8221;<\/p>\n\n\n\n<p>Para Luiz Augusto Campos, coordenador do Grupo de Estudos Multidisciplinares da A\u00e7\u00e3o Afirmativa (Gemaa) da Uerj (Universidade do Estado do Rio de Janeiro), as distor\u00e7\u00f5es na declara\u00e7\u00e3o racial s\u00e3o muito nocivas.<\/p>\n\n\n\n<p>&#8220;Prejudica toda a pesquisa acad\u00eamica que existe sobre isso. A gente n\u00e3o consegue fazer um diagn\u00f3stico adequado da realidade. E prejudica todas as medidas que visam reduzir as desigualdades raciais na pol\u00edtica, porque ir\u00e3o para quem n\u00e3o merece o benef\u00edcio&#8221;, diz.<\/p>\n\n\n\n<h2 class=\"wp-block-heading\">LEIA MAIS SOBRE DESIGUALDADE RACIAL NAS ELEI\u00c7\u00d5ES<\/h2>\n\n\n\n<ul class=\"wp-block-list\"><li><a href=\"https:\/\/www1.folha.uol.com.br\/poder\/2022\/05\/branco-tem-o-dobro-de-chance-de-se-eleger-deputado-em-relacao-a-candidato-negro.shtml\">Branco tem o dobro de chance de se eleger deputado em rela\u00e7\u00e3o a candidato negro<\/a><\/li><li><a href=\"https:\/\/www1.folha.uol.com.br\/poder\/2022\/05\/estao-nascendo-novos-lideres-mas-falta-espaco-para-negros-na-politica.shtml\">Est\u00e3o nascendo novos l\u00edderes, mas falta espa\u00e7o para negros na pol\u00edtica<\/a><\/li><li><a href=\"https:\/\/www1.folha.uol.com.br\/poder\/2022\/05\/veja-infografia-que-mostra-a-desigualdade-entre-brancos-e-negros-nas-eleicoes.shtml\">Veja infografia que mostra a desigualdade entre brancos e negros nas elei\u00e7\u00f5es<\/a><\/li><li><a href=\"https:\/\/www1.folha.uol.com.br\/poder\/2022\/06\/financiamento-de-campanha-e-gargalo-para-negros-e-mulheres-na-politica.shtml\">Financiamento de campanha \u00e9 gargalo para negros e mulheres na pol\u00edtica<\/a><\/li><li><a href=\"https:\/\/www1.folha.uol.com.br\/poder\/2022\/06\/diversidade-e-crucial-para-tornar-democracia-mais-legitima-diz-cientista-politica.shtml\">Diversidade \u00e9 crucial para tornar democracia mais leg\u00edtima, diz cientista pol\u00edtica<\/a><\/li><\/ul>\n\n\n\n<p>Um desses estudos \u00e9&nbsp;<a href=\"https:\/\/papers.ssrn.com\/sol3\/papers.cfm?abstract_id=4111691\">&#8220;Desigualdade Racial nas Elei\u00e7\u00f5es Brasileiras&#8221;<\/a>, conduzido pelos economistas Sergio Firpo, Michael Fran\u00e7a, Alysson Portella e Rafael Tavares, pesquisadores do N\u00facleo de Estudos Raciais do Insper.<\/p>\n\n\n\n<p>Os autores mostraram que o percentual de negros e de mulheres entre deputados \u00e9 muito menor do que seu peso na popula\u00e7\u00e3o em todos os estados. Como eles trabalharam com os dados do TSE, a disparidade deve ser ainda maior.<\/p>\n\n\n\n<p>&#8220;Mesmo com as limita\u00e7\u00f5es da base de dados, espera-se que a divulga\u00e7\u00e3o desses resultados contribua para que a sociedade comece a ter maior clareza da dimens\u00e3o da\u00a0<a href=\"https:\/\/www1.folha.uol.com.br\/poder\/2022\/06\/diversidade-e-crucial-para-tornar-democracia-mais-legitima-diz-cientista-politica.shtml\">falta de representatividade na nossa \u2018democracia\u2019<\/a>\u00a0e como isso afeta suas vidas&#8221;, diz Fran\u00e7a,\u00a0<a href=\"https:\/\/www1.folha.uol.com.br\/colunas\/michael-franca\/\">que tamb\u00e9m \u00e9 colunista da\u00a0<strong>Folha<\/strong><\/a>, assim como\u00a0<a href=\"https:\/\/www1.folha.uol.com.br\/autores\/sergio-firpo.shtml\">Firpo<\/a>.<\/p>\n\n\n\n<figure class=\"wp-block-image size-large\"><img loading=\"lazy\" decoding=\"async\" width=\"1170\" height=\"2226\" data-attachment-id=\"33859\" data-permalink=\"http:\/\/blogdalucianaoliveira.com.br\/blog\/2022\/06\/20\/registros-irregulares-inflam-numero-de-negros-na-camara-dos-deputados\/287b50e0-9798-4bd6-8ee5-59615d6916f3\/\" data-orig-file=\"https:\/\/i0.wp.com\/blogdalucianaoliveira.com.br\/blog\/wp-content\/uploads\/2022\/06\/287B50E0-9798-4BD6-8EE5-59615D6916F3.jpeg?fit=1170%2C2226\" data-orig-size=\"1170,2226\" data-comments-opened=\"0\" data-image-meta=\"{&quot;aperture&quot;:&quot;0&quot;,&quot;credit&quot;:&quot;&quot;,&quot;camera&quot;:&quot;&quot;,&quot;caption&quot;:&quot;&quot;,&quot;created_timestamp&quot;:&quot;0&quot;,&quot;copyright&quot;:&quot;&quot;,&quot;focal_length&quot;:&quot;0&quot;,&quot;iso&quot;:&quot;0&quot;,&quot;shutter_speed&quot;:&quot;0&quot;,&quot;title&quot;:&quot;&quot;,&quot;orientation&quot;:&quot;1&quot;}\" data-image-title=\"287B50E0-9798-4BD6-8EE5-59615D6916F3\" data-image-description=\"\" data-image-caption=\"\" data-medium-file=\"https:\/\/i0.wp.com\/blogdalucianaoliveira.com.br\/blog\/wp-content\/uploads\/2022\/06\/287B50E0-9798-4BD6-8EE5-59615D6916F3.jpeg?fit=158%2C300\" data-large-file=\"https:\/\/i0.wp.com\/blogdalucianaoliveira.com.br\/blog\/wp-content\/uploads\/2022\/06\/287B50E0-9798-4BD6-8EE5-59615D6916F3.jpeg?fit=538%2C1024\" src=\"https:\/\/i0.wp.com\/blogdalucianaoliveira.com.br\/blog\/wp-content\/uploads\/2022\/06\/287B50E0-9798-4BD6-8EE5-59615D6916F3.jpeg?fit=538%2C1024\" alt=\"\" class=\"wp-image-33859\" srcset=\"https:\/\/i0.wp.com\/blogdalucianaoliveira.com.br\/blog\/wp-content\/uploads\/2022\/06\/287B50E0-9798-4BD6-8EE5-59615D6916F3.jpeg?w=1170 1170w, https:\/\/i0.wp.com\/blogdalucianaoliveira.com.br\/blog\/wp-content\/uploads\/2022\/06\/287B50E0-9798-4BD6-8EE5-59615D6916F3.jpeg?resize=158%2C300 158w, https:\/\/i0.wp.com\/blogdalucianaoliveira.com.br\/blog\/wp-content\/uploads\/2022\/06\/287B50E0-9798-4BD6-8EE5-59615D6916F3.jpeg?resize=538%2C1024 538w, https:\/\/i0.wp.com\/blogdalucianaoliveira.com.br\/blog\/wp-content\/uploads\/2022\/06\/287B50E0-9798-4BD6-8EE5-59615D6916F3.jpeg?resize=768%2C1461 768w, https:\/\/i0.wp.com\/blogdalucianaoliveira.com.br\/blog\/wp-content\/uploads\/2022\/06\/287B50E0-9798-4BD6-8EE5-59615D6916F3.jpeg?resize=807%2C1536 807w, https:\/\/i0.wp.com\/blogdalucianaoliveira.com.br\/blog\/wp-content\/uploads\/2022\/06\/287B50E0-9798-4BD6-8EE5-59615D6916F3.jpeg?resize=1076%2C2048 1076w\" sizes=\"auto, (max-width: 600px) 100vw, 600px\" \/><\/figure>\n","protected":false},"excerpt":{"rendered":"<p>Folha de S\u00e3o Paulo &#8211; Parlamentares brancos que se declaram negros podem se beneficiar de a\u00e7\u00f5es afirmativas.<\/p>\n","protected":false},"author":1,"featured_media":0,"comment_status":"closed","ping_status":"open","sticky":false,"template":"","format":"standard","meta":{"_exactmetrics_skip_tracking":false,"_exactmetrics_sitenote_active":false,"_exactmetrics_sitenote_note":"","_exactmetrics_sitenote_category":0,"jetpack_post_was_ever_published":false,"_jetpack_newsletter_access":"","_jetpack_dont_email_post_to_subs":false,"_jetpack_newsletter_tier_id":0,"_jetpack_memberships_contains_paywalled_content":false,"_jetpack_memberships_contains_paid_content":false,"footnotes":"","jetpack_publicize_message":"","jetpack_publicize_feature_enabled":true,"jetpack_social_post_already_shared":true,"jetpack_social_options":{"image_generator_settings":{"template":"highway","enabled":false},"version":2}},"categories":[1],"tags":[],"class_list":["post-33855","post","type-post","status-publish","format-standard","hentry","category-notas"],"jetpack_publicize_connections":[],"jetpack_sharing_enabled":true,"jetpack_featured_media_url":"","jetpack_shortlink":"https:\/\/wp.me\/p7wKYW-8O3","jetpack-related-posts":[],"_links":{"self":[{"href":"http:\/\/blogdalucianaoliveira.com.br\/blog\/wp-json\/wp\/v2\/posts\/33855","targetHints":{"allow":["GET"]}}],"collection":[{"href":"http:\/\/blogdalucianaoliveira.com.br\/blog\/wp-json\/wp\/v2\/posts"}],"about":[{"href":"http:\/\/blogdalucianaoliveira.com.br\/blog\/wp-json\/wp\/v2\/types\/post"}],"author":[{"embeddable":true,"href":"http:\/\/blogdalucianaoliveira.com.br\/blog\/wp-json\/wp\/v2\/users\/1"}],"replies":[{"embeddable":true,"href":"http:\/\/blogdalucianaoliveira.com.br\/blog\/wp-json\/wp\/v2\/comments?post=33855"}],"version-history":[{"count":3,"href":"http:\/\/blogdalucianaoliveira.com.br\/blog\/wp-json\/wp\/v2\/posts\/33855\/revisions"}],"predecessor-version":[{"id":33858,"href":"http:\/\/blogdalucianaoliveira.com.br\/blog\/wp-json\/wp\/v2\/posts\/33855\/revisions\/33858"}],"wp:attachment":[{"href":"http:\/\/blogdalucianaoliveira.com.br\/blog\/wp-json\/wp\/v2\/media?parent=33855"}],"wp:term":[{"taxonomy":"category","embeddable":true,"href":"http:\/\/blogdalucianaoliveira.com.br\/blog\/wp-json\/wp\/v2\/categories?post=33855"},{"taxonomy":"post_tag","embeddable":true,"href":"http:\/\/blogdalucianaoliveira.com.br\/blog\/wp-json\/wp\/v2\/tags?post=33855"}],"curies":[{"name":"wp","href":"https:\/\/api.w.org\/{rel}","templated":true}]}}