{"id":33864,"date":"2022-06-21T08:48:59","date_gmt":"2022-06-21T12:48:59","guid":{"rendered":"http:\/\/blogdalucianaoliveira.com.br\/blog\/?p=33864"},"modified":"2022-06-21T08:49:06","modified_gmt":"2022-06-21T12:49:06","slug":"com-dias-contados-para-o-fim-da-suspensao-do-stf-movimentos-se-mobilizam-para-impedir-despejos","status":"publish","type":"post","link":"http:\/\/blogdalucianaoliveira.com.br\/blog\/2022\/06\/21\/com-dias-contados-para-o-fim-da-suspensao-do-stf-movimentos-se-mobilizam-para-impedir-despejos\/","title":{"rendered":"Com dias contados para o fim da suspens\u00e3o do STF, movimentos se mobilizam para impedir despejos"},"content":{"rendered":"\n<figure class=\"wp-block-image\"><img data-recalc-dims=\"1\" decoding=\"async\" src=\"https:\/\/i0.wp.com\/images02.brasildefato.com.br\/13a0fef204fcad22139cc69d437af9c5.jpeg?w=600&#038;ssl=1\" alt=\"\"\/><\/figure>\n\n\n\n<h4 class=\"wp-block-heading\">Meio milh\u00e3o de pessoas est\u00e3o amea\u00e7adas de serem tiradas \u00e0 for\u00e7a de suas casas a partir de 1\u00ba de julho<\/h4>\n\n\n\n<!--more-->\n\n\n\n<p>Gabriela Moncau &#8211; Brasil de Fato <\/p>\n\n\n\n<p>O dia 30 de junho \u00e9 o \u00faltimo da vig\u00eancia da&nbsp;<a href=\"https:\/\/www.brasildefato.com.br\/2022\/03\/30\/barroso-mantem-ate-junho-de-2022-a-suspensao-de-despejos-no-pais\" target=\"_blank\" rel=\"noreferrer noopener\">determina\u00e7\u00e3o do Supremo<\/a>&nbsp;Tribunal Federal (STF) que suspendeu, por causa da pandemia, os despejos no Brasil. A partir do dia seguinte, de acordo com a&nbsp;<a href=\"https:\/\/www.campanhadespejozero.org\/\" target=\"_blank\" rel=\"noreferrer noopener\">Campanha Despejo Zero<\/a>, cerca de 142.385 fam\u00edlias em todo o Brasil correm o risco de serem colocadas na rua. Isso equivale a cerca de meio milh\u00e3o de pessoas.&nbsp;<\/p>\n\n\n\n<p>Reivindicando a prorroga\u00e7\u00e3o desse prazo at\u00e9 o fim do ano, movimentos sociais do campo e da cidade est\u00e3o convocando atos por todo o Brasil nesta ter\u00e7a (21).&nbsp;Segundo Benedito Barbosa, da Uni\u00e3o de Movimentos de Moradia de S\u00e3o Paulo (UMM-SP), haver\u00e1 manifesta\u00e7\u00f5es em todas as regi\u00f5es do pa\u00eds. \u201cNo Nordeste o pessoal est\u00e1 aproveitando tamb\u00e9m os festejos de S\u00e3o Jo\u00e3o para colocar o tema: festas juninas contra os despejos\u201d, relata.&nbsp;<\/p>\n\n\n\n<p>Entre os organizadores dos protestos, articulados em torno da Campanha Despejo Zero, est\u00e3o o Movimento dos Trabalhadores Rurais Sem Terra (MST), o Movimento dos Trabalhadores Sem Teto (MTST) o Movimento Luta Popular, as Brigadas Populares, a UMM&nbsp;e o Movimento de Lutas em Bairros, Vilas e Favelas (MLB).&nbsp;<\/p>\n\n\n\n<p>\u201cO quadro das mobiliza\u00e7\u00f5es \u00e9 importante para a gente mandar um recado tamb\u00e9m das ruas para o STF e tentar, assim, sensibilizar o ministro Lu\u00eds Roberto Barroso\u201d para impedir que aconte\u00e7a esse \u201cfen\u00f4meno tr\u00e1gico\u201d dos despejos em massa, frisa Dito. O magistrado \u00e9 o relator da ADPF (Argui\u00e7\u00e3o de Descumprimento de Preceito Fundamental) 828, que trata da quest\u00e3o.&nbsp;<\/p>\n\n\n\n<p><a href=\"https:\/\/www.brasildefato.com.br\/2022\/05\/30\/em-um-mes-acaba-a-suspensao-de-remocoes-no-brasil-e-132-mil-familias-tem-despejo-marcado\" target=\"_blank\" rel=\"noreferrer noopener\"><strong>::&nbsp;A Ocupa\u00e7\u00e3o dos Queixadas, em Cajamar (SP), \u00e9 uma das tantas que lutam para manter a moradia ::<\/strong><\/a><\/p>\n\n\n\n<p>Covid-19, fome e pobreza&nbsp;<\/p>\n\n\n\n<p>Dados da Campanha Despejo Zero atualizados em 31 de maio apontam que entre as pessoas com risco iminente de perderem suas casas, 97.391 s\u00e3o crian\u00e7as. Outras 95.113 s\u00e3o idosas.&nbsp;&nbsp;<\/p>\n\n\n\n<p>O contexto em que se d\u00e1 a contagem regressiva para os despejos em massa \u00e9 preocupante. Em maio e junho as contamina\u00e7\u00f5es por covid-19 cresceram a ponto de administra\u00e7\u00f5es municipais voltarem atr\u00e1s na flexibiliza\u00e7\u00e3o do uso do m\u00e1scaras em lugares fechados. Nesta segunda-feira (20), a m\u00e9dia m\u00f3vel de 136 mortes di\u00e1rias representa um aumento de 73% em rela\u00e7\u00e3o a duas semanas atr\u00e1s.&nbsp;&nbsp;<\/p>\n\n\n\n<p>Para al\u00e9m do pano de fundo pand\u00eamico, duas pesquisas recentes quantificaram a fome e a pobreza no Brasil. Em pouco mais de um ano, saltou de 19 milh\u00f5es para 33,1 milh\u00f5es a quantidade de&nbsp;<a href=\"https:\/\/www.brasildefato.com.br\/2022\/06\/08\/fome-se-alastra-no-brasil-6-em-cada-10-familias-nao-tem-acesso-pleno-a-comida\" target=\"_blank\" rel=\"noreferrer noopener\">pessoas que n\u00e3o t\u00eam o que comer<\/a>.&nbsp;&nbsp;<\/p>\n\n\n\n<p>Conforme o 2\u00ba Inqu\u00e9rito Nacional sobre Inseguran\u00e7a Alimentar no Contexto da Pandemia da Covid-19 no Brasil, feito pela Rede Brasileira de Pesquisa em Soberania e Seguran\u00e7a Alimentar e Nutricional (Rede Penssan), a cada 10 fam\u00edlias no pa\u00eds, seis n\u00e3o t\u00eam acesso pleno a alimentos.&nbsp;&nbsp;&nbsp;<\/p>\n\n\n\n<p><a href=\"https:\/\/www.brasildefato.com.br\/2022\/02\/09\/familias-barracas-e-recem-desempregados-cresce-novo-perfil-em-situacao-de-rua-na-pandemia\" target=\"_blank\" rel=\"noreferrer noopener\"><strong>::&nbsp;Fam\u00edlias, barracas e rec\u00e9m-desempregados: cresce novo perfil em situa\u00e7\u00e3o de rua na pandemia ::<\/strong><\/a><\/p>\n\n\n\n<p>De forma correlata, a popula\u00e7\u00e3o vivendo abaixo da linha da pobreza no Brasil bateu recorde. No fim de 2021, segundo dados da FGV Social com base na Pesquisa Nacional por Amostra de Domic\u00edlios Cont\u00ednua, do IBGE, indicavam 23 milh\u00f5es de pessoas nessa situa\u00e7\u00e3o, vivendo com at\u00e9 R$ 210 ao m\u00eas. Isso significa que 10,8% da popula\u00e7\u00e3o tem de viver com R$7 por dia.&nbsp;&nbsp;<\/p>\n\n\n\n<p>Panela de press\u00e3o&nbsp;<\/p>\n\n\n\n<p>Em mar\u00e7o, quando o ministro dp STF Lu\u00eds Roberto Barroso prorrogou a suspens\u00e3o das remo\u00e7\u00f5es for\u00e7adas at\u00e9 30 de junho, ele anunciou que teria uma margem muito estreita para estender novamente o prazo, a n\u00e3o ser que houvesse um agravamento da pandemia.&nbsp;&nbsp;&nbsp;<\/p>\n\n\n\n<p>Para Dito Barbosa, a situa\u00e7\u00e3o que se vive \u00e9 como a de uma \u201cpanela de press\u00e3o\u201d, prestes a estourar. \u201cOs autores das a\u00e7\u00f5es de reintegra\u00e7\u00e3o de posse est\u00e3o pressionando, a Pol\u00edcia Militar pressiona para cumprir, os oficiais de justi\u00e7a tamb\u00e9m est\u00e3o com uma s\u00e9rie de mandados para cumprir as ordens judiciais e, por outro lado, as fam\u00edlias e movimentos pressionando para n\u00e3o acontecerem os despejos. Ent\u00e3o estamos num momento muito tenso\u201d, resume.&nbsp;&nbsp;<\/p>\n\n\n\n<p>Ainda assim, a expectativa, segundo Barbosa, que integra a articula\u00e7\u00e3o da Campanha Despejo Zero, \u00e9 positiva: \u201cTemos que ter esperan\u00e7a. E estamos trabalhando para isso\u201d.<\/p>\n\n\n\n<p>Edi\u00e7\u00e3o: Rodrigo Dur\u00e3o Coelho<\/p>\n","protected":false},"excerpt":{"rendered":"<p>Meio milh\u00e3o de pessoas est\u00e3o amea\u00e7adas de serem tiradas \u00e0 for\u00e7a de suas casas a partir de 1\u00ba de julho<\/p>\n","protected":false},"author":1,"featured_media":0,"comment_status":"closed","ping_status":"open","sticky":false,"template":"","format":"standard","meta":{"_exactmetrics_skip_tracking":false,"_exactmetrics_sitenote_active":false,"_exactmetrics_sitenote_note":"","_exactmetrics_sitenote_category":0,"jetpack_post_was_ever_published":false,"_jetpack_newsletter_access":"","_jetpack_dont_email_post_to_subs":false,"_jetpack_newsletter_tier_id":0,"_jetpack_memberships_contains_paywalled_content":false,"_jetpack_memberships_contains_paid_content":false,"footnotes":"","jetpack_publicize_message":"","jetpack_publicize_feature_enabled":true,"jetpack_social_post_already_shared":true,"jetpack_social_options":{"image_generator_settings":{"template":"highway","enabled":false},"version":2}},"categories":[1],"tags":[681,366],"class_list":["post-33864","post","type-post","status-publish","format-standard","hentry","category-notas","tag-despejo-zero","tag-pandemia"],"jetpack_publicize_connections":[],"jetpack_sharing_enabled":true,"jetpack_featured_media_url":"","jetpack_shortlink":"https:\/\/wp.me\/p7wKYW-8Oc","jetpack-related-posts":[],"_links":{"self":[{"href":"http:\/\/blogdalucianaoliveira.com.br\/blog\/wp-json\/wp\/v2\/posts\/33864","targetHints":{"allow":["GET"]}}],"collection":[{"href":"http:\/\/blogdalucianaoliveira.com.br\/blog\/wp-json\/wp\/v2\/posts"}],"about":[{"href":"http:\/\/blogdalucianaoliveira.com.br\/blog\/wp-json\/wp\/v2\/types\/post"}],"author":[{"embeddable":true,"href":"http:\/\/blogdalucianaoliveira.com.br\/blog\/wp-json\/wp\/v2\/users\/1"}],"replies":[{"embeddable":true,"href":"http:\/\/blogdalucianaoliveira.com.br\/blog\/wp-json\/wp\/v2\/comments?post=33864"}],"version-history":[{"count":1,"href":"http:\/\/blogdalucianaoliveira.com.br\/blog\/wp-json\/wp\/v2\/posts\/33864\/revisions"}],"predecessor-version":[{"id":33865,"href":"http:\/\/blogdalucianaoliveira.com.br\/blog\/wp-json\/wp\/v2\/posts\/33864\/revisions\/33865"}],"wp:attachment":[{"href":"http:\/\/blogdalucianaoliveira.com.br\/blog\/wp-json\/wp\/v2\/media?parent=33864"}],"wp:term":[{"taxonomy":"category","embeddable":true,"href":"http:\/\/blogdalucianaoliveira.com.br\/blog\/wp-json\/wp\/v2\/categories?post=33864"},{"taxonomy":"post_tag","embeddable":true,"href":"http:\/\/blogdalucianaoliveira.com.br\/blog\/wp-json\/wp\/v2\/tags?post=33864"}],"curies":[{"name":"wp","href":"https:\/\/api.w.org\/{rel}","templated":true}]}}