{"id":33872,"date":"2022-06-22T11:44:45","date_gmt":"2022-06-22T15:44:45","guid":{"rendered":"http:\/\/blogdalucianaoliveira.com.br\/blog\/?p=33872"},"modified":"2022-06-22T11:44:52","modified_gmt":"2022-06-22T15:44:52","slug":"mec-conheca-os-pastores-alvos-da-operacao-que-prendeu-milton-ribeiro","status":"publish","type":"post","link":"http:\/\/blogdalucianaoliveira.com.br\/blog\/2022\/06\/22\/mec-conheca-os-pastores-alvos-da-operacao-que-prendeu-milton-ribeiro\/","title":{"rendered":"MEC: Conhe\u00e7a os pastores alvos da opera\u00e7\u00e3o que prendeu Milton Ribeiro"},"content":{"rendered":"\n<figure class=\"wp-block-image size-large\"><img loading=\"lazy\" decoding=\"async\" width=\"1080\" height=\"682\" data-attachment-id=\"33873\" data-permalink=\"http:\/\/blogdalucianaoliveira.com.br\/blog\/2022\/06\/22\/mec-conheca-os-pastores-alvos-da-operacao-que-prendeu-milton-ribeiro\/1b0496d1-a1cb-412f-ae38-614599c94407\/\" data-orig-file=\"https:\/\/i0.wp.com\/blogdalucianaoliveira.com.br\/blog\/wp-content\/uploads\/2022\/06\/1B0496D1-A1CB-412F-AE38-614599C94407.jpeg?fit=1080%2C682\" data-orig-size=\"1080,682\" data-comments-opened=\"0\" data-image-meta=\"{&quot;aperture&quot;:&quot;0&quot;,&quot;credit&quot;:&quot;&quot;,&quot;camera&quot;:&quot;&quot;,&quot;caption&quot;:&quot;&quot;,&quot;created_timestamp&quot;:&quot;0&quot;,&quot;copyright&quot;:&quot;&quot;,&quot;focal_length&quot;:&quot;0&quot;,&quot;iso&quot;:&quot;0&quot;,&quot;shutter_speed&quot;:&quot;0&quot;,&quot;title&quot;:&quot;&quot;,&quot;orientation&quot;:&quot;0&quot;}\" data-image-title=\"1B0496D1-A1CB-412F-AE38-614599C94407\" data-image-description=\"\" data-image-caption=\"\" data-medium-file=\"https:\/\/i0.wp.com\/blogdalucianaoliveira.com.br\/blog\/wp-content\/uploads\/2022\/06\/1B0496D1-A1CB-412F-AE38-614599C94407.jpeg?fit=300%2C189\" data-large-file=\"https:\/\/i0.wp.com\/blogdalucianaoliveira.com.br\/blog\/wp-content\/uploads\/2022\/06\/1B0496D1-A1CB-412F-AE38-614599C94407.jpeg?fit=600%2C379\" src=\"https:\/\/i2.wp.com\/blogdalucianaoliveira.com.br\/blog\/wp-content\/uploads\/2022\/06\/1B0496D1-A1CB-412F-AE38-614599C94407.jpeg?fit=600%2C379\" alt=\"\" class=\"wp-image-33873\" srcset=\"https:\/\/i0.wp.com\/blogdalucianaoliveira.com.br\/blog\/wp-content\/uploads\/2022\/06\/1B0496D1-A1CB-412F-AE38-614599C94407.jpeg?w=1080 1080w, https:\/\/i0.wp.com\/blogdalucianaoliveira.com.br\/blog\/wp-content\/uploads\/2022\/06\/1B0496D1-A1CB-412F-AE38-614599C94407.jpeg?resize=300%2C189 300w, https:\/\/i0.wp.com\/blogdalucianaoliveira.com.br\/blog\/wp-content\/uploads\/2022\/06\/1B0496D1-A1CB-412F-AE38-614599C94407.jpeg?resize=1024%2C647 1024w, https:\/\/i0.wp.com\/blogdalucianaoliveira.com.br\/blog\/wp-content\/uploads\/2022\/06\/1B0496D1-A1CB-412F-AE38-614599C94407.jpeg?resize=768%2C485 768w, https:\/\/i0.wp.com\/blogdalucianaoliveira.com.br\/blog\/wp-content\/uploads\/2022\/06\/1B0496D1-A1CB-412F-AE38-614599C94407.jpeg?resize=475%2C300 475w\" sizes=\"auto, (max-width: 600px) 100vw, 600px\" \/><\/figure>\n\n\n\n<p>DCM &#8211; Nesta quarta-feira (22\/6), a Pol\u00edcia Federal cumpre a\u00a0opera\u00e7\u00e3o \u201cAcesso Pago\u201d com\u00a0mandados de pris\u00e3o contra o ex-ministro da Educa\u00e7\u00e3o Milton Ribeiro e os pastores Gilmar Santos e Arilton Moura. Ribeiro e Santos foram presos na manh\u00e3 de hoje, em Santos (SP).\u00a0A opera\u00e7\u00e3o investiga a pr\u00e1tica de tr\u00e1fico de influ\u00eancia e corrup\u00e7\u00e3o para a libera\u00e7\u00e3o de verbas do Fundo Nacional da Educa\u00e7\u00e3o (FNDE), vinculado ao Minist\u00e9rio da Educa\u00e7\u00e3o (MEC).<\/p>\n\n\n\n<!--more-->\n\n\n\n<p>Em mar\u00e7o de 2022, o jornal Folha de S.Paulo divulgou \u00e1udios em que o ex-ministro da Educa\u00e7\u00e3o afirma que a prioridade \u00e9 \u201catender primeiro os munic\u00edpios que mais precisam e, em segundo lugar, atender a todos que s\u00e3o amigos do pastor Gilmar\u201d.<\/p>\n\n\n\n<h2 class=\"wp-block-heading\">Gilmar Santos<\/h2>\n\n\n\n<p>O pastor Gilmar Santos \u00e9 acusado de cobrar propinas para a liberdade de verbas do MEC para prefeitos. Al\u00e9m disso, ele \u00e9 alvo de uma acusa\u00e7\u00e3o formal do Minist\u00e9rio P\u00fablico de Goi\u00e1s (MP-GO) por manter uma empresa de fachada. O pastor \u00e9 dono da Funda\u00e7\u00e3o Gilmar Santos desde 1995.<\/p>\n\n\n\n<p>Ap\u00f3s as acusa\u00e7\u00f5es, Gilmar publicou um v\u00eddeo nas redes sociais em que afirma ter avers\u00e3o \u00e0 mentira. \u201cSempre preguei a santidade de Deus, a justi\u00e7a de Deus, minha avers\u00e3o ao erro, ao pecado e \u00e0 mentira. Eu criei os meus filhos. Eu e a minha esposa dizendo, mentir nem por brincadeira\u201d, disse o pastor em um trecho do v\u00eddeo.<\/p>\n\n\n\n<p>Com mais de 154 mil seguidores nas redes sociais, ele compartilha v\u00eddeos de suas prega\u00e7\u00f5es e \u201ccuras\u201d. O pastor Gilmar j\u00e1 foi fotografado ao lado do presidente da Rep\u00fablica, fazendo ora\u00e7\u00f5es com Bolsonaro e outros pol\u00edticos.<\/p>\n\n\n\n<p>O MP tamb\u00e9m afirma ter identificado que a entidade recebeu doa\u00e7\u00e3o de im\u00f3veis nunca registrados \u2013 uma ch\u00e1cara e um lote. Eles foram transferidos para a entidade por meio de doa\u00e7\u00f5es \u00e0 igreja Miss\u00e3o em Cristo.<\/p>\n\n\n\n<h2 class=\"wp-block-heading\">Arilton Moura<\/h2>\n\n\n\n<p>Arilton Moura \u00e9 acusado de fazer o pedido de propina a prefeitos, para que os recursos do MEC fossem liberados para a constru\u00e7\u00e3o de escolas. Segundo denunciantes, Moura teria pedido pagamentos em ouro e dinheiro.<\/p>\n\n\n\n<p>Conforme divulgado pelo, Arilton pediu ao prefeito de Bonfin\u00f3polis (GO) a quantia de R$ 15 mil, al\u00e9m da doa\u00e7\u00e3o de b\u00edblias para a igreja do pastor. \u201cPapo reto aqui. Eu tenho recurso para conseguir com voc\u00ea l\u00e1 no minist\u00e9rio, mas eu preciso que voc\u00ea coloque na minha conta hoje R$ 15 mil. \u00c9 hoje. E porque voc\u00ea est\u00e1 com o pastor Gilmar aqui, sen\u00e3o\u2026 Pros outros, foi at\u00e9 mais\u201d, relatou o prefeito da cidade.<\/p>\n\n\n\n<p>Como assessor pol\u00edtico da conven\u00e7\u00e3o de ministros, Arilton Moura traz no curr\u00edculo o fato de j\u00e1 ter ocupado diferentes cargos p\u00fablicos. Em 2018, foi secret\u00e1rio extraordin\u00e1rio para Integra\u00e7\u00e3o de A\u00e7\u00f5es Comunit\u00e1rias no governo Sim\u00e3o Jatene, no Par\u00e1. Ele tamb\u00e9m foi presidente estadual do antigo PHS, hoje Podemos, no Estado.<\/p>\n\n\n\n<p>Moura \u00e9 bra\u00e7o direito de Santos e assessor de assuntos pol\u00edticos da Conven\u00e7\u00e3o Nacional de Igrejas e Ministros das Assembleias de Deus no Brasil, presidida por Gilmar Santos, que tamb\u00e9m \u00e9 l\u00edder do Minist\u00e9rio Cristo para Todos, um ramo da Assembleia de Deus com sede em Goi\u00e2nia.<\/p>\n","protected":false},"excerpt":{"rendered":"<p>DCM &#8211; Nesta quarta-feira (22\/6), a Pol\u00edcia Federal cumpre a\u00a0opera\u00e7\u00e3o \u201cAcesso Pago\u201d com\u00a0mandados de pris\u00e3o contra o ex-ministro da Educa\u00e7\u00e3o Milton Ribeiro e os pastores Gilmar Santos e Arilton Moura. Ribeiro e Santos foram presos na manh\u00e3 de hoje, em Santos (SP).\u00a0A opera\u00e7\u00e3o investiga a pr\u00e1tica de tr\u00e1fico de influ\u00eancia e corrup\u00e7\u00e3o para a libera\u00e7\u00e3o&#8230;<a class=\"more-link\" href=\"http:\/\/blogdalucianaoliveira.com.br\/blog\/2022\/06\/22\/mec-conheca-os-pastores-alvos-da-operacao-que-prendeu-milton-ribeiro\/\">Continue a leitura <span class=\"meta-nav\">&raquo;<\/span><\/a><\/p>\n","protected":false},"author":1,"featured_media":0,"comment_status":"closed","ping_status":"open","sticky":false,"template":"","format":"standard","meta":{"_exactmetrics_skip_tracking":false,"_exactmetrics_sitenote_active":false,"_exactmetrics_sitenote_note":"","_exactmetrics_sitenote_category":0,"jetpack_post_was_ever_published":false,"_jetpack_newsletter_access":"","_jetpack_dont_email_post_to_subs":false,"_jetpack_newsletter_tier_id":0,"_jetpack_memberships_contains_paywalled_content":false,"_jetpack_memberships_contains_paid_content":false,"footnotes":"","jetpack_publicize_message":"","jetpack_publicize_feature_enabled":true,"jetpack_social_post_already_shared":true,"jetpack_social_options":{"image_generator_settings":{"template":"highway","enabled":false},"version":2}},"categories":[1],"tags":[53,21,82,750],"class_list":["post-33872","post","type-post","status-publish","format-standard","hentry","category-notas","tag-bolsonaro","tag-corrupcao","tag-mec","tag-pastores"],"jetpack_publicize_connections":[],"jetpack_sharing_enabled":true,"jetpack_featured_media_url":"","jetpack_shortlink":"https:\/\/wp.me\/p7wKYW-8Ok","jetpack-related-posts":[],"_links":{"self":[{"href":"http:\/\/blogdalucianaoliveira.com.br\/blog\/wp-json\/wp\/v2\/posts\/33872","targetHints":{"allow":["GET"]}}],"collection":[{"href":"http:\/\/blogdalucianaoliveira.com.br\/blog\/wp-json\/wp\/v2\/posts"}],"about":[{"href":"http:\/\/blogdalucianaoliveira.com.br\/blog\/wp-json\/wp\/v2\/types\/post"}],"author":[{"embeddable":true,"href":"http:\/\/blogdalucianaoliveira.com.br\/blog\/wp-json\/wp\/v2\/users\/1"}],"replies":[{"embeddable":true,"href":"http:\/\/blogdalucianaoliveira.com.br\/blog\/wp-json\/wp\/v2\/comments?post=33872"}],"version-history":[{"count":1,"href":"http:\/\/blogdalucianaoliveira.com.br\/blog\/wp-json\/wp\/v2\/posts\/33872\/revisions"}],"predecessor-version":[{"id":33874,"href":"http:\/\/blogdalucianaoliveira.com.br\/blog\/wp-json\/wp\/v2\/posts\/33872\/revisions\/33874"}],"wp:attachment":[{"href":"http:\/\/blogdalucianaoliveira.com.br\/blog\/wp-json\/wp\/v2\/media?parent=33872"}],"wp:term":[{"taxonomy":"category","embeddable":true,"href":"http:\/\/blogdalucianaoliveira.com.br\/blog\/wp-json\/wp\/v2\/categories?post=33872"},{"taxonomy":"post_tag","embeddable":true,"href":"http:\/\/blogdalucianaoliveira.com.br\/blog\/wp-json\/wp\/v2\/tags?post=33872"}],"curies":[{"name":"wp","href":"https:\/\/api.w.org\/{rel}","templated":true}]}}