{"id":33895,"date":"2022-06-25T22:39:34","date_gmt":"2022-06-26T02:39:34","guid":{"rendered":"http:\/\/blogdalucianaoliveira.com.br\/blog\/?p=33895"},"modified":"2022-06-25T22:39:36","modified_gmt":"2022-06-26T02:39:36","slug":"saiba-quem-e-o-dono-da-fazenda-onde-guarani-kaiowa-foi-assassinado-no-mato-grosso-do-sul","status":"publish","type":"post","link":"http:\/\/blogdalucianaoliveira.com.br\/blog\/2022\/06\/25\/saiba-quem-e-o-dono-da-fazenda-onde-guarani-kaiowa-foi-assassinado-no-mato-grosso-do-sul\/","title":{"rendered":"Saiba quem \u00e9 o dono da fazenda onde Guarani Kaiow\u00e1 foi assassinado, no Mato Grosso do Sul"},"content":{"rendered":"\n<figure class=\"wp-block-image size-large\"><img data-recalc-dims=\"1\" loading=\"lazy\" decoding=\"async\" width=\"600\" height=\"613\" data-attachment-id=\"33896\" data-permalink=\"http:\/\/blogdalucianaoliveira.com.br\/blog\/2022\/06\/25\/saiba-quem-e-o-dono-da-fazenda-onde-guarani-kaiowa-foi-assassinado-no-mato-grosso-do-sul\/8e85d9f6-8324-48a0-9cea-b355a849797a\/\" data-orig-file=\"https:\/\/i0.wp.com\/blogdalucianaoliveira.com.br\/blog\/wp-content\/uploads\/2022\/06\/8E85D9F6-8324-48A0-9CEA-B355A849797A.jpeg?fit=600%2C613\" data-orig-size=\"600,613\" data-comments-opened=\"0\" data-image-meta=\"{&quot;aperture&quot;:&quot;0&quot;,&quot;credit&quot;:&quot;&quot;,&quot;camera&quot;:&quot;&quot;,&quot;caption&quot;:&quot;&quot;,&quot;created_timestamp&quot;:&quot;0&quot;,&quot;copyright&quot;:&quot;&quot;,&quot;focal_length&quot;:&quot;0&quot;,&quot;iso&quot;:&quot;0&quot;,&quot;shutter_speed&quot;:&quot;0&quot;,&quot;title&quot;:&quot;&quot;,&quot;orientation&quot;:&quot;0&quot;}\" data-image-title=\"8E85D9F6-8324-48A0-9CEA-B355A849797A\" data-image-description=\"\" data-image-caption=\"\" data-medium-file=\"https:\/\/i0.wp.com\/blogdalucianaoliveira.com.br\/blog\/wp-content\/uploads\/2022\/06\/8E85D9F6-8324-48A0-9CEA-B355A849797A.jpeg?fit=294%2C300\" data-large-file=\"https:\/\/i0.wp.com\/blogdalucianaoliveira.com.br\/blog\/wp-content\/uploads\/2022\/06\/8E85D9F6-8324-48A0-9CEA-B355A849797A.jpeg?fit=600%2C613\" src=\"https:\/\/i0.wp.com\/blogdalucianaoliveira.com.br\/blog\/wp-content\/uploads\/2022\/06\/8E85D9F6-8324-48A0-9CEA-B355A849797A.jpeg?resize=600%2C613\" alt=\"\" class=\"wp-image-33896\" srcset=\"https:\/\/i0.wp.com\/blogdalucianaoliveira.com.br\/blog\/wp-content\/uploads\/2022\/06\/8E85D9F6-8324-48A0-9CEA-B355A849797A.jpeg?w=600 600w, https:\/\/i0.wp.com\/blogdalucianaoliveira.com.br\/blog\/wp-content\/uploads\/2022\/06\/8E85D9F6-8324-48A0-9CEA-B355A849797A.jpeg?resize=294%2C300 294w\" sizes=\"auto, (max-width: 600px) 100vw, 600px\" \/><\/figure>\n\n\n\n<p><strong><em>Massacre policial ocorreu nesta sexta-feira, em Amambai, na fronteira com o Paraguai, e deixou oito feridos; pecuarista tem v\u00e1rias fazendas no munic\u00edpio, fundou frigor\u00edfico no pa\u00eds vizinho e j\u00e1 foi autuado por desmatamento e extra\u00e7\u00e3o ilegal de madeira<\/em><\/strong><\/p>\n\n\n\n<!--more-->\n\n\n\n<p>Por&nbsp;<strong>Alceu Lu\u00eds Castilho<\/strong>&nbsp;e&nbsp;<strong>Bruno Stankevicius Bassi<\/strong><\/p>\n\n\n\n<figure class=\"wp-block-image\"><a href=\"https:\/\/deolhonosruralistas.com.br\/de-olho-nos-mil-parceiros\/\"><img decoding=\"async\" src=\"https:\/\/i0.wp.com\/deolhonosruralistas.com.br\/wp-content\/uploads\/2017\/03\/DEOLHO2017-chamada-meio-texto.png?resize=635%2C40\" alt=\"\" class=\"wp-image-3364\"\/><\/a><\/figure>\n\n\n\n<p>Um ind\u00edgena assassinado e oito feridos. Esse foi o saldo de mais uma opera\u00e7\u00e3o policial contra os Guarani Kaiow\u00e1 no Mato Grosso do Sul, realizada na manh\u00e3 de ontem (24), no munic\u00edpio de Amambai, na fronteira com o Paraguai. A v\u00edtima, identificada como Vito Fernandes, tinha 42 anos. Dois adolescentes da etnia encontram-se em estado grave, ambos com perfura\u00e7\u00f5es por balas.<\/p>\n\n\n\n<figure class=\"wp-block-image\"><img decoding=\"async\" src=\"https:\/\/i0.wp.com\/deolhonosruralistas.com.br\/wp-content\/uploads\/2022\/06\/bordadamata.png?resize=353%2C248&amp;ssl=1\" alt=\"\" class=\"wp-image-25569\"\/><figcaption>Fazendas dos Torelli, em vermelho, ficam ao lado da TI Amambai, em amarelo. (Imagem: De Olho nos Ruralistas)<\/figcaption><\/figure>\n\n\n\n<p>A a\u00e7\u00e3o do BPChoque (Batalh\u00e3o de Policiamento de Choque) da Pol\u00edcia Militar do Mato Grosso do Sul teve in\u00edcio ap\u00f3s os Kaiow\u00e1 ocuparem uma \u00e1rea da Fazenda Borda da Mata, vizinha da Terra Ind\u00edgena Amambai. O im\u00f3vel de 269 hectares pertence \u00e0 empresa VT Brasil Administra\u00e7\u00e3o e Participa\u00e7\u00e3o, controlada por Waldir C\u00e2ndido Torelli e seus tr\u00eas filhos: Waldir Junior, Rodrigo e um adolescente, com menos de 18 anos.<\/p>\n\n\n\n<p>Torelli j\u00e1 foi perfilado por este observat\u00f3rio na s\u00e9rie&nbsp;<a href=\"https:\/\/deolhonosruralistas.com.br\/deolhonoparaguai\/2018\/08\/23\/amigo-de-horacio-cartes-dono-de-frigorifico-teve-fazenda-na-ti-arroyo-kora-no-ms\/\">De Olho no Paraguai<\/a>. Ele possui a\u00e7ougues em S\u00e3o Paulo e v\u00e1rias fazendas no Mato Grosso do Sul. Teve frigor\u00edfico no Mato Grosso e no Paraguai, em sociedade com Jair Ant\u00f4nio de Lima, radicado no pa\u00eds vizinho. O do Mato Grosso foi adquirido pela gigante Marfrig.<\/p>\n\n\n\n<p>Segundo o jornal&nbsp;<a href=\"https:\/\/www.campograndenews.com.br\/cidades\/interior\/grupo-indigena-classifica-confronto-em-amambai-de-massacre-de-guapoy\">Campo Grande News<\/a>, a Grande Assembleia Aty Guasu Guarani e Kaiow\u00e1 est\u00e1 chamando a a\u00e7\u00e3o policial de Massacre de Guapoy. O Movimento dos Trabalhadores Rurais Sem Terra (<a href=\"https:\/\/mst.org.br\/2022\/06\/25\/no-massacre-de-guapoy-as-vitimas-sao-guarani-e-kaiowa\/\">MST<\/a>) soltou nota igualmente classificando o epis\u00f3dio como massacre.<\/p>\n\n\n\n<h3 class=\"wp-block-heading\">PROPRIET\u00c1RIO J\u00c1 FOI ACUSADO DE DESMATAMENTO E EXTRA\u00c7\u00c3O ILEGAL DE MADEIRA<\/h3>\n\n\n\n<p>Em 2018, a VT Brasil moveu a\u00e7\u00e3o de interdito proibit\u00f3rio contra a Funda\u00e7\u00e3o Nacional do \u00cdndio (Funai), a Uni\u00e3o e a \u201ccomunidade Guarani-Kaiow\u00e1\u201d, alegando que os ind\u00edgenas estariam \u201cmolestando sua posse no im\u00f3vel rural Fazenda Borda da Mata\u201d. A Uni\u00e3o alegou que n\u00e3o havia provas. O juiz da 1\u00aa Vara de Ponta Por\u00e3 decidiu, em julho daquele ano, que o pedido era improcedente.<\/p>\n\n\n\n<figure class=\"wp-block-image\"><img decoding=\"async\" src=\"https:\/\/i0.wp.com\/deolhonosruralistas.com.br\/wp-content\/uploads\/2022\/06\/cahorrovinagre1.jpg?resize=533%2C295&amp;ssl=1\" alt=\"\" class=\"wp-image-25568\"\/><figcaption>Opera\u00e7\u00e3o Cachorro-Vinagre flagrou destrui\u00e7\u00f5es no Mato Grosso do Sul. (Foto: Pol\u00edcia Militar Ambiental)<\/figcaption><\/figure>\n\n\n\n<p>Um dos im\u00f3veis da fam\u00edlia, a Fazenda Isla-Caigu\u00ea, foi alvo de um inqu\u00e9rito civil impetrado pelo Minist\u00e9rio P\u00fablico do Mato Grosso do Sul (MPMS) em 2017 para apurar a not\u00edcia de desmatamento e explora\u00e7\u00e3o ilegal de madeira denunciadas durante a&nbsp;<a href=\"https:\/\/www.mpms.mp.br\/noticias\/2017\/08\/operacao-cachorro-vinagre-constata-42-mil-hectares-de-desmatamentos-ilegais\">Opera\u00e7\u00e3o Cachorro-Vinagre<\/a>. O processo foi arquivado no ano seguinte ap\u00f3s assinatura de Termo de Ajustamento de Conduta. A fazenda fica em \u00e1rea de nascentes.<\/p>\n\n\n\n<p>Quatro anos antes, em 2013, Torelli figurava entre os r\u00e9us denunciados na&nbsp;<a href=\"https:\/\/www.caldeiraopolitico.com.br\/noticia\/7425\/operacao-jurupari-justica-federal-aceita-denuncias-contra-os-reus\">Opera\u00e7\u00e3o Jurupari<\/a>, no Mato Grosso, que investigava forma\u00e7\u00e3o de quadrilha, desmatamento ilegal e furto de madeiras em opera\u00e7\u00f5es de manejo florestal no norte do estado.&nbsp;A estimativa de preju\u00edzos causados era de R$ 900 milh\u00f5es.<\/p>\n\n\n\n<p>Hoje, Torelli concentra suas propriedades em Amambai. Ao todo, ele possui 3.792 hectares, divididos em dez propriedades. Somados, os im\u00f3veis da fam\u00edlia ultrapassam em 55% a \u00e1rea total da TI Amambai, com 2.441 hectares delimitados.<\/p>\n\n\n\n<p>A Fazenda Borda da Mata, com 262 hectares, foi adquirida pelo grupo em 2009, por R$ 1,8 milh\u00e3o. A Agropecu\u00e1ria Fagotti, de Londrina (PR), pede averba\u00e7\u00e3o do im\u00f3vel por causa de uma d\u00edvida de R$ 4,1 milh\u00f5es da VT Brasil.<\/p>\n\n\n\n<h3 class=\"wp-block-heading\">ANTIGO S\u00d3CIO INVADIU TERRA IND\u00cdGENA ARROYO KOR\u00c1<\/h3>\n\n\n\n<p>Waldir C\u00e2ndido Torelli \u00e9 um dos fundadores do Grupo Torlim, antigo controlador do Frigor\u00edfico Vale do Amambai (Fribai), figura carimbada na lista dos 500 maiores devedores da Uni\u00e3o, com uma&nbsp;<a href=\"https:\/\/www.listadevedores.pgfn.gov.br\/\">d\u00edvida ativa<\/a>&nbsp;acumulada em R$ 493,2 milh\u00f5es.<\/p>\n\n\n\n<p>O fazendeiro era s\u00f3cio de Jair Ant\u00f4nio de Lima, com quem fundou o Frigor\u00edfico Concepci\u00f3n, um dos tr\u00eas maiores exportadores de carne do Paraguai. Os dois brasileiros romperam em 2009, quando Torelli se afastou do neg\u00f3cio para fundar a VW Brasil Agropecu\u00e1ria, declarada inapta pela&nbsp;<a href=\"https:\/\/casadosdados.com.br\/solucao\/cnpj\/vw-brasil-agropecuaria-ltda-79102943000185\">Receita Federal<\/a>.<\/p>\n\n\n\n<figure class=\"wp-block-image\"><img decoding=\"async\" src=\"https:\/\/i0.wp.com\/deolhonosruralistas.com.br\/wp-content\/uploads\/2022\/06\/Firefox_Screenshot_2022-06-25T12-04-57.022Z.png?resize=361%2C270&amp;ssl=1\" alt=\"\" class=\"wp-image-25562\"\/><figcaption>Frigor\u00edfico Concepci\u00f3n foi denunciado em esc\u00e2ndalo de contrabando de carne no Paraguai. (Foto: ABC Color)<\/figcaption><\/figure>\n\n\n\n<p>Amigo do ex-presidente Horacio Cartes, Lima protagonizou diversos esc\u00e2ndalos no pa\u00eds vizinho: do envolvimento do Frigor\u00edfico Concepci\u00f3n em esquema de&nbsp;<a href=\"https:\/\/www.campograndenews.com.br\/cidades\/interior\/carne-contrabandeada-que-entrou-por-ms-provoca-crise-no-paraguai\">contrabando de carne<\/a>&nbsp;pela fronteira, em 2018, at\u00e9 o mais recente, em mar\u00e7o deste ano, quando a empresa foi citada pelo empres\u00e1rio&nbsp;<a href=\"https:\/\/www.abc.com.py\/nacionales\/2022\/03\/21\/clan-gonzalez-daher-sigue-moviendo-dinero-y-dejo-victimas-hasta-en-eeuu\/\">Ram\u00f3n Gonz\u00e1lez Daher<\/a>, condenado a 15 anos de pris\u00e3o por lavagem de dinheiro, como intermedi\u00e1ria para o envio de dinheiro do Paraguai aos Estados Unidos.<\/p>\n\n\n\n<p>No Mato Grosso do Sul, Jair de Lima \u00e9 dono da Fazenda Nova Alvorada, cuja \u00e1rea incide dentro da Terra Ind\u00edgena Arroyo Kor\u00e1, em Paranhos. Seu nome consta de relat\u00f3rio feito pela Associa\u00e7\u00e3o dos Ge\u00f3grafos Brasileiros (AGB-SP) em 2012, durante a Expedi\u00e7\u00e3o Marco Veron, constatando que 6.475 dos 7.175 hectares demarcados pela Funai estavam em m\u00e3os de fazendeiros.<\/p>\n\n\n\n<p>Apesar de Lima aparecer no Sistema Nacional de Cadastro Rural (SNCR\/Incra) como dono da Nova Alvorada, a fazenda j\u00e1 foi administrada pela VT Brasil, empresa de Torelli. Em 2015, a Comiss\u00e3o Permanente de An\u00e1lise das Benfeitorias da&nbsp;<a href=\"https:\/\/www.escavador.com\/diarios\/189557\/DOU\/secao-1\/2015-06-02?page=22\">Funai<\/a>&nbsp;decidiu considerar como \u201cderivadas da ocupa\u00e7\u00e3o de boa f\u00e9\u201d, para efeito de indeniza\u00e7\u00e3o, as benfeitorias instaladas por Torelli e por outros ocupantes n\u00e3o ind\u00edgenas.<\/p>\n\n\n\n<p>Os ex-s\u00f3cios foram destaque em uma das 36 reportagens da s\u00e9rie De Olho no Paraguai, que mostrou o avan\u00e7o de latifundi\u00e1rios brasileiros sobre o pa\u00eds vizinho: \u201c<a href=\"https:\/\/deolhonosruralistas.com.br\/deolhonoparaguai\/2018\/08\/23\/amigo-de-horacio-cartes-dono-de-frigorifico-teve-fazenda-na-ti-arroyo-kora-no-ms\/\">Amigo de Horacio Cartes, dono de frigor\u00edfico teve fazenda na TI Arroyo Kor\u00e1, no MS<\/a>\u201c.<\/p>\n\n\n\n<h3 class=\"wp-block-heading\">A\u00c7\u00c3O SEGUE MODUS OPERANDI DA VIOL\u00caNCIA ESTATAL NO MS<\/h3>\n\n\n\n<p>Em coletiva de imprensa convocada na tarde de ontem, o secret\u00e1rio de Justi\u00e7a e Seguran\u00e7a P\u00fablica de Mato Grosso do Sul, Ant\u00f4nio Carlos Videira, tomou partido dos policiais, afirmando que os ind\u00edgenas \u201ccriaram um clima de terror\u201d.<\/p>\n\n\n\n<figure class=\"wp-block-image\"><img decoding=\"async\" src=\"https:\/\/i0.wp.com\/deolhonosruralistas.com.br\/wp-content\/uploads\/2022\/06\/videira.jpg?resize=294%2C171&amp;ssl=1\" alt=\"\" class=\"wp-image-25563\"\/><figcaption>Secret\u00e1rio de Seguran\u00e7a afirmou que ind\u00edgenas s\u00e3o \u201cparaguaios\u201d. (Foto: Governo do MS)<\/figcaption><\/figure>\n\n\n\n<p>Ex-delegado da Pol\u00edcia Civil em Dourados, Videira \u00e9 lembrado pela participa\u00e7\u00e3o em outra opera\u00e7\u00e3o pol\u00eamica. Em agosto de 2018, ele coordenou, de um helic\u00f3ptero, a expuls\u00e3o da&nbsp;<a href=\"https:\/\/deolhonosruralistas.com.br\/2018\/08\/27\/policia-militar-do-ms-retira-a-forca-guarani-kaiowa-de-retomada-em-caarapo\/\">retomada Guapo\u2019y<\/a>, em Caarap\u00f3, A opera\u00e7\u00e3o resultou em cinco ind\u00edgenas feridos por balas de borracha, uma mulher atropelada por viatura da PM. Um anci\u00e3o de 69 anos foi preso. Na \u00e9poca, a dilig\u00eancia foi criticada por ter sido realizada sem o acompanhamento da Pol\u00edcia Federal e sem mandado judicial, assim como ocorrido na expuls\u00e3o de ontem em Amambai.<\/p>\n\n\n\n<p>Durante a coletiva, Videira reproduziu um discurso recorrente de ruralistas da regi\u00e3o, o de que os ind\u00edgenas n\u00e3o seriam brasileiros:<\/p>\n\n\n\n<p>\u2014&nbsp;<em>Temos at\u00e9 este momento a not\u00edcia de seis pessoas [feridas], n\u00e3o d\u00e1 para dizer que s\u00e3o todos ind\u00edgenas, podem ser paraguaios ou ind\u00edgenas do Paraguai que foram atingidos e, desses, dois foram removidos para Ponta Por\u00e3.<\/em><\/p>\n\n\n\n<h3 class=\"wp-block-heading\">JOVEM DE 18 ANOS FOI MORTO EM CORONEL SAPUCAIA, PERTO DE AMAMBAI<\/h3>\n\n\n\n<p><a href=\"https:\/\/cimi.org.br\/2022\/05\/apos-assassinato-de-alex-guarani-kaiowa-aty-guasu-publica-carta-com-o-pedido-de-justica\/\">Alex Recarte Vasques Lopes<\/a>&nbsp;foi assassinado com pelo menos oito tiros no dia 21 de maio, em Coronel Sapucaia, munic\u00edpio vizinho de Amamabi, tamb\u00e9m na fronteira com o Paraguai. O corpo do adolescente Guarani Kaiow\u00e1 foi encontrado do lado paraguaio, em Capit\u00e1n Bado. A&nbsp;<a href=\"https:\/\/www1.folha.uol.com.br\/cotidiano\/2022\/06\/morte-de-guarani-kaiowa-a-tiros-completa-tres-semanas-sem-nenhum-suspeito.shtml\">Folha<\/a>&nbsp;contou no dia 14 que o caso completava tr\u00eas semanas sem a pris\u00e3o de nenhum suspeito.<\/p>\n\n\n\n<p>Jamil Chade informou no&nbsp;<a href=\"https:\/\/noticias.uol.com.br\/colunas\/jamil-chade\/2022\/06\/20\/citando-bruno-e-dom-indigenas-denunciam-brasil-na-onu.htm\">UOL<\/a>, na segunda-feira (20), que a Secretaria do Conselho de Direitos Humanos da Organiza\u00e7\u00e3o das Na\u00e7\u00f5es Unidas (ONU) recebeu naquele dia uma den\u00fancia conjunta de v\u00e1rias organiza\u00e7\u00f5es ind\u00edgenas, em meio \u00e0 como\u00e7\u00e3o pela morte do indigenista Bruno Ara\u00fajo Pereira e do jornalista dom Phillips. O caso de Alex foi lido por Lunici de Oliveira, da etnia Guarani Kaiow\u00e1.<\/p>\n\n\n\n<p><em>Foto principal (Comunica\u00e7\u00e3o\/Apib)<\/em><em>: assassinatos de Guarani Kaiow\u00e1 comp\u00f5em acusa\u00e7\u00f5es internacionais contra o Brasil<br><\/em><\/p>\n\n\n\n<p>|&nbsp;<a href=\"https:\/\/twitter.com\/alceucastilho\">Alceu Lu\u00eds Castilho<\/a>&nbsp;\u00e9 diretor de reda\u00e7\u00e3o do De Olho nos Ruralistas. |<\/p>\n\n\n\n<p>||&nbsp;<a href=\"https:\/\/twitter.com\/brunosbassi\">Bruno Stankevicius Bassi<\/a>&nbsp;\u00e9 coordenador de projetos do observat\u00f3rio. ||<\/p>\n\n\n\n<p>||| Colaboraram&nbsp;<a href=\"https:\/\/twitter.com\/_tonsk\">Bernardo Fialho<\/a>&nbsp;e&nbsp;<a href=\"https:\/\/twitter.com\/dudecarlini\">Eduardo Carlini<\/a>, pesquisadores. |||<\/p>\n","protected":false},"excerpt":{"rendered":"<p>Massacre policial ocorreu nesta sexta-feira, em Amambai, na fronteira com o Paraguai, e deixou oito feridos; pecuarista tem v\u00e1rias fazendas no munic\u00edpio, fundou frigor\u00edfico no pa\u00eds vizinho e j\u00e1 foi autuado por desmatamento e extra\u00e7\u00e3o ilegal de madeira<\/p>\n","protected":false},"author":1,"featured_media":0,"comment_status":"closed","ping_status":"open","sticky":false,"template":"","format":"standard","meta":{"_exactmetrics_skip_tracking":false,"_exactmetrics_sitenote_active":false,"_exactmetrics_sitenote_note":"","_exactmetrics_sitenote_category":0,"jetpack_post_was_ever_published":false,"_jetpack_newsletter_access":"","_jetpack_dont_email_post_to_subs":false,"_jetpack_newsletter_tier_id":0,"_jetpack_memberships_contains_paywalled_content":false,"_jetpack_memberships_contains_paid_content":false,"footnotes":"","jetpack_publicize_message":"","jetpack_publicize_feature_enabled":true,"jetpack_social_post_already_shared":true,"jetpack_social_options":{"image_generator_settings":{"template":"highway","enabled":false},"version":2}},"categories":[1],"tags":[],"class_list":["post-33895","post","type-post","status-publish","format-standard","hentry","category-notas"],"jetpack_publicize_connections":[],"jetpack_sharing_enabled":true,"jetpack_featured_media_url":"","jetpack_shortlink":"https:\/\/wp.me\/p7wKYW-8OH","jetpack-related-posts":[],"_links":{"self":[{"href":"http:\/\/blogdalucianaoliveira.com.br\/blog\/wp-json\/wp\/v2\/posts\/33895","targetHints":{"allow":["GET"]}}],"collection":[{"href":"http:\/\/blogdalucianaoliveira.com.br\/blog\/wp-json\/wp\/v2\/posts"}],"about":[{"href":"http:\/\/blogdalucianaoliveira.com.br\/blog\/wp-json\/wp\/v2\/types\/post"}],"author":[{"embeddable":true,"href":"http:\/\/blogdalucianaoliveira.com.br\/blog\/wp-json\/wp\/v2\/users\/1"}],"replies":[{"embeddable":true,"href":"http:\/\/blogdalucianaoliveira.com.br\/blog\/wp-json\/wp\/v2\/comments?post=33895"}],"version-history":[{"count":1,"href":"http:\/\/blogdalucianaoliveira.com.br\/blog\/wp-json\/wp\/v2\/posts\/33895\/revisions"}],"predecessor-version":[{"id":33897,"href":"http:\/\/blogdalucianaoliveira.com.br\/blog\/wp-json\/wp\/v2\/posts\/33895\/revisions\/33897"}],"wp:attachment":[{"href":"http:\/\/blogdalucianaoliveira.com.br\/blog\/wp-json\/wp\/v2\/media?parent=33895"}],"wp:term":[{"taxonomy":"category","embeddable":true,"href":"http:\/\/blogdalucianaoliveira.com.br\/blog\/wp-json\/wp\/v2\/categories?post=33895"},{"taxonomy":"post_tag","embeddable":true,"href":"http:\/\/blogdalucianaoliveira.com.br\/blog\/wp-json\/wp\/v2\/tags?post=33895"}],"curies":[{"name":"wp","href":"https:\/\/api.w.org\/{rel}","templated":true}]}}