{"id":33898,"date":"2022-06-26T17:17:15","date_gmt":"2022-06-26T21:17:15","guid":{"rendered":"http:\/\/blogdalucianaoliveira.com.br\/blog\/?p=33898"},"modified":"2022-06-26T17:23:50","modified_gmt":"2022-06-26T21:23:50","slug":"justica-indigena","status":"publish","type":"post","link":"http:\/\/blogdalucianaoliveira.com.br\/blog\/2022\/06\/26\/justica-indigena\/","title":{"rendered":"Justi\u00e7a ind\u00edgena"},"content":{"rendered":"\n<figure class=\"wp-block-image size-large\"><img loading=\"lazy\" decoding=\"async\" width=\"1170\" height=\"1080\" data-attachment-id=\"33899\" data-permalink=\"http:\/\/blogdalucianaoliveira.com.br\/blog\/2022\/06\/26\/justica-indigena\/0de1daac-b774-4bf6-8458-4f7bbfbc2c86\/\" data-orig-file=\"https:\/\/i0.wp.com\/blogdalucianaoliveira.com.br\/blog\/wp-content\/uploads\/2022\/06\/0DE1DAAC-B774-4BF6-8458-4F7BBFBC2C86.jpeg?fit=1170%2C1080\" data-orig-size=\"1170,1080\" data-comments-opened=\"0\" data-image-meta=\"{&quot;aperture&quot;:&quot;0&quot;,&quot;credit&quot;:&quot;&quot;,&quot;camera&quot;:&quot;&quot;,&quot;caption&quot;:&quot;&quot;,&quot;created_timestamp&quot;:&quot;0&quot;,&quot;copyright&quot;:&quot;&quot;,&quot;focal_length&quot;:&quot;0&quot;,&quot;iso&quot;:&quot;0&quot;,&quot;shutter_speed&quot;:&quot;0&quot;,&quot;title&quot;:&quot;&quot;,&quot;orientation&quot;:&quot;1&quot;}\" data-image-title=\"0DE1DAAC-B774-4BF6-8458-4F7BBFBC2C86\" data-image-description=\"\" data-image-caption=\"\" data-medium-file=\"https:\/\/i0.wp.com\/blogdalucianaoliveira.com.br\/blog\/wp-content\/uploads\/2022\/06\/0DE1DAAC-B774-4BF6-8458-4F7BBFBC2C86.jpeg?fit=300%2C277\" data-large-file=\"https:\/\/i0.wp.com\/blogdalucianaoliveira.com.br\/blog\/wp-content\/uploads\/2022\/06\/0DE1DAAC-B774-4BF6-8458-4F7BBFBC2C86.jpeg?fit=600%2C554\" src=\"https:\/\/i1.wp.com\/blogdalucianaoliveira.com.br\/blog\/wp-content\/uploads\/2022\/06\/0DE1DAAC-B774-4BF6-8458-4F7BBFBC2C86.jpeg?fit=600%2C554\" alt=\"\" class=\"wp-image-33899\" srcset=\"https:\/\/i0.wp.com\/blogdalucianaoliveira.com.br\/blog\/wp-content\/uploads\/2022\/06\/0DE1DAAC-B774-4BF6-8458-4F7BBFBC2C86.jpeg?w=1170 1170w, https:\/\/i0.wp.com\/blogdalucianaoliveira.com.br\/blog\/wp-content\/uploads\/2022\/06\/0DE1DAAC-B774-4BF6-8458-4F7BBFBC2C86.jpeg?resize=300%2C277 300w, https:\/\/i0.wp.com\/blogdalucianaoliveira.com.br\/blog\/wp-content\/uploads\/2022\/06\/0DE1DAAC-B774-4BF6-8458-4F7BBFBC2C86.jpeg?resize=1024%2C945 1024w, https:\/\/i0.wp.com\/blogdalucianaoliveira.com.br\/blog\/wp-content\/uploads\/2022\/06\/0DE1DAAC-B774-4BF6-8458-4F7BBFBC2C86.jpeg?resize=768%2C709 768w, https:\/\/i0.wp.com\/blogdalucianaoliveira.com.br\/blog\/wp-content\/uploads\/2022\/06\/0DE1DAAC-B774-4BF6-8458-4F7BBFBC2C86.jpeg?resize=325%2C300 325w\" sizes=\"auto, (max-width: 600px) 100vw, 600px\" \/><\/figure>\n\n\n\n<p class=\"has-text-align-left\"><strong>Poema de Fl\u00e1vio Pereira<\/strong><\/p>\n\n\n\n<p>As comunidades ind\u00edgenas exterminadas<br> A justi\u00e7a com os olhos bem vendados<br> Ativistas eliminados na facada<br> E o som que se ouve \u00e9 do machado<br> Os Quilombos de quebra isolados<br> A grande m\u00eddia fugindo do assunto<br> Os fuxicos independentes mostram ao mundo <br> O sofrimento, o choro e o castigo<\/p>\n\n\n\n<!--more-->\n\n\n\n<p>Se a justi\u00e7a t\u00e1 do lado desse povo <br>\nA bolacha t\u00e1 do lado que mastigo<\/p>\n\n\n\n<p>As castanheiras exterminadas das aldeias<br> Iracema chorando o seu sangue <br> N\u00e3o se ouve o zumbido das abelhas <br> O peixe fresco envenenado pelo bronze<br> A madeira da floresta virou brasa<br> A sobreviv\u00eancia desse gente \u00e9 de ontem <br> Est\u00e3o perdidos em seu ber\u00e7o sem ter casa <br> Madereiro essa gente n\u00e3o \u00e9 bicho<\/p>\n\n\n\n<p>Se a justi\u00e7a t\u00e1 do lado desse povo<br>\nA bolacha t\u00e1 lado que mastigo<\/p>\n\n\n\n<p>O \u00edndio procura no alto da faveira<br>\nO grasnado eloquente da arara <br>\nQue ficava com a sua companheira<br>\nDisputando seu espa\u00e7o na galhada<br>\nMas, o tr\u00e1fico conivente da madeira<br>\nApoiado pelos grandes l\u00e1 de cima<br>\nContribui com a extin\u00e7\u00e3o e a chacina<br>\nDessa fauna que convive com o risco<\/p>\n\n\n\n<p>Se a justi\u00e7a t\u00e1 do lado desse povo <br>\nA bolacha t\u00e1 do lado que mastigo<\/p>\n\n\n\n<p><\/p>\n","protected":false},"excerpt":{"rendered":"<p>Poema de Fl\u00e1vio Pereira As comunidades ind\u00edgenas exterminadas A justi\u00e7a com os olhos bem vendados Ativistas eliminados na facada E o som que se ouve \u00e9 do machado Os Quilombos de quebra isolados A grande m\u00eddia fugindo do assunto Os fuxicos independentes mostram ao mundo O sofrimento, o choro e o castigo<\/p>\n","protected":false},"author":1,"featured_media":0,"comment_status":"closed","ping_status":"open","sticky":false,"template":"","format":"standard","meta":{"_exactmetrics_skip_tracking":false,"_exactmetrics_sitenote_active":false,"_exactmetrics_sitenote_note":"","_exactmetrics_sitenote_category":0,"jetpack_post_was_ever_published":false,"_jetpack_newsletter_access":"","_jetpack_dont_email_post_to_subs":false,"_jetpack_newsletter_tier_id":0,"_jetpack_memberships_contains_paywalled_content":false,"_jetpack_memberships_contains_paid_content":false,"footnotes":"","jetpack_publicize_message":"","jetpack_publicize_feature_enabled":true,"jetpack_social_post_already_shared":true,"jetpack_social_options":{"image_generator_settings":{"template":"highway","enabled":false},"version":2}},"categories":[1],"tags":[],"class_list":["post-33898","post","type-post","status-publish","format-standard","hentry","category-notas"],"jetpack_publicize_connections":[],"jetpack_sharing_enabled":true,"jetpack_featured_media_url":"","jetpack_shortlink":"https:\/\/wp.me\/p7wKYW-8OK","jetpack-related-posts":[],"_links":{"self":[{"href":"http:\/\/blogdalucianaoliveira.com.br\/blog\/wp-json\/wp\/v2\/posts\/33898","targetHints":{"allow":["GET"]}}],"collection":[{"href":"http:\/\/blogdalucianaoliveira.com.br\/blog\/wp-json\/wp\/v2\/posts"}],"about":[{"href":"http:\/\/blogdalucianaoliveira.com.br\/blog\/wp-json\/wp\/v2\/types\/post"}],"author":[{"embeddable":true,"href":"http:\/\/blogdalucianaoliveira.com.br\/blog\/wp-json\/wp\/v2\/users\/1"}],"replies":[{"embeddable":true,"href":"http:\/\/blogdalucianaoliveira.com.br\/blog\/wp-json\/wp\/v2\/comments?post=33898"}],"version-history":[{"count":3,"href":"http:\/\/blogdalucianaoliveira.com.br\/blog\/wp-json\/wp\/v2\/posts\/33898\/revisions"}],"predecessor-version":[{"id":33902,"href":"http:\/\/blogdalucianaoliveira.com.br\/blog\/wp-json\/wp\/v2\/posts\/33898\/revisions\/33902"}],"wp:attachment":[{"href":"http:\/\/blogdalucianaoliveira.com.br\/blog\/wp-json\/wp\/v2\/media?parent=33898"}],"wp:term":[{"taxonomy":"category","embeddable":true,"href":"http:\/\/blogdalucianaoliveira.com.br\/blog\/wp-json\/wp\/v2\/categories?post=33898"},{"taxonomy":"post_tag","embeddable":true,"href":"http:\/\/blogdalucianaoliveira.com.br\/blog\/wp-json\/wp\/v2\/tags?post=33898"}],"curies":[{"name":"wp","href":"https:\/\/api.w.org\/{rel}","templated":true}]}}